{"id":5002,"date":"2009-11-07T11:41:10","date_gmt":"2009-11-07T10:41:10","guid":{"rendered":"http:\/\/www.po-l.com\/belogue\/?p=5002"},"modified":"2012-10-24T16:56:47","modified_gmt":"2012-10-24T14:56:47","slug":"the-big-pink-chew-lips-the-bewitched-hands-on-the-top-of-our-heads-la-boule-noire-paris","status":"publish","type":"post","link":"https:\/\/www.wallendorff.com\/belogue\/2009\/11\/07\/the-big-pink-chew-lips-the-bewitched-hands-on-the-top-of-our-heads-la-boule-noire-paris\/","title":{"rendered":"The Big Pink + Chew Lips + The Bewitched Hands on the Top of Our Heads @ la Boule Noire, Paris."},"content":{"rendered":"<div id=\"photo\">\n<p><img decoding=\"async\" src=\"https:\/\/www.wallendorff.com\/belogue\/photo\/2009\/11\/20091107.jpg\" \/><\/p>\n<\/div>\n<p>Alors en gros&nbsp;:<\/p>\n<ol>\n<li><a href=\"http:\/\/www.myspace.com\/handsbewitched\">The Bewitched Hands on the Top of Our Heads<\/a>, c&rsquo;est tr&egrave;s bon, mangez-en.<\/li>\n<li>Chew Lips, on oublie<\/li>\n<li>The Big Pink, c&rsquo;est tr&egrave;s dur &agrave; photographier mais fichtre que tout &ccedil;a d&eacute;pote dans la vraie vie.<\/li>\n<\/ol>\n<h1>The Bewitched Hands on the Top of Our Heads<\/h1>ngg_shortcode_0_placeholder<h1>Chew Lips<\/h1>ngg_shortcode_1_placeholder<h1>The Big Pink<\/h1>ngg_shortcode_2_placeholder<div id=\"bandeson\">\n<p><img decoding=\"async\" src=\"https:\/\/www.wallendorff.com\/belogue\/photo\/pochettes\/b\/big_pink_the-a_brief_history_of_love.jpg\" align=\"left\" \/>&nbsp;<a href=\"http:\/\/www.musicfromthebigpink.com\/\">The Big Pink<\/a> &ndash; <em>Too Young to Love<\/em><\/p>\n<\/div>\n","protected":false},"excerpt":{"rendered":"<p>Alors en gros&nbsp;: The Bewitched Hands on the Top of Our Heads, c&rsquo;est tr&egrave;s bon, mangez-en. Chew Lips, on oublie The Big Pink, c&rsquo;est tr&egrave;s dur &agrave; photographier mais fichtre que tout &ccedil;a d&eacute;pote dans la vraie vie. The Bewitched Hands on the Top of Our Heads Chew Lips The Big Pink &nbsp;The Big Pink&hellip;<\/p>\n","protected":false},"author":1,"featured_media":25582,"comment_status":"open","ping_status":"open","sticky":false,"template":"","format":"standard","meta":{"_acf_changed":false,"ngg_post_thumbnail":0,"jetpack_post_was_ever_published":false,"_jetpack_newsletter_access":"","_jetpack_dont_email_post_to_subs":false,"_jetpack_newsletter_tier_id":0,"_jetpack_memberships_contains_paywalled_content":false,"_jetpack_memberships_contains_paid_content":false,"footnotes":"","jetpack_publicize_message":"","jetpack_publicize_feature_enabled":true,"jetpack_social_post_already_shared":false,"jetpack_social_options":{"image_generator_settings":{"template":"highway","default_image_id":0,"font":"","enabled":false},"version":2}},"categories":[7],"tags":[10508,10143,10084,4516,2571,196,2615,10614,10613,10466,10120,10121,10273,143,10098,10199,11119,2991,10602,3212],"class_list":["post-5002","post","type-post","status-publish","format-standard","has-post-thumbnail","hentry","category-alive","tag-10508","tag-10143","tag-alive","tag-boulevard-rochechouart","tag-ef-16-35-mm-f28l-ii-usm","tag-ef-28-70-mm-f28l-usm","tag-eos-5d-mark-ii","tag-chew-lips","tag-festival-des-inrocks-2009","tag-festival-des-inrockuptibles","tag-france","tag-ile-de-france","tag-la-boule-noire","tag-noir-et-blanc","tag-paris","tag-pieds","tag-the-bewitched-hands","tag-the-bewitched-hands-on-the-top-of-our-hands","tag-the-big-pink","tag-too-young-to-love"],"acf":[],"geo":{"latitude":48.8823128,"longitude":2.3403132,"description":null},"jetpack_publicize_connections":[],"jetpack_featured_media_url":"https:\/\/www.wallendorff.com\/belogue\/wp-content\/uploads\/2015\/04\/200911071.jpg","jetpack_shortlink":"https:\/\/wp.me\/p3b35P-1iG","jetpack_sharing_enabled":true,"jetpack-related-posts":[{"id":19637,"url":"https:\/\/www.wallendorff.com\/belogue\/2012\/11\/24\/the-bewitched-hands-le-trianon-paris\/","url_meta":{"origin":5002,"position":0},"title":"The Bewitched Hands @ le Trianon, Paris.","author":"dpc","date":"24 novembre 2012","format":false,"excerpt":"\u00a0The Bewitched Hands \u2013 Thank You, Goodbye, It's Over \u00a0","rel":"","context":"Dans &quot;Alive&quot;","block_context":{"text":"Alive","link":"https:\/\/www.wallendorff.com\/belogue\/category\/alive\/"},"img":{"alt_text":"","src":"https:\/\/i0.wp.com\/www.wallendorff.com\/belogue\/wp-content\/uploads\/2015\/04\/201211241.jpg?resize=350%2C200&ssl=1","width":350,"height":200,"srcset":"https:\/\/i0.wp.com\/www.wallendorff.com\/belogue\/wp-content\/uploads\/2015\/04\/201211241.jpg?resize=350%2C200&ssl=1 1x, https:\/\/i0.wp.com\/www.wallendorff.com\/belogue\/wp-content\/uploads\/2015\/04\/201211241.jpg?resize=525%2C300&ssl=1 1.5x, https:\/\/i0.wp.com\/www.wallendorff.com\/belogue\/wp-content\/uploads\/2015\/04\/201211241.jpg?resize=700%2C400&ssl=1 2x"},"classes":[]},{"id":4460,"url":"https:\/\/www.wallendorff.com\/belogue\/2009\/08\/10\/mari-as-tu-pris\/","url_meta":{"origin":5002,"position":1},"title":"Mari as-tu pris.","author":"dpc","date":"10 ao\u00fbt 2009","format":false,"excerpt":"Le Mans, 8 ao\u00fbt. \u00a0The Bewitched Hands on the Top of Our Heads \u2013 Tonight (Yuksek1 cover) \u00c7a faisait longtemps que j'avais pas fait de note bisounours-choupi, tiens. F\u00eatons donc \u00e7a avec un chouette mot-cl\u00e9 en cadeau sp\u00e9cial lundi, histoire de se rappeler que pendant ce temps-l\u00e0, Tokio Auberge existe\u2026","rel":"","context":"Dans &quot;DPC&quot;","block_context":{"text":"DPC","link":"https:\/\/www.wallendorff.com\/belogue\/category\/dpc\/"},"img":{"alt_text":"","src":"https:\/\/i0.wp.com\/www.wallendorff.com\/belogue\/wp-content\/uploads\/2015\/04\/200908101.jpg?resize=350%2C200&ssl=1","width":350,"height":200,"srcset":"https:\/\/i0.wp.com\/www.wallendorff.com\/belogue\/wp-content\/uploads\/2015\/04\/200908101.jpg?resize=350%2C200&ssl=1 1x, https:\/\/i0.wp.com\/www.wallendorff.com\/belogue\/wp-content\/uploads\/2015\/04\/200908101.jpg?resize=525%2C300&ssl=1 1.5x"},"classes":[]},{"id":18810,"url":"https:\/\/www.wallendorff.com\/belogue\/2012\/08\/28\/rock-en-seine-2012-jour-2\/","url_meta":{"origin":5002,"position":2},"title":"Rock en Seine 2012, jour 2.","author":"dpc","date":"28 ao\u00fbt 2012","format":false,"excerpt":"Premier jour par l\u00e0, la suite vient demain. The Men \u2013 Open Your Heart \u00a0","rel":"","context":"Dans &quot;Alive&quot;","block_context":{"text":"Alive","link":"https:\/\/www.wallendorff.com\/belogue\/category\/alive\/"},"img":{"alt_text":"","src":"https:\/\/i0.wp.com\/www.wallendorff.com\/belogue\/wp-content\/uploads\/2015\/04\/201208281.jpg?resize=350%2C200&ssl=1","width":350,"height":200,"srcset":"https:\/\/i0.wp.com\/www.wallendorff.com\/belogue\/wp-content\/uploads\/2015\/04\/201208281.jpg?resize=350%2C200&ssl=1 1x, https:\/\/i0.wp.com\/www.wallendorff.com\/belogue\/wp-content\/uploads\/2015\/04\/201208281.jpg?resize=525%2C300&ssl=1 1.5x, https:\/\/i0.wp.com\/www.wallendorff.com\/belogue\/wp-content\/uploads\/2015\/04\/201208281.jpg?resize=700%2C400&ssl=1 2x"},"classes":[]},{"id":1257,"url":"https:\/\/www.wallendorff.com\/belogue\/2008\/06\/25\/daisybox-la-boule-noire-paris\/","url_meta":{"origin":5002,"position":3},"title":"Daisybox @ la Boule Noire, Paris.","author":"dpc","date":"25 juin 2008","format":false,"excerpt":"\u00a0Max\u00efmo Park \u2013 By the Monument","rel":"","context":"Dans &quot;Alive&quot;","block_context":{"text":"Alive","link":"https:\/\/www.wallendorff.com\/belogue\/category\/alive\/"},"img":{"alt_text":"","src":"https:\/\/i0.wp.com\/www.wallendorff.com\/belogue\/wp-content\/uploads\/2015\/04\/200806251.jpg?resize=350%2C200&ssl=1","width":350,"height":200,"srcset":"https:\/\/i0.wp.com\/www.wallendorff.com\/belogue\/wp-content\/uploads\/2015\/04\/200806251.jpg?resize=350%2C200&ssl=1 1x, https:\/\/i0.wp.com\/www.wallendorff.com\/belogue\/wp-content\/uploads\/2015\/04\/200806251.jpg?resize=525%2C300&ssl=1 1.5x, https:\/\/i0.wp.com\/www.wallendorff.com\/belogue\/wp-content\/uploads\/2015\/04\/200806251.jpg?resize=700%2C400&ssl=1 2x"},"classes":[]},{"id":1864,"url":"https:\/\/www.wallendorff.com\/belogue\/2008\/08\/13\/the-subways-la-boule-noire-paris-22-avril\/","url_meta":{"origin":5002,"position":4},"title":"The Subways @ la Boule Noire, Paris, 22 avril.","author":"dpc","date":"13 ao\u00fbt 2008","format":false,"excerpt":"Nada Surf \u2013 Everyone's On Tour","rel":"","context":"Dans &quot;Alive&quot;","block_context":{"text":"Alive","link":"https:\/\/www.wallendorff.com\/belogue\/category\/alive\/"},"img":{"alt_text":"","src":"https:\/\/i0.wp.com\/www.wallendorff.com\/belogue\/wp-content\/uploads\/2015\/04\/200808131.jpg?resize=350%2C200&ssl=1","width":350,"height":200,"srcset":"https:\/\/i0.wp.com\/www.wallendorff.com\/belogue\/wp-content\/uploads\/2015\/04\/200808131.jpg?resize=350%2C200&ssl=1 1x, https:\/\/i0.wp.com\/www.wallendorff.com\/belogue\/wp-content\/uploads\/2015\/04\/200808131.jpg?resize=525%2C300&ssl=1 1.5x, https:\/\/i0.wp.com\/www.wallendorff.com\/belogue\/wp-content\/uploads\/2015\/04\/200808131.jpg?resize=700%2C400&ssl=1 2x"},"classes":[]},{"id":36191,"url":"https:\/\/www.wallendorff.com\/belogue\/2017\/10\/29\/slotface-mnnqns-la-boule-noire-paris\/","url_meta":{"origin":5002,"position":5},"title":"Sl\u00f8tface + MNNQNS @ la Boule Noire, Paris.","author":"dpc","date":"29 octobre 2017","format":false,"excerpt":"Magazine Sl\u00f8tface MNNQNS Sl\u00f8tface","rel":"","context":"Dans &quot;Alive&quot;","block_context":{"text":"Alive","link":"https:\/\/www.wallendorff.com\/belogue\/category\/alive\/"},"img":{"alt_text":"","src":"https:\/\/i0.wp.com\/www.wallendorff.com\/belogue\/wp-content\/uploads\/2017\/10\/20171028-11.jpg?resize=350%2C200&ssl=1","width":350,"height":200,"srcset":"https:\/\/i0.wp.com\/www.wallendorff.com\/belogue\/wp-content\/uploads\/2017\/10\/20171028-11.jpg?resize=350%2C200&ssl=1 1x, https:\/\/i0.wp.com\/www.wallendorff.com\/belogue\/wp-content\/uploads\/2017\/10\/20171028-11.jpg?resize=525%2C300&ssl=1 1.5x, https:\/\/i0.wp.com\/www.wallendorff.com\/belogue\/wp-content\/uploads\/2017\/10\/20171028-11.jpg?resize=700%2C400&ssl=1 2x"},"classes":[]}],"_links":{"self":[{"href":"https:\/\/www.wallendorff.com\/belogue\/wp-json\/wp\/v2\/posts\/5002","targetHints":{"allow":["GET"]}}],"collection":[{"href":"https:\/\/www.wallendorff.com\/belogue\/wp-json\/wp\/v2\/posts"}],"about":[{"href":"https:\/\/www.wallendorff.com\/belogue\/wp-json\/wp\/v2\/types\/post"}],"author":[{"embeddable":true,"href":"https:\/\/www.wallendorff.com\/belogue\/wp-json\/wp\/v2\/users\/1"}],"replies":[{"embeddable":true,"href":"https:\/\/www.wallendorff.com\/belogue\/wp-json\/wp\/v2\/comments?post=5002"}],"version-history":[{"count":4,"href":"https:\/\/www.wallendorff.com\/belogue\/wp-json\/wp\/v2\/posts\/5002\/revisions"}],"predecessor-version":[{"id":19388,"href":"https:\/\/www.wallendorff.com\/belogue\/wp-json\/wp\/v2\/posts\/5002\/revisions\/19388"}],"wp:featuredmedia":[{"embeddable":true,"href":"https:\/\/www.wallendorff.com\/belogue\/wp-json\/wp\/v2\/media\/25582"}],"wp:attachment":[{"href":"https:\/\/www.wallendorff.com\/belogue\/wp-json\/wp\/v2\/media?parent=5002"}],"wp:term":[{"taxonomy":"category","embeddable":true,"href":"https:\/\/www.wallendorff.com\/belogue\/wp-json\/wp\/v2\/categories?post=5002"},{"taxonomy":"post_tag","embeddable":true,"href":"https:\/\/www.wallendorff.com\/belogue\/wp-json\/wp\/v2\/tags?post=5002"}],"curies":[{"name":"wp","href":"https:\/\/api.w.org\/{rel}","templated":true}]}}