{"id":499,"date":"2005-01-14T18:44:20","date_gmt":"2005-01-14T18:44:20","guid":{"rendered":"http:\/\/www.po-l.com\/wordpress\/?p=499"},"modified":"2012-01-16T11:16:41","modified_gmt":"2012-01-16T09:16:41","slug":"p-tain-p-tain-p-tain-p-tain","status":"publish","type":"post","link":"https:\/\/www.wallendorff.com\/belogue\/2005\/01\/14\/p-tain-p-tain-p-tain-p-tain\/","title":{"rendered":"P&rsquo;tain P&rsquo;tain P&rsquo;tain P&rsquo;tain."},"content":{"rendered":"\n<div id=\"photo\">\n<p><img decoding=\"async\" src=\"http:\/\/www.po-L.com\/belogue\/photo\/2005\/01\/20050114-alim.jpg\" \/><\/p>\n<\/p><\/div>\n<p style=\"text-align:center\">J&rsquo;ai mon alim&rsquo;, j&rsquo;ai mon alim&rsquo;, gn&icirc;&icirc;&icirc;&icirc;&icirc;&icirc;, mon alim&rsquo;, j&rsquo;ai mon alim&rsquo; elle est l&agrave; mon alim&rsquo; rh&acirc;&acirc;&acirc;&acirc;&acirc;&acirc;&acirc; mon alim&rsquo;.<\/p>\n<div id=\"bandeson\">\n<p><strong>Bande-son<\/strong>&nbsp;: Mon aliiiiiiiiiiiiiiiiiiiiiim&rsquo;<br \/>\n          Humeur du moment&nbsp;: J&rsquo;ai mon alim&rsquo;<\/p>\n<\/p><\/div>\n","protected":false},"excerpt":{"rendered":"<p>J&rsquo;ai mon alim&rsquo;, j&rsquo;ai mon alim&rsquo;, gn&icirc;&icirc;&icirc;&icirc;&icirc;&icirc;, mon alim&rsquo;, j&rsquo;ai mon alim&rsquo; elle est l&agrave; mon alim&rsquo; rh&acirc;&acirc;&acirc;&acirc;&acirc;&acirc;&acirc; mon alim&rsquo;. Bande-son&nbsp;: Mon aliiiiiiiiiiiiiiiiiiiiiim&rsquo; Humeur du moment&nbsp;: J&rsquo;ai mon alim&rsquo;<\/p>\n","protected":false},"author":1,"featured_media":24438,"comment_status":"open","ping_status":"open","sticky":false,"template":"","format":"standard","meta":{"_acf_changed":false,"ngg_post_thumbnail":0,"jetpack_post_was_ever_published":false,"_jetpack_newsletter_access":"","_jetpack_dont_email_post_to_subs":false,"_jetpack_newsletter_tier_id":0,"_jetpack_memberships_contains_paywalled_content":false,"_jetpack_memberships_contains_paid_content":false,"footnotes":"","jetpack_publicize_message":"","jetpack_publicize_feature_enabled":true,"jetpack_social_post_already_shared":false,"jetpack_social_options":{"image_generator_settings":{"template":"highway","default_image_id":0,"font":"","enabled":false},"version":2}},"categories":[3],"tags":[10145],"class_list":["post-499","post","type-post","status-publish","format-standard","has-post-thumbnail","hentry","category-dpc","tag-bureau"],"acf":[],"geo":null,"jetpack_publicize_connections":[],"jetpack_featured_media_url":"https:\/\/www.wallendorff.com\/belogue\/wp-content\/uploads\/2015\/04\/20050114-alim1.jpg","jetpack_shortlink":"https:\/\/wp.me\/p3b35P-83","jetpack_sharing_enabled":true,"jetpack-related-posts":[{"id":141,"url":"https:\/\/www.wallendorff.com\/belogue\/2006\/05\/04\/re-gare\/","url_meta":{"origin":499,"position":0},"title":"Re-gare.","author":"dpc","date":"4 mai 2006","format":false,"excerpt":"Waterloo Station, Londres, 28 avril. Il m'a fallu dix minutes pour prendre cette photo. Les huit premi\u00e8res ont \u00e9t\u00e9 consacr\u00e9es \u00e0 une discussion passionn\u00e9e entre mon smoking buddy et moi-m\u00eame, apr\u00e8s avoir vu ce gars, seul en train de fumer sa clope devant la voiture d'\u00e0-c\u00f4t\u00e9. Nous avons remarqu\u00e9 la\u2026","rel":"","context":"Dans &quot;DPC&quot;","block_context":{"text":"DPC","link":"https:\/\/www.wallendorff.com\/belogue\/category\/dpc\/"},"img":{"alt_text":"","src":"https:\/\/i0.wp.com\/www.wallendorff.com\/belogue\/wp-content\/uploads\/2015\/04\/200605041.jpg?resize=350%2C200&ssl=1","width":350,"height":200},"classes":[]},{"id":40799,"url":"https:\/\/www.wallendorff.com\/belogue\/2019\/01\/09\/en-2018\/","url_meta":{"origin":499,"position":1},"title":"En 2018.","author":"dpc","date":"9 janvier 2019","format":false,"excerpt":"En 2018, j'ai parcouru 62\u00a0337\u00a0km. ... Dont 48\u00a0km de motoneige. Il serait temps que je vous sorte les photos. En 2018, j'ai tra\u00een\u00e9 dans 14 pays. En 2018, j'ai fait 4\u00a0996\u00a0km dans Paris. Dont 8\u00a0km de bateau. En 2018, j'ai utilis\u00e9 14 des 16 lignes de m\u00e9tropolitain de Paris. [\u00c0\u2026","rel":"","context":"Dans &quot;DPC&quot;","block_context":{"text":"DPC","link":"https:\/\/www.wallendorff.com\/belogue\/category\/dpc\/"},"img":{"alt_text":"","src":"https:\/\/i0.wp.com\/www.wallendorff.com\/belogue\/wp-content\/uploads\/2019\/01\/20190109-01.jpg?resize=350%2C200&ssl=1","width":350,"height":200,"srcset":"https:\/\/i0.wp.com\/www.wallendorff.com\/belogue\/wp-content\/uploads\/2019\/01\/20190109-01.jpg?resize=350%2C200&ssl=1 1x, https:\/\/i0.wp.com\/www.wallendorff.com\/belogue\/wp-content\/uploads\/2019\/01\/20190109-01.jpg?resize=525%2C300&ssl=1 1.5x, https:\/\/i0.wp.com\/www.wallendorff.com\/belogue\/wp-content\/uploads\/2019\/01\/20190109-01.jpg?resize=700%2C400&ssl=1 2x, https:\/\/i0.wp.com\/www.wallendorff.com\/belogue\/wp-content\/uploads\/2019\/01\/20190109-01.jpg?resize=1050%2C600&ssl=1 3x"},"classes":[]},{"id":261,"url":"https:\/\/www.wallendorff.com\/belogue\/2005\/11\/26\/louvre-boite\/","url_meta":{"origin":499,"position":2},"title":"Louvre bo&icirc;te.","author":"dpc","date":"26 novembre 2005","format":false,"excerpt":"Le Louvre, Paris, 16 novembre. Alors voil\u00e0. J'ai pass\u00e9 la semaine \u00e0 assouvir mon syndr\u00f4me de touillette, et total, arriv\u00e9 \u00e0 vendredi, paf, mon titre de note est naze et j'ai plus rien \u00e0 dire. [Remarque, j'ai jamais grand-chose \u00e0 dire ici, \u00e7a change donc pas trop d'avant.] Bon week-end,\u2026","rel":"","context":"Dans &quot;DPC&quot;","block_context":{"text":"DPC","link":"https:\/\/www.wallendorff.com\/belogue\/category\/dpc\/"},"img":{"alt_text":"","src":"https:\/\/i0.wp.com\/www.wallendorff.com\/belogue\/wp-content\/uploads\/2015\/04\/200511261.jpg?resize=350%2C200&ssl=1","width":350,"height":200},"classes":[]},{"id":268,"url":"https:\/\/www.wallendorff.com\/belogue\/2005\/11\/17\/qu-est-ce-qui-s-case-a-caisses-qui-s-cassent\/","url_meta":{"origin":499,"position":3},"title":"Qu&rsquo;est-ce qui s&rsquo;case \u00e0 caisses qui s&rsquo;cassent ?","author":"dpc","date":"17 novembre 2005","format":false,"excerpt":"Rue Fondary, Paris, 9 novembre. Vu qu'on me l'a demand\u00e9 \u00e7\u00e0 et l\u00e0, je m'\u00e9x\u00e9cute. Profitez-en avant que je l'enl\u00e8ve, on sait jamais. Ma premi\u00e8re galette \u00e9thylique fut livr\u00e9e \u00e0 l\u2019occasion du Beaujolais nouveau 2000 dans mes toilettes de la rue du Pont des Morts \u00e0 Metz. Elle suivait d\u2019\u00e0\u2026","rel":"","context":"Dans &quot;DPC&quot;","block_context":{"text":"DPC","link":"https:\/\/www.wallendorff.com\/belogue\/category\/dpc\/"},"img":{"alt_text":"","src":"https:\/\/i0.wp.com\/www.wallendorff.com\/belogue\/wp-content\/uploads\/2015\/04\/200511171.jpg?resize=350%2C200&ssl=1","width":350,"height":200},"classes":[]},{"id":20783,"url":"https:\/\/www.wallendorff.com\/belogue\/2013\/04\/19\/and-you-will-know-us-by-the-trail-of-dead-la-maroquinerie-paris-17-avril\/","url_meta":{"origin":499,"position":4},"title":"&#8230;And You Will Know Us By the Trail of Dead @ la Maroquinerie, Paris, 17 avril.","author":"dpc","date":"19 avril 2013","format":false,"excerpt":"Pour faire ces photos j'ai subi une heure de pogotage dans le dos et de bonhomme torse poil tremp\u00e9 de sueur coll\u00e9 contre mon bras, je me suis pris deux bi\u00e8res (une sur la jambe et une sur le sac), j'ai failli \u00eatre \u00e9trangl\u00e9 par le jack de Jason Reece\u2026","rel":"","context":"Dans &quot;Alive&quot;","block_context":{"text":"Alive","link":"https:\/\/www.wallendorff.com\/belogue\/category\/alive\/"},"img":{"alt_text":"","src":"https:\/\/i0.wp.com\/www.wallendorff.com\/belogue\/wp-content\/uploads\/2015\/04\/20130419.jpg?resize=350%2C200&ssl=1","width":350,"height":200,"srcset":"https:\/\/i0.wp.com\/www.wallendorff.com\/belogue\/wp-content\/uploads\/2015\/04\/20130419.jpg?resize=350%2C200&ssl=1 1x, https:\/\/i0.wp.com\/www.wallendorff.com\/belogue\/wp-content\/uploads\/2015\/04\/20130419.jpg?resize=525%2C300&ssl=1 1.5x, https:\/\/i0.wp.com\/www.wallendorff.com\/belogue\/wp-content\/uploads\/2015\/04\/20130419.jpg?resize=700%2C400&ssl=1 2x"},"classes":[]},{"id":12174,"url":"https:\/\/www.wallendorff.com\/belogue\/2011\/02\/03\/red-death-at-20h04\/","url_meta":{"origin":499,"position":5},"title":"Red Death at 20h04.","author":"dpc","date":"3 f\u00e9vrier 2011","format":false,"excerpt":"Quand j'ai lu la nouvelle, j'ai pleur\u00e9. Puis j'ai refus\u00e9 d'y croire. Puis j'ai rejet\u00e9 la faute sur les mafieux mexicains qui squattent nuit et jour devant Third Man pour faire du trafic de disques rares et sur les fans de fouteballe qui ont fait de l'insupportable Seven Nation Army\u2026","rel":"","context":"Dans &quot;Alive&quot;","block_context":{"text":"Alive","link":"https:\/\/www.wallendorff.com\/belogue\/category\/alive\/"},"img":{"alt_text":"","src":"https:\/\/i0.wp.com\/www.wallendorff.com\/belogue\/wp-content\/uploads\/2015\/04\/201102031.jpg?resize=350%2C200&ssl=1","width":350,"height":200,"srcset":"https:\/\/i0.wp.com\/www.wallendorff.com\/belogue\/wp-content\/uploads\/2015\/04\/201102031.jpg?resize=350%2C200&ssl=1 1x, https:\/\/i0.wp.com\/www.wallendorff.com\/belogue\/wp-content\/uploads\/2015\/04\/201102031.jpg?resize=525%2C300&ssl=1 1.5x, https:\/\/i0.wp.com\/www.wallendorff.com\/belogue\/wp-content\/uploads\/2015\/04\/201102031.jpg?resize=700%2C400&ssl=1 2x"},"classes":[]}],"_links":{"self":[{"href":"https:\/\/www.wallendorff.com\/belogue\/wp-json\/wp\/v2\/posts\/499","targetHints":{"allow":["GET"]}}],"collection":[{"href":"https:\/\/www.wallendorff.com\/belogue\/wp-json\/wp\/v2\/posts"}],"about":[{"href":"https:\/\/www.wallendorff.com\/belogue\/wp-json\/wp\/v2\/types\/post"}],"author":[{"embeddable":true,"href":"https:\/\/www.wallendorff.com\/belogue\/wp-json\/wp\/v2\/users\/1"}],"replies":[{"embeddable":true,"href":"https:\/\/www.wallendorff.com\/belogue\/wp-json\/wp\/v2\/comments?post=499"}],"version-history":[{"count":1,"href":"https:\/\/www.wallendorff.com\/belogue\/wp-json\/wp\/v2\/posts\/499\/revisions"}],"predecessor-version":[{"id":15351,"href":"https:\/\/www.wallendorff.com\/belogue\/wp-json\/wp\/v2\/posts\/499\/revisions\/15351"}],"wp:featuredmedia":[{"embeddable":true,"href":"https:\/\/www.wallendorff.com\/belogue\/wp-json\/wp\/v2\/media\/24438"}],"wp:attachment":[{"href":"https:\/\/www.wallendorff.com\/belogue\/wp-json\/wp\/v2\/media?parent=499"}],"wp:term":[{"taxonomy":"category","embeddable":true,"href":"https:\/\/www.wallendorff.com\/belogue\/wp-json\/wp\/v2\/categories?post=499"},{"taxonomy":"post_tag","embeddable":true,"href":"https:\/\/www.wallendorff.com\/belogue\/wp-json\/wp\/v2\/tags?post=499"}],"curies":[{"name":"wp","href":"https:\/\/api.w.org\/{rel}","templated":true}]}}