{"id":4986,"date":"2009-11-05T14:07:22","date_gmt":"2009-11-05T13:07:22","guid":{"rendered":"http:\/\/www.po-l.com\/belogue\/?p=4986"},"modified":"2012-07-27T10:48:13","modified_gmt":"2012-07-27T08:48:13","slug":"bat-for-lashes-bad-lieutenant-lolympia-paris","status":"publish","type":"post","link":"https:\/\/www.wallendorff.com\/belogue\/2009\/11\/05\/bat-for-lashes-bad-lieutenant-lolympia-paris\/","title":{"rendered":"Bat for Lashes + Bad Lieutenant @ l&rsquo;Olympia, Paris."},"content":{"rendered":"<div id=\"photo\">\n<p><img decoding=\"async\" src=\"https:\/\/www.wallendorff.com\/belogue\/photo\/2009\/11\/20091105.jpg\" \/><\/p>\n<\/div>\n<p style=\"text-align:right\">La bande-son est d\u00e9di\u00e9e \u00e0 une grande fan qui se reconna\u00eetra.<\/p>\n<div id=\"bandeson\">\n<p><img decoding=\"async\" src=\"https:\/\/www.wallendorff.com\/belogue\/photo\/pochettes\/b\/bat_for_lashes-daniel.jpg\" align=\"left\" \/>&nbsp;<a href=\"http:\/\/www.batforlashes.com\/\">Bat for Lashes<\/a> &ndash; <em>A Forest<\/em> (The Cure cover)<\/p>\n<\/div>\n<h1>Bad Lieutenant<\/h1>ngg_shortcode_0_placeholder<h1>Bat for Lashes<\/h1>ngg_shortcode_1_placeholder","protected":false},"excerpt":{"rendered":"<p>La bande-son est d\u00e9di\u00e9e \u00e0 une grande fan qui se reconna\u00eetra. &nbsp;Bat for Lashes &ndash; A Forest (The Cure cover) Bad Lieutenant Bat for Lashes<\/p>\n","protected":false},"author":1,"featured_media":25580,"comment_status":"open","ping_status":"open","sticky":false,"template":"","format":"standard","meta":{"_acf_changed":false,"ngg_post_thumbnail":0,"jetpack_post_was_ever_published":false,"_jetpack_newsletter_access":"","_jetpack_dont_email_post_to_subs":false,"_jetpack_newsletter_tier_id":0,"_jetpack_memberships_contains_paywalled_content":false,"_jetpack_memberships_contains_paid_content":false,"footnotes":"","jetpack_publicize_message":"","jetpack_publicize_feature_enabled":true,"jetpack_social_post_already_shared":false,"jetpack_social_options":{"image_generator_settings":{"template":"highway","default_image_id":0,"font":"","enabled":false},"version":2}},"categories":[7],"tags":[10508,10223,138,10084,10612,10123,196,181,2615,10613,10466,10120,10121,10434,143,10098,139],"class_list":["post-4986","post","type-post","status-publish","format-standard","has-post-thumbnail","hentry","category-alive","tag-10508","tag-10223","tag-a-forest","tag-alive","tag-bad-lieutenant","tag-bat-for-lashes","tag-ef-28-70-mm-f28l-usm","tag-ef-70-200-mm-f28l-usm","tag-eos-5d-mark-ii","tag-festival-des-inrocks-2009","tag-festival-des-inrockuptibles","tag-france","tag-ile-de-france","tag-lolympia","tag-noir-et-blanc","tag-paris","tag-the-cure"],"acf":[],"geo":{"latitude":48.8703232,"longitude":2.3282957,"description":"2-16 Rue de Caumartin, 75009 Paris, France"},"jetpack_publicize_connections":[],"jetpack_featured_media_url":"https:\/\/www.wallendorff.com\/belogue\/wp-content\/uploads\/2015\/04\/200911051.jpg","jetpack_shortlink":"https:\/\/wp.me\/p3b35P-1iq","jetpack_sharing_enabled":true,"jetpack-related-posts":[{"id":4230,"url":"https:\/\/www.wallendorff.com\/belogue\/2009\/05\/28\/bat-for-lashes-david-walters-caroline-weeks-le-bataclan-paris\/","url_meta":{"origin":4986,"position":0},"title":"Bat for Lashes + David Walters + Caroline Weeks @ le Bataclan, Paris.","author":"dpc","date":"28 mai 2009","format":false,"excerpt":"\u00a0The White Stripes \u2013 Stop Breaking Down (Robert Johnson cover) \u00a0 Caroline Weeks \u00a0 David Walters \u00a0 Bat for Lashes \u00a0","rel":"","context":"Dans &quot;Alive&quot;","block_context":{"text":"Alive","link":"https:\/\/www.wallendorff.com\/belogue\/category\/alive\/"},"img":{"alt_text":"","src":"https:\/\/i0.wp.com\/www.wallendorff.com\/belogue\/wp-content\/uploads\/2015\/04\/200905281.jpg?resize=350%2C200&ssl=1","width":350,"height":200,"srcset":"https:\/\/i0.wp.com\/www.wallendorff.com\/belogue\/wp-content\/uploads\/2015\/04\/200905281.jpg?resize=350%2C200&ssl=1 1x, https:\/\/i0.wp.com\/www.wallendorff.com\/belogue\/wp-content\/uploads\/2015\/04\/200905281.jpg?resize=525%2C300&ssl=1 1.5x, https:\/\/i0.wp.com\/www.wallendorff.com\/belogue\/wp-content\/uploads\/2015\/04\/200905281.jpg?resize=700%2C400&ssl=1 2x"},"classes":[]},{"id":127632,"url":"https:\/\/www.wallendorff.com\/belogue\/2024\/03\/27\/pixies-lolympia-paris-26-mars-2024\/","url_meta":{"origin":4986,"position":1},"title":"Pixies @ l&rsquo;Olympia, Paris, 26 mars 2024.","author":"dpc","date":"27 mars 2024","format":false,"excerpt":"Pixies @ l\u2019Olympia, Paris, 26\/03\/2024 Pixies @ l\u2019Olympia, Paris, 26\/03\/2024 Pixies @ l\u2019Olympia, Paris, 26\/03\/2024 Pixies @ l\u2019Olympia, Paris, 26\/03\/2024 Pixies @ l\u2019Olympia, Paris, 26\/03\/2024 Pixies @ l\u2019Olympia, Paris, 26\/03\/2024 Pixies @ l\u2019Olympia, Paris, 26\/03\/2024 Pixies @ l\u2019Olympia, Paris, 26\/03\/2024 Pixies @ l\u2019Olympia, Paris, 26\/03\/2024 Pixies @ l\u2019Olympia, Paris, 26\/03\/2024\u2026","rel":"","context":"Dans &quot;Alive&quot;","block_context":{"text":"Alive","link":"https:\/\/www.wallendorff.com\/belogue\/category\/alive\/"},"img":{"alt_text":"","src":"https:\/\/i0.wp.com\/www.wallendorff.com\/belogue\/wp-content\/uploads\/2024\/03\/20240327-22.jpg?resize=350%2C200&ssl=1","width":350,"height":200,"srcset":"https:\/\/i0.wp.com\/www.wallendorff.com\/belogue\/wp-content\/uploads\/2024\/03\/20240327-22.jpg?resize=350%2C200&ssl=1 1x, https:\/\/i0.wp.com\/www.wallendorff.com\/belogue\/wp-content\/uploads\/2024\/03\/20240327-22.jpg?resize=525%2C300&ssl=1 1.5x, https:\/\/i0.wp.com\/www.wallendorff.com\/belogue\/wp-content\/uploads\/2024\/03\/20240327-22.jpg?resize=700%2C400&ssl=1 2x, https:\/\/i0.wp.com\/www.wallendorff.com\/belogue\/wp-content\/uploads\/2024\/03\/20240327-22.jpg?resize=1050%2C600&ssl=1 3x"},"classes":[]},{"id":130484,"url":"https:\/\/www.wallendorff.com\/belogue\/2024\/09\/03\/bleachers-lolympia-paris-2-septembre-2024\/","url_meta":{"origin":4986,"position":2},"title":"Bleachers @ l&rsquo;Olympia, Paris, 2 septembre 2024","author":"dpc","date":"3 septembre 2024","format":false,"excerpt":"Bleachers @ l\u2019OLympia, Paris, 02\/09\/2024 Bleachers @ l\u2019OLympia, Paris, 02\/09\/2024 Bleachers @ l\u2019OLympia, Paris, 02\/09\/2024 Bleachers @ l\u2019OLympia, Paris, 02\/09\/2024 Bleachers @ l\u2019OLympia, Paris, 02\/09\/2024 Bleachers @ l\u2019OLympia, Paris, 02\/09\/2024 Bleachers @ l\u2019OLympia, Paris, 02\/09\/2024 Bleachers @ l\u2019OLympia, Paris, 02\/09\/2024 Bleachers @ l\u2019OLympia, Paris, 02\/09\/2024 Bleachers @ l\u2019OLympia, Paris, 02\/09\/2024\u2026","rel":"","context":"Dans &quot;Alive&quot;","block_context":{"text":"Alive","link":"https:\/\/www.wallendorff.com\/belogue\/category\/alive\/"},"img":{"alt_text":"","src":"https:\/\/i0.wp.com\/www.wallendorff.com\/belogue\/wp-content\/uploads\/2024\/09\/20240903-21.jpg?resize=350%2C200&ssl=1","width":350,"height":200,"srcset":"https:\/\/i0.wp.com\/www.wallendorff.com\/belogue\/wp-content\/uploads\/2024\/09\/20240903-21.jpg?resize=350%2C200&ssl=1 1x, https:\/\/i0.wp.com\/www.wallendorff.com\/belogue\/wp-content\/uploads\/2024\/09\/20240903-21.jpg?resize=525%2C300&ssl=1 1.5x, https:\/\/i0.wp.com\/www.wallendorff.com\/belogue\/wp-content\/uploads\/2024\/09\/20240903-21.jpg?resize=700%2C400&ssl=1 2x, https:\/\/i0.wp.com\/www.wallendorff.com\/belogue\/wp-content\/uploads\/2024\/09\/20240903-21.jpg?resize=1050%2C600&ssl=1 3x"},"classes":[]},{"id":131821,"url":"https:\/\/www.wallendorff.com\/belogue\/2025\/03\/06\/sam-fender-lolympia-paris-4-mars-2025\/","url_meta":{"origin":4986,"position":3},"title":"Sam Fender @ l&rsquo;Olympia, Paris, 4 mars 2025.","author":"dpc","date":"6 mars 2025","format":false,"excerpt":"Sam Fender @ l\u2019Olympia, Paris, 04\/03\/2025 Sam Fender @ l\u2019Olympia, Paris, 04\/03\/2025 Sam Fender @ l\u2019Olympia, Paris, 04\/03\/2025 Sam Fender @ l\u2019Olympia, Paris, 04\/03\/2025 Sam Fender @ l\u2019Olympia, Paris, 04\/03\/2025 Sam Fender @ l\u2019Olympia, Paris, 04\/03\/2025 Sam Fender @ l\u2019Olympia, Paris, 04\/03\/2025 Sam Fender @ l\u2019Olympia, Paris, 04\/03\/2025 Sam Fender\u2026","rel":"","context":"Dans &quot;Alive&quot;","block_context":{"text":"Alive","link":"https:\/\/www.wallendorff.com\/belogue\/category\/alive\/"},"img":{"alt_text":"","src":"https:\/\/i0.wp.com\/www.wallendorff.com\/belogue\/wp-content\/uploads\/2025\/03\/20250306-01.jpg?resize=350%2C200&ssl=1","width":350,"height":200,"srcset":"https:\/\/i0.wp.com\/www.wallendorff.com\/belogue\/wp-content\/uploads\/2025\/03\/20250306-01.jpg?resize=350%2C200&ssl=1 1x, https:\/\/i0.wp.com\/www.wallendorff.com\/belogue\/wp-content\/uploads\/2025\/03\/20250306-01.jpg?resize=525%2C300&ssl=1 1.5x, https:\/\/i0.wp.com\/www.wallendorff.com\/belogue\/wp-content\/uploads\/2025\/03\/20250306-01.jpg?resize=700%2C400&ssl=1 2x, https:\/\/i0.wp.com\/www.wallendorff.com\/belogue\/wp-content\/uploads\/2025\/03\/20250306-01.jpg?resize=1050%2C600&ssl=1 3x"},"classes":[]},{"id":131679,"url":"https:\/\/www.wallendorff.com\/belogue\/2025\/02\/04\/snow-patrol-lolympia-paris-30-janvier-2025\/","url_meta":{"origin":4986,"position":4},"title":"Snow Patrol @ l&rsquo;Olympia, Paris, 30 janvier 2025.","author":"dpc","date":"4 f\u00e9vrier 2025","format":false,"excerpt":"Snow Patrol @ l\u2019Olympia, Paris, 30\/01\/2025 Snow Patrol @ l\u2019Olympia, Paris, 30\/01\/2025 Snow Patrol @ l\u2019Olympia, Paris, 30\/01\/2025 Snow Patrol @ l\u2019Olympia, Paris, 30\/01\/2025 Snow Patrol @ l\u2019Olympia, Paris, 30\/01\/2025 Snow Patrol @ l\u2019Olympia, Paris, 30\/01\/2025 Snow Patrol @ l\u2019Olympia, Paris, 30\/01\/2025 Snow Patrol @ l\u2019Olympia, Paris, 30\/01\/2025 Snow Patrol\u2026","rel":"","context":"Dans &quot;Alive&quot;","block_context":{"text":"Alive","link":"https:\/\/www.wallendorff.com\/belogue\/category\/alive\/"},"img":{"alt_text":"","src":"https:\/\/i0.wp.com\/www.wallendorff.com\/belogue\/wp-content\/uploads\/2025\/02\/20250204-13.jpg?resize=350%2C200&ssl=1","width":350,"height":200,"srcset":"https:\/\/i0.wp.com\/www.wallendorff.com\/belogue\/wp-content\/uploads\/2025\/02\/20250204-13.jpg?resize=350%2C200&ssl=1 1x, https:\/\/i0.wp.com\/www.wallendorff.com\/belogue\/wp-content\/uploads\/2025\/02\/20250204-13.jpg?resize=525%2C300&ssl=1 1.5x, https:\/\/i0.wp.com\/www.wallendorff.com\/belogue\/wp-content\/uploads\/2025\/02\/20250204-13.jpg?resize=700%2C400&ssl=1 2x, https:\/\/i0.wp.com\/www.wallendorff.com\/belogue\/wp-content\/uploads\/2025\/02\/20250204-13.jpg?resize=1050%2C600&ssl=1 3x"},"classes":[]},{"id":6730,"url":"https:\/\/www.wallendorff.com\/belogue\/2010\/02\/09\/kasabian-control-lolympia-paris\/","url_meta":{"origin":4986,"position":5},"title":"Kasabian + Control @ l&rsquo;Olympia, Paris.","author":"dpc","date":"9 f\u00e9vrier 2010","format":false,"excerpt":"[Y a pas que les faux punks qui font bien l'avion.] Autant \u00e9conomiser un peu d'encre \u00e0 pixels en nous en tenant \u00e0 simplement constater que Kasabian en concert est une primesauti\u00e8re tuerie de masse \u00e0 renouveler sans attendre. Et pour ceux qui les ont loup\u00e9s, \u00e9pisodes I et II\u2026","rel":"","context":"Dans &quot;Alive&quot;","block_context":{"text":"Alive","link":"https:\/\/www.wallendorff.com\/belogue\/category\/alive\/"},"img":{"alt_text":"","src":"https:\/\/i0.wp.com\/www.wallendorff.com\/belogue\/wp-content\/uploads\/2015\/04\/201002091.jpg?resize=350%2C200&ssl=1","width":350,"height":200,"srcset":"https:\/\/i0.wp.com\/www.wallendorff.com\/belogue\/wp-content\/uploads\/2015\/04\/201002091.jpg?resize=350%2C200&ssl=1 1x, https:\/\/i0.wp.com\/www.wallendorff.com\/belogue\/wp-content\/uploads\/2015\/04\/201002091.jpg?resize=525%2C300&ssl=1 1.5x, https:\/\/i0.wp.com\/www.wallendorff.com\/belogue\/wp-content\/uploads\/2015\/04\/201002091.jpg?resize=700%2C400&ssl=1 2x"},"classes":[]}],"_links":{"self":[{"href":"https:\/\/www.wallendorff.com\/belogue\/wp-json\/wp\/v2\/posts\/4986","targetHints":{"allow":["GET"]}}],"collection":[{"href":"https:\/\/www.wallendorff.com\/belogue\/wp-json\/wp\/v2\/posts"}],"about":[{"href":"https:\/\/www.wallendorff.com\/belogue\/wp-json\/wp\/v2\/types\/post"}],"author":[{"embeddable":true,"href":"https:\/\/www.wallendorff.com\/belogue\/wp-json\/wp\/v2\/users\/1"}],"replies":[{"embeddable":true,"href":"https:\/\/www.wallendorff.com\/belogue\/wp-json\/wp\/v2\/comments?post=4986"}],"version-history":[{"count":3,"href":"https:\/\/www.wallendorff.com\/belogue\/wp-json\/wp\/v2\/posts\/4986\/revisions"}],"predecessor-version":[{"id":18439,"href":"https:\/\/www.wallendorff.com\/belogue\/wp-json\/wp\/v2\/posts\/4986\/revisions\/18439"}],"wp:featuredmedia":[{"embeddable":true,"href":"https:\/\/www.wallendorff.com\/belogue\/wp-json\/wp\/v2\/media\/25580"}],"wp:attachment":[{"href":"https:\/\/www.wallendorff.com\/belogue\/wp-json\/wp\/v2\/media?parent=4986"}],"wp:term":[{"taxonomy":"category","embeddable":true,"href":"https:\/\/www.wallendorff.com\/belogue\/wp-json\/wp\/v2\/categories?post=4986"},{"taxonomy":"post_tag","embeddable":true,"href":"https:\/\/www.wallendorff.com\/belogue\/wp-json\/wp\/v2\/tags?post=4986"}],"curies":[{"name":"wp","href":"https:\/\/api.w.org\/{rel}","templated":true}]}}