{"id":4979,"date":"2009-11-03T09:44:17","date_gmt":"2009-11-03T08:44:17","guid":{"rendered":"http:\/\/www.po-l.com\/belogue\/?p=4979"},"modified":"2012-03-06T14:24:57","modified_gmt":"2012-03-06T12:24:57","slug":"soap-skin-scott-matthew-leuropeen-paris","status":"publish","type":"post","link":"https:\/\/www.wallendorff.com\/belogue\/2009\/11\/03\/soap-skin-scott-matthew-leuropeen-paris\/","title":{"rendered":"Soap &#038; Skin + Scott Matthew @ l&rsquo;Europ\u00e9en, Paris."},"content":{"rendered":"<div id=\"photo\">\n<p><img decoding=\"async\" src=\"https:\/\/www.wallendorff.com\/belogue\/photo\/2009\/11\/20091103.jpg\" \/><\/p>\n<\/div>\n<p>Par respect pour les amateurs de chanteuses sympas mais geignardes qui d&eacute;&ccedil;oivent beaucoup car elle ne slament m&ecirc;me pas dans le public avec leur piano alors que franchement &ccedil;a mettrait de l&rsquo;animation dans tout &ccedil;a, l&rsquo;auteur s&rsquo;abstiendra de tout commentaire sur sa soir&eacute;e d&rsquo;hier.<\/p>\n<div id=\"bandeson\">\n<p><img decoding=\"async\" src=\"https:\/\/www.wallendorff.com\/belogue\/photo\/pochettes\/l\/living_things-ahead_of_the_lions.jpg\" align=\"left\" \/>&nbsp;<a href=\"http:\/\/www.livingthingsmusic.com\/\">Living Things<\/a> &ndash; <em>No New Jesus<\/em><\/p>\n<\/div>\n<h1>Scott Matthew<\/h1>ngg_shortcode_0_placeholder<h1>Soap &amp; Skin<\/h1>ngg_shortcode_1_placeholder","protected":false},"excerpt":{"rendered":"<p>Par respect pour les amateurs de chanteuses sympas mais geignardes qui d&eacute;&ccedil;oivent beaucoup car elle ne slament m&ecirc;me pas dans le public avec leur piano alors que franchement &ccedil;a mettrait de l&rsquo;animation dans tout &ccedil;a, l&rsquo;auteur s&rsquo;abstiendra de tout commentaire sur sa soir&eacute;e d&rsquo;hier. &nbsp;Living Things &ndash; No New Jesus Scott Matthew Soap &amp; Skin<\/p>\n","protected":false},"author":1,"featured_media":25578,"comment_status":"open","ping_status":"open","sticky":false,"template":"","format":"standard","meta":{"_acf_changed":false,"ngg_post_thumbnail":0,"jetpack_post_was_ever_published":false,"_jetpack_newsletter_access":"","_jetpack_dont_email_post_to_subs":false,"_jetpack_newsletter_tier_id":0,"_jetpack_memberships_contains_paywalled_content":false,"_jetpack_memberships_contains_paid_content":false,"footnotes":"","jetpack_publicize_message":"","jetpack_publicize_feature_enabled":true,"jetpack_social_post_already_shared":false,"jetpack_social_options":{"image_generator_settings":{"template":"highway","default_image_id":0,"font":"","enabled":false},"version":2}},"categories":[7],"tags":[10508,10143,10084,196,181,2615,10120,10121,10610,1613,3198,143,10098,10609,10611],"class_list":["post-4979","post","type-post","status-publish","format-standard","has-post-thumbnail","hentry","category-alive","tag-10508","tag-10143","tag-alive","tag-ef-28-70-mm-f28l-usm","tag-ef-70-200-mm-f28l-usm","tag-eos-5d-mark-ii","tag-france","tag-ile-de-france","tag-leuropeen","tag-living-things","tag-no-new-jesus","tag-noir-et-blanc","tag-paris","tag-scott-matthew","tag-soap-skin"],"acf":[],"geo":null,"jetpack_publicize_connections":[],"jetpack_featured_media_url":"https:\/\/www.wallendorff.com\/belogue\/wp-content\/uploads\/2015\/04\/200911031.jpg","jetpack_shortlink":"https:\/\/wp.me\/p3b35P-1ij","jetpack_sharing_enabled":true,"jetpack-related-posts":[{"id":127632,"url":"https:\/\/www.wallendorff.com\/belogue\/2024\/03\/27\/pixies-lolympia-paris-26-mars-2024\/","url_meta":{"origin":4979,"position":0},"title":"Pixies @ l&rsquo;Olympia, Paris, 26 mars 2024.","author":"dpc","date":"27 mars 2024","format":false,"excerpt":"Pixies @ l\u2019Olympia, Paris, 26\/03\/2024 Pixies @ l\u2019Olympia, Paris, 26\/03\/2024 Pixies @ l\u2019Olympia, Paris, 26\/03\/2024 Pixies @ l\u2019Olympia, Paris, 26\/03\/2024 Pixies @ l\u2019Olympia, Paris, 26\/03\/2024 Pixies @ l\u2019Olympia, Paris, 26\/03\/2024 Pixies @ l\u2019Olympia, Paris, 26\/03\/2024 Pixies @ l\u2019Olympia, Paris, 26\/03\/2024 Pixies @ l\u2019Olympia, Paris, 26\/03\/2024 Pixies @ l\u2019Olympia, Paris, 26\/03\/2024\u2026","rel":"","context":"Dans &quot;Alive&quot;","block_context":{"text":"Alive","link":"https:\/\/www.wallendorff.com\/belogue\/category\/alive\/"},"img":{"alt_text":"","src":"https:\/\/i0.wp.com\/www.wallendorff.com\/belogue\/wp-content\/uploads\/2024\/03\/20240327-22.jpg?resize=350%2C200&ssl=1","width":350,"height":200,"srcset":"https:\/\/i0.wp.com\/www.wallendorff.com\/belogue\/wp-content\/uploads\/2024\/03\/20240327-22.jpg?resize=350%2C200&ssl=1 1x, https:\/\/i0.wp.com\/www.wallendorff.com\/belogue\/wp-content\/uploads\/2024\/03\/20240327-22.jpg?resize=525%2C300&ssl=1 1.5x, https:\/\/i0.wp.com\/www.wallendorff.com\/belogue\/wp-content\/uploads\/2024\/03\/20240327-22.jpg?resize=700%2C400&ssl=1 2x, https:\/\/i0.wp.com\/www.wallendorff.com\/belogue\/wp-content\/uploads\/2024\/03\/20240327-22.jpg?resize=1050%2C600&ssl=1 3x"},"classes":[]},{"id":129376,"url":"https:\/\/www.wallendorff.com\/belogue\/2024\/07\/22\/terminal-1-aeroport-de-paris-charles-de-gaulle-roissy-en-france-17-juillet-2024\/","url_meta":{"origin":4979,"position":1},"title":"Terminal 1 @ a\u00e9roport de Paris-Charles-de-Gaulle, Roissy-en-France, 17 juillet 2024.","author":"dpc","date":"22 juillet 2024","format":false,"excerpt":"","rel":"","context":"Dans &quot;Alive&quot;","block_context":{"text":"Alive","link":"https:\/\/www.wallendorff.com\/belogue\/category\/alive\/"},"img":{"alt_text":"","src":"https:\/\/i0.wp.com\/www.wallendorff.com\/belogue\/wp-content\/uploads\/2024\/07\/20240722-42.jpg?resize=350%2C200&ssl=1","width":350,"height":200,"srcset":"https:\/\/i0.wp.com\/www.wallendorff.com\/belogue\/wp-content\/uploads\/2024\/07\/20240722-42.jpg?resize=350%2C200&ssl=1 1x, https:\/\/i0.wp.com\/www.wallendorff.com\/belogue\/wp-content\/uploads\/2024\/07\/20240722-42.jpg?resize=525%2C300&ssl=1 1.5x, https:\/\/i0.wp.com\/www.wallendorff.com\/belogue\/wp-content\/uploads\/2024\/07\/20240722-42.jpg?resize=700%2C400&ssl=1 2x, https:\/\/i0.wp.com\/www.wallendorff.com\/belogue\/wp-content\/uploads\/2024\/07\/20240722-42.jpg?resize=1050%2C600&ssl=1 3x"},"classes":[]},{"id":130484,"url":"https:\/\/www.wallendorff.com\/belogue\/2024\/09\/03\/bleachers-lolympia-paris-2-septembre-2024\/","url_meta":{"origin":4979,"position":2},"title":"Bleachers @ l&rsquo;Olympia, Paris, 2 septembre 2024","author":"dpc","date":"3 septembre 2024","format":false,"excerpt":"Bleachers @ l\u2019OLympia, Paris, 02\/09\/2024 Bleachers @ l\u2019OLympia, Paris, 02\/09\/2024 Bleachers @ l\u2019OLympia, Paris, 02\/09\/2024 Bleachers @ l\u2019OLympia, Paris, 02\/09\/2024 Bleachers @ l\u2019OLympia, Paris, 02\/09\/2024 Bleachers @ l\u2019OLympia, Paris, 02\/09\/2024 Bleachers @ l\u2019OLympia, Paris, 02\/09\/2024 Bleachers @ l\u2019OLympia, Paris, 02\/09\/2024 Bleachers @ l\u2019OLympia, Paris, 02\/09\/2024 Bleachers @ l\u2019OLympia, Paris, 02\/09\/2024\u2026","rel":"","context":"Dans &quot;Alive&quot;","block_context":{"text":"Alive","link":"https:\/\/www.wallendorff.com\/belogue\/category\/alive\/"},"img":{"alt_text":"","src":"https:\/\/i0.wp.com\/www.wallendorff.com\/belogue\/wp-content\/uploads\/2024\/09\/20240903-21.jpg?resize=350%2C200&ssl=1","width":350,"height":200,"srcset":"https:\/\/i0.wp.com\/www.wallendorff.com\/belogue\/wp-content\/uploads\/2024\/09\/20240903-21.jpg?resize=350%2C200&ssl=1 1x, https:\/\/i0.wp.com\/www.wallendorff.com\/belogue\/wp-content\/uploads\/2024\/09\/20240903-21.jpg?resize=525%2C300&ssl=1 1.5x, https:\/\/i0.wp.com\/www.wallendorff.com\/belogue\/wp-content\/uploads\/2024\/09\/20240903-21.jpg?resize=700%2C400&ssl=1 2x, https:\/\/i0.wp.com\/www.wallendorff.com\/belogue\/wp-content\/uploads\/2024\/09\/20240903-21.jpg?resize=1050%2C600&ssl=1 3x"},"classes":[]},{"id":131858,"url":"https:\/\/www.wallendorff.com\/belogue\/2025\/03\/09\/hinds-la-bellevilloise-paris-7-mars-2025\/","url_meta":{"origin":4979,"position":3},"title":"Hinds @ la Bellevilloise, Paris, 7 mars 2025.","author":"dpc","date":"9 mars 2025","format":false,"excerpt":"Hinds @ la Bellevilloise, Paris, 7 mars 2025 Hinds @ la Bellevilloise, Paris, 7 mars 2025 Hinds @ la Bellevilloise, Paris, 7 mars 2025 Hinds @ la Bellevilloise, Paris, 7 mars 2025 Hinds @ la Bellevilloise, Paris, 7 mars 2025 Hinds @ la Bellevilloise, Paris, 7 mars 2025 Hinds @\u2026","rel":"","context":"Dans &quot;Alive&quot;","block_context":{"text":"Alive","link":"https:\/\/www.wallendorff.com\/belogue\/category\/alive\/"},"img":{"alt_text":"","src":"https:\/\/i0.wp.com\/www.wallendorff.com\/belogue\/wp-content\/uploads\/2025\/03\/20250309-03.jpg?resize=350%2C200&ssl=1","width":350,"height":200,"srcset":"https:\/\/i0.wp.com\/www.wallendorff.com\/belogue\/wp-content\/uploads\/2025\/03\/20250309-03.jpg?resize=350%2C200&ssl=1 1x, https:\/\/i0.wp.com\/www.wallendorff.com\/belogue\/wp-content\/uploads\/2025\/03\/20250309-03.jpg?resize=525%2C300&ssl=1 1.5x, https:\/\/i0.wp.com\/www.wallendorff.com\/belogue\/wp-content\/uploads\/2025\/03\/20250309-03.jpg?resize=700%2C400&ssl=1 2x, https:\/\/i0.wp.com\/www.wallendorff.com\/belogue\/wp-content\/uploads\/2025\/03\/20250309-03.jpg?resize=1050%2C600&ssl=1 3x"},"classes":[]},{"id":127210,"url":"https:\/\/www.wallendorff.com\/belogue\/2024\/02\/01\/the-luka-state-les-etoiles-paris-31-janvier-2024\/","url_meta":{"origin":4979,"position":4},"title":"The Luka State @ les \u00c9toiles, Paris, 31 janvier 2024.","author":"dpc","date":"1 f\u00e9vrier 2024","format":false,"excerpt":"The Luka State @ les \u00c9toiles, Paris, 31\/01\/2024 The Luka State @ les \u00c9toiles, Paris, 31\/01\/2024 The Luka State @ les \u00c9toiles, Paris, 31\/01\/2024 The Luka State @ les \u00c9toiles, Paris, 31\/01\/2024 The Luka State @ les \u00c9toiles, Paris, 31\/01\/2024 The Luka State @ les \u00c9toiles, Paris, 31\/01\/2024 The Luka\u2026","rel":"","context":"Dans &quot;Alive&quot;","block_context":{"text":"Alive","link":"https:\/\/www.wallendorff.com\/belogue\/category\/alive\/"},"img":{"alt_text":"","src":"https:\/\/i0.wp.com\/www.wallendorff.com\/belogue\/wp-content\/uploads\/2024\/02\/20240201-11.jpg?resize=350%2C200&ssl=1","width":350,"height":200,"srcset":"https:\/\/i0.wp.com\/www.wallendorff.com\/belogue\/wp-content\/uploads\/2024\/02\/20240201-11.jpg?resize=350%2C200&ssl=1 1x, https:\/\/i0.wp.com\/www.wallendorff.com\/belogue\/wp-content\/uploads\/2024\/02\/20240201-11.jpg?resize=525%2C300&ssl=1 1.5x, https:\/\/i0.wp.com\/www.wallendorff.com\/belogue\/wp-content\/uploads\/2024\/02\/20240201-11.jpg?resize=700%2C400&ssl=1 2x, https:\/\/i0.wp.com\/www.wallendorff.com\/belogue\/wp-content\/uploads\/2024\/02\/20240201-11.jpg?resize=1050%2C600&ssl=1 3x"},"classes":[]},{"id":23832,"url":"https:\/\/www.wallendorff.com\/belogue\/2015\/02\/02\/mademoiselle-k-la-cigale-paris-26-janvier\/","url_meta":{"origin":4979,"position":5},"title":"Mademoiselle K @ la Cigale, Paris, 26 janvier.","author":"dpc","date":"2 f\u00e9vrier 2015","format":false,"excerpt":"6 ans apr\u00e8s la derni\u00e8re fois et 8 ans \u2015\u00a0presque\u00a0\u2015 jour pour jour apr\u00e8s la premi\u00e8re Cigale. On se recroise, on se reconna\u00eet, on se retrouve, on s'y remet. C'est comme le v\u00e9lo, \u00e7a revient tout de suite. \u00c7a revient de loin, mais \u00e7a revient tout de suite. R U\u2026","rel":"","context":"Dans &quot;Alive&quot;","block_context":{"text":"Alive","link":"https:\/\/www.wallendorff.com\/belogue\/category\/alive\/"},"img":{"alt_text":"","src":"https:\/\/i0.wp.com\/www.wallendorff.com\/belogue\/wp-content\/uploads\/2015\/04\/201502021.jpg?resize=350%2C200&ssl=1","width":350,"height":200,"srcset":"https:\/\/i0.wp.com\/www.wallendorff.com\/belogue\/wp-content\/uploads\/2015\/04\/201502021.jpg?resize=350%2C200&ssl=1 1x, https:\/\/i0.wp.com\/www.wallendorff.com\/belogue\/wp-content\/uploads\/2015\/04\/201502021.jpg?resize=525%2C300&ssl=1 1.5x, https:\/\/i0.wp.com\/www.wallendorff.com\/belogue\/wp-content\/uploads\/2015\/04\/201502021.jpg?resize=700%2C400&ssl=1 2x"},"classes":[]}],"_links":{"self":[{"href":"https:\/\/www.wallendorff.com\/belogue\/wp-json\/wp\/v2\/posts\/4979","targetHints":{"allow":["GET"]}}],"collection":[{"href":"https:\/\/www.wallendorff.com\/belogue\/wp-json\/wp\/v2\/posts"}],"about":[{"href":"https:\/\/www.wallendorff.com\/belogue\/wp-json\/wp\/v2\/types\/post"}],"author":[{"embeddable":true,"href":"https:\/\/www.wallendorff.com\/belogue\/wp-json\/wp\/v2\/users\/1"}],"replies":[{"embeddable":true,"href":"https:\/\/www.wallendorff.com\/belogue\/wp-json\/wp\/v2\/comments?post=4979"}],"version-history":[{"count":3,"href":"https:\/\/www.wallendorff.com\/belogue\/wp-json\/wp\/v2\/posts\/4979\/revisions"}],"predecessor-version":[{"id":16247,"href":"https:\/\/www.wallendorff.com\/belogue\/wp-json\/wp\/v2\/posts\/4979\/revisions\/16247"}],"wp:featuredmedia":[{"embeddable":true,"href":"https:\/\/www.wallendorff.com\/belogue\/wp-json\/wp\/v2\/media\/25578"}],"wp:attachment":[{"href":"https:\/\/www.wallendorff.com\/belogue\/wp-json\/wp\/v2\/media?parent=4979"}],"wp:term":[{"taxonomy":"category","embeddable":true,"href":"https:\/\/www.wallendorff.com\/belogue\/wp-json\/wp\/v2\/categories?post=4979"},{"taxonomy":"post_tag","embeddable":true,"href":"https:\/\/www.wallendorff.com\/belogue\/wp-json\/wp\/v2\/tags?post=4979"}],"curies":[{"name":"wp","href":"https:\/\/api.w.org\/{rel}","templated":true}]}}