{"id":4971,"date":"2009-11-01T12:23:03","date_gmt":"2009-11-01T11:23:03","guid":{"rendered":"http:\/\/www.po-l.com\/belogue\/?p=4971"},"modified":"2012-01-19T12:52:28","modified_gmt":"2012-01-19T10:52:28","slug":"lustre-acharne","status":"publish","type":"post","link":"https:\/\/www.wallendorff.com\/belogue\/2009\/11\/01\/lustre-acharne\/","title":{"rendered":"Lustre [acharn\u00e9]."},"content":{"rendered":"<div id=\"photo\">\n<p><img decoding=\"async\" src=\"https:\/\/www.wallendorff.com\/belogue\/photo\/2009\/11\/20091101.jpg\" \/><br \/>\nCanal de l&rsquo;Ourcq, Paris, 31 mai.<\/p>\n<\/div>\n<p style=\"text-align:right\">Si cette photo est l&agrave; c&rsquo;est parce qu&rsquo;elle ressemble &agrave; l&rsquo;affiche d&rsquo;une version d&rsquo;<em>Into the Wild<\/em> dans laquelle le h&eacute;ros serait un lampadaire parisien, tortur&eacute; entre son d&eacute;sir d&rsquo;&eacute;vasion lointaine et sa triste condition de cand&eacute;labre qui ne bouge jamais puisqu&rsquo;il n&rsquo;a pas de jambe. Alors il attend.<\/p>\n<p style=\"text-align:right\">Enfin je trouve, quoi.<\/p>\n<div id=\"bandeson\">\n<p><img decoding=\"async\" src=\"https:\/\/www.wallendorff.com\/belogue\/photo\/pochettes\/b\/black_crowes_the-until_the_freeze.jpg\" align=\"left\" \/>&nbsp;<a href=\"http:\/\/www.blackcrowes.com\/\">The Black Crowes<\/a> &ndash; <em>Aimless Peacock<\/em><\/p>\n<\/div>\n","protected":false},"excerpt":{"rendered":"<p>Canal de l&rsquo;Ourcq, Paris, 31 mai. Si cette photo est l&agrave; c&rsquo;est parce qu&rsquo;elle ressemble &agrave; l&rsquo;affiche d&rsquo;une version d&rsquo;Into the Wild dans laquelle le h&eacute;ros serait un lampadaire parisien, tortur&eacute; entre son d&eacute;sir d&rsquo;&eacute;vasion lointaine et sa triste condition de cand&eacute;labre qui ne bouge jamais puisqu&rsquo;il n&rsquo;a pas de jambe. Alors il attend. Enfin&hellip;<\/p>\n","protected":false},"author":1,"featured_media":25576,"comment_status":"open","ping_status":"open","sticky":false,"template":"","format":"standard","meta":{"_acf_changed":false,"ngg_post_thumbnail":0,"jetpack_post_was_ever_published":false,"_jetpack_newsletter_access":"","_jetpack_dont_email_post_to_subs":false,"_jetpack_newsletter_tier_id":0,"_jetpack_memberships_contains_paywalled_content":false,"_jetpack_memberships_contains_paid_content":false,"footnotes":"","jetpack_publicize_message":"","jetpack_publicize_feature_enabled":true,"jetpack_social_post_already_shared":false,"jetpack_social_options":{"image_generator_settings":{"template":"highway","default_image_id":0,"font":"","enabled":false},"version":2}},"categories":[3],"tags":[10268,3189,737,993,2615,10144,10120,10121,10278,10098,170,1400],"class_list":["post-4971","post","type-post","status-publish","format-standard","has-post-thumbnail","hentry","category-dpc","tag-10268","tag-aimless-peacock","tag-bleu","tag-canal-de-lourcq","tag-eos-5d-mark-ii","tag-ciel","tag-france","tag-ile-de-france","tag-lampadaire","tag-paris","tag-sigma-70-300-mm-f4-56-dg-apo-macro","tag-the-black-crowes"],"acf":[],"geo":{"latitude":48.8900566,"longitude":2.3828101,"description":null},"jetpack_publicize_connections":[],"jetpack_featured_media_url":"https:\/\/www.wallendorff.com\/belogue\/wp-content\/uploads\/2015\/04\/200911011.jpg","jetpack_shortlink":"https:\/\/wp.me\/p3b35P-1ib","jetpack_sharing_enabled":true,"jetpack-related-posts":[{"id":5187,"url":"https:\/\/www.wallendorff.com\/belogue\/2009\/11\/28\/im-awake-today\/","url_meta":{"origin":4971,"position":0},"title":"I&rsquo;m awake today.","author":"dpc","date":"28 novembre 2009","format":false,"excerpt":"Canal de l'Ourcq, Paris, 3 ao\u00fbt. \u00a0Julian Plenti \u2013 On the Esplanade","rel":"","context":"Dans &quot;DPC&quot;","block_context":{"text":"DPC","link":"https:\/\/www.wallendorff.com\/belogue\/category\/dpc\/"},"img":{"alt_text":"","src":"https:\/\/i0.wp.com\/www.wallendorff.com\/belogue\/wp-content\/uploads\/2015\/04\/200911281.jpg?resize=350%2C200&ssl=1","width":350,"height":200},"classes":[]},{"id":5168,"url":"https:\/\/www.wallendorff.com\/belogue\/2009\/11\/26\/choose-life\/","url_meta":{"origin":4971,"position":1},"title":"Choose life.","author":"dpc","date":"26 novembre 2009","format":false,"excerpt":"Canal de l'Ourcq, Paris, 3 ao\u00fbt. \u00a0Editors \u2013 No Sound But the Wind On pourra dire ce qu'on veut sur les films pour counettes, mais Twilight machin aura eu au moins le m\u00e9rite de nous faire \u00e9couter un morceau d'Editors valable cette ann\u00e9e, alors qu'In This Light and on This\u2026","rel":"","context":"Dans &quot;DPC&quot;","block_context":{"text":"DPC","link":"https:\/\/www.wallendorff.com\/belogue\/category\/dpc\/"},"img":{"alt_text":"","src":"https:\/\/i0.wp.com\/www.wallendorff.com\/belogue\/wp-content\/uploads\/2015\/04\/200911261.jpg?resize=350%2C200&ssl=1","width":350,"height":200},"classes":[]},{"id":385,"url":"https:\/\/www.wallendorff.com\/belogue\/2005\/05\/06\/haie-chappe-est-belle\/","url_meta":{"origin":4971,"position":2},"title":"Haie Chappe est belle\u00b9.","author":"dpc","date":"6 mai 2005","format":false,"excerpt":"Canal de l'Ourcq, Paris, 2 mai. \u00a0Little Barrie \u2014 Freeprise _____ 1 \"Haie Chappe est belle\" parce que ces bidules-l\u00e0 me font penser \u00e0 des t\u00e9l\u00e9graphes de Chappe, et que voil\u00e0. [Et pour rester dans le t\u00e9l\u00e9graphe, un petit bout de Little Barrie\u00a0avec des bruits de guitares morses dedans, pour\u2026","rel":"","context":"Dans &quot;DPC&quot;","block_context":{"text":"DPC","link":"https:\/\/www.wallendorff.com\/belogue\/category\/dpc\/"},"img":{"alt_text":"","src":"https:\/\/i0.wp.com\/www.wallendorff.com\/belogue\/wp-content\/uploads\/2015\/04\/200505061.jpg?resize=350%2C200&ssl=1","width":350,"height":200},"classes":[]},{"id":30628,"url":"https:\/\/www.wallendorff.com\/belogue\/2016\/04\/06\/brune\/","url_meta":{"origin":4971,"position":3},"title":"Brune.","author":"dpc","date":"6 avril 2016","format":false,"excerpt":"Passerelle Bichat, Paris, 24 janvier. OK OK OK Little Green Cars","rel":"","context":"Dans &quot;DPC&quot;","block_context":{"text":"DPC","link":"https:\/\/www.wallendorff.com\/belogue\/category\/dpc\/"},"img":{"alt_text":"","src":"https:\/\/i0.wp.com\/www.wallendorff.com\/belogue\/wp-content\/uploads\/2016\/04\/20160406.jpg?resize=350%2C200&ssl=1","width":350,"height":200,"srcset":"https:\/\/i0.wp.com\/www.wallendorff.com\/belogue\/wp-content\/uploads\/2016\/04\/20160406.jpg?resize=350%2C200&ssl=1 1x, https:\/\/i0.wp.com\/www.wallendorff.com\/belogue\/wp-content\/uploads\/2016\/04\/20160406.jpg?resize=525%2C300&ssl=1 1.5x, https:\/\/i0.wp.com\/www.wallendorff.com\/belogue\/wp-content\/uploads\/2016\/04\/20160406.jpg?resize=700%2C400&ssl=1 2x"},"classes":[]},{"id":4975,"url":"https:\/\/www.wallendorff.com\/belogue\/2009\/11\/02\/fumes-mes-cent-voeux\/","url_meta":{"origin":4971,"position":4},"title":"F\u00fbmes mes cent v\u0153ux.","author":"dpc","date":"2 novembre 2009","format":false,"excerpt":"Rue de la Marne, Paris, 31 mai. \u00a0Tegan & Sara \u2013 The Ocean","rel":"","context":"Dans &quot;DPC&quot;","block_context":{"text":"DPC","link":"https:\/\/www.wallendorff.com\/belogue\/category\/dpc\/"},"img":{"alt_text":"","src":"https:\/\/i0.wp.com\/www.wallendorff.com\/belogue\/wp-content\/uploads\/2015\/04\/200911021.jpg?resize=350%2C200&ssl=1","width":350,"height":200},"classes":[]},{"id":19746,"url":"https:\/\/www.wallendorff.com\/belogue\/2012\/12\/11\/reading-estival\/","url_meta":{"origin":4971,"position":5},"title":"Reading estival.","author":"dpc","date":"11 d\u00e9cembre 2012","format":false,"excerpt":"Place de la Bataille-de-Stalingrad, Paris, 19 ao\u00fbt. Amanda Palmer feat. The Grand Theft Orchestra \u2013 Olly Olly Oxen Free","rel":"","context":"Dans &quot;DPC&quot;","block_context":{"text":"DPC","link":"https:\/\/www.wallendorff.com\/belogue\/category\/dpc\/"},"img":{"alt_text":"","src":"https:\/\/i0.wp.com\/www.wallendorff.com\/belogue\/wp-content\/uploads\/2015\/04\/201212111.jpg?resize=350%2C200&ssl=1","width":350,"height":200,"srcset":"https:\/\/i0.wp.com\/www.wallendorff.com\/belogue\/wp-content\/uploads\/2015\/04\/201212111.jpg?resize=350%2C200&ssl=1 1x, https:\/\/i0.wp.com\/www.wallendorff.com\/belogue\/wp-content\/uploads\/2015\/04\/201212111.jpg?resize=525%2C300&ssl=1 1.5x, https:\/\/i0.wp.com\/www.wallendorff.com\/belogue\/wp-content\/uploads\/2015\/04\/201212111.jpg?resize=700%2C400&ssl=1 2x"},"classes":[]}],"_links":{"self":[{"href":"https:\/\/www.wallendorff.com\/belogue\/wp-json\/wp\/v2\/posts\/4971","targetHints":{"allow":["GET"]}}],"collection":[{"href":"https:\/\/www.wallendorff.com\/belogue\/wp-json\/wp\/v2\/posts"}],"about":[{"href":"https:\/\/www.wallendorff.com\/belogue\/wp-json\/wp\/v2\/types\/post"}],"author":[{"embeddable":true,"href":"https:\/\/www.wallendorff.com\/belogue\/wp-json\/wp\/v2\/users\/1"}],"replies":[{"embeddable":true,"href":"https:\/\/www.wallendorff.com\/belogue\/wp-json\/wp\/v2\/comments?post=4971"}],"version-history":[{"count":1,"href":"https:\/\/www.wallendorff.com\/belogue\/wp-json\/wp\/v2\/posts\/4971\/revisions"}],"predecessor-version":[{"id":15446,"href":"https:\/\/www.wallendorff.com\/belogue\/wp-json\/wp\/v2\/posts\/4971\/revisions\/15446"}],"wp:featuredmedia":[{"embeddable":true,"href":"https:\/\/www.wallendorff.com\/belogue\/wp-json\/wp\/v2\/media\/25576"}],"wp:attachment":[{"href":"https:\/\/www.wallendorff.com\/belogue\/wp-json\/wp\/v2\/media?parent=4971"}],"wp:term":[{"taxonomy":"category","embeddable":true,"href":"https:\/\/www.wallendorff.com\/belogue\/wp-json\/wp\/v2\/categories?post=4971"},{"taxonomy":"post_tag","embeddable":true,"href":"https:\/\/www.wallendorff.com\/belogue\/wp-json\/wp\/v2\/tags?post=4971"}],"curies":[{"name":"wp","href":"https:\/\/api.w.org\/{rel}","templated":true}]}}