{"id":4924,"date":"2009-10-26T10:14:22","date_gmt":"2009-10-26T09:14:22","guid":{"rendered":"http:\/\/www.po-l.com\/belogue\/?p=4924"},"modified":"2012-07-23T12:58:50","modified_gmt":"2012-07-23T10:58:50","slug":"chat-long-sur-sonne","status":"publish","type":"post","link":"https:\/\/www.wallendorff.com\/belogue\/2009\/10\/26\/chat-long-sur-sonne\/","title":{"rendered":"Chat long, s\u00fbr, sonne."},"content":{"rendered":"<div id=\"photo\">\n<p><img decoding=\"async\" src=\"https:\/\/www.wallendorff.com\/belogue\/photo\/2009\/10\/20091026.jpg\" \/><br \/>\nRue Gustave Geffroy, Paris, 22 mai.<\/p>\n<\/div>\n<div id=\"bandeson\">\n<p><img decoding=\"async\" src=\"https:\/\/www.wallendorff.com\/belogue\/photo\/pochettes\/n\/national_the-lit_up.jpg\" align=\"left\" \/>&nbsp;<a href=\"http:\/\/www.americanmary.com\/\">The National<\/a> &ndash; <em>Lit Up<\/em> (remix)<\/p>\n<\/div>\n<p style=\"text-align:right\">Titre nase, oui, mais un peu oblig&eacute; pour ne pas faire de jaloux apr&egrave;s celui d&rsquo;hier.<\/p>\n<p style=\"text-align:right\">Et sinon ce <a href=\"http:\/\/stolenlyric.wordpress.com\/\">site-l&agrave;<\/a> est chouette.<\/p>\n","protected":false},"excerpt":{"rendered":"<p>Rue Gustave Geffroy, Paris, 22 mai. &nbsp;The National &ndash; Lit Up (remix) Titre nase, oui, mais un peu oblig&eacute; pour ne pas faire de jaloux apr&egrave;s celui d&rsquo;hier. Et sinon ce site-l&agrave; est chouette.<\/p>\n","protected":false},"author":1,"featured_media":25570,"comment_status":"open","ping_status":"open","sticky":false,"template":"","format":"standard","meta":{"_acf_changed":false,"ngg_post_thumbnail":0,"jetpack_post_was_ever_published":false,"_jetpack_newsletter_access":"","_jetpack_dont_email_post_to_subs":false,"_jetpack_newsletter_tier_id":0,"_jetpack_memberships_contains_paywalled_content":false,"_jetpack_memberships_contains_paid_content":false,"footnotes":"","jetpack_publicize_message":"","jetpack_publicize_feature_enabled":true,"jetpack_social_post_already_shared":false,"jetpack_social_options":{"image_generator_settings":{"template":"highway","default_image_id":0,"font":"","enabled":false},"version":2}},"categories":[3],"tags":[10122,2571,2615,10144,10120,10121,934,10499,10098,10351,3170,10324,10252],"class_list":["post-4924","post","type-post","status-publish","format-standard","has-post-thumbnail","hentry","category-dpc","tag-10122","tag-ef-16-35-mm-f28l-ii-usm","tag-eos-5d-mark-ii","tag-ciel","tag-france","tag-ile-de-france","tag-lit-up","tag-ombre","tag-paris","tag-rue","tag-rue-gustave-geffroy","tag-soleil","tag-the-national"],"acf":[],"geo":{"latitude":48.8353806,"longitude":2.3511922,"description":null},"jetpack_publicize_connections":[],"jetpack_featured_media_url":"https:\/\/www.wallendorff.com\/belogue\/wp-content\/uploads\/2015\/04\/200910261.jpg","jetpack_shortlink":"https:\/\/wp.me\/p3b35P-1hq","jetpack_sharing_enabled":true,"jetpack-related-posts":[{"id":32458,"url":"https:\/\/www.wallendorff.com\/belogue\/2016\/09\/30\/septembre-2016\/","url_meta":{"origin":4924,"position":0},"title":"Septembre 2016.","author":"dpc","date":"30 septembre 2016","format":false,"excerpt":"Un avion, une \u00e9glise, un m\u00e9tro, une affiche, un mus\u00e9e, une 2 cv, un parc, une autoroute, un mur, des cadenas, une librairie, deux statues, une fa\u00e7ade, un pont, une ruelle, une aurore, des toits, des poup\u00e9es russes, un lampadaire, un cimeti\u00e8re, une \u00e9glise, un Freud qui pend, une vitrine,\u2026","rel":"","context":"Dans &quot;Blog-note&quot;","block_context":{"text":"Blog-note","link":"https:\/\/www.wallendorff.com\/belogue\/category\/blog-note\/"},"img":{"alt_text":"","src":"https:\/\/i0.wp.com\/www.wallendorff.com\/belogue\/wp-content\/uploads\/2016\/10\/20161014-20.jpg?resize=350%2C200&ssl=1","width":350,"height":200,"srcset":"https:\/\/i0.wp.com\/www.wallendorff.com\/belogue\/wp-content\/uploads\/2016\/10\/20161014-20.jpg?resize=350%2C200&ssl=1 1x, https:\/\/i0.wp.com\/www.wallendorff.com\/belogue\/wp-content\/uploads\/2016\/10\/20161014-20.jpg?resize=525%2C300&ssl=1 1.5x, https:\/\/i0.wp.com\/www.wallendorff.com\/belogue\/wp-content\/uploads\/2016\/10\/20161014-20.jpg?resize=700%2C400&ssl=1 2x"},"classes":[]},{"id":22133,"url":"https:\/\/www.wallendorff.com\/belogue\/2013\/11\/30\/novembre-2013\/","url_meta":{"origin":4924,"position":1},"title":"Novembre 2013.","author":"dpc","date":"30 novembre 2013","format":false,"excerpt":"Un train, une fondue, un lac, un train, un lac, un bar, des montres, un grand reretour, un train, une tour, des bras, des chaises, des bi\u00e8res, des photos, des burg\u00e8res, encore un train, encore une fondue, un mus\u00e9e, des phares, des bi\u00e8res et du p\u00e2t\u00e9, un gros chien, une\u2026","rel":"","context":"Dans &quot;Blog-note&quot;","block_context":{"text":"Blog-note","link":"https:\/\/www.wallendorff.com\/belogue\/category\/blog-note\/"},"img":{"alt_text":"","src":"https:\/\/i0.wp.com\/www.wallendorff.com\/belogue\/wp-content\/uploads\/2015\/04\/20131205-321.jpg?resize=350%2C200&ssl=1","width":350,"height":200,"srcset":"https:\/\/i0.wp.com\/www.wallendorff.com\/belogue\/wp-content\/uploads\/2015\/04\/20131205-321.jpg?resize=350%2C200&ssl=1 1x, https:\/\/i0.wp.com\/www.wallendorff.com\/belogue\/wp-content\/uploads\/2015\/04\/20131205-321.jpg?resize=525%2C300&ssl=1 1.5x, https:\/\/i0.wp.com\/www.wallendorff.com\/belogue\/wp-content\/uploads\/2015\/04\/20131205-321.jpg?resize=700%2C400&ssl=1 2x"},"classes":[]},{"id":17632,"url":"https:\/\/www.wallendorff.com\/belogue\/2012\/06\/07\/beaucoup-de-pompes-ii\/","url_meta":{"origin":4924,"position":2},"title":"[Beau]coup de pompes [II].","author":"dpc","date":"7 juin 2012","format":false,"excerpt":"Rue Gustave-Dor\u00e9, Strasbourg, 27 avril. Dans le top 10 des groupes que j'aime honteusement, figurent en bonne place Counting Crows. Counting Crows \u2013 Have You Seen Me Lately? (live)","rel":"","context":"Dans &quot;DPC&quot;","block_context":{"text":"DPC","link":"https:\/\/www.wallendorff.com\/belogue\/category\/dpc\/"},"img":{"alt_text":"","src":"https:\/\/i0.wp.com\/www.wallendorff.com\/belogue\/wp-content\/uploads\/2015\/04\/201206071.jpg?resize=350%2C200&ssl=1","width":350,"height":200,"srcset":"https:\/\/i0.wp.com\/www.wallendorff.com\/belogue\/wp-content\/uploads\/2015\/04\/201206071.jpg?resize=350%2C200&ssl=1 1x, https:\/\/i0.wp.com\/www.wallendorff.com\/belogue\/wp-content\/uploads\/2015\/04\/201206071.jpg?resize=525%2C300&ssl=1 1.5x, https:\/\/i0.wp.com\/www.wallendorff.com\/belogue\/wp-content\/uploads\/2015\/04\/201206071.jpg?resize=700%2C400&ssl=1 2x"},"classes":[]},{"id":247,"url":"https:\/\/www.wallendorff.com\/belogue\/2005\/12\/07\/pis-a-prismes-3\/","url_meta":{"origin":4924,"position":3},"title":"Pis &agrave; prismes #3.","author":"dpc","date":"7 d\u00e9cembre 2005","format":false,"excerpt":"Rue de Monttessuy, Paris, 30 novembre. \"La Tour Eiffel fut construite en 1889 \u00e0 l'occasion de l'Exposition universelle qui devait c\u00e9l\u00e9brer le centenaire de la R\u00e9volution Fran\u00e7aise. Entrepreneur\u00a0: Gustave Eiffel & Cie. Ing\u00e9nieurs\u00a0: Maurice Koechlin et \u00c9mile Nouguier. Architecte\u00a0: Stephen Sauvestre. \u00c9tudes\u00a0: 1884. Ex\u00e9cution\u00a0: 1887-1889 (2 ans, 2 mois et\u2026","rel":"","context":"Dans &quot;Pis \u00e0 prismes&quot;","block_context":{"text":"Pis \u00e0 prismes","link":"https:\/\/www.wallendorff.com\/belogue\/category\/pis-a-prismes\/"},"img":{"alt_text":"","src":"https:\/\/i0.wp.com\/www.wallendorff.com\/belogue\/wp-content\/uploads\/2015\/04\/200512071.jpg?resize=350%2C200&ssl=1","width":350,"height":200},"classes":[]},{"id":13008,"url":"https:\/\/www.wallendorff.com\/belogue\/2011\/07\/13\/geoli-alite\/","url_meta":{"origin":4924,"position":4},"title":"Ge\u00f4li alit\u00e9.","author":"dpc","date":"13 juillet 2011","format":false,"excerpt":"Le Carmen, Paris, 6 juin. \u00a0Futurebirds \u2013 Wicked Game (Chris Isaac cover)","rel":"","context":"Dans &quot;DPC&quot;","block_context":{"text":"DPC","link":"https:\/\/www.wallendorff.com\/belogue\/category\/dpc\/"},"img":{"alt_text":"","src":"https:\/\/i0.wp.com\/www.wallendorff.com\/belogue\/wp-content\/uploads\/2015\/04\/201107131.jpg?resize=350%2C200&ssl=1","width":350,"height":200},"classes":[]},{"id":25,"url":"https:\/\/www.wallendorff.com\/belogue\/2006\/02\/08\/court-fort-et-court\/","url_meta":{"origin":4924,"position":5},"title":"Court, fort et court&sup1;.","author":"dpc","date":"8 f\u00e9vrier 2006","format":false,"excerpt":"Rue Aubriot, Paris, 22 janvier, 16h33. Euh... rien. \u00a0Black Rebel Motorcycle Club \u2013 The Line _____ 1 Oui, bon, c'\u00e9tait jeu de mot d\u00e9bile en 3 secondes ou brainstorming jusqu'\u00e0 4h du matin. Finalement, c'est l'appel du lit qui a gagn\u00e9.","rel":"","context":"Dans &quot;DPC&quot;","block_context":{"text":"DPC","link":"https:\/\/www.wallendorff.com\/belogue\/category\/dpc\/"},"img":{"alt_text":"","src":"https:\/\/i0.wp.com\/www.wallendorff.com\/belogue\/wp-content\/uploads\/2015\/04\/200602081.jpg?resize=350%2C200&ssl=1","width":350,"height":200},"classes":[]}],"_links":{"self":[{"href":"https:\/\/www.wallendorff.com\/belogue\/wp-json\/wp\/v2\/posts\/4924","targetHints":{"allow":["GET"]}}],"collection":[{"href":"https:\/\/www.wallendorff.com\/belogue\/wp-json\/wp\/v2\/posts"}],"about":[{"href":"https:\/\/www.wallendorff.com\/belogue\/wp-json\/wp\/v2\/types\/post"}],"author":[{"embeddable":true,"href":"https:\/\/www.wallendorff.com\/belogue\/wp-json\/wp\/v2\/users\/1"}],"replies":[{"embeddable":true,"href":"https:\/\/www.wallendorff.com\/belogue\/wp-json\/wp\/v2\/comments?post=4924"}],"version-history":[{"count":1,"href":"https:\/\/www.wallendorff.com\/belogue\/wp-json\/wp\/v2\/posts\/4924\/revisions"}],"predecessor-version":[{"id":18342,"href":"https:\/\/www.wallendorff.com\/belogue\/wp-json\/wp\/v2\/posts\/4924\/revisions\/18342"}],"wp:featuredmedia":[{"embeddable":true,"href":"https:\/\/www.wallendorff.com\/belogue\/wp-json\/wp\/v2\/media\/25570"}],"wp:attachment":[{"href":"https:\/\/www.wallendorff.com\/belogue\/wp-json\/wp\/v2\/media?parent=4924"}],"wp:term":[{"taxonomy":"category","embeddable":true,"href":"https:\/\/www.wallendorff.com\/belogue\/wp-json\/wp\/v2\/categories?post=4924"},{"taxonomy":"post_tag","embeddable":true,"href":"https:\/\/www.wallendorff.com\/belogue\/wp-json\/wp\/v2\/tags?post=4924"}],"curies":[{"name":"wp","href":"https:\/\/api.w.org\/{rel}","templated":true}]}}