{"id":49101,"date":"2021-08-11T11:31:35","date_gmt":"2021-08-11T09:31:35","guid":{"rendered":"https:\/\/www.wallendorff.com\/belogue\/?p=49101"},"modified":"2021-08-11T11:31:38","modified_gmt":"2021-08-11T09:31:38","slug":"into-the-wide-227","status":"publish","type":"post","link":"https:\/\/www.wallendorff.com\/belogue\/2021\/08\/11\/into-the-wide-227\/","title":{"rendered":"Into the wide #227"},"content":{"rendered":"<div id=\"photo\">\n<img decoding=\"async\" src=\"https:\/\/www.wallendorff.com\/belogue\/wp-content\/uploads\/2021\/08\/20210811.jpg\"><br \/>\nPasserelle Debilly, Paris, 12 mai 2021.<\/div>\n<div id=\"photo2\">\n<img decoding=\"async\" src=\"https:\/\/www.wallendorff.com\/belogue\/wp-content\/uploads\/2021\/08\/20210811-02.jpg\"><\/div>\n<div id=\"bandeson\"><img decoding=\"async\" src=\"https:\/\/www.wallendorff.com\/belogue\/photo\/pochettes\/l\/london_grammar-californian_soil.jpg\" align=\"left\"><a href=\"https:\/\/www.youtube.com\/watch?v=4ur64JT20Sk\"><em>Lord It&rsquo;s a Feeling<\/em><\/a><br \/>\n<a href=\"https:\/\/julienbaker.com\/\">London Grammar<\/a>&nbsp;<\/p>\n<\/div>\n","protected":false},"excerpt":{"rendered":"<p>Passerelle Debilly, Paris, 12 mai 2021. Lord It&rsquo;s a Feeling London Grammar&nbsp;<\/p>\n","protected":false},"author":1,"featured_media":49103,"comment_status":"open","ping_status":"open","sticky":false,"template":"","format":"standard","meta":{"_acf_changed":false,"ngg_post_thumbnail":0,"jetpack_post_was_ever_published":false,"_jetpack_newsletter_access":"","_jetpack_dont_email_post_to_subs":false,"_jetpack_newsletter_tier_id":0,"_jetpack_memberships_contains_paywalled_content":false,"_jetpack_memberships_contains_paid_content":false,"footnotes":"","jetpack_publicize_message":"","jetpack_publicize_feature_enabled":true,"jetpack_social_post_already_shared":true,"jetpack_social_options":{"image_generator_settings":{"template":"highway","default_image_id":0,"font":"","enabled":false},"version":2}},"categories":[7356],"tags":[1243,10326,10120,15878,10121,16403,11727,17220,11323,10098,10689,10493,10592,17216,10851,10236],"class_list":["post-49101","post","type-post","status-publish","format-standard","has-post-thumbnail","hentry","category-into-the-wide","tag-carre","tag-crepuscule","tag-france","tag-fujifilm-x-t3","tag-ile-de-france","tag-laowa-9-mm-f-2-8-zero-d","tag-london-grammar","tag-lord-its-a-feeling","tag-panoramique","tag-paris","tag-passerelle","tag-passerelle-debilly","tag-pose-longue","tag-sphere-2","tag-tour","tag-tour-eiffel"],"acf":[],"geo":{"latitude":48.8625755,"longitude":2.2968941,"description":"Passerelle Debilly, 75007 Paris, France"},"jetpack_publicize_connections":[],"jetpack_featured_media_url":"https:\/\/www.wallendorff.com\/belogue\/wp-content\/uploads\/2021\/08\/20210811.jpg","jetpack_shortlink":"https:\/\/wp.me\/p3b35P-cLX","jetpack_sharing_enabled":true,"jetpack-related-posts":[{"id":23337,"url":"https:\/\/www.wallendorff.com\/belogue\/2014\/08\/29\/into-the-wide-31-32-x-pis-a-prismes-37-38\/","url_meta":{"origin":49101,"position":0},"title":"Into the wide #31, 32 \u00d7 Pis \u00e0 prismes #37, 38.","author":"dpc","date":"29 ao\u00fbt 2014","format":false,"excerpt":"Passerelle Debilly, Paris, 14 juin. Passerelle Debilly, Paris, 14 juin. Passerelle parisienne pr\u00e9f\u00e9r\u00e9e. Break Your Heart The Gaslight Anthem","rel":"","context":"Dans &quot;Into the wide&quot;","block_context":{"text":"Into the wide","link":"https:\/\/www.wallendorff.com\/belogue\/category\/into-the-wide\/"},"img":{"alt_text":"","src":"https:\/\/i0.wp.com\/www.wallendorff.com\/belogue\/wp-content\/uploads\/2015\/04\/201408291.jpg?resize=350%2C200&ssl=1","width":350,"height":200,"srcset":"https:\/\/i0.wp.com\/www.wallendorff.com\/belogue\/wp-content\/uploads\/2015\/04\/201408291.jpg?resize=350%2C200&ssl=1 1x, https:\/\/i0.wp.com\/www.wallendorff.com\/belogue\/wp-content\/uploads\/2015\/04\/201408291.jpg?resize=525%2C300&ssl=1 1.5x, https:\/\/i0.wp.com\/www.wallendorff.com\/belogue\/wp-content\/uploads\/2015\/04\/201408291.jpg?resize=700%2C400&ssl=1 2x"},"classes":[]},{"id":12713,"url":"https:\/\/www.wallendorff.com\/belogue\/2011\/05\/05\/pis-a-prismes-27\/","url_meta":{"origin":49101,"position":1},"title":"Pis \u00e0 prismes #27.","author":"dpc","date":"5 mai 2011","format":false,"excerpt":"Passerelle Debilly, Paris, 16 avril. \u00a0The Raveonettes \u2014 War in Heaven","rel":"","context":"Dans &quot;DPC&quot;","block_context":{"text":"DPC","link":"https:\/\/www.wallendorff.com\/belogue\/category\/dpc\/"},"img":{"alt_text":"","src":"https:\/\/i0.wp.com\/www.wallendorff.com\/belogue\/wp-content\/uploads\/2015\/04\/201105051.jpg?resize=350%2C200&ssl=1","width":350,"height":200},"classes":[]},{"id":1276,"url":"https:\/\/www.wallendorff.com\/belogue\/2008\/07\/23\/pis-a-prismes-15\/","url_meta":{"origin":49101,"position":2},"title":"Pis \u00e0 prismes #15.","author":"dpc","date":"23 juillet 2008","format":false,"excerpt":"Passerelle Debilly, Paris, 23 juin et 3 juillet. Well hurry on sundown See what tomorrow brings Hurry on sundown See what tomorrow brings Well it may bring war Any old thing Well look into your mind's eye See what you can see There's hundreds of people like you and me.\u2026","rel":"","context":"Dans &quot;Pis \u00e0 prismes&quot;","block_context":{"text":"Pis \u00e0 prismes","link":"https:\/\/www.wallendorff.com\/belogue\/category\/pis-a-prismes\/"},"img":{"alt_text":"","src":"https:\/\/i0.wp.com\/www.wallendorff.com\/belogue\/wp-content\/uploads\/2015\/04\/200807231.jpg?resize=350%2C200&ssl=1","width":350,"height":200,"srcset":"https:\/\/i0.wp.com\/www.wallendorff.com\/belogue\/wp-content\/uploads\/2015\/04\/200807231.jpg?resize=350%2C200&ssl=1 1x, https:\/\/i0.wp.com\/www.wallendorff.com\/belogue\/wp-content\/uploads\/2015\/04\/200807231.jpg?resize=525%2C300&ssl=1 1.5x, https:\/\/i0.wp.com\/www.wallendorff.com\/belogue\/wp-content\/uploads\/2015\/04\/200807231.jpg?resize=700%2C400&ssl=1 2x"},"classes":[]},{"id":47312,"url":"https:\/\/www.wallendorff.com\/belogue\/2020\/11\/30\/novembre-2020\/","url_meta":{"origin":49101,"position":3},"title":"Novembre 2020.","author":"dpc","date":"30 novembre 2020","format":false,"excerpt":"Un chat pr\u00e9nomm\u00e9 STOPTHECOUNT, une soir\u00e9e guitare, des chaises, une avenue, un m\u00e9tro, une tour, une passerelle, des cadenas, un pont, un pont, un pont, des pigeons, un m\u00e9tro, une rue vide, une rue vide, un m\u00e9tro, un quai de gare, une gare, un banc, un tournage, un quai, un\u2026","rel":"","context":"Dans &quot;Blog-note&quot;","block_context":{"text":"Blog-note","link":"https:\/\/www.wallendorff.com\/belogue\/category\/blog-note\/"},"img":{"alt_text":"","src":"https:\/\/i0.wp.com\/www.wallendorff.com\/belogue\/wp-content\/uploads\/2020\/12\/20201215-67.jpg?resize=350%2C200&ssl=1","width":350,"height":200,"srcset":"https:\/\/i0.wp.com\/www.wallendorff.com\/belogue\/wp-content\/uploads\/2020\/12\/20201215-67.jpg?resize=350%2C200&ssl=1 1x, https:\/\/i0.wp.com\/www.wallendorff.com\/belogue\/wp-content\/uploads\/2020\/12\/20201215-67.jpg?resize=525%2C300&ssl=1 1.5x, https:\/\/i0.wp.com\/www.wallendorff.com\/belogue\/wp-content\/uploads\/2020\/12\/20201215-67.jpg?resize=700%2C400&ssl=1 2x, https:\/\/i0.wp.com\/www.wallendorff.com\/belogue\/wp-content\/uploads\/2020\/12\/20201215-67.jpg?resize=1050%2C600&ssl=1 3x"},"classes":[]},{"id":47576,"url":"https:\/\/www.wallendorff.com\/belogue\/2020\/12\/31\/decembre-2020\/","url_meta":{"origin":49101,"position":4},"title":"D\u00e9cembre 2020.","author":"dpc","date":"31 d\u00e9cembre 2020","format":false,"excerpt":"Un m\u00e9tro, un sapin de No\u00ebl, un chat pr\u00e9nomm\u00e9 Guirlande-\u00c9lectrique, une tour, un pont, une chaise, un mus\u00e9e, une passerelle, un quai, une bi\u00e8re, un bouquiniste, une passerelle, un quai, un immeuble, un avion, un time lapse, une rue, une passerelle, un square, une cuisine, des tracts, un balcon, un\u2026","rel":"","context":"Dans &quot;Blog-note&quot;","block_context":{"text":"Blog-note","link":"https:\/\/www.wallendorff.com\/belogue\/category\/blog-note\/"},"img":{"alt_text":"","src":"https:\/\/i0.wp.com\/www.wallendorff.com\/belogue\/wp-content\/uploads\/2021\/01\/20210113-85.jpg?resize=350%2C200&ssl=1","width":350,"height":200,"srcset":"https:\/\/i0.wp.com\/www.wallendorff.com\/belogue\/wp-content\/uploads\/2021\/01\/20210113-85.jpg?resize=350%2C200&ssl=1 1x, https:\/\/i0.wp.com\/www.wallendorff.com\/belogue\/wp-content\/uploads\/2021\/01\/20210113-85.jpg?resize=525%2C300&ssl=1 1.5x, https:\/\/i0.wp.com\/www.wallendorff.com\/belogue\/wp-content\/uploads\/2021\/01\/20210113-85.jpg?resize=700%2C400&ssl=1 2x, https:\/\/i0.wp.com\/www.wallendorff.com\/belogue\/wp-content\/uploads\/2021\/01\/20210113-85.jpg?resize=1050%2C600&ssl=1 3x"},"classes":[]},{"id":21754,"url":"https:\/\/www.wallendorff.com\/belogue\/2013\/10\/09\/into-the-wide-22\/","url_meta":{"origin":49101,"position":5},"title":"Into the wide #22.","author":"dpc","date":"9 octobre 2013","format":false,"excerpt":"Passerelle Simone-de-Beauvoir, Paris, 19 ao\u00fbt. Free at DawnSmall Black","rel":"","context":"Dans &quot;Into the wide&quot;","block_context":{"text":"Into the wide","link":"https:\/\/www.wallendorff.com\/belogue\/category\/into-the-wide\/"},"img":{"alt_text":"","src":"https:\/\/i0.wp.com\/www.wallendorff.com\/belogue\/wp-content\/uploads\/2015\/04\/201310091.jpg?resize=350%2C200&ssl=1","width":350,"height":200,"srcset":"https:\/\/i0.wp.com\/www.wallendorff.com\/belogue\/wp-content\/uploads\/2015\/04\/201310091.jpg?resize=350%2C200&ssl=1 1x, https:\/\/i0.wp.com\/www.wallendorff.com\/belogue\/wp-content\/uploads\/2015\/04\/201310091.jpg?resize=525%2C300&ssl=1 1.5x, https:\/\/i0.wp.com\/www.wallendorff.com\/belogue\/wp-content\/uploads\/2015\/04\/201310091.jpg?resize=700%2C400&ssl=1 2x"},"classes":[]}],"_links":{"self":[{"href":"https:\/\/www.wallendorff.com\/belogue\/wp-json\/wp\/v2\/posts\/49101","targetHints":{"allow":["GET"]}}],"collection":[{"href":"https:\/\/www.wallendorff.com\/belogue\/wp-json\/wp\/v2\/posts"}],"about":[{"href":"https:\/\/www.wallendorff.com\/belogue\/wp-json\/wp\/v2\/types\/post"}],"author":[{"embeddable":true,"href":"https:\/\/www.wallendorff.com\/belogue\/wp-json\/wp\/v2\/users\/1"}],"replies":[{"embeddable":true,"href":"https:\/\/www.wallendorff.com\/belogue\/wp-json\/wp\/v2\/comments?post=49101"}],"version-history":[{"count":3,"href":"https:\/\/www.wallendorff.com\/belogue\/wp-json\/wp\/v2\/posts\/49101\/revisions"}],"predecessor-version":[{"id":49106,"href":"https:\/\/www.wallendorff.com\/belogue\/wp-json\/wp\/v2\/posts\/49101\/revisions\/49106"}],"wp:featuredmedia":[{"embeddable":true,"href":"https:\/\/www.wallendorff.com\/belogue\/wp-json\/wp\/v2\/media\/49103"}],"wp:attachment":[{"href":"https:\/\/www.wallendorff.com\/belogue\/wp-json\/wp\/v2\/media?parent=49101"}],"wp:term":[{"taxonomy":"category","embeddable":true,"href":"https:\/\/www.wallendorff.com\/belogue\/wp-json\/wp\/v2\/categories?post=49101"},{"taxonomy":"post_tag","embeddable":true,"href":"https:\/\/www.wallendorff.com\/belogue\/wp-json\/wp\/v2\/tags?post=49101"}],"curies":[{"name":"wp","href":"https:\/\/api.w.org\/{rel}","templated":true}]}}