{"id":491,"date":"2005-01-21T15:04:58","date_gmt":"2005-01-21T15:04:58","guid":{"rendered":"http:\/\/www.po-l.com\/wordpress\/?p=491"},"modified":"2012-01-19T11:38:53","modified_gmt":"2012-01-19T09:38:53","slug":"vils-avis","status":"publish","type":"post","link":"https:\/\/www.wallendorff.com\/belogue\/2005\/01\/21\/vils-avis\/","title":{"rendered":"Vils avis."},"content":{"rendered":"\n<div id=\"photo\">\n<p><img decoding=\"async\" src=\"http:\/\/www.po-L.com\/belogue\/photo\/2005\/01\/20050121-fauteuils.jpg\" \/><br \/>Crazy Wisdom Tea Room, Ann Arbor, 9 janvier.<\/p>\n<\/p><\/div>\n<p style=\"text-align:right\"><em>Hey, could you stand another drink?<br \/>\n        I&rsquo;m better when I don&rsquo;t think.<br \/>\n        It seems to get me through<\/em><\/p>\n<p>\/Edit: Comment dire&#8230; <\/p>\n<p>\/Edit 2: Euh non, laisse tomber.<\/p>\n<div id=\"bandeson\">\n<p><img decoding=\"async\" src=\"https:\/\/www.wallendorff.com\/belogue\/photo\/pochettes\/i\/i_am_kloot-i_am_kloot.jpg\" align=\"left\" \/>&nbsp;<a href=\"http:\/\/www.iamkloot.com\">I Am Kloot<\/a> &ndash; <em>Proof<\/em><\/p>\n<\/div>\n","protected":false},"excerpt":{"rendered":"<p>Crazy Wisdom Tea Room, Ann Arbor, 9 janvier. Hey, could you stand another drink? I&rsquo;m better when I don&rsquo;t think. It seems to get me through \/Edit: Comment dire&#8230; \/Edit 2: Euh non, laisse tomber. &nbsp;I Am Kloot &ndash; Proof<\/p>\n","protected":false},"author":1,"featured_media":24430,"comment_status":"open","ping_status":"open","sticky":false,"template":"","format":"standard","meta":{"_acf_changed":false,"ngg_post_thumbnail":0,"jetpack_post_was_ever_published":false,"_jetpack_newsletter_access":"","_jetpack_dont_email_post_to_subs":false,"_jetpack_newsletter_tier_id":0,"_jetpack_memberships_contains_paywalled_content":false,"_jetpack_memberships_contains_paid_content":false,"footnotes":"","jetpack_publicize_message":"","jetpack_publicize_feature_enabled":true,"jetpack_social_post_already_shared":false,"jetpack_social_options":{"image_generator_settings":{"template":"highway","default_image_id":0,"font":"","enabled":false},"version":2}},"categories":[3],"tags":[62,3555,155,132,777,55,10307,10221,10401,54,778,10686,4294,10334],"class_list":["post-491","post","type-post","status-publish","format-standard","has-post-thumbnail","hentry","category-dpc","tag-ann-arbor","tag-canape","tag-ef-s-18-55-mm-f35-56-ii","tag-eos-20d","tag-crazy-wisdom-bookstore-tearoom","tag-etats-unis","tag-fenetre","tag-i-am-kloot","tag-lampe","tag-michigan","tag-proof","tag-salon","tag-salon-de-the","tag-table"],"acf":[],"geo":{"latitude":42.2809372,"longitude":-83.7488861,"description":null},"jetpack_publicize_connections":[],"jetpack_featured_media_url":"https:\/\/www.wallendorff.com\/belogue\/wp-content\/uploads\/2015\/04\/20050121-fauteuils1.jpg","jetpack_shortlink":"https:\/\/wp.me\/p3b35P-7V","jetpack_sharing_enabled":true,"jetpack-related-posts":[{"id":20513,"url":"https:\/\/www.wallendorff.com\/belogue\/2013\/02\/26\/into-the-wide-1\/","url_meta":{"origin":491,"position":0},"title":"Into the wide #1.","author":"dpc","date":"26 f\u00e9vrier 2013","format":false,"excerpt":"Rue Clauzel, Paris, 13 janvier. Du m\u00eame toit qu'il y a 5 ans. Proof (reinterpreted)I Am Kloot","rel":"","context":"Dans &quot;Into the wide&quot;","block_context":{"text":"Into the wide","link":"https:\/\/www.wallendorff.com\/belogue\/category\/into-the-wide\/"},"img":{"alt_text":"","src":"https:\/\/i0.wp.com\/www.wallendorff.com\/belogue\/wp-content\/uploads\/2015\/04\/20130226.jpg?resize=350%2C200&ssl=1","width":350,"height":200,"srcset":"https:\/\/i0.wp.com\/www.wallendorff.com\/belogue\/wp-content\/uploads\/2015\/04\/20130226.jpg?resize=350%2C200&ssl=1 1x, https:\/\/i0.wp.com\/www.wallendorff.com\/belogue\/wp-content\/uploads\/2015\/04\/20130226.jpg?resize=525%2C300&ssl=1 1.5x, https:\/\/i0.wp.com\/www.wallendorff.com\/belogue\/wp-content\/uploads\/2015\/04\/20130226.jpg?resize=700%2C400&ssl=1 2x"},"classes":[]},{"id":9703,"url":"https:\/\/www.wallendorff.com\/belogue\/2010\/10\/25\/i-am-kloot-la-maroquinerie-paris-2\/","url_meta":{"origin":491,"position":1},"title":"I Am Kloot @ la Maroquinerie, Paris.","author":"dpc","date":"25 octobre 2010","format":false,"excerpt":"Northern Skies | Lately | To the Brink | The Stars Looks Familiar | Hey Little Bird | It's Just the Night | Somone Like You | From Your Favourite Sky | Storm Warning | Over My Shoulder | 86 TV's | Bigger Wheels | I Still Do | ?\u2026","rel":"","context":"Dans &quot;Alive&quot;","block_context":{"text":"Alive","link":"https:\/\/www.wallendorff.com\/belogue\/category\/alive\/"},"img":{"alt_text":"","src":"https:\/\/i0.wp.com\/www.wallendorff.com\/belogue\/wp-content\/uploads\/2015\/04\/201010251.jpg?resize=350%2C200&ssl=1","width":350,"height":200,"srcset":"https:\/\/i0.wp.com\/www.wallendorff.com\/belogue\/wp-content\/uploads\/2015\/04\/201010251.jpg?resize=350%2C200&ssl=1 1x, https:\/\/i0.wp.com\/www.wallendorff.com\/belogue\/wp-content\/uploads\/2015\/04\/201010251.jpg?resize=525%2C300&ssl=1 1.5x, https:\/\/i0.wp.com\/www.wallendorff.com\/belogue\/wp-content\/uploads\/2015\/04\/201010251.jpg?resize=700%2C400&ssl=1 2x"},"classes":[]},{"id":3989,"url":"https:\/\/www.wallendorff.com\/belogue\/2009\/03\/06\/i-am-kloot-la-maroquinerie-paris\/","url_meta":{"origin":491,"position":2},"title":"I Am Kloot @ Minimum Festival, la Maroquinerie, Paris.","author":"dpc","date":"6 mars 2009","format":false,"excerpt":"Habituellement, je passe sous silence les premi\u00e8res parties nases parce que dans la vie il faut \u00eatre sympa, ouvert d'esprit et grave tol\u00e9rant. Mais quand on te sert Arlt., duo d\u00e9primant et mixte constitu\u00e9 d'un gars et une fille aussi dr\u00f4les que des amishs \u00e0 l'enterrement de leur grand-tante, d\u00e9bitant\u2026","rel":"","context":"Dans &quot;Alive&quot;","block_context":{"text":"Alive","link":"https:\/\/www.wallendorff.com\/belogue\/category\/alive\/"},"img":{"alt_text":"","src":"https:\/\/i0.wp.com\/www.wallendorff.com\/belogue\/wp-content\/uploads\/2015\/04\/200903061.jpg?resize=350%2C200&ssl=1","width":350,"height":200,"srcset":"https:\/\/i0.wp.com\/www.wallendorff.com\/belogue\/wp-content\/uploads\/2015\/04\/200903061.jpg?resize=350%2C200&ssl=1 1x, https:\/\/i0.wp.com\/www.wallendorff.com\/belogue\/wp-content\/uploads\/2015\/04\/200903061.jpg?resize=525%2C300&ssl=1 1.5x, https:\/\/i0.wp.com\/www.wallendorff.com\/belogue\/wp-content\/uploads\/2015\/04\/200903061.jpg?resize=700%2C400&ssl=1 2x"},"classes":[]},{"id":21183,"url":"https:\/\/www.wallendorff.com\/belogue\/2013\/06\/19\/shooting-people-105\/","url_meta":{"origin":491,"position":3},"title":"Shooting people #105.","author":"dpc","date":"19 juin 2013","format":false,"excerpt":"Cannibale caf\u00e9, Paris, 10 mai. Northern SkiesI Am Kloot","rel":"","context":"Dans &quot;Portraits&quot;","block_context":{"text":"Portraits","link":"https:\/\/www.wallendorff.com\/belogue\/category\/portraits\/"},"img":{"alt_text":"","src":"https:\/\/i0.wp.com\/www.wallendorff.com\/belogue\/wp-content\/uploads\/2015\/04\/20130619.jpg?resize=350%2C200&ssl=1","width":350,"height":200,"srcset":"https:\/\/i0.wp.com\/www.wallendorff.com\/belogue\/wp-content\/uploads\/2015\/04\/20130619.jpg?resize=350%2C200&ssl=1 1x, https:\/\/i0.wp.com\/www.wallendorff.com\/belogue\/wp-content\/uploads\/2015\/04\/20130619.jpg?resize=525%2C300&ssl=1 1.5x, https:\/\/i0.wp.com\/www.wallendorff.com\/belogue\/wp-content\/uploads\/2015\/04\/20130619.jpg?resize=700%2C400&ssl=1 2x"},"classes":[]},{"id":12288,"url":"https:\/\/www.wallendorff.com\/belogue\/2011\/02\/14\/pis-a-prismes-25\/","url_meta":{"origin":491,"position":4},"title":"Pis \u00e0 prismes #25.","author":"dpc","date":"14 f\u00e9vrier 2011","format":false,"excerpt":"Pont de Bir-Hakeim, Paris, 8 janvier. \u00a0I Am Kloot \u2013 From Your Favourite Sky","rel":"","context":"Dans &quot;Pis \u00e0 prismes&quot;","block_context":{"text":"Pis \u00e0 prismes","link":"https:\/\/www.wallendorff.com\/belogue\/category\/pis-a-prismes\/"},"img":{"alt_text":"","src":"https:\/\/i0.wp.com\/www.wallendorff.com\/belogue\/wp-content\/uploads\/2015\/04\/201102141.jpg?resize=350%2C200&ssl=1","width":350,"height":200},"classes":[]},{"id":1091,"url":"https:\/\/www.wallendorff.com\/belogue\/2007\/11\/25\/tente-temps-d\/","url_meta":{"origin":491,"position":5},"title":"Tente \u00e0 temps d\u00fb.","author":"dpc","date":"25 novembre 2007","format":false,"excerpt":"Rue Flayelle, Givet, 27 octobre. \u00a0I Am Kloot \u2013 I Believe","rel":"","context":"Dans &quot;DPC&quot;","block_context":{"text":"DPC","link":"https:\/\/www.wallendorff.com\/belogue\/category\/dpc\/"},"img":{"alt_text":"","src":"https:\/\/i0.wp.com\/www.wallendorff.com\/belogue\/wp-content\/uploads\/2015\/04\/200711251.jpg?resize=350%2C200&ssl=1","width":350,"height":200},"classes":[]}],"_links":{"self":[{"href":"https:\/\/www.wallendorff.com\/belogue\/wp-json\/wp\/v2\/posts\/491","targetHints":{"allow":["GET"]}}],"collection":[{"href":"https:\/\/www.wallendorff.com\/belogue\/wp-json\/wp\/v2\/posts"}],"about":[{"href":"https:\/\/www.wallendorff.com\/belogue\/wp-json\/wp\/v2\/types\/post"}],"author":[{"embeddable":true,"href":"https:\/\/www.wallendorff.com\/belogue\/wp-json\/wp\/v2\/users\/1"}],"replies":[{"embeddable":true,"href":"https:\/\/www.wallendorff.com\/belogue\/wp-json\/wp\/v2\/comments?post=491"}],"version-history":[{"count":1,"href":"https:\/\/www.wallendorff.com\/belogue\/wp-json\/wp\/v2\/posts\/491\/revisions"}],"predecessor-version":[{"id":15432,"href":"https:\/\/www.wallendorff.com\/belogue\/wp-json\/wp\/v2\/posts\/491\/revisions\/15432"}],"wp:featuredmedia":[{"embeddable":true,"href":"https:\/\/www.wallendorff.com\/belogue\/wp-json\/wp\/v2\/media\/24430"}],"wp:attachment":[{"href":"https:\/\/www.wallendorff.com\/belogue\/wp-json\/wp\/v2\/media?parent=491"}],"wp:term":[{"taxonomy":"category","embeddable":true,"href":"https:\/\/www.wallendorff.com\/belogue\/wp-json\/wp\/v2\/categories?post=491"},{"taxonomy":"post_tag","embeddable":true,"href":"https:\/\/www.wallendorff.com\/belogue\/wp-json\/wp\/v2\/tags?post=491"}],"curies":[{"name":"wp","href":"https:\/\/api.w.org\/{rel}","templated":true}]}}