{"id":49086,"date":"2021-07-30T17:12:12","date_gmt":"2021-07-30T15:12:12","guid":{"rendered":"https:\/\/www.wallendorff.com\/belogue\/?p=49086"},"modified":"2021-07-30T17:12:15","modified_gmt":"2021-07-30T15:12:15","slug":"into-the-wide-224","status":"publish","type":"post","link":"https:\/\/www.wallendorff.com\/belogue\/2021\/07\/30\/into-the-wide-224\/","title":{"rendered":"Into the wide #224."},"content":{"rendered":"<div id=\"photo\">\n<p><img decoding=\"async\" src=\"https:\/\/www.wallendorff.com\/belogue\/wp-content\/uploads\/2021\/07\/20210730.jpg\"><br \/>\nAvenue des Champs-\u00c9lys\u00e9es, Paris, 4 mai 2021.<\/p>\n<\/div>\n<div id=\"bandeson\"><img decoding=\"async\" src=\"https:\/\/www.wallendorff.com\/belogue\/photo\/pochettes\/d\/django_django-glowing_in_the_dark.jpg\" align=\"left\"><a href=\"https:\/\/www.youtube.com\/watch?v=yhp0ZD1Mn6I\"><em>The Ark<\/em><\/a><br \/>\n<a href=\"http:\/\/www.djangodjango.co.uk\/\">Django Django<\/a>&nbsp;<\/p>\n<\/div>\n","protected":false},"excerpt":{"rendered":"<p>Avenue des Champs-\u00c9lys\u00e9es, Paris, 4 mai 2021. The Ark Django Django&nbsp;<\/p>\n","protected":false},"author":1,"featured_media":49088,"comment_status":"open","ping_status":"open","sticky":false,"template":"","format":"standard","meta":{"_acf_changed":false,"ngg_post_thumbnail":0,"jetpack_post_was_ever_published":false,"_jetpack_newsletter_access":"","_jetpack_dont_email_post_to_subs":false,"_jetpack_newsletter_tier_id":0,"_jetpack_memberships_contains_paywalled_content":false,"_jetpack_memberships_contains_paid_content":false,"footnotes":"","jetpack_publicize_message":"","jetpack_publicize_feature_enabled":true,"jetpack_social_post_already_shared":true,"jetpack_social_options":{"image_generator_settings":{"template":"highway","default_image_id":0,"font":"","enabled":false},"version":2}},"categories":[7356],"tags":[10237,708,8016,1103,10326,14886,10120,15878,10121,16403,11323,10098,5416,10592,2833],"class_list":["post-49086","post","type-post","status-publish","format-standard","has-post-thumbnail","hentry","category-into-the-wide","tag-10237","tag-arc-de-triomphe","tag-arc-de-triomphe-de-letoile","tag-avenue-des-champs-elysees","tag-crepuscule","tag-django-django","tag-france","tag-fujifilm-x-t3","tag-ile-de-france","tag-laowa-9-mm-f-2-8-zero-d","tag-panoramique","tag-paris","tag-place-charles-de-gaulle","tag-pose-longue","tag-the-ark"],"acf":[],"geo":{"latitude":48.8733749,"longitude":2.2962499,"description":"Paris 08, \u00cele-de-France, 75008, FR"},"jetpack_publicize_connections":[],"jetpack_featured_media_url":"https:\/\/www.wallendorff.com\/belogue\/wp-content\/uploads\/2021\/07\/20210730.jpg","jetpack_shortlink":"https:\/\/wp.me\/p3b35P-cLI","jetpack_sharing_enabled":true,"jetpack-related-posts":[{"id":124145,"url":"https:\/\/www.wallendorff.com\/belogue\/2023\/04\/03\/into-the-wide-274\/","url_meta":{"origin":49086,"position":0},"title":"Into the wide #274","author":"dpc","date":"3 avril 2023","format":false,"excerpt":"\u00c9pisode 4 de l'\u00e9volution de mes focales maximales et des diff\u00e9rents moyens de les mettre en \u0153uvre, apr\u00e8s les tentatives du 8 janvier 2008, du 17 janvier 2011 et du 6 avril 2021. Pfiou que tout \u00e7a ne nous rajeunit point.","rel":"","context":"Dans &quot;Into the wide&quot;","block_context":{"text":"Into the wide","link":"https:\/\/www.wallendorff.com\/belogue\/category\/into-the-wide\/"},"img":{"alt_text":"","src":"https:\/\/i0.wp.com\/www.wallendorff.com\/belogue\/wp-content\/uploads\/2023\/04\/20230403.jpg?resize=350%2C200&ssl=1","width":350,"height":200,"srcset":"https:\/\/i0.wp.com\/www.wallendorff.com\/belogue\/wp-content\/uploads\/2023\/04\/20230403.jpg?resize=350%2C200&ssl=1 1x, https:\/\/i0.wp.com\/www.wallendorff.com\/belogue\/wp-content\/uploads\/2023\/04\/20230403.jpg?resize=525%2C300&ssl=1 1.5x, https:\/\/i0.wp.com\/www.wallendorff.com\/belogue\/wp-content\/uploads\/2023\/04\/20230403.jpg?resize=700%2C400&ssl=1 2x, https:\/\/i0.wp.com\/www.wallendorff.com\/belogue\/wp-content\/uploads\/2023\/04\/20230403.jpg?resize=1050%2C600&ssl=1 3x"},"classes":[]},{"id":50113,"url":"https:\/\/www.wallendorff.com\/belogue\/2021\/11\/29\/into-the-wide-234\/","url_meta":{"origin":49086,"position":1},"title":"Into the wide #234","author":"dpc","date":"29 novembre 2021","format":false,"excerpt":"\u00c7a n\u2019a pas \u00e9t\u00e9 simple. \u00c0 6\u00a0h 35 du matin, je ne m\u2019attendais pas \u00e0 trouver autant de gens sous l\u2019arc, d\u00e9battant pour savoir si on ouvrirait \u00e0 7\u00a0h ou 9\u00a0h. Il a fallu n\u00e9gocier et demander gentiment pour obtenir finalement 1\u00a0min et 28\u00a0s sous l\u2019arc \u00e0 faire un panoramique\u2026\u2026","rel":"","context":"Dans &quot;Into the wide&quot;","block_context":{"text":"Into the wide","link":"https:\/\/www.wallendorff.com\/belogue\/category\/into-the-wide\/"},"img":{"alt_text":"","src":"https:\/\/i0.wp.com\/www.wallendorff.com\/belogue\/wp-content\/uploads\/2021\/11\/20211122-30.jpg?resize=350%2C200&ssl=1","width":350,"height":200,"srcset":"https:\/\/i0.wp.com\/www.wallendorff.com\/belogue\/wp-content\/uploads\/2021\/11\/20211122-30.jpg?resize=350%2C200&ssl=1 1x, https:\/\/i0.wp.com\/www.wallendorff.com\/belogue\/wp-content\/uploads\/2021\/11\/20211122-30.jpg?resize=525%2C300&ssl=1 1.5x, https:\/\/i0.wp.com\/www.wallendorff.com\/belogue\/wp-content\/uploads\/2021\/11\/20211122-30.jpg?resize=700%2C400&ssl=1 2x, https:\/\/i0.wp.com\/www.wallendorff.com\/belogue\/wp-content\/uploads\/2021\/11\/20211122-30.jpg?resize=1050%2C600&ssl=1 3x"},"classes":[]},{"id":50049,"url":"https:\/\/www.wallendorff.com\/belogue\/2021\/11\/25\/le-mediatique-emballement-ii-matage\/","url_meta":{"origin":49086,"position":2},"title":"Le m\u00e9diatique emballement II : matage.","author":"dpc","date":"25 novembre 2021","format":false,"excerpt":"","rel":"","context":"Dans &quot;DPC&quot;","block_context":{"text":"DPC","link":"https:\/\/www.wallendorff.com\/belogue\/category\/dpc\/"},"img":{"alt_text":"","src":"https:\/\/i0.wp.com\/www.wallendorff.com\/belogue\/wp-content\/uploads\/2021\/11\/20211122-32.jpg?resize=350%2C200&ssl=1","width":350,"height":200,"srcset":"https:\/\/i0.wp.com\/www.wallendorff.com\/belogue\/wp-content\/uploads\/2021\/11\/20211122-32.jpg?resize=350%2C200&ssl=1 1x, https:\/\/i0.wp.com\/www.wallendorff.com\/belogue\/wp-content\/uploads\/2021\/11\/20211122-32.jpg?resize=525%2C300&ssl=1 1.5x, https:\/\/i0.wp.com\/www.wallendorff.com\/belogue\/wp-content\/uploads\/2021\/11\/20211122-32.jpg?resize=700%2C400&ssl=1 2x, https:\/\/i0.wp.com\/www.wallendorff.com\/belogue\/wp-content\/uploads\/2021\/11\/20211122-32.jpg?resize=1050%2C600&ssl=1 3x"},"classes":[]},{"id":50020,"url":"https:\/\/www.wallendorff.com\/belogue\/2021\/11\/23\/le-mediatique-emballement-i-montage\/","url_meta":{"origin":49086,"position":3},"title":"Le m\u00e9diatique emballement I : montage.","author":"dpc","date":"23 novembre 2021","format":false,"excerpt":"","rel":"","context":"Dans &quot;DPC&quot;","block_context":{"text":"DPC","link":"https:\/\/www.wallendorff.com\/belogue\/category\/dpc\/"},"img":{"alt_text":"","src":"https:\/\/i0.wp.com\/www.wallendorff.com\/belogue\/wp-content\/uploads\/2021\/11\/20211122-04.jpg?resize=350%2C200&ssl=1","width":350,"height":200,"srcset":"https:\/\/i0.wp.com\/www.wallendorff.com\/belogue\/wp-content\/uploads\/2021\/11\/20211122-04.jpg?resize=350%2C200&ssl=1 1x, https:\/\/i0.wp.com\/www.wallendorff.com\/belogue\/wp-content\/uploads\/2021\/11\/20211122-04.jpg?resize=525%2C300&ssl=1 1.5x, https:\/\/i0.wp.com\/www.wallendorff.com\/belogue\/wp-content\/uploads\/2021\/11\/20211122-04.jpg?resize=700%2C400&ssl=1 2x, https:\/\/i0.wp.com\/www.wallendorff.com\/belogue\/wp-content\/uploads\/2021\/11\/20211122-04.jpg?resize=1050%2C600&ssl=1 3x"},"classes":[]},{"id":51484,"url":"https:\/\/www.wallendorff.com\/belogue\/2022\/05\/11\/21-h-02-min\/","url_meta":{"origin":49086,"position":4},"title":"21\u00a0h 02 min","author":"dpc","date":"11 mai 2022","format":false,"excerpt":"Hier, comme deux fois l'an, le soleil se couchait dans l'axe de l'Arc de Triomphe de l'\u00c9toile.En d\u00e9couvrant \u00e0 la sortie du m\u00e9tro la masse de corps h\u00e9riss\u00e9es d\u2019objectifs et la for\u00eat de tr\u00e9pieds qui avaient pouss\u00e9 l\u00e0, grouillant dangereusement en plein milieu du trafic, j\u2019ai pens\u00e9 deux choses :\u00a0S\u2019attendre\u2026","rel":"","context":"Dans &quot;DPC&quot;","block_context":{"text":"DPC","link":"https:\/\/www.wallendorff.com\/belogue\/category\/dpc\/"},"img":{"alt_text":"","src":"https:\/\/i0.wp.com\/www.wallendorff.com\/belogue\/wp-content\/uploads\/2022\/05\/20220511-04.jpg?resize=350%2C200&ssl=1","width":350,"height":200,"srcset":"https:\/\/i0.wp.com\/www.wallendorff.com\/belogue\/wp-content\/uploads\/2022\/05\/20220511-04.jpg?resize=350%2C200&ssl=1 1x, https:\/\/i0.wp.com\/www.wallendorff.com\/belogue\/wp-content\/uploads\/2022\/05\/20220511-04.jpg?resize=525%2C300&ssl=1 1.5x, https:\/\/i0.wp.com\/www.wallendorff.com\/belogue\/wp-content\/uploads\/2022\/05\/20220511-04.jpg?resize=700%2C400&ssl=1 2x, https:\/\/i0.wp.com\/www.wallendorff.com\/belogue\/wp-content\/uploads\/2022\/05\/20220511-04.jpg?resize=1050%2C600&ssl=1 3x"},"classes":[]},{"id":132026,"url":"https:\/\/www.wallendorff.com\/belogue\/2025\/04\/03\/ca-la-floue-malle\/","url_meta":{"origin":49086,"position":5},"title":"[\u00c7a] la floue malle.","author":"dpc","date":"3 avril 2025","format":false,"excerpt":"Avenue des Champs-\u00c9lys\u00e9es, Paris, 9 janvier 2025.","rel":"","context":"Dans &quot;DPC&quot;","block_context":{"text":"DPC","link":"https:\/\/www.wallendorff.com\/belogue\/category\/dpc\/"},"img":{"alt_text":"","src":"https:\/\/i0.wp.com\/www.wallendorff.com\/belogue\/wp-content\/uploads\/2025\/04\/20250403-04.jpg?resize=350%2C200&ssl=1","width":350,"height":200,"srcset":"https:\/\/i0.wp.com\/www.wallendorff.com\/belogue\/wp-content\/uploads\/2025\/04\/20250403-04.jpg?resize=350%2C200&ssl=1 1x, https:\/\/i0.wp.com\/www.wallendorff.com\/belogue\/wp-content\/uploads\/2025\/04\/20250403-04.jpg?resize=525%2C300&ssl=1 1.5x, https:\/\/i0.wp.com\/www.wallendorff.com\/belogue\/wp-content\/uploads\/2025\/04\/20250403-04.jpg?resize=700%2C400&ssl=1 2x, https:\/\/i0.wp.com\/www.wallendorff.com\/belogue\/wp-content\/uploads\/2025\/04\/20250403-04.jpg?resize=1050%2C600&ssl=1 3x"},"classes":[]}],"_links":{"self":[{"href":"https:\/\/www.wallendorff.com\/belogue\/wp-json\/wp\/v2\/posts\/49086","targetHints":{"allow":["GET"]}}],"collection":[{"href":"https:\/\/www.wallendorff.com\/belogue\/wp-json\/wp\/v2\/posts"}],"about":[{"href":"https:\/\/www.wallendorff.com\/belogue\/wp-json\/wp\/v2\/types\/post"}],"author":[{"embeddable":true,"href":"https:\/\/www.wallendorff.com\/belogue\/wp-json\/wp\/v2\/users\/1"}],"replies":[{"embeddable":true,"href":"https:\/\/www.wallendorff.com\/belogue\/wp-json\/wp\/v2\/comments?post=49086"}],"version-history":[{"count":2,"href":"https:\/\/www.wallendorff.com\/belogue\/wp-json\/wp\/v2\/posts\/49086\/revisions"}],"predecessor-version":[{"id":49089,"href":"https:\/\/www.wallendorff.com\/belogue\/wp-json\/wp\/v2\/posts\/49086\/revisions\/49089"}],"wp:featuredmedia":[{"embeddable":true,"href":"https:\/\/www.wallendorff.com\/belogue\/wp-json\/wp\/v2\/media\/49088"}],"wp:attachment":[{"href":"https:\/\/www.wallendorff.com\/belogue\/wp-json\/wp\/v2\/media?parent=49086"}],"wp:term":[{"taxonomy":"category","embeddable":true,"href":"https:\/\/www.wallendorff.com\/belogue\/wp-json\/wp\/v2\/categories?post=49086"},{"taxonomy":"post_tag","embeddable":true,"href":"https:\/\/www.wallendorff.com\/belogue\/wp-json\/wp\/v2\/tags?post=49086"}],"curies":[{"name":"wp","href":"https:\/\/api.w.org\/{rel}","templated":true}]}}