{"id":4908,"date":"2009-10-22T09:45:43","date_gmt":"2009-10-22T07:45:43","guid":{"rendered":"http:\/\/www.po-l.com\/belogue\/?p=4908"},"modified":"2012-07-19T13:08:27","modified_gmt":"2012-07-19T11:08:27","slug":"labri-neuf","status":"publish","type":"post","link":"https:\/\/www.wallendorff.com\/belogue\/2009\/10\/22\/labri-neuf\/","title":{"rendered":"L&rsquo;abri neuf,"},"content":{"rendered":"<div id=\"photo\">\n<p><img decoding=\"async\" src=\"https:\/\/www.wallendorff.com\/belogue\/photo\/2009\/10\/20091022.jpg\" \/><br \/>\nCour Saint-Joseph, Paris, 17 mai.<\/p>\n<\/div>\n<div id=\"bandeson\">\n<p><img decoding=\"async\" src=\"https:\/\/www.wallendorff.com\/belogue\/photo\/pochettes\/p\/plenti_julian-julian_plenti_is_skyscraper.jpg\" align=\"left\" \/>&nbsp;<a href=\"http:\/\/julianplenti.com\/\">Julian Plenti<\/a> &ndash; <em>Skyscraper<\/em><\/p>\n<\/div>\n<p style=\"text-align:right\">Et l&agrave; j&rsquo;inaugure le titre en deux parties. La suite sera d&eacute;couverte demain. Faut savoir innover dans la vie.<\/p>\n<p style=\"text-align:right\">Ah et quelqu&rsquo;un s&rsquo;est enfin pench&eacute; sur <a href=\"http:\/\/www.wolfgnards.com\/index.php\/2009\/06\/16\/how-long-does-billy-murray-spend-in-grou\">le probl&egrave;me qui me turlupinait depuis 15 ans<\/a>. Je suis joie.<\/p>\n","protected":false},"excerpt":{"rendered":"<p>Cour Saint-Joseph, Paris, 17 mai. &nbsp;Julian Plenti &ndash; Skyscraper Et l&agrave; j&rsquo;inaugure le titre en deux parties. La suite sera d&eacute;couverte demain. Faut savoir innover dans la vie. Ah et quelqu&rsquo;un s&rsquo;est enfin pench&eacute; sur le probl&egrave;me qui me turlupinait depuis 15 ans. Je suis joie.<\/p>\n","protected":false},"author":1,"featured_media":25566,"comment_status":"open","ping_status":"open","sticky":false,"template":"","format":"standard","meta":{"_acf_changed":false,"ngg_post_thumbnail":0,"jetpack_post_was_ever_published":false,"_jetpack_newsletter_access":"","_jetpack_dont_email_post_to_subs":false,"_jetpack_newsletter_tier_id":0,"_jetpack_memberships_contains_paywalled_content":false,"_jetpack_memberships_contains_paid_content":false,"footnotes":"","jetpack_publicize_message":"","jetpack_publicize_feature_enabled":true,"jetpack_social_post_already_shared":false,"jetpack_social_options":{"image_generator_settings":{"template":"highway","default_image_id":0,"font":"","enabled":false},"version":2}},"categories":[3],"tags":[10183,1438,2615,3163,10307,10120,10121,3164,10485,143,10098,10170,10158,3165],"class_list":["post-4908","post","type-post","status-publish","format-standard","has-post-thumbnail","hentry","category-dpc","tag-10183","tag-ef-50-mm-f14-usm","tag-eos-5d-mark-ii","tag-cour-saint-joseph","tag-fenetre","tag-france","tag-ile-de-france","tag-julian-plenti","tag-maison","tag-noir-et-blanc","tag-paris","tag-paul-banks","tag-ruelle","tag-skyscraper"],"acf":[],"geo":{"latitude":48.8524475,"longitude":2.3737602,"description":null},"jetpack_publicize_connections":[],"jetpack_featured_media_url":"https:\/\/www.wallendorff.com\/belogue\/wp-content\/uploads\/2015\/04\/200910221.jpg","jetpack_shortlink":"https:\/\/wp.me\/p3b35P-1ha","jetpack_sharing_enabled":true,"jetpack-related-posts":[{"id":5323,"url":"https:\/\/www.wallendorff.com\/belogue\/2009\/12\/14\/julian-plenti-im-in-you-lalhambra-paris\/","url_meta":{"origin":4908,"position":0},"title":"Julian Plenti + I&rsquo;m in You @ l&rsquo;Alhambra, Paris.","author":"dpc","date":"14 d\u00e9cembre 2009","format":false,"excerpt":"Mythsizer | Fly as You Might | No Chance Survival | Fun That We Have | Madrid Song | Girl on the Sporting News | Unwind | Only if You Run | On the Esplanade | Into the White (Pixies) | Skyscraper | Goodbye Toronto || H | A Horse\u2026","rel":"","context":"Dans &quot;Alive&quot;","block_context":{"text":"Alive","link":"https:\/\/www.wallendorff.com\/belogue\/category\/alive\/"},"img":{"alt_text":"","src":"https:\/\/i0.wp.com\/www.wallendorff.com\/belogue\/wp-content\/uploads\/2015\/04\/200912141.jpg?resize=350%2C200&ssl=1","width":350,"height":200},"classes":[]},{"id":5187,"url":"https:\/\/www.wallendorff.com\/belogue\/2009\/11\/28\/im-awake-today\/","url_meta":{"origin":4908,"position":1},"title":"I&rsquo;m awake today.","author":"dpc","date":"28 novembre 2009","format":false,"excerpt":"Canal de l'Ourcq, Paris, 3 ao\u00fbt. \u00a0Julian Plenti \u2013 On the Esplanade","rel":"","context":"Dans &quot;DPC&quot;","block_context":{"text":"DPC","link":"https:\/\/www.wallendorff.com\/belogue\/category\/dpc\/"},"img":{"alt_text":"","src":"https:\/\/i0.wp.com\/www.wallendorff.com\/belogue\/wp-content\/uploads\/2015\/04\/200911281.jpg?resize=350%2C200&ssl=1","width":350,"height":200},"classes":[]},{"id":4912,"url":"https:\/\/www.wallendorff.com\/belogue\/2009\/10\/23\/et-palme-one\/","url_meta":{"origin":4908,"position":2},"title":"&#8230; et palme one.","author":"dpc","date":"23 octobre 2009","format":false,"excerpt":"Cour Jacques Vigu\u00e8s, Paris, 17 mai. \u00a0New Order \u2013 Crystal Avouez qu'on s'\u00e9clate, quand m\u00eame.","rel":"","context":"Dans &quot;DPC&quot;","block_context":{"text":"DPC","link":"https:\/\/www.wallendorff.com\/belogue\/category\/dpc\/"},"img":{"alt_text":"","src":"https:\/\/i0.wp.com\/www.wallendorff.com\/belogue\/wp-content\/uploads\/2015\/04\/200910231.jpg?resize=350%2C200&ssl=1","width":350,"height":200},"classes":[]},{"id":128077,"url":"https:\/\/www.wallendorff.com\/belogue\/2024\/04\/30\/avril-2024\/","url_meta":{"origin":4908,"position":3},"title":"Avril 2024.","author":"dpc","date":"30 avril 2024","format":false,"excerpt":"Une \u00e9glise, un train, une fondue, une fen\u00eatre, une plage, un blockhaus, un ap\u00e9ro, un train, une plage, une terrasse, une maison, une jet\u00e9e, un phare, une c\u00f4te, un rocher, une tour, un r\u00e9cif, une urne, une halle, des toits, une grille, une vitrine en cours, une gare, un train,\u2026","rel":"","context":"Dans &quot;Blog-note&quot;","block_context":{"text":"Blog-note","link":"https:\/\/www.wallendorff.com\/belogue\/category\/blog-note\/"},"img":{"alt_text":"","src":"https:\/\/i0.wp.com\/www.wallendorff.com\/belogue\/wp-content\/uploads\/2024\/05\/20240523-70.jpg?resize=350%2C200&ssl=1","width":350,"height":200,"srcset":"https:\/\/i0.wp.com\/www.wallendorff.com\/belogue\/wp-content\/uploads\/2024\/05\/20240523-70.jpg?resize=350%2C200&ssl=1 1x, https:\/\/i0.wp.com\/www.wallendorff.com\/belogue\/wp-content\/uploads\/2024\/05\/20240523-70.jpg?resize=525%2C300&ssl=1 1.5x, https:\/\/i0.wp.com\/www.wallendorff.com\/belogue\/wp-content\/uploads\/2024\/05\/20240523-70.jpg?resize=700%2C400&ssl=1 2x, https:\/\/i0.wp.com\/www.wallendorff.com\/belogue\/wp-content\/uploads\/2024\/05\/20240523-70.jpg?resize=1050%2C600&ssl=1 3x"},"classes":[]},{"id":127545,"url":"https:\/\/www.wallendorff.com\/belogue\/2024\/02\/29\/fevrier-2024\/","url_meta":{"origin":4908,"position":4},"title":"F\u00e9vrier 2024.","author":"dpc","date":"29 f\u00e9vrier 2024","format":false,"excerpt":"Un gros piquet, des lumi\u00e8res, un si\u00e8ge, un man\u00e8ge, un m\u00e9tro, des chaises, un spectacle, un bisou, une expo, un gros dino, un v\u00e9lo, un reflet, un m\u00e9tro, un logo, une vitrine, une flaque, une cour, un pont, une grue, un chat pr\u00e9nomm\u00e9 Albert, un serpent tout vert, une marche,\u2026","rel":"","context":"Dans &quot;Blog-note&quot;","block_context":{"text":"Blog-note","link":"https:\/\/www.wallendorff.com\/belogue\/category\/blog-note\/"},"img":{"alt_text":"","src":"https:\/\/i0.wp.com\/www.wallendorff.com\/belogue\/wp-content\/uploads\/2024\/03\/20240321-50.jpg?resize=350%2C200&ssl=1","width":350,"height":200,"srcset":"https:\/\/i0.wp.com\/www.wallendorff.com\/belogue\/wp-content\/uploads\/2024\/03\/20240321-50.jpg?resize=350%2C200&ssl=1 1x, https:\/\/i0.wp.com\/www.wallendorff.com\/belogue\/wp-content\/uploads\/2024\/03\/20240321-50.jpg?resize=525%2C300&ssl=1 1.5x, https:\/\/i0.wp.com\/www.wallendorff.com\/belogue\/wp-content\/uploads\/2024\/03\/20240321-50.jpg?resize=700%2C400&ssl=1 2x, https:\/\/i0.wp.com\/www.wallendorff.com\/belogue\/wp-content\/uploads\/2024\/03\/20240321-50.jpg?resize=1050%2C600&ssl=1 3x"},"classes":[]},{"id":124851,"url":"https:\/\/www.wallendorff.com\/belogue\/2023\/06\/29\/at-home-astro-salon-international-de-laeronautique-et-de-lespace-le-bourget-20-et-22-juin-2023\/","url_meta":{"origin":4908,"position":5},"title":"At Home Astro @ Salon International de l&rsquo;A\u00e9ronautique et de l&rsquo;Espace, le Bourget, 20 et 22 juin 2023.","author":"dpc","date":"29 juin 2023","format":false,"excerpt":"Une exposition en partenariat avec l'Apave dans le cadre du Salon International de l'A\u00e9ronautique et de l'Espace de Paris-Le Bourget 2023.Merci \u00e0 Thomas Pesquet pour le pr\u00eat de ses imagesConception graphique : Laura L\u00e9sinTextes : Anne Pluvinage-Nierengarten et moi-m\u00eame.Premi\u00e8re photo : Marie Neubauer","rel":"","context":"Dans &quot;DPC&quot;","block_context":{"text":"DPC","link":"https:\/\/www.wallendorff.com\/belogue\/category\/dpc\/"},"img":{"alt_text":"","src":"https:\/\/i0.wp.com\/www.wallendorff.com\/belogue\/wp-content\/uploads\/2023\/06\/20230629-14.png?resize=350%2C200&ssl=1","width":350,"height":200,"srcset":"https:\/\/i0.wp.com\/www.wallendorff.com\/belogue\/wp-content\/uploads\/2023\/06\/20230629-14.png?resize=350%2C200&ssl=1 1x, https:\/\/i0.wp.com\/www.wallendorff.com\/belogue\/wp-content\/uploads\/2023\/06\/20230629-14.png?resize=525%2C300&ssl=1 1.5x, https:\/\/i0.wp.com\/www.wallendorff.com\/belogue\/wp-content\/uploads\/2023\/06\/20230629-14.png?resize=700%2C400&ssl=1 2x, https:\/\/i0.wp.com\/www.wallendorff.com\/belogue\/wp-content\/uploads\/2023\/06\/20230629-14.png?resize=1050%2C600&ssl=1 3x"},"classes":[]}],"_links":{"self":[{"href":"https:\/\/www.wallendorff.com\/belogue\/wp-json\/wp\/v2\/posts\/4908","targetHints":{"allow":["GET"]}}],"collection":[{"href":"https:\/\/www.wallendorff.com\/belogue\/wp-json\/wp\/v2\/posts"}],"about":[{"href":"https:\/\/www.wallendorff.com\/belogue\/wp-json\/wp\/v2\/types\/post"}],"author":[{"embeddable":true,"href":"https:\/\/www.wallendorff.com\/belogue\/wp-json\/wp\/v2\/users\/1"}],"replies":[{"embeddable":true,"href":"https:\/\/www.wallendorff.com\/belogue\/wp-json\/wp\/v2\/comments?post=4908"}],"version-history":[{"count":1,"href":"https:\/\/www.wallendorff.com\/belogue\/wp-json\/wp\/v2\/posts\/4908\/revisions"}],"predecessor-version":[{"id":18294,"href":"https:\/\/www.wallendorff.com\/belogue\/wp-json\/wp\/v2\/posts\/4908\/revisions\/18294"}],"wp:featuredmedia":[{"embeddable":true,"href":"https:\/\/www.wallendorff.com\/belogue\/wp-json\/wp\/v2\/media\/25566"}],"wp:attachment":[{"href":"https:\/\/www.wallendorff.com\/belogue\/wp-json\/wp\/v2\/media?parent=4908"}],"wp:term":[{"taxonomy":"category","embeddable":true,"href":"https:\/\/www.wallendorff.com\/belogue\/wp-json\/wp\/v2\/categories?post=4908"},{"taxonomy":"post_tag","embeddable":true,"href":"https:\/\/www.wallendorff.com\/belogue\/wp-json\/wp\/v2\/tags?post=4908"}],"curies":[{"name":"wp","href":"https:\/\/api.w.org\/{rel}","templated":true}]}}