{"id":4904,"date":"2009-10-21T09:49:38","date_gmt":"2009-10-21T07:49:38","guid":{"rendered":"http:\/\/www.po-l.com\/belogue\/?p=4904"},"modified":"2012-07-19T13:07:03","modified_gmt":"2012-07-19T11:07:03","slug":"bombay-cest-dru-si","status":"publish","type":"post","link":"https:\/\/www.wallendorff.com\/belogue\/2009\/10\/21\/bombay-cest-dru-si\/","title":{"rendered":"Bombay c&rsquo;est dru, si."},"content":{"rendered":"<div id=\"photo\">\n<p><img decoding=\"async\" src=\"https:\/\/www.wallendorff.com\/belogue\/photo\/2009\/10\/20091021.jpg\" \/><br \/>\nCity Hall Park, New York, 10 mai.<\/p>\n<\/div>\n<div id=\"bandeson\">\n<p><img decoding=\"async\" src=\"https:\/\/www.wallendorff.com\/belogue\/photo\/pochettes\/y\/yeah_yeah_yeahs-its_blitz.jpg\" align=\"left\" \/>&nbsp;<a href=\"http:\/\/www.yeahyeahyeahs.com\/\">Yeah Yeah Yeahs<\/a> &ndash; <em>Little Shadow<\/em><\/p>\n<\/div>\n<p style=\"text-align:right\">Ce qui cl&ocirc;t donc les &Eacute;tats-Unis.<\/p>\n<p style=\"text-align:right\">Et oui, tout arrive.<\/p>\n<p>&Eacute;videmment, si vous en voulez plus vous pouvez toujours vous cotiser pour m&rsquo;y renvoyer. Promis, je ne me vexerai pas. Sinon, d&egrave;s demain nous renouerons tous ensemble &#8213;&nbsp;ou moi tout seul, plut&ocirc;t&nbsp;&#8213; avec le <em>vulgus<\/em> de ruelles, de fen&ecirc;tres, de portes et de pieds en noir et blanc qui fait la r&eacute;putation de cet endroit depuis cinq ans. Allez, quoi. si on s&rsquo;y met &agrave; 3&nbsp;000, 1&nbsp;&euro; par personne c&rsquo;est rien pour s&rsquo;affranchir de ruelles tristes parisiennes en noir et blanc.<\/p>\n<p style=\"text-align:right\">Vous &ecirc;tes tous tr&egrave;s coules.<\/p>\n","protected":false},"excerpt":{"rendered":"<p>City Hall Park, New York, 10 mai. &nbsp;Yeah Yeah Yeahs &ndash; Little Shadow Ce qui cl&ocirc;t donc les &Eacute;tats-Unis. Et oui, tout arrive. &Eacute;videmment, si vous en voulez plus vous pouvez toujours vous cotiser pour m&rsquo;y renvoyer. Promis, je ne me vexerai pas. Sinon, d&egrave;s demain nous renouerons tous ensemble &#8213;&nbsp;ou moi tout seul, plut&ocirc;t&nbsp;&#8213;&hellip;<\/p>\n","protected":false},"author":1,"featured_media":25565,"comment_status":"open","ping_status":"open","sticky":false,"template":"","format":"standard","meta":{"_acf_changed":false,"ngg_post_thumbnail":0,"jetpack_post_was_ever_published":false,"_jetpack_newsletter_access":"","_jetpack_dont_email_post_to_subs":false,"_jetpack_newsletter_tier_id":0,"_jetpack_memberships_contains_paywalled_content":false,"_jetpack_memberships_contains_paid_content":false,"footnotes":"","jetpack_publicize_message":"","jetpack_publicize_feature_enabled":true,"jetpack_social_post_already_shared":false,"jetpack_social_options":{"image_generator_settings":{"template":"highway","default_image_id":0,"font":"","enabled":false},"version":2}},"categories":[3],"tags":[10226,2571,2615,3161,3066,55,10278,3162,3063,592,10147,10504,404],"class_list":["post-4904","post","type-post","status-publish","format-standard","has-post-thumbnail","hentry","category-dpc","tag-banc","tag-ef-16-35-mm-f28l-ii-usm","tag-eos-5d-mark-ii","tag-city-hall-park","tag-etat-de-new-york","tag-etats-unis","tag-lampadaire","tag-little-shadow","tag-manhattan","tag-new-york","tag-nuit","tag-parc","tag-the-yeah-yeah-yeahs"],"acf":[],"geo":{"latitude":40.7121506,"longitude":-74.0072937,"description":null},"jetpack_publicize_connections":[],"jetpack_featured_media_url":"https:\/\/www.wallendorff.com\/belogue\/wp-content\/uploads\/2015\/04\/200910211.jpg","jetpack_shortlink":"https:\/\/wp.me\/p3b35P-1h6","jetpack_sharing_enabled":true,"jetpack-related-posts":[{"id":590,"url":"https:\/\/www.wallendorff.com\/belogue\/2004\/11\/09\/le-retour-duroie\/","url_meta":{"origin":4904,"position":0},"title":"Le retour duroie.","author":"dpc","date":"9 novembre 2004","format":false,"excerpt":"Back in business. Des photos demain. \u00a0Yeah Yeah Yeahs \u2013 Date with the Night","rel":"","context":"Dans &quot;DPC&quot;","block_context":{"text":"DPC","link":"https:\/\/www.wallendorff.com\/belogue\/category\/dpc\/"},"img":{"alt_text":"","src":"https:\/\/i0.wp.com\/www.wallendorff.com\/belogue\/wp-content\/uploads\/2015\/04\/056.jpg?resize=350%2C200&ssl=1","width":350,"height":200},"classes":[]},{"id":510,"url":"https:\/\/www.wallendorff.com\/belogue\/2005\/01\/07\/je-travaille-quand-je-vux\/","url_meta":{"origin":4904,"position":1},"title":"Je travaille quand je v&oelig;ux.","author":"dpc","date":"7 janvier 2005","format":false,"excerpt":"Pontiac, 6 janvier. Mes heures-v\u0153ux... \u00a0Yeah Yeah Yeahs \u2013 Date with the Night (live)","rel":"","context":"Dans &quot;DPC&quot;","block_context":{"text":"DPC","link":"https:\/\/www.wallendorff.com\/belogue\/category\/dpc\/"},"img":{"alt_text":"","src":"https:\/\/i0.wp.com\/www.wallendorff.com\/belogue\/wp-content\/uploads\/2015\/04\/20040107-voeux1.jpg?resize=350%2C200&ssl=1","width":350,"height":200},"classes":[]},{"id":759,"url":"https:\/\/www.wallendorff.com\/belogue\/2004\/06\/23\/et-pendant-ce-temps-a-ferndale\/","url_meta":{"origin":4904,"position":2},"title":"Et pendant ce temps, \u00e0 Ferndale.","author":"dpc","date":"23 juin 2004","format":false,"excerpt":"Sur 9 Mile, il ne se passe rien. Mais alors rien de rien. \u00a0Placebo \u2013 Days Before You Came","rel":"","context":"Dans &quot;DPC&quot;","block_context":{"text":"DPC","link":"https:\/\/www.wallendorff.com\/belogue\/category\/dpc\/"},"img":{"alt_text":"","src":"https:\/\/i0.wp.com\/www.wallendorff.com\/belogue\/wp-content\/uploads\/2015\/04\/1811.jpg?resize=350%2C200&ssl=1","width":350,"height":200},"classes":[]},{"id":999,"url":"https:\/\/www.wallendorff.com\/belogue\/2007\/07\/24\/le-dement-chat-boit-ma-kro\/","url_meta":{"origin":4904,"position":3},"title":"Le d\u00e9ment chat boit ma Kro.","author":"dpc","date":"24 juillet 2007","format":false,"excerpt":"\u00c9glise Sainte-Mireille, Haybes, 7 juillet. Finalement, les gens de dos, \u00e7a marche aussi bien dans les \u00e9glises que dans les ruelles. Sans compter que dans une \u00e9glise, il y a des orgues, alors que dans les ruelles non, donc avec une ruelle on ne peut poster de bande-son \u00e0 orgue\u2026","rel":"","context":"Dans &quot;DPC&quot;","block_context":{"text":"DPC","link":"https:\/\/www.wallendorff.com\/belogue\/category\/dpc\/"},"img":{"alt_text":"","src":"https:\/\/i0.wp.com\/www.wallendorff.com\/belogue\/wp-content\/uploads\/2015\/04\/200707241.jpg?resize=350%2C200&ssl=1","width":350,"height":200,"srcset":"https:\/\/i0.wp.com\/www.wallendorff.com\/belogue\/wp-content\/uploads\/2015\/04\/200707241.jpg?resize=350%2C200&ssl=1 1x, https:\/\/i0.wp.com\/www.wallendorff.com\/belogue\/wp-content\/uploads\/2015\/04\/200707241.jpg?resize=525%2C300&ssl=1 1.5x"},"classes":[]},{"id":764,"url":"https:\/\/www.wallendorff.com\/belogue\/2004\/06\/20\/the-dirtbombs-rock-city-festival-detroit\/","url_meta":{"origin":4904,"position":4},"title":"The Dirtbombs @ Rock City Festival, D\u00e9troit.","author":"dpc","date":"20 juin 2004","format":false,"excerpt":"Le Rock City Fest, c'est une grande r\u00e9union de la famille des groupes locaux. Sur sc\u00e8ne et dans la foule, tout le monde est l\u00e0, simplement pour le plaisir d'\u00eatre ensemble et de partager une passion commune. Et \u00e7a, c'est bien. Les Dirtbombs \u00e0 la fin de la soir\u00e9e \u00e9taient\u2026","rel":"","context":"Dans &quot;Alive&quot;","block_context":{"text":"Alive","link":"https:\/\/www.wallendorff.com\/belogue\/category\/alive\/"},"img":{"alt_text":"","src":"https:\/\/i0.wp.com\/www.wallendorff.com\/belogue\/wp-content\/uploads\/2015\/04\/200406201.jpg?resize=350%2C200&ssl=1","width":350,"height":200,"srcset":"https:\/\/i0.wp.com\/www.wallendorff.com\/belogue\/wp-content\/uploads\/2015\/04\/200406201.jpg?resize=350%2C200&ssl=1 1x, https:\/\/i0.wp.com\/www.wallendorff.com\/belogue\/wp-content\/uploads\/2015\/04\/200406201.jpg?resize=525%2C300&ssl=1 1.5x, https:\/\/i0.wp.com\/www.wallendorff.com\/belogue\/wp-content\/uploads\/2015\/04\/200406201.jpg?resize=700%2C400&ssl=1 2x"},"classes":[]},{"id":758,"url":"https:\/\/www.wallendorff.com\/belogue\/2004\/06\/23\/certes-certes\/","url_meta":{"origin":4904,"position":5},"title":"Certes, certes.","author":"dpc","date":"23 juin 2004","format":false,"excerpt":"L\u00e0, je suis d\u00e9go\u00fbt\u00e9 d'avoir loup\u00e9 le sermon du dimanche. \u00c9tait-ce un truc du genre \u00ab\u00a0Gloire au Seigneur tout puissant pour avoir aid\u00e9 la famille Wallace et ses copains a p\u00e9t\u00e9ter la g'le du gros Shaquille et ses gros nazes de potes californiens\u00a0\u00bb ou plut\u00f4t \u00ab\u00a0Et le ballon rejoigna la\u2026","rel":"","context":"Dans &quot;DPC&quot;","block_context":{"text":"DPC","link":"https:\/\/www.wallendorff.com\/belogue\/category\/dpc\/"},"img":{"alt_text":"","src":"https:\/\/i0.wp.com\/www.wallendorff.com\/belogue\/wp-content\/uploads\/2015\/04\/199.jpg?resize=350%2C200&ssl=1","width":350,"height":200},"classes":[]}],"_links":{"self":[{"href":"https:\/\/www.wallendorff.com\/belogue\/wp-json\/wp\/v2\/posts\/4904","targetHints":{"allow":["GET"]}}],"collection":[{"href":"https:\/\/www.wallendorff.com\/belogue\/wp-json\/wp\/v2\/posts"}],"about":[{"href":"https:\/\/www.wallendorff.com\/belogue\/wp-json\/wp\/v2\/types\/post"}],"author":[{"embeddable":true,"href":"https:\/\/www.wallendorff.com\/belogue\/wp-json\/wp\/v2\/users\/1"}],"replies":[{"embeddable":true,"href":"https:\/\/www.wallendorff.com\/belogue\/wp-json\/wp\/v2\/comments?post=4904"}],"version-history":[{"count":1,"href":"https:\/\/www.wallendorff.com\/belogue\/wp-json\/wp\/v2\/posts\/4904\/revisions"}],"predecessor-version":[{"id":18293,"href":"https:\/\/www.wallendorff.com\/belogue\/wp-json\/wp\/v2\/posts\/4904\/revisions\/18293"}],"wp:featuredmedia":[{"embeddable":true,"href":"https:\/\/www.wallendorff.com\/belogue\/wp-json\/wp\/v2\/media\/25565"}],"wp:attachment":[{"href":"https:\/\/www.wallendorff.com\/belogue\/wp-json\/wp\/v2\/media?parent=4904"}],"wp:term":[{"taxonomy":"category","embeddable":true,"href":"https:\/\/www.wallendorff.com\/belogue\/wp-json\/wp\/v2\/categories?post=4904"},{"taxonomy":"post_tag","embeddable":true,"href":"https:\/\/www.wallendorff.com\/belogue\/wp-json\/wp\/v2\/tags?post=4904"}],"curies":[{"name":"wp","href":"https:\/\/api.w.org\/{rel}","templated":true}]}}