{"id":487,"date":"2005-01-24T00:45:42","date_gmt":"2005-01-24T00:45:42","guid":{"rendered":"http:\/\/www.po-l.com\/wordpress\/?p=487"},"modified":"2012-01-23T12:20:50","modified_gmt":"2012-01-23T10:20:50","slug":"marcher-au-bus","status":"publish","type":"post","link":"https:\/\/www.wallendorff.com\/belogue\/2005\/01\/24\/marcher-au-bus\/","title":{"rendered":"Marcher au bus."},"content":{"rendered":"\n<div id=\"photo\">\n<p><img decoding=\"async\" src=\"http:\/\/www.po-L.com\/belogue\/photo\/2005\/01\/20050124-bus.jpg\" \/><br \/>\n          Parking de bus scolaires, Macomb, 15 janvier.<\/p>\n<\/p><\/div>\n<p style=\"text-align:right\"><em>Fall is here, hear the yell<br \/>\n        Back to school, ring the bell<br \/>\n        Brand new shoes, walking blues<br \/>\n        Climb the fence, books and pens<br \/>\n        I can tell that we are gonna be friends<\/em><\/p>\n<div id=\"bandeson\">\n<p><img decoding=\"async\" src=\"https:\/\/www.wallendorff.com\/belogue\/photo\/pochettes\/w\/white_stripes_the-white_blood_cells.jpg\" align=\"left\" \/>&nbsp;<a href=\"http:\/\/www.whitestripes.com\/\">The White Stripes<\/a> &ndash; <em>We&rsquo;re Going to Be Friends<\/em><\/p>\n<\/p><\/div>\n","protected":false},"excerpt":{"rendered":"<p>Parking de bus scolaires, Macomb, 15 janvier. Fall is here, hear the yell Back to school, ring the bell Brand new shoes, walking blues Climb the fence, books and pens I can tell that we are gonna be friends &nbsp;The White Stripes &ndash; We&rsquo;re Going to Be Friends<\/p>\n","protected":false},"author":1,"featured_media":24426,"comment_status":"open","ping_status":"open","sticky":false,"template":"","format":"standard","meta":{"_acf_changed":false,"ngg_post_thumbnail":0,"jetpack_post_was_ever_published":false,"_jetpack_newsletter_access":"","_jetpack_dont_email_post_to_subs":false,"_jetpack_newsletter_tier_id":0,"_jetpack_memberships_contains_paywalled_content":false,"_jetpack_memberships_contains_paid_content":false,"footnotes":"","jetpack_publicize_message":"","jetpack_publicize_feature_enabled":true,"jetpack_social_post_already_shared":false,"jetpack_social_options":{"image_generator_settings":{"template":"highway","default_image_id":0,"font":"","enabled":false},"version":2}},"categories":[3],"tags":[10203,157,155,132,55,782,781,54,10104,10097,3427],"class_list":["post-487","post","type-post","status-publish","format-standard","has-post-thumbnail","hentry","category-dpc","tag-bus","tag-ef-50-mm-f18-ii","tag-ef-s-18-55-mm-f35-56-ii","tag-eos-20d","tag-etats-unis","tag-jaune","tag-macomb","tag-michigan","tag-panneau","tag-the-white-stripes","tag-were-going-to-be-friends"],"acf":[],"geo":{"latitude":42.6077652,"longitude":-82.9285583,"description":"Sandhurst Dr, Clinton, MI 48038, USA"},"jetpack_publicize_connections":[],"jetpack_featured_media_url":"https:\/\/www.wallendorff.com\/belogue\/wp-content\/uploads\/2015\/04\/20050124-bus1.jpg","jetpack_shortlink":"https:\/\/wp.me\/p3b35P-7R","jetpack_sharing_enabled":true,"jetpack-related-posts":[{"id":126550,"url":"https:\/\/www.wallendorff.com\/belogue\/2023\/11\/02\/jeune-et-jauni-2\/","url_meta":{"origin":487,"position":0},"title":"Jeune et jauni #2.","author":"dpc","date":"2 novembre 2023","format":false,"excerpt":"Les Escourmins, 14 ao\u00fbt 2023. Macomb, 15 janvier 2005. Deuxi\u00e8me \u00e9pisode de ma s\u00e9rie \u00ab\u00a0un autoportrait dans un r\u00e9troviseur de bus scolaire nord-am\u00e9ricain tout en fumant des trucs tous les 6\u00a0786 jours.\u00a0\u00bb Rendez-vous le 12 mars 2042 pour la suivante.","rel":"","context":"Dans &quot;DPC&quot;","block_context":{"text":"DPC","link":"https:\/\/www.wallendorff.com\/belogue\/category\/dpc\/"},"img":{"alt_text":"","src":"https:\/\/i0.wp.com\/www.wallendorff.com\/belogue\/wp-content\/uploads\/2023\/11\/20231102.jpg?resize=350%2C200&ssl=1","width":350,"height":200,"srcset":"https:\/\/i0.wp.com\/www.wallendorff.com\/belogue\/wp-content\/uploads\/2023\/11\/20231102.jpg?resize=350%2C200&ssl=1 1x, https:\/\/i0.wp.com\/www.wallendorff.com\/belogue\/wp-content\/uploads\/2023\/11\/20231102.jpg?resize=525%2C300&ssl=1 1.5x, https:\/\/i0.wp.com\/www.wallendorff.com\/belogue\/wp-content\/uploads\/2023\/11\/20231102.jpg?resize=700%2C400&ssl=1 2x, https:\/\/i0.wp.com\/www.wallendorff.com\/belogue\/wp-content\/uploads\/2023\/11\/20231102.jpg?resize=1050%2C600&ssl=1 3x"},"classes":[]},{"id":327,"url":"https:\/\/www.wallendorff.com\/belogue\/2005\/07\/01\/detroit-1-evry-0\/","url_meta":{"origin":487,"position":1},"title":"D&eacute;troit 1 &#8211; &Eacute;vry 0.","author":"dpc","date":"1 juillet 2005","format":false,"excerpt":"Macomb, 15 janvier. Courcouronnes, 27 juin. Je vous pr\u00e9sente Little Barrie. Little Barrie, les gens, les gens, Little Barrie. Little Barrie, ils seront charg\u00e9s de vous tenir compagnie ce week-end, pendant que je vais voir en Franche-Comt\u00e9 si j'y suis. J'esp\u00e8re qu'ils vous plairont et que vous [vous] entendrez bien.\u2026","rel":"","context":"Dans &quot;DPC&quot;","block_context":{"text":"DPC","link":"https:\/\/www.wallendorff.com\/belogue\/category\/dpc\/"},"img":{"alt_text":"","src":"https:\/\/i0.wp.com\/www.wallendorff.com\/belogue\/wp-content\/uploads\/2015\/04\/200507011.jpg?resize=350%2C200&ssl=1","width":350,"height":200},"classes":[]},{"id":4445,"url":"https:\/\/www.wallendorff.com\/belogue\/2009\/08\/06\/encore-a2\/","url_meta":{"origin":487,"position":2},"title":"Encore @ A2.","author":"dpc","date":"6 ao\u00fbt 2009","format":false,"excerpt":"Favorite store on Earth. The White Stripes \u2013 Broken Bricks","rel":"","context":"Dans &quot;DPC&quot;","block_context":{"text":"DPC","link":"https:\/\/www.wallendorff.com\/belogue\/category\/dpc\/"},"img":{"alt_text":"","src":"https:\/\/i0.wp.com\/www.wallendorff.com\/belogue\/wp-content\/uploads\/2015\/04\/20090806-021.jpg?resize=350%2C200&ssl=1","width":350,"height":200,"srcset":"https:\/\/i0.wp.com\/www.wallendorff.com\/belogue\/wp-content\/uploads\/2015\/04\/20090806-021.jpg?resize=350%2C200&ssl=1 1x, https:\/\/i0.wp.com\/www.wallendorff.com\/belogue\/wp-content\/uploads\/2015\/04\/20090806-021.jpg?resize=525%2C300&ssl=1 1.5x"},"classes":[]},{"id":4230,"url":"https:\/\/www.wallendorff.com\/belogue\/2009\/05\/28\/bat-for-lashes-david-walters-caroline-weeks-le-bataclan-paris\/","url_meta":{"origin":487,"position":3},"title":"Bat for Lashes + David Walters + Caroline Weeks @ le Bataclan, Paris.","author":"dpc","date":"28 mai 2009","format":false,"excerpt":"\u00a0The White Stripes \u2013 Stop Breaking Down (Robert Johnson cover) \u00a0 Caroline Weeks \u00a0 David Walters \u00a0 Bat for Lashes \u00a0","rel":"","context":"Dans &quot;Alive&quot;","block_context":{"text":"Alive","link":"https:\/\/www.wallendorff.com\/belogue\/category\/alive\/"},"img":{"alt_text":"","src":"https:\/\/i0.wp.com\/www.wallendorff.com\/belogue\/wp-content\/uploads\/2015\/04\/200905281.jpg?resize=350%2C200&ssl=1","width":350,"height":200,"srcset":"https:\/\/i0.wp.com\/www.wallendorff.com\/belogue\/wp-content\/uploads\/2015\/04\/200905281.jpg?resize=350%2C200&ssl=1 1x, https:\/\/i0.wp.com\/www.wallendorff.com\/belogue\/wp-content\/uploads\/2015\/04\/200905281.jpg?resize=525%2C300&ssl=1 1.5x, https:\/\/i0.wp.com\/www.wallendorff.com\/belogue\/wp-content\/uploads\/2015\/04\/200905281.jpg?resize=700%2C400&ssl=1 2x"},"classes":[]},{"id":3922,"url":"https:\/\/www.wallendorff.com\/belogue\/2009\/02\/19\/shooting-people-47\/","url_meta":{"origin":487,"position":4},"title":"Shooting people #47.","author":"dpc","date":"19 f\u00e9vrier 2009","format":false,"excerpt":"Rue Dieu, Paris, 14 janvier. \u00a0 The White Stripes\u2013 In the Cold, Cold Night","rel":"","context":"Dans &quot;Portraits&quot;","block_context":{"text":"Portraits","link":"https:\/\/www.wallendorff.com\/belogue\/category\/portraits\/"},"img":{"alt_text":"","src":"https:\/\/i0.wp.com\/www.wallendorff.com\/belogue\/wp-content\/uploads\/2015\/04\/200902191.jpg?resize=350%2C200&ssl=1","width":350,"height":200},"classes":[]},{"id":16487,"url":"https:\/\/www.wallendorff.com\/belogue\/2012\/03\/22\/lucarnes-aval1\/","url_meta":{"origin":487,"position":5},"title":"Lucarnes aval1.","author":"dpc","date":"22 mars 2012","format":false,"excerpt":"Parvis des droits de l'homme, Paris, 2 f\u00e9vrier. \u00c7a se voit pas dessus, mais j'avais pas eu aussi froid en prenant une photo depuis les bus de Macomb. Et puisqu'il faut bien le noter quelque part\u00a0: cette nuit j'ai r\u00eav\u00e9 qu'un bracelet mal\u00e9fique \u2013\u00a0du genre de celui qui pi\u00e8ge le\u2026","rel":"","context":"Dans &quot;DPC&quot;","block_context":{"text":"DPC","link":"https:\/\/www.wallendorff.com\/belogue\/category\/dpc\/"},"img":{"alt_text":"","src":"https:\/\/i0.wp.com\/www.wallendorff.com\/belogue\/wp-content\/uploads\/2015\/04\/201203221.jpg?resize=350%2C200&ssl=1","width":350,"height":200,"srcset":"https:\/\/i0.wp.com\/www.wallendorff.com\/belogue\/wp-content\/uploads\/2015\/04\/201203221.jpg?resize=350%2C200&ssl=1 1x, https:\/\/i0.wp.com\/www.wallendorff.com\/belogue\/wp-content\/uploads\/2015\/04\/201203221.jpg?resize=525%2C300&ssl=1 1.5x, https:\/\/i0.wp.com\/www.wallendorff.com\/belogue\/wp-content\/uploads\/2015\/04\/201203221.jpg?resize=700%2C400&ssl=1 2x"},"classes":[]}],"_links":{"self":[{"href":"https:\/\/www.wallendorff.com\/belogue\/wp-json\/wp\/v2\/posts\/487","targetHints":{"allow":["GET"]}}],"collection":[{"href":"https:\/\/www.wallendorff.com\/belogue\/wp-json\/wp\/v2\/posts"}],"about":[{"href":"https:\/\/www.wallendorff.com\/belogue\/wp-json\/wp\/v2\/types\/post"}],"author":[{"embeddable":true,"href":"https:\/\/www.wallendorff.com\/belogue\/wp-json\/wp\/v2\/users\/1"}],"replies":[{"embeddable":true,"href":"https:\/\/www.wallendorff.com\/belogue\/wp-json\/wp\/v2\/comments?post=487"}],"version-history":[{"count":1,"href":"https:\/\/www.wallendorff.com\/belogue\/wp-json\/wp\/v2\/posts\/487\/revisions"}],"predecessor-version":[{"id":15468,"href":"https:\/\/www.wallendorff.com\/belogue\/wp-json\/wp\/v2\/posts\/487\/revisions\/15468"}],"wp:featuredmedia":[{"embeddable":true,"href":"https:\/\/www.wallendorff.com\/belogue\/wp-json\/wp\/v2\/media\/24426"}],"wp:attachment":[{"href":"https:\/\/www.wallendorff.com\/belogue\/wp-json\/wp\/v2\/media?parent=487"}],"wp:term":[{"taxonomy":"category","embeddable":true,"href":"https:\/\/www.wallendorff.com\/belogue\/wp-json\/wp\/v2\/categories?post=487"},{"taxonomy":"post_tag","embeddable":true,"href":"https:\/\/www.wallendorff.com\/belogue\/wp-json\/wp\/v2\/tags?post=487"}],"curies":[{"name":"wp","href":"https:\/\/api.w.org\/{rel}","templated":true}]}}