{"id":48502,"date":"2021-06-07T10:55:59","date_gmt":"2021-06-07T08:55:59","guid":{"rendered":"https:\/\/www.wallendorff.com\/belogue\/?p=48502"},"modified":"2023-04-03T11:09:31","modified_gmt":"2023-04-03T09:09:31","slug":"new-sous-x","status":"publish","type":"post","link":"https:\/\/www.wallendorff.com\/belogue\/2021\/06\/07\/new-sous-x\/","title":{"rendered":"Nez sous X."},"content":{"rendered":"<div id=\"photo\">\n<p><img decoding=\"async\" src=\"https:\/\/www.wallendorff.com\/belogue\/wp-content\/uploads\/2021\/06\/20210607.jpg\"><br \/>\nPlace Charle-de-Gaulle, Paris, 6 avril 2021.<\/p>\n<\/div>\n<p style=\"text-align: right;\">Oui j&rsquo;ai r\u00e9utilis\u00e9 <a href=\"https:\/\/www.wallendorff.com\/belogue\/2014\/09\/17\/nez-sous-x\/\">un titre de 2014<\/a> c&rsquo;est tr\u00e8s mal pardon<\/p>\n<div id=\"bandeson\"><img decoding=\"async\" src=\"https:\/\/www.wallendorff.com\/belogue\/photo\/pochettes\/l\/london_grammar-californian_soil.jpg\" align=\"left\"><a href=\"https:\/\/www.youtube.com\/watch?v=JjnXJpw3URQ\"><em>Talking<\/em><\/a><br \/>\n<a href=\"https:\/\/julienbaker.com\/\">London Grammar<\/a>&nbsp;&nbsp;<\/p>\n<\/div>\n","protected":false},"excerpt":{"rendered":"<p>Place Charle-de-Gaulle, Paris, 6 avril 2021. Oui j&rsquo;ai r\u00e9utilis\u00e9 un titre de 2014 c&rsquo;est tr\u00e8s mal pardon Talking London Grammar&nbsp;&nbsp;<\/p>\n","protected":false},"author":1,"featured_media":48501,"comment_status":"open","ping_status":"open","sticky":false,"template":"","format":"standard","meta":{"_acf_changed":false,"ngg_post_thumbnail":0,"jetpack_post_was_ever_published":false,"_jetpack_newsletter_access":"","_jetpack_dont_email_post_to_subs":false,"_jetpack_newsletter_tier_id":0,"_jetpack_memberships_contains_paywalled_content":false,"_jetpack_memberships_contains_paid_content":false,"footnotes":"","jetpack_publicize_message":"","jetpack_publicize_feature_enabled":true,"jetpack_social_post_already_shared":true,"jetpack_social_options":{"image_generator_settings":{"template":"highway","default_image_id":0,"font":"","enabled":false},"version":2}},"categories":[3],"tags":[10237,708,8016,1243,10500,10326,10120,15878,10121,16403,11727,10098,17091],"class_list":["post-48502","post","type-post","status-publish","format-standard","has-post-thumbnail","hentry","category-dpc","tag-10237","tag-arc-de-triomphe","tag-arc-de-triomphe-de-letoile","tag-carre","tag-contre-plongee","tag-crepuscule","tag-france","tag-fujifilm-x-t3","tag-ile-de-france","tag-laowa-9-mm-f-2-8-zero-d","tag-london-grammar","tag-paris","tag-talking"],"acf":[],"geo":{"latitude":48.8742523,"longitude":2.2941425,"description":"Paris 16, \u00cele-de-France, 75116, FR"},"jetpack_publicize_connections":[],"jetpack_featured_media_url":"https:\/\/www.wallendorff.com\/belogue\/wp-content\/uploads\/2021\/06\/20210607.jpg","jetpack_shortlink":"https:\/\/wp.me\/p3b35P-cCi","jetpack_sharing_enabled":true,"jetpack-related-posts":[{"id":123976,"url":"https:\/\/www.wallendorff.com\/belogue\/2023\/03\/08\/arc-et-type\/","url_meta":{"origin":48502,"position":0},"title":"Arc et type.","author":"dpc","date":"8 mars 2023","format":false,"excerpt":"Place Charles-de-Gaulle, Paris, 15 janvier 2023.","rel":"","context":"Dans &quot;DPC&quot;","block_context":{"text":"DPC","link":"https:\/\/www.wallendorff.com\/belogue\/category\/dpc-en\/"},"img":{"alt_text":"","src":"https:\/\/i0.wp.com\/www.wallendorff.com\/belogue\/wp-content\/uploads\/2023\/03\/20230308.jpg?resize=350%2C200&ssl=1","width":350,"height":200,"srcset":"https:\/\/i0.wp.com\/www.wallendorff.com\/belogue\/wp-content\/uploads\/2023\/03\/20230308.jpg?resize=350%2C200&ssl=1 1x, https:\/\/i0.wp.com\/www.wallendorff.com\/belogue\/wp-content\/uploads\/2023\/03\/20230308.jpg?resize=525%2C300&ssl=1 1.5x, https:\/\/i0.wp.com\/www.wallendorff.com\/belogue\/wp-content\/uploads\/2023\/03\/20230308.jpg?resize=700%2C400&ssl=1 2x, https:\/\/i0.wp.com\/www.wallendorff.com\/belogue\/wp-content\/uploads\/2023\/03\/20230308.jpg?resize=1050%2C600&ssl=1 3x"},"classes":[]},{"id":123987,"url":"https:\/\/www.wallendorff.com\/belogue\/2023\/03\/13\/darc-waters\/","url_meta":{"origin":48502,"position":1},"title":"D&rsquo;arc waters.","author":"dpc","date":"13 mars 2023","format":false,"excerpt":"Place Charles-de-Gaulle, Paris, 15 janvier 2023.","rel":"","context":"Dans &quot;DPC&quot;","block_context":{"text":"DPC","link":"https:\/\/www.wallendorff.com\/belogue\/category\/dpc-en\/"},"img":{"alt_text":"","src":"https:\/\/i0.wp.com\/www.wallendorff.com\/belogue\/wp-content\/uploads\/2023\/03\/20230313.jpg?resize=350%2C200&ssl=1","width":350,"height":200,"srcset":"https:\/\/i0.wp.com\/www.wallendorff.com\/belogue\/wp-content\/uploads\/2023\/03\/20230313.jpg?resize=350%2C200&ssl=1 1x, https:\/\/i0.wp.com\/www.wallendorff.com\/belogue\/wp-content\/uploads\/2023\/03\/20230313.jpg?resize=525%2C300&ssl=1 1.5x, https:\/\/i0.wp.com\/www.wallendorff.com\/belogue\/wp-content\/uploads\/2023\/03\/20230313.jpg?resize=700%2C400&ssl=1 2x, https:\/\/i0.wp.com\/www.wallendorff.com\/belogue\/wp-content\/uploads\/2023\/03\/20230313.jpg?resize=1050%2C600&ssl=1 3x"},"classes":[]},{"id":129867,"url":"https:\/\/www.wallendorff.com\/belogue\/2024\/08\/06\/bulle-tint-mais-tres-haut\/","url_meta":{"origin":48502,"position":2},"title":"Bulle tint [mais tr\u00e8s haut].","author":"dpc","date":"6 ao\u00fbt 2024","format":false,"excerpt":"Elle a de la gueule, cette vasque, et elle fait presque l'unanimit\u00e9. Sur place je n'ai vu que des gens heureux d'\u00eatre l\u00e0, sans aucune manifestation d\u00e9sapprobatoire des anti-vasques.[Pardon.]","rel":"","context":"Dans &quot;DPC&quot;","block_context":{"text":"DPC","link":"https:\/\/www.wallendorff.com\/belogue\/category\/dpc\/"},"img":{"alt_text":"","src":"https:\/\/i0.wp.com\/www.wallendorff.com\/belogue\/wp-content\/uploads\/2024\/08\/20240806-17.jpg?resize=350%2C200&ssl=1","width":350,"height":200,"srcset":"https:\/\/i0.wp.com\/www.wallendorff.com\/belogue\/wp-content\/uploads\/2024\/08\/20240806-17.jpg?resize=350%2C200&ssl=1 1x, https:\/\/i0.wp.com\/www.wallendorff.com\/belogue\/wp-content\/uploads\/2024\/08\/20240806-17.jpg?resize=525%2C300&ssl=1 1.5x, https:\/\/i0.wp.com\/www.wallendorff.com\/belogue\/wp-content\/uploads\/2024\/08\/20240806-17.jpg?resize=700%2C400&ssl=1 2x, https:\/\/i0.wp.com\/www.wallendorff.com\/belogue\/wp-content\/uploads\/2024\/08\/20240806-17.jpg?resize=1050%2C600&ssl=1 3x"},"classes":[]},{"id":124145,"url":"https:\/\/www.wallendorff.com\/belogue\/2023\/04\/03\/into-the-wide-274\/","url_meta":{"origin":48502,"position":3},"title":"Into the wide #274","author":"dpc","date":"3 avril 2023","format":false,"excerpt":"\u00c9pisode 4 de l'\u00e9volution de mes focales maximales et des diff\u00e9rents moyens de les mettre en \u0153uvre, apr\u00e8s les tentatives du 8 janvier 2008, du 17 janvier 2011 et du 6 avril 2021. Pfiou que tout \u00e7a ne nous rajeunit point.","rel":"","context":"Dans &quot;Into the wide&quot;","block_context":{"text":"Into the wide","link":"https:\/\/www.wallendorff.com\/belogue\/category\/into-the-wide\/"},"img":{"alt_text":"","src":"https:\/\/i0.wp.com\/www.wallendorff.com\/belogue\/wp-content\/uploads\/2023\/04\/20230403.jpg?resize=350%2C200&ssl=1","width":350,"height":200,"srcset":"https:\/\/i0.wp.com\/www.wallendorff.com\/belogue\/wp-content\/uploads\/2023\/04\/20230403.jpg?resize=350%2C200&ssl=1 1x, https:\/\/i0.wp.com\/www.wallendorff.com\/belogue\/wp-content\/uploads\/2023\/04\/20230403.jpg?resize=525%2C300&ssl=1 1.5x, https:\/\/i0.wp.com\/www.wallendorff.com\/belogue\/wp-content\/uploads\/2023\/04\/20230403.jpg?resize=700%2C400&ssl=1 2x, https:\/\/i0.wp.com\/www.wallendorff.com\/belogue\/wp-content\/uploads\/2023\/04\/20230403.jpg?resize=1050%2C600&ssl=1 3x"},"classes":[]},{"id":50970,"url":"https:\/\/www.wallendorff.com\/belogue\/2022\/03\/09\/intervalle-7\/","url_meta":{"origin":48502,"position":4},"title":"Intervalle #7","author":"dpc","date":"9 mars 2022","format":false,"excerpt":"Place Charles-de-Gaulle, Paris, 17 janvier 2022.","rel":"","context":"Dans &quot;DPC&quot;","block_context":{"text":"DPC","link":"https:\/\/www.wallendorff.com\/belogue\/category\/dpc\/"},"img":{"alt_text":"","src":"https:\/\/i0.wp.com\/www.wallendorff.com\/belogue\/wp-content\/uploads\/2022\/03\/20220309.jpg?resize=350%2C200&ssl=1","width":350,"height":200,"srcset":"https:\/\/i0.wp.com\/www.wallendorff.com\/belogue\/wp-content\/uploads\/2022\/03\/20220309.jpg?resize=350%2C200&ssl=1 1x, https:\/\/i0.wp.com\/www.wallendorff.com\/belogue\/wp-content\/uploads\/2022\/03\/20220309.jpg?resize=525%2C300&ssl=1 1.5x, https:\/\/i0.wp.com\/www.wallendorff.com\/belogue\/wp-content\/uploads\/2022\/03\/20220309.jpg?resize=700%2C400&ssl=1 2x, https:\/\/i0.wp.com\/www.wallendorff.com\/belogue\/wp-content\/uploads\/2022\/03\/20220309.jpg?resize=1050%2C600&ssl=1 3x"},"classes":[]},{"id":45699,"url":"https:\/\/www.wallendorff.com\/belogue\/2020\/05\/09\/into-the-wide-195\/","url_meta":{"origin":48502,"position":5},"title":"Into the wide #195.","author":"dpc","date":"9 mai 2020","format":false,"excerpt":"Place Charles-de-Gaulle, Paris, 17 f\u00e9vrier 2020. Help Me Stranger The Raconteurs","rel":"","context":"Dans &quot;Into the wide&quot;","block_context":{"text":"Into the wide","link":"https:\/\/www.wallendorff.com\/belogue\/category\/into-the-wide\/"},"img":{"alt_text":"","src":"https:\/\/i0.wp.com\/www.wallendorff.com\/belogue\/wp-content\/uploads\/2020\/05\/20200509.jpg?resize=350%2C200&ssl=1","width":350,"height":200,"srcset":"https:\/\/i0.wp.com\/www.wallendorff.com\/belogue\/wp-content\/uploads\/2020\/05\/20200509.jpg?resize=350%2C200&ssl=1 1x, https:\/\/i0.wp.com\/www.wallendorff.com\/belogue\/wp-content\/uploads\/2020\/05\/20200509.jpg?resize=525%2C300&ssl=1 1.5x, https:\/\/i0.wp.com\/www.wallendorff.com\/belogue\/wp-content\/uploads\/2020\/05\/20200509.jpg?resize=700%2C400&ssl=1 2x, https:\/\/i0.wp.com\/www.wallendorff.com\/belogue\/wp-content\/uploads\/2020\/05\/20200509.jpg?resize=1050%2C600&ssl=1 3x"},"classes":[]}],"_links":{"self":[{"href":"https:\/\/www.wallendorff.com\/belogue\/wp-json\/wp\/v2\/posts\/48502","targetHints":{"allow":["GET"]}}],"collection":[{"href":"https:\/\/www.wallendorff.com\/belogue\/wp-json\/wp\/v2\/posts"}],"about":[{"href":"https:\/\/www.wallendorff.com\/belogue\/wp-json\/wp\/v2\/types\/post"}],"author":[{"embeddable":true,"href":"https:\/\/www.wallendorff.com\/belogue\/wp-json\/wp\/v2\/users\/1"}],"replies":[{"embeddable":true,"href":"https:\/\/www.wallendorff.com\/belogue\/wp-json\/wp\/v2\/comments?post=48502"}],"version-history":[{"count":5,"href":"https:\/\/www.wallendorff.com\/belogue\/wp-json\/wp\/v2\/posts\/48502\/revisions"}],"predecessor-version":[{"id":124148,"href":"https:\/\/www.wallendorff.com\/belogue\/wp-json\/wp\/v2\/posts\/48502\/revisions\/124148"}],"wp:featuredmedia":[{"embeddable":true,"href":"https:\/\/www.wallendorff.com\/belogue\/wp-json\/wp\/v2\/media\/48501"}],"wp:attachment":[{"href":"https:\/\/www.wallendorff.com\/belogue\/wp-json\/wp\/v2\/media?parent=48502"}],"wp:term":[{"taxonomy":"category","embeddable":true,"href":"https:\/\/www.wallendorff.com\/belogue\/wp-json\/wp\/v2\/categories?post=48502"},{"taxonomy":"post_tag","embeddable":true,"href":"https:\/\/www.wallendorff.com\/belogue\/wp-json\/wp\/v2\/tags?post=48502"}],"curies":[{"name":"wp","href":"https:\/\/api.w.org\/{rel}","templated":true}]}}