{"id":48498,"date":"2021-06-03T10:45:11","date_gmt":"2021-06-03T08:45:11","guid":{"rendered":"https:\/\/www.wallendorff.com\/belogue\/?p=48498"},"modified":"2021-06-03T10:45:14","modified_gmt":"2021-06-03T08:45:14","slug":"into-the-wide-223","status":"publish","type":"post","link":"https:\/\/www.wallendorff.com\/belogue\/2021\/06\/03\/into-the-wide-223\/","title":{"rendered":"Into the wide #223."},"content":{"rendered":"<div id=\"photo\">\n<p><img decoding=\"async\" src=\"https:\/\/www.wallendorff.com\/belogue\/wp-content\/uploads\/2021\/06\/20210603.jpg\"><br \/>\nVoie Georges-Pompidou, Paris, 27 mars 2021.<\/p>\n<\/div>\n<div id=\"bandeson\"><img decoding=\"async\" src=\"https:\/\/www.wallendorff.com\/belogue\/photo\/pochettes\/b\/bully-sugaregg.jpg\" align=\"left\"><a href=\"https:\/\/www.youtube.com\/watch?v=WPeWeOCkvE0\"><em>Hours and Hours<\/em><\/a><br \/>\n<a href=\"https:\/\/bullythemusic.bandcamp.com\/album\/sugaregg\">Bully<\/a>&nbsp;<\/p>\n<\/div>\n","protected":false},"excerpt":{"rendered":"<p>Voie Georges-Pompidou, Paris, 27 mars 2021. Hours and Hours Bully&nbsp;<\/p>\n","protected":false},"author":1,"featured_media":48497,"comment_status":"open","ping_status":"open","sticky":false,"template":"","format":"standard","meta":{"_acf_changed":false,"ngg_post_thumbnail":0,"jetpack_post_was_ever_published":false,"_jetpack_newsletter_access":"","_jetpack_dont_email_post_to_subs":false,"_jetpack_newsletter_tier_id":0,"_jetpack_memberships_contains_paywalled_content":false,"_jetpack_memberships_contains_paid_content":false,"footnotes":"","jetpack_publicize_message":"","jetpack_publicize_feature_enabled":true,"jetpack_social_post_already_shared":true,"jetpack_social_options":{"image_generator_settings":{"template":"highway","default_image_id":0,"font":"","enabled":false},"version":2}},"categories":[7356],"tags":[17089,10326,10120,15878,12213,17090,10279,10121,16403,11323,10098,10385,10592,11894],"class_list":["post-48498","post","type-post","status-publish","format-standard","has-post-thumbnail","hentry","category-into-the-wide","tag-bully","tag-crepuscule","tag-france","tag-fujifilm-x-t3","tag-hotel-de-ville","tag-hours-and-hours","tag-ile-de-la-cite","tag-ile-de-france","tag-laowa-9-mm-f-2-8-zero-d","tag-panoramique","tag-paris","tag-pont-neuf","tag-pose-longue","tag-voie-georges-pompidou"],"acf":[],"geo":{"latitude":48.8581505,"longitude":2.3429739,"description":"Paris 01, \u00cele-de-France, 75001, FR"},"jetpack_publicize_connections":[],"jetpack_featured_media_url":"https:\/\/www.wallendorff.com\/belogue\/wp-content\/uploads\/2021\/06\/20210603.jpg","jetpack_shortlink":"https:\/\/wp.me\/p3b35P-cCe","jetpack_sharing_enabled":true,"jetpack-related-posts":[{"id":47976,"url":"https:\/\/www.wallendorff.com\/belogue\/2021\/03\/08\/into-the-wide-216\/","url_meta":{"origin":48498,"position":0},"title":"Into the wide #216.","author":"dpc","date":"8 mars 2021","format":false,"excerpt":"Voie Georges-Pompidou, Paris, 4 d\u00e9cembre 2020. Breeze The Men","rel":"","context":"Dans &quot;Into the wide&quot;","block_context":{"text":"Into the wide","link":"https:\/\/www.wallendorff.com\/belogue\/category\/into-the-wide\/"},"img":{"alt_text":"","src":"https:\/\/i0.wp.com\/www.wallendorff.com\/belogue\/wp-content\/uploads\/2021\/03\/20210308.jpg?resize=350%2C200&ssl=1","width":350,"height":200,"srcset":"https:\/\/i0.wp.com\/www.wallendorff.com\/belogue\/wp-content\/uploads\/2021\/03\/20210308.jpg?resize=350%2C200&ssl=1 1x, https:\/\/i0.wp.com\/www.wallendorff.com\/belogue\/wp-content\/uploads\/2021\/03\/20210308.jpg?resize=525%2C300&ssl=1 1.5x, https:\/\/i0.wp.com\/www.wallendorff.com\/belogue\/wp-content\/uploads\/2021\/03\/20210308.jpg?resize=700%2C400&ssl=1 2x, https:\/\/i0.wp.com\/www.wallendorff.com\/belogue\/wp-content\/uploads\/2021\/03\/20210308.jpg?resize=1050%2C600&ssl=1 3x"},"classes":[]},{"id":34091,"url":"https:\/\/www.wallendorff.com\/belogue\/2017\/05\/24\/into-the-wide-96\/","url_meta":{"origin":48498,"position":1},"title":"Into the wide #96.","author":"dpc","date":"24 mai 2017","format":false,"excerpt":"Voie George-Pompidou, Paris, 5 avril. Hey Banana BNQT","rel":"","context":"Dans &quot;Into the wide&quot;","block_context":{"text":"Into the wide","link":"https:\/\/www.wallendorff.com\/belogue\/category\/into-the-wide\/"},"img":{"alt_text":"","src":"https:\/\/i0.wp.com\/www.wallendorff.com\/belogue\/wp-content\/uploads\/2017\/05\/20170524.jpg?resize=350%2C200&ssl=1","width":350,"height":200,"srcset":"https:\/\/i0.wp.com\/www.wallendorff.com\/belogue\/wp-content\/uploads\/2017\/05\/20170524.jpg?resize=350%2C200&ssl=1 1x, https:\/\/i0.wp.com\/www.wallendorff.com\/belogue\/wp-content\/uploads\/2017\/05\/20170524.jpg?resize=525%2C300&ssl=1 1.5x, https:\/\/i0.wp.com\/www.wallendorff.com\/belogue\/wp-content\/uploads\/2017\/05\/20170524.jpg?resize=700%2C400&ssl=1 2x, https:\/\/i0.wp.com\/www.wallendorff.com\/belogue\/wp-content\/uploads\/2017\/05\/20170524.jpg?resize=1050%2C600&ssl=1 3x"},"classes":[]},{"id":45908,"url":"https:\/\/www.wallendorff.com\/belogue\/2020\/06\/23\/into-the-wide-200\/","url_meta":{"origin":48498,"position":2},"title":"Into the wide #200.","author":"dpc","date":"23 juin 2020","format":false,"excerpt":"Voie Georges-Pompidou, Paris, 10 mars 2020. Et puisque qu'il s'agit du 200e \u2013\u00a0c'est la premi\u00e8re fois que j'emm\u00e8ne une s\u00e9rie si loin, d'ailleurs, And Counting mise \u00e0 part\u00a0\u2013, je vous ai pr\u00e9par\u00e9 ci-dessous un petit floril\u00e8ge de mes 20 pr\u00e9f\u00e9r\u00e9s. La s\u00e9rie compl\u00e8te, quant \u00e0 elle, est disponible par l\u00e0.\u2026","rel":"","context":"Dans &quot;Into the wide&quot;","block_context":{"text":"Into the wide","link":"https:\/\/www.wallendorff.com\/belogue\/category\/into-the-wide\/"},"img":{"alt_text":"","src":"https:\/\/i0.wp.com\/www.wallendorff.com\/belogue\/wp-content\/uploads\/2020\/06\/20200623.jpg?resize=350%2C200&ssl=1","width":350,"height":200,"srcset":"https:\/\/i0.wp.com\/www.wallendorff.com\/belogue\/wp-content\/uploads\/2020\/06\/20200623.jpg?resize=350%2C200&ssl=1 1x, https:\/\/i0.wp.com\/www.wallendorff.com\/belogue\/wp-content\/uploads\/2020\/06\/20200623.jpg?resize=525%2C300&ssl=1 1.5x, https:\/\/i0.wp.com\/www.wallendorff.com\/belogue\/wp-content\/uploads\/2020\/06\/20200623.jpg?resize=700%2C400&ssl=1 2x, https:\/\/i0.wp.com\/www.wallendorff.com\/belogue\/wp-content\/uploads\/2020\/06\/20200623.jpg?resize=1050%2C600&ssl=1 3x"},"classes":[]},{"id":123995,"url":"https:\/\/www.wallendorff.com\/belogue\/2023\/03\/16\/flaque-de-lettres\/","url_meta":{"origin":48498,"position":3},"title":"Flaque de lettres.","author":"dpc","date":"16 mars 2023","format":false,"excerpt":"Voie Georges-Pompidou, Paris, 20 janvier 2023.","rel":"","context":"Dans &quot;DPC&quot;","block_context":{"text":"DPC","link":"https:\/\/www.wallendorff.com\/belogue\/category\/dpc-en\/"},"img":{"alt_text":"","src":"https:\/\/i0.wp.com\/www.wallendorff.com\/belogue\/wp-content\/uploads\/2023\/03\/20230316.jpg?resize=350%2C200&ssl=1","width":350,"height":200,"srcset":"https:\/\/i0.wp.com\/www.wallendorff.com\/belogue\/wp-content\/uploads\/2023\/03\/20230316.jpg?resize=350%2C200&ssl=1 1x, https:\/\/i0.wp.com\/www.wallendorff.com\/belogue\/wp-content\/uploads\/2023\/03\/20230316.jpg?resize=525%2C300&ssl=1 1.5x, https:\/\/i0.wp.com\/www.wallendorff.com\/belogue\/wp-content\/uploads\/2023\/03\/20230316.jpg?resize=700%2C400&ssl=1 2x, https:\/\/i0.wp.com\/www.wallendorff.com\/belogue\/wp-content\/uploads\/2023\/03\/20230316.jpg?resize=1050%2C600&ssl=1 3x"},"classes":[]},{"id":124009,"url":"https:\/\/www.wallendorff.com\/belogue\/2023\/03\/19\/miroir-mon-dome-miroir\/","url_meta":{"origin":48498,"position":4},"title":"Miroir, mon d\u00f4me-miroir.","author":"dpc","date":"19 mars 2023","format":false,"excerpt":"Voie Georges-Pompidou, Paris, 20 janvier 2023.","rel":"","context":"Dans &quot;DPC&quot;","block_context":{"text":"DPC","link":"https:\/\/www.wallendorff.com\/belogue\/category\/dpc-en\/"},"img":{"alt_text":"","src":"https:\/\/i0.wp.com\/www.wallendorff.com\/belogue\/wp-content\/uploads\/2023\/03\/20230319.jpg?resize=350%2C200&ssl=1","width":350,"height":200,"srcset":"https:\/\/i0.wp.com\/www.wallendorff.com\/belogue\/wp-content\/uploads\/2023\/03\/20230319.jpg?resize=350%2C200&ssl=1 1x, https:\/\/i0.wp.com\/www.wallendorff.com\/belogue\/wp-content\/uploads\/2023\/03\/20230319.jpg?resize=525%2C300&ssl=1 1.5x, https:\/\/i0.wp.com\/www.wallendorff.com\/belogue\/wp-content\/uploads\/2023\/03\/20230319.jpg?resize=700%2C400&ssl=1 2x, https:\/\/i0.wp.com\/www.wallendorff.com\/belogue\/wp-content\/uploads\/2023\/03\/20230319.jpg?resize=1050%2C600&ssl=1 3x"},"classes":[]},{"id":33980,"url":"https:\/\/www.wallendorff.com\/belogue\/2017\/05\/11\/into-the-wide-94\/","url_meta":{"origin":48498,"position":5},"title":"Into the wide #94.","author":"dpc","date":"11 mai 2017","format":false,"excerpt":"Voie George-Pompidou, Paris, 18 mars. Elle a du bon, cette interdiction des voies sur berges aux voitures. PetrichorTall Ships","rel":"","context":"Dans &quot;Into the wide&quot;","block_context":{"text":"Into the wide","link":"https:\/\/www.wallendorff.com\/belogue\/category\/into-the-wide\/"},"img":{"alt_text":"","src":"https:\/\/i0.wp.com\/www.wallendorff.com\/belogue\/wp-content\/uploads\/2017\/05\/20170511.jpg?resize=350%2C200&ssl=1","width":350,"height":200,"srcset":"https:\/\/i0.wp.com\/www.wallendorff.com\/belogue\/wp-content\/uploads\/2017\/05\/20170511.jpg?resize=350%2C200&ssl=1 1x, https:\/\/i0.wp.com\/www.wallendorff.com\/belogue\/wp-content\/uploads\/2017\/05\/20170511.jpg?resize=525%2C300&ssl=1 1.5x, https:\/\/i0.wp.com\/www.wallendorff.com\/belogue\/wp-content\/uploads\/2017\/05\/20170511.jpg?resize=700%2C400&ssl=1 2x"},"classes":[]}],"_links":{"self":[{"href":"https:\/\/www.wallendorff.com\/belogue\/wp-json\/wp\/v2\/posts\/48498","targetHints":{"allow":["GET"]}}],"collection":[{"href":"https:\/\/www.wallendorff.com\/belogue\/wp-json\/wp\/v2\/posts"}],"about":[{"href":"https:\/\/www.wallendorff.com\/belogue\/wp-json\/wp\/v2\/types\/post"}],"author":[{"embeddable":true,"href":"https:\/\/www.wallendorff.com\/belogue\/wp-json\/wp\/v2\/users\/1"}],"replies":[{"embeddable":true,"href":"https:\/\/www.wallendorff.com\/belogue\/wp-json\/wp\/v2\/comments?post=48498"}],"version-history":[{"count":2,"href":"https:\/\/www.wallendorff.com\/belogue\/wp-json\/wp\/v2\/posts\/48498\/revisions"}],"predecessor-version":[{"id":48500,"href":"https:\/\/www.wallendorff.com\/belogue\/wp-json\/wp\/v2\/posts\/48498\/revisions\/48500"}],"wp:featuredmedia":[{"embeddable":true,"href":"https:\/\/www.wallendorff.com\/belogue\/wp-json\/wp\/v2\/media\/48497"}],"wp:attachment":[{"href":"https:\/\/www.wallendorff.com\/belogue\/wp-json\/wp\/v2\/media?parent=48498"}],"wp:term":[{"taxonomy":"category","embeddable":true,"href":"https:\/\/www.wallendorff.com\/belogue\/wp-json\/wp\/v2\/categories?post=48498"},{"taxonomy":"post_tag","embeddable":true,"href":"https:\/\/www.wallendorff.com\/belogue\/wp-json\/wp\/v2\/tags?post=48498"}],"curies":[{"name":"wp","href":"https:\/\/api.w.org\/{rel}","templated":true}]}}