{"id":48489,"date":"2021-06-01T11:37:22","date_gmt":"2021-06-01T09:37:22","guid":{"rendered":"https:\/\/www.wallendorff.com\/belogue\/?p=48489"},"modified":"2021-07-25T15:26:47","modified_gmt":"2021-07-25T13:26:47","slug":"place-de-la-conque-dor","status":"publish","type":"post","link":"https:\/\/www.wallendorff.com\/belogue\/2021\/06\/01\/place-de-la-conque-dor\/","title":{"rendered":"Place de la conque d&rsquo;or."},"content":{"rendered":"<div id=\"photo\">\n<img decoding=\"async\" src=\"https:\/\/www.wallendorff.com\/belogue\/wp-content\/uploads\/2021\/06\/20210601-03.jpg\"><br \/>\nPlace de la Concorde, Paris, 25 mars 2021.<\/div>\n<p style=\"text-align:right\">Pendant des ann\u00e9es je ne savais pas diff\u00e9rencier la fontaine des Mers de la fontaine des Fleuves quand, tout \u00e0 coup, j&rsquo;ai r\u00e9alis\u00e9 qu&rsquo;elles sont class\u00e9es dans l&rsquo;ordre alphab\u00e9tique du nord au sud. Depuis, je vais mieux dans ma vie.<\/p>\n<div id=\"bandeson\">\n<img decoding=\"async\" src=\"https:\/\/www.wallendorff.com\/belogue\/photo\/pochettes\/b\/baker_julien-little_oblivions.jpg\" align=\"left\"><a href=\"https:\/\/www.youtube.com\/watch?v=gMAClIyQl4I\"><em>Higlight Reel<\/em><\/a><br \/>\n<a href=\"https:\/\/julienbaker.com\/\">Julien Baker<\/a><\/div>\n<div id=\"photo2\">\n<img decoding=\"async\" src=\"https:\/\/www.wallendorff.com\/belogue\/wp-content\/uploads\/2021\/06\/20210601-01.jpg\"><\/div>\n<div id=\"photo2\">\n<img decoding=\"async\" src=\"https:\/\/www.wallendorff.com\/belogue\/wp-content\/uploads\/2021\/06\/20210601-02.jpg\"><\/div>\n","protected":false},"excerpt":{"rendered":"<p>Place de la Concorde, Paris, 25 mars 2021. Pendant des ann\u00e9es je ne savais pas diff\u00e9rencier la fontaine des Mers de la fontaine des Fleuves quand, tout \u00e0 coup, j&rsquo;ai r\u00e9alis\u00e9 qu&rsquo;elles sont class\u00e9es dans l&rsquo;ordre alphab\u00e9tique du nord au sud. Depuis, je vais mieux dans ma vie. Higlight Reel Julien Baker<\/p>\n","protected":false},"author":1,"featured_media":48491,"comment_status":"open","ping_status":"open","sticky":false,"template":"","format":"standard","meta":{"_acf_changed":false,"ngg_post_thumbnail":0,"jetpack_post_was_ever_published":false,"_jetpack_newsletter_access":"","_jetpack_dont_email_post_to_subs":false,"_jetpack_newsletter_tier_id":0,"_jetpack_memberships_contains_paywalled_content":false,"_jetpack_memberships_contains_paid_content":false,"footnotes":"","jetpack_publicize_message":"","jetpack_publicize_feature_enabled":true,"jetpack_social_post_already_shared":true,"jetpack_social_options":{"image_generator_settings":{"template":"highway","default_image_id":0,"font":"","enabled":false},"version":2}},"categories":[3],"tags":[10182,2469,10515,11695,10120,15878,17088,10121,16987,16403,1477,16272,11323,10098,10366,10262],"class_list":["post-48489","post","type-post","status-publish","format-standard","has-post-thumbnail","hentry","category-dpc","tag-10182","tag-flaque","tag-fontaine","tag-fontaine-des-mers","tag-france","tag-fujifilm-x-t3","tag-highlight-reel","tag-ile-de-france","tag-julien-baker","tag-laowa-9-mm-f-2-8-zero-d","tag-obelisque","tag-obelisque-de-la-concorde","tag-panoramique","tag-paris","tag-place-de-la-concorde","tag-reflet"],"acf":[],"geo":{"latitude":48.8648643,"longitude":2.3206632,"description":"Paris 07 Palais-Bourbon, \u00cele-de-France, 75353 SP 07, FR"},"jetpack_publicize_connections":[],"jetpack_featured_media_url":"https:\/\/www.wallendorff.com\/belogue\/wp-content\/uploads\/2021\/06\/20210601-03.jpg","jetpack_shortlink":"https:\/\/wp.me\/p3b35P-cC5","jetpack_sharing_enabled":true,"jetpack-related-posts":[{"id":22057,"url":"https:\/\/www.wallendorff.com\/belogue\/2013\/11\/25\/concorde-iii\/","url_meta":{"origin":48489,"position":0},"title":"Concorde [III].","author":"dpc","date":"25 novembre 2013","format":false,"excerpt":"Place de la Concorde, Paris, 3 octobre. Wasting My Young Years London Grammar","rel":"","context":"Dans &quot;DPC&quot;","block_context":{"text":"DPC","link":"https:\/\/www.wallendorff.com\/belogue\/category\/dpc\/"},"img":{"alt_text":"","src":"https:\/\/i0.wp.com\/www.wallendorff.com\/belogue\/wp-content\/uploads\/2015\/04\/201311251.jpg?resize=350%2C200&ssl=1","width":350,"height":200,"srcset":"https:\/\/i0.wp.com\/www.wallendorff.com\/belogue\/wp-content\/uploads\/2015\/04\/201311251.jpg?resize=350%2C200&ssl=1 1x, https:\/\/i0.wp.com\/www.wallendorff.com\/belogue\/wp-content\/uploads\/2015\/04\/201311251.jpg?resize=525%2C300&ssl=1 1.5x, https:\/\/i0.wp.com\/www.wallendorff.com\/belogue\/wp-content\/uploads\/2015\/04\/201311251.jpg?resize=700%2C400&ssl=1 2x"},"classes":[]},{"id":48300,"url":"https:\/\/www.wallendorff.com\/belogue\/2021\/05\/03\/aiguille-dhumide-nuit\/","url_meta":{"origin":48489,"position":1},"title":"Aiguille d&rsquo;humide nuit.","author":"dpc","date":"3 mai 2021","format":false,"excerpt":"Place de la Concorde, Paris, 29 janvier 2021. Oui ce jeu de mot a l'air nul pris tout seul comme \u00e7a mais il fait directement r\u00e9f\u00e9rence \u00e0 celui du mois dernier voyez-vous. Zip Tie Julien Baker","rel":"","context":"Dans &quot;DPC&quot;","block_context":{"text":"DPC","link":"https:\/\/www.wallendorff.com\/belogue\/category\/dpc\/"},"img":{"alt_text":"","src":"https:\/\/i0.wp.com\/www.wallendorff.com\/belogue\/wp-content\/uploads\/2021\/05\/20210503.jpg?resize=350%2C200&ssl=1","width":350,"height":200,"srcset":"https:\/\/i0.wp.com\/www.wallendorff.com\/belogue\/wp-content\/uploads\/2021\/05\/20210503.jpg?resize=350%2C200&ssl=1 1x, https:\/\/i0.wp.com\/www.wallendorff.com\/belogue\/wp-content\/uploads\/2021\/05\/20210503.jpg?resize=525%2C300&ssl=1 1.5x, https:\/\/i0.wp.com\/www.wallendorff.com\/belogue\/wp-content\/uploads\/2021\/05\/20210503.jpg?resize=700%2C400&ssl=1 2x, https:\/\/i0.wp.com\/www.wallendorff.com\/belogue\/wp-content\/uploads\/2021\/05\/20210503.jpg?resize=1050%2C600&ssl=1 3x"},"classes":[]},{"id":47312,"url":"https:\/\/www.wallendorff.com\/belogue\/2020\/11\/30\/novembre-2020\/","url_meta":{"origin":48489,"position":2},"title":"Novembre 2020.","author":"dpc","date":"30 novembre 2020","format":false,"excerpt":"Un chat pr\u00e9nomm\u00e9 STOPTHECOUNT, une soir\u00e9e guitare, des chaises, une avenue, un m\u00e9tro, une tour, une passerelle, des cadenas, un pont, un pont, un pont, des pigeons, un m\u00e9tro, une rue vide, une rue vide, un m\u00e9tro, un quai de gare, une gare, un banc, un tournage, un quai, un\u2026","rel":"","context":"Dans &quot;Blog-note&quot;","block_context":{"text":"Blog-note","link":"https:\/\/www.wallendorff.com\/belogue\/category\/blog-note\/"},"img":{"alt_text":"","src":"https:\/\/i0.wp.com\/www.wallendorff.com\/belogue\/wp-content\/uploads\/2020\/12\/20201215-67.jpg?resize=350%2C200&ssl=1","width":350,"height":200,"srcset":"https:\/\/i0.wp.com\/www.wallendorff.com\/belogue\/wp-content\/uploads\/2020\/12\/20201215-67.jpg?resize=350%2C200&ssl=1 1x, https:\/\/i0.wp.com\/www.wallendorff.com\/belogue\/wp-content\/uploads\/2020\/12\/20201215-67.jpg?resize=525%2C300&ssl=1 1.5x, https:\/\/i0.wp.com\/www.wallendorff.com\/belogue\/wp-content\/uploads\/2020\/12\/20201215-67.jpg?resize=700%2C400&ssl=1 2x, https:\/\/i0.wp.com\/www.wallendorff.com\/belogue\/wp-content\/uploads\/2020\/12\/20201215-67.jpg?resize=1050%2C600&ssl=1 3x"},"classes":[]},{"id":40548,"url":"https:\/\/www.wallendorff.com\/belogue\/2018\/11\/20\/langueurs-dondes\/","url_meta":{"origin":48489,"position":3},"title":"Langueurs d&rsquo;ondes.","author":"dpc","date":"20 novembre 2018","format":false,"excerpt":"Place de la Concorde, Paris, 2 septembre 2018. Mountains (acoustic) Biffy Clyro","rel":"","context":"Dans &quot;DPC&quot;","block_context":{"text":"DPC","link":"https:\/\/www.wallendorff.com\/belogue\/category\/dpc\/"},"img":{"alt_text":"","src":"https:\/\/i0.wp.com\/www.wallendorff.com\/belogue\/wp-content\/uploads\/2018\/11\/20181120.jpg?resize=350%2C200&ssl=1","width":350,"height":200,"srcset":"https:\/\/i0.wp.com\/www.wallendorff.com\/belogue\/wp-content\/uploads\/2018\/11\/20181120.jpg?resize=350%2C200&ssl=1 1x, https:\/\/i0.wp.com\/www.wallendorff.com\/belogue\/wp-content\/uploads\/2018\/11\/20181120.jpg?resize=525%2C300&ssl=1 1.5x, https:\/\/i0.wp.com\/www.wallendorff.com\/belogue\/wp-content\/uploads\/2018\/11\/20181120.jpg?resize=700%2C400&ssl=1 2x, https:\/\/i0.wp.com\/www.wallendorff.com\/belogue\/wp-content\/uploads\/2018\/11\/20181120.jpg?resize=1050%2C600&ssl=1 3x"},"classes":[]},{"id":33665,"url":"https:\/\/www.wallendorff.com\/belogue\/2017\/03\/13\/into-the-wide-88\/","url_meta":{"origin":48489,"position":4},"title":"Into the wide #88.","author":"dpc","date":"13 mars 2017","format":false,"excerpt":"\u00a0 Place de la Concorde, Paris, 29 d\u00e9cembre 2016. Arc of Bar Japandroids","rel":"","context":"Dans &quot;Into the wide&quot;","block_context":{"text":"Into the wide","link":"https:\/\/www.wallendorff.com\/belogue\/category\/into-the-wide\/"},"img":{"alt_text":"","src":"https:\/\/i0.wp.com\/www.wallendorff.com\/belogue\/wp-content\/uploads\/2017\/03\/20170313.jpg?resize=350%2C200&ssl=1","width":350,"height":200,"srcset":"https:\/\/i0.wp.com\/www.wallendorff.com\/belogue\/wp-content\/uploads\/2017\/03\/20170313.jpg?resize=350%2C200&ssl=1 1x, https:\/\/i0.wp.com\/www.wallendorff.com\/belogue\/wp-content\/uploads\/2017\/03\/20170313.jpg?resize=525%2C300&ssl=1 1.5x, https:\/\/i0.wp.com\/www.wallendorff.com\/belogue\/wp-content\/uploads\/2017\/03\/20170313.jpg?resize=700%2C400&ssl=1 2x"},"classes":[]},{"id":46912,"url":"https:\/\/www.wallendorff.com\/belogue\/2020\/10\/20\/mare-digueras\/","url_meta":{"origin":48489,"position":5},"title":"Mare digueras.","author":"dpc","date":"20 octobre 2020","format":false,"excerpt":"Place de la Concorde, Paris, 19 ao\u00fbt 2020. Rh\u00e2 fl\u00fbte j'ai d\u00e9j\u00e0 fait le m\u00eame jeu de mots il y a onze ans. Shelter The xx","rel":"","context":"Dans &quot;DPC&quot;","block_context":{"text":"DPC","link":"https:\/\/www.wallendorff.com\/belogue\/category\/dpc\/"},"img":{"alt_text":"","src":"https:\/\/i0.wp.com\/www.wallendorff.com\/belogue\/wp-content\/uploads\/2020\/10\/20201020.jpg?resize=350%2C200&ssl=1","width":350,"height":200,"srcset":"https:\/\/i0.wp.com\/www.wallendorff.com\/belogue\/wp-content\/uploads\/2020\/10\/20201020.jpg?resize=350%2C200&ssl=1 1x, https:\/\/i0.wp.com\/www.wallendorff.com\/belogue\/wp-content\/uploads\/2020\/10\/20201020.jpg?resize=525%2C300&ssl=1 1.5x, https:\/\/i0.wp.com\/www.wallendorff.com\/belogue\/wp-content\/uploads\/2020\/10\/20201020.jpg?resize=700%2C400&ssl=1 2x, https:\/\/i0.wp.com\/www.wallendorff.com\/belogue\/wp-content\/uploads\/2020\/10\/20201020.jpg?resize=1050%2C600&ssl=1 3x"},"classes":[]}],"_links":{"self":[{"href":"https:\/\/www.wallendorff.com\/belogue\/wp-json\/wp\/v2\/posts\/48489","targetHints":{"allow":["GET"]}}],"collection":[{"href":"https:\/\/www.wallendorff.com\/belogue\/wp-json\/wp\/v2\/posts"}],"about":[{"href":"https:\/\/www.wallendorff.com\/belogue\/wp-json\/wp\/v2\/types\/post"}],"author":[{"embeddable":true,"href":"https:\/\/www.wallendorff.com\/belogue\/wp-json\/wp\/v2\/users\/1"}],"replies":[{"embeddable":true,"href":"https:\/\/www.wallendorff.com\/belogue\/wp-json\/wp\/v2\/comments?post=48489"}],"version-history":[{"count":3,"href":"https:\/\/www.wallendorff.com\/belogue\/wp-json\/wp\/v2\/posts\/48489\/revisions"}],"predecessor-version":[{"id":48495,"href":"https:\/\/www.wallendorff.com\/belogue\/wp-json\/wp\/v2\/posts\/48489\/revisions\/48495"}],"wp:featuredmedia":[{"embeddable":true,"href":"https:\/\/www.wallendorff.com\/belogue\/wp-json\/wp\/v2\/media\/48491"}],"wp:attachment":[{"href":"https:\/\/www.wallendorff.com\/belogue\/wp-json\/wp\/v2\/media?parent=48489"}],"wp:term":[{"taxonomy":"category","embeddable":true,"href":"https:\/\/www.wallendorff.com\/belogue\/wp-json\/wp\/v2\/categories?post=48489"},{"taxonomy":"post_tag","embeddable":true,"href":"https:\/\/www.wallendorff.com\/belogue\/wp-json\/wp\/v2\/tags?post=48489"}],"curies":[{"name":"wp","href":"https:\/\/api.w.org\/{rel}","templated":true}]}}