{"id":48418,"date":"2021-05-20T09:54:26","date_gmt":"2021-05-20T07:54:26","guid":{"rendered":"https:\/\/www.wallendorff.com\/belogue\/?p=48418"},"modified":"2021-05-20T09:54:30","modified_gmt":"2021-05-20T07:54:30","slug":"la-nuit-tous-les-chapeaux-gris","status":"publish","type":"post","link":"https:\/\/www.wallendorff.com\/belogue\/2021\/05\/20\/la-nuit-tous-les-chapeaux-gris\/","title":{"rendered":"La nuit, tous les chapeaux gris."},"content":{"rendered":"<div id=\"photo\">\n<p><img decoding=\"async\" src=\"https:\/\/www.wallendorff.com\/belogue\/wp-content\/uploads\/2021\/05\/20210520.jpg\"><br \/>\nPlace du Panth\u00e9on, Paris, 12 mars 2021.<\/p>\n<\/div>\n<div id=\"bandeson\"><img decoding=\"async\" src=\"https:\/\/www.wallendorff.com\/belogue\/photo\/pochettes\/v\/van_etten_sharon-beaten_down.jpg\" align=\"left\"><a id=\"lienmp3\" style=\"font-weight: normal;\" href=\"https:\/\/www.youtube.com\/watch?v=gC9GyTAuk8s\"><em>Beaten Down<\/em><\/a><br \/>\n<a href=\"https:\/\/www.sharonvanetten.com\/\">Sharon Van Etten<\/a>&nbsp;<\/p>\n<\/div>\n","protected":false},"excerpt":{"rendered":"<p>Place du Panth\u00e9on, Paris, 12 mars 2021. Beaten Down Sharon Van Etten&nbsp;<\/p>\n","protected":false},"author":1,"featured_media":48419,"comment_status":"open","ping_status":"open","sticky":false,"template":"","format":"standard","meta":{"_acf_changed":false,"ngg_post_thumbnail":0,"jetpack_post_was_ever_published":false,"_jetpack_newsletter_access":"","_jetpack_dont_email_post_to_subs":false,"_jetpack_newsletter_tier_id":0,"_jetpack_memberships_contains_paywalled_content":false,"_jetpack_memberships_contains_paid_content":false,"footnotes":"","jetpack_publicize_message":"","jetpack_publicize_feature_enabled":true,"jetpack_social_post_already_shared":true,"jetpack_social_options":{"image_generator_settings":{"template":"highway","default_image_id":0,"font":"","enabled":false},"version":2}},"categories":[3],"tags":[10250,10120,15878,15309,10121,143,10147,10098,1695,10988],"class_list":["post-48418","post","type-post","status-publish","format-standard","has-post-thumbnail","hentry","category-dpc","tag-10250","tag-france","tag-fujifilm-x-t3","tag-fujinon-xf-16-55-mm-f-2-8-r-lm-wr","tag-ile-de-france","tag-noir-et-blanc","tag-nuit","tag-paris","tag-place-du-pantheon","tag-sharon-van-etten"],"acf":[],"geo":{"latitude":48.8465691,"longitude":2.3450823,"description":"Paris 05, \u00cele-de-France, 75005, FR"},"jetpack_publicize_connections":[],"jetpack_featured_media_url":"https:\/\/www.wallendorff.com\/belogue\/wp-content\/uploads\/2021\/05\/20210520.jpg","jetpack_shortlink":"https:\/\/wp.me\/p3b35P-cAW","jetpack_sharing_enabled":true,"jetpack-related-posts":[{"id":23617,"url":"https:\/\/www.wallendorff.com\/belogue\/2014\/12\/02\/sharon-van-etten-la-maroquinerie-paris\/","url_meta":{"origin":48418,"position":0},"title":"Sharon Van Etten @ la Maroquinerie, Paris.","author":"dpc","date":"2 d\u00e9cembre 2014","format":false,"excerpt":"Tarifa Sharon Van Etten \u00a0","rel":"","context":"Dans &quot;Alive&quot;","block_context":{"text":"Alive","link":"https:\/\/www.wallendorff.com\/belogue\/category\/alive\/"},"img":{"alt_text":"","src":"https:\/\/i0.wp.com\/www.wallendorff.com\/belogue\/wp-content\/uploads\/2015\/04\/201412021.jpg?resize=350%2C200&ssl=1","width":350,"height":200,"srcset":"https:\/\/i0.wp.com\/www.wallendorff.com\/belogue\/wp-content\/uploads\/2015\/04\/201412021.jpg?resize=350%2C200&ssl=1 1x, https:\/\/i0.wp.com\/www.wallendorff.com\/belogue\/wp-content\/uploads\/2015\/04\/201412021.jpg?resize=525%2C300&ssl=1 1.5x, https:\/\/i0.wp.com\/www.wallendorff.com\/belogue\/wp-content\/uploads\/2015\/04\/201412021.jpg?resize=700%2C400&ssl=1 2x"},"classes":[]},{"id":19156,"url":"https:\/\/www.wallendorff.com\/belogue\/2012\/10\/02\/sharon-van-etten-le-cafe-de-la-danse-paris\/","url_meta":{"origin":48418,"position":1},"title":"Sharon Van Etten @ le Caf\u00e9 de la Danse, Paris.","author":"dpc","date":"2 octobre 2012","format":false,"excerpt":"Sharon Van Etten \u2013 Serpents \u00a0","rel":"","context":"Dans &quot;Alive&quot;","block_context":{"text":"Alive","link":"https:\/\/www.wallendorff.com\/belogue\/category\/alive\/"},"img":{"alt_text":"","src":"https:\/\/i0.wp.com\/www.wallendorff.com\/belogue\/wp-content\/uploads\/2015\/04\/201210021.jpg?resize=350%2C200&ssl=1","width":350,"height":200,"srcset":"https:\/\/i0.wp.com\/www.wallendorff.com\/belogue\/wp-content\/uploads\/2015\/04\/201210021.jpg?resize=350%2C200&ssl=1 1x, https:\/\/i0.wp.com\/www.wallendorff.com\/belogue\/wp-content\/uploads\/2015\/04\/201210021.jpg?resize=525%2C300&ssl=1 1.5x, https:\/\/i0.wp.com\/www.wallendorff.com\/belogue\/wp-content\/uploads\/2015\/04\/201210021.jpg?resize=700%2C400&ssl=1 2x"},"classes":[]},{"id":6360,"url":"https:\/\/www.wallendorff.com\/belogue\/2010\/01\/28\/i-remember-the-golden-days-when-all-this-was-a-mystery\/","url_meta":{"origin":48418,"position":2},"title":"I remember the golden days when all this was a mystery.","author":"dpc","date":"28 janvier 2010","format":false,"excerpt":"Quai Paul Vautrin, Metz, 27 d\u00e9cembre 2009. \u00a0The Dresden Dolls \u2013 Necessary Evil June 2001 has gone a loooong way.","rel":"","context":"Dans &quot;DPC&quot;","block_context":{"text":"DPC","link":"https:\/\/www.wallendorff.com\/belogue\/category\/dpc\/"},"img":{"alt_text":"","src":"https:\/\/i0.wp.com\/www.wallendorff.com\/belogue\/wp-content\/uploads\/2015\/04\/201001281.jpg?resize=350%2C200&ssl=1","width":350,"height":200},"classes":[]},{"id":15872,"url":"https:\/\/www.wallendorff.com\/belogue\/2012\/02\/14\/allons-boire-sil-arrose\/","url_meta":{"origin":48418,"position":3},"title":"Allons boire s&rsquo;il arrose.","author":"dpc","date":"14 f\u00e9vrier 2012","format":false,"excerpt":"Metz, 27 d\u00e9cembre 2011. Les photos comme \u00e7a me rappellent toujours l'\u00e9cran de Thames Television. \u00c0 chaque fois que j'en vois une, j'entends des trompettes et je m'attends \u00e0 ce qu'un \u00e9pisode de Benny Hill commence juste apr\u00e8s. Oh et n'oubliez pas qu'aujourd'hui on f\u00eate les 20 ans de Wayne's\u2026","rel":"","context":"Dans &quot;DPC&quot;","block_context":{"text":"DPC","link":"https:\/\/www.wallendorff.com\/belogue\/category\/dpc\/"},"img":{"alt_text":"","src":"https:\/\/i0.wp.com\/www.wallendorff.com\/belogue\/wp-content\/uploads\/2015\/04\/201202141.jpg?resize=350%2C200&ssl=1","width":350,"height":200,"srcset":"https:\/\/i0.wp.com\/www.wallendorff.com\/belogue\/wp-content\/uploads\/2015\/04\/201202141.jpg?resize=350%2C200&ssl=1 1x, https:\/\/i0.wp.com\/www.wallendorff.com\/belogue\/wp-content\/uploads\/2015\/04\/201202141.jpg?resize=525%2C300&ssl=1 1.5x, https:\/\/i0.wp.com\/www.wallendorff.com\/belogue\/wp-content\/uploads\/2015\/04\/201202141.jpg?resize=700%2C400&ssl=1 2x"},"classes":[]},{"id":41876,"url":"https:\/\/www.wallendorff.com\/belogue\/2019\/05\/20\/et-toi-la-mate-la\/","url_meta":{"origin":48418,"position":4},"title":"Et toi [la mate l\u00e0].","author":"dpc","date":"20 mai 2019","format":false,"excerpt":"Flakstad, 3 mars 2019. Jupiter 4 Sharon Van Etten","rel":"","context":"Dans &quot;DPC&quot;","block_context":{"text":"DPC","link":"https:\/\/www.wallendorff.com\/belogue\/category\/dpc\/"},"img":{"alt_text":"Flakstad, 03\/03\/2019","src":"https:\/\/i0.wp.com\/www.wallendorff.com\/belogue\/wp-content\/uploads\/2019\/05\/20190520.jpg?resize=350%2C200&ssl=1","width":350,"height":200,"srcset":"https:\/\/i0.wp.com\/www.wallendorff.com\/belogue\/wp-content\/uploads\/2019\/05\/20190520.jpg?resize=350%2C200&ssl=1 1x, https:\/\/i0.wp.com\/www.wallendorff.com\/belogue\/wp-content\/uploads\/2019\/05\/20190520.jpg?resize=525%2C300&ssl=1 1.5x, https:\/\/i0.wp.com\/www.wallendorff.com\/belogue\/wp-content\/uploads\/2019\/05\/20190520.jpg?resize=700%2C400&ssl=1 2x, https:\/\/i0.wp.com\/www.wallendorff.com\/belogue\/wp-content\/uploads\/2019\/05\/20190520.jpg?resize=1050%2C600&ssl=1 3x"},"classes":[]},{"id":42684,"url":"https:\/\/www.wallendorff.com\/belogue\/2019\/07\/18\/la-petite-boutique-des-aurores-7\/","url_meta":{"origin":48418,"position":5},"title":"La petite boutique des aurores #7.","author":"dpc","date":"18 juillet 2019","format":false,"excerpt":"Fredvang, 7 mars 2019. Stay Sharon Van Etten","rel":"","context":"Dans &quot;DPC&quot;","block_context":{"text":"DPC","link":"https:\/\/www.wallendorff.com\/belogue\/category\/dpc\/"},"img":{"alt_text":"Fredvang, 7 mars 2019.","src":"https:\/\/i0.wp.com\/www.wallendorff.com\/belogue\/wp-content\/uploads\/2019\/07\/20190718.jpg?resize=350%2C200&ssl=1","width":350,"height":200,"srcset":"https:\/\/i0.wp.com\/www.wallendorff.com\/belogue\/wp-content\/uploads\/2019\/07\/20190718.jpg?resize=350%2C200&ssl=1 1x, https:\/\/i0.wp.com\/www.wallendorff.com\/belogue\/wp-content\/uploads\/2019\/07\/20190718.jpg?resize=525%2C300&ssl=1 1.5x, https:\/\/i0.wp.com\/www.wallendorff.com\/belogue\/wp-content\/uploads\/2019\/07\/20190718.jpg?resize=700%2C400&ssl=1 2x, https:\/\/i0.wp.com\/www.wallendorff.com\/belogue\/wp-content\/uploads\/2019\/07\/20190718.jpg?resize=1050%2C600&ssl=1 3x"},"classes":[]}],"_links":{"self":[{"href":"https:\/\/www.wallendorff.com\/belogue\/wp-json\/wp\/v2\/posts\/48418","targetHints":{"allow":["GET"]}}],"collection":[{"href":"https:\/\/www.wallendorff.com\/belogue\/wp-json\/wp\/v2\/posts"}],"about":[{"href":"https:\/\/www.wallendorff.com\/belogue\/wp-json\/wp\/v2\/types\/post"}],"author":[{"embeddable":true,"href":"https:\/\/www.wallendorff.com\/belogue\/wp-json\/wp\/v2\/users\/1"}],"replies":[{"embeddable":true,"href":"https:\/\/www.wallendorff.com\/belogue\/wp-json\/wp\/v2\/comments?post=48418"}],"version-history":[{"count":1,"href":"https:\/\/www.wallendorff.com\/belogue\/wp-json\/wp\/v2\/posts\/48418\/revisions"}],"predecessor-version":[{"id":48420,"href":"https:\/\/www.wallendorff.com\/belogue\/wp-json\/wp\/v2\/posts\/48418\/revisions\/48420"}],"wp:featuredmedia":[{"embeddable":true,"href":"https:\/\/www.wallendorff.com\/belogue\/wp-json\/wp\/v2\/media\/48419"}],"wp:attachment":[{"href":"https:\/\/www.wallendorff.com\/belogue\/wp-json\/wp\/v2\/media?parent=48418"}],"wp:term":[{"taxonomy":"category","embeddable":true,"href":"https:\/\/www.wallendorff.com\/belogue\/wp-json\/wp\/v2\/categories?post=48418"},{"taxonomy":"post_tag","embeddable":true,"href":"https:\/\/www.wallendorff.com\/belogue\/wp-json\/wp\/v2\/tags?post=48418"}],"curies":[{"name":"wp","href":"https:\/\/api.w.org\/{rel}","templated":true}]}}