{"id":48131,"date":"2021-04-02T17:54:08","date_gmt":"2021-04-02T15:54:08","guid":{"rendered":"https:\/\/www.wallendorff.com\/belogue\/?p=48131"},"modified":"2021-05-13T15:20:03","modified_gmt":"2021-05-13T13:20:03","slug":"into-the-wide-219","status":"publish","type":"post","link":"https:\/\/www.wallendorff.com\/belogue\/2021\/04\/02\/into-the-wide-219\/","title":{"rendered":"Into the wide #219."},"content":{"rendered":"<div id=\"photo\">\n<p><img decoding=\"async\" src=\"https:\/\/www.wallendorff.com\/belogue\/wp-content\/uploads\/2021\/04\/20210402-03.jpg\"><br \/>\nQuai des H\u00e9ros-de-la-R\u00e9sistance, Givet, 23 d\u00e9cembre 2020.<\/p>\n<\/div>\n<div id=\"photo2\">\n<p><img decoding=\"async\" src=\"https:\/\/www.wallendorff.com\/belogue\/wp-content\/uploads\/2021\/04\/20210402-01.jpg\"><\/p>\n<\/div>\n<div id=\"photo2\">\n<p><img decoding=\"async\" src=\"https:\/\/www.wallendorff.com\/belogue\/wp-content\/uploads\/2021\/04\/20210402-02.jpg\"><\/p>\n<\/div>\n<div id=\"bandeson\">\n<p><img decoding=\"async\" src=\"https:\/\/www.wallendorff.com\/belogue\/photo\/pochettes\/t\/tomberlin-projections.jpg\" align=\"left\"><a href=\"https:\/\/www.youtube.com\/watch?v=3-t2CTtFSRA\" a=\"\" style=\"font-weight:normal\" id=\"lienmp3\"><em>Wasted<\/em><\/a><br \/>\n<a href=\"https:\/\/tomberlin.bandcamp.com\/\">Tomberlin<\/a><\/p>\n<\/div>\n","protected":false},"excerpt":{"rendered":"<p>Quai des H\u00e9ros-de-la-R\u00e9sistance, Givet, 23 d\u00e9cembre 2020. Wasted Tomberlin<\/p>\n","protected":false},"author":1,"featured_media":48134,"comment_status":"open","ping_status":"open","sticky":false,"template":"","format":"standard","meta":{"_acf_changed":false,"ngg_post_thumbnail":0,"jetpack_post_was_ever_published":false,"_jetpack_newsletter_access":"","_jetpack_dont_email_post_to_subs":false,"_jetpack_newsletter_tier_id":0,"_jetpack_memberships_contains_paywalled_content":false,"_jetpack_memberships_contains_paid_content":false,"footnotes":"","jetpack_publicize_message":"","jetpack_publicize_feature_enabled":true,"jetpack_social_post_already_shared":true,"jetpack_social_options":{"image_generator_settings":{"template":"highway","default_image_id":0,"font":"","enabled":false},"version":2}},"categories":[7356],"tags":[10255,10254,10326,6470,10120,15878,10253,16403,15284,10262,16902,16903],"class_list":["post-48131","post","type-post","status-publish","format-standard","has-post-thumbnail","hentry","category-into-the-wide","tag-ardenne","tag-champagne-ardenne","tag-crepuscule","tag-fort-de-charlemont","tag-france","tag-fujifilm-x-t3","tag-givet","tag-laowa-9-mm-f-2-8-zero-d","tag-quai-des-heros-de-la-resistance","tag-reflet","tag-tomberlin","tag-wasted"],"acf":[],"geo":{"latitude":50.1341858,"longitude":4.8250241,"description":"Givet, Grand Est, 08600, FR"},"jetpack_publicize_connections":[],"jetpack_featured_media_url":"https:\/\/www.wallendorff.com\/belogue\/wp-content\/uploads\/2021\/04\/20210402-03.jpg","jetpack_shortlink":"https:\/\/wp.me\/p3b35P-cwj","jetpack_sharing_enabled":true,"jetpack-related-posts":[{"id":40722,"url":"https:\/\/www.wallendorff.com\/belogue\/2018\/12\/18\/into-the-wide-162\/","url_meta":{"origin":48131,"position":0},"title":"Into the wide #162.","author":"dpc","date":"18 d\u00e9cembre 2018","format":false,"excerpt":"Givet, 29 septembre 2018. Complications Interpol","rel":"","context":"Dans &quot;Into the wide&quot;","block_context":{"text":"Into the wide","link":"https:\/\/www.wallendorff.com\/belogue\/category\/into-the-wide\/"},"img":{"alt_text":"","src":"https:\/\/i0.wp.com\/www.wallendorff.com\/belogue\/wp-content\/uploads\/2018\/12\/20181218.jpg?resize=350%2C200&ssl=1","width":350,"height":200,"srcset":"https:\/\/i0.wp.com\/www.wallendorff.com\/belogue\/wp-content\/uploads\/2018\/12\/20181218.jpg?resize=350%2C200&ssl=1 1x, https:\/\/i0.wp.com\/www.wallendorff.com\/belogue\/wp-content\/uploads\/2018\/12\/20181218.jpg?resize=525%2C300&ssl=1 1.5x, https:\/\/i0.wp.com\/www.wallendorff.com\/belogue\/wp-content\/uploads\/2018\/12\/20181218.jpg?resize=700%2C400&ssl=1 2x, https:\/\/i0.wp.com\/www.wallendorff.com\/belogue\/wp-content\/uploads\/2018\/12\/20181218.jpg?resize=1050%2C600&ssl=1 3x"},"classes":[]},{"id":44942,"url":"https:\/\/www.wallendorff.com\/belogue\/2020\/01\/31\/janvier-2020\/","url_meta":{"origin":48131,"position":1},"title":"Janvier 2020.","author":"dpc","date":"31 janvier 2020","format":false,"excerpt":"Un r\u00e9veillon, une soir\u00e9e, une canop\u00e9e, une soir\u00e9e, une cour carr\u00e9e, un saxophoniste, un pont, une ruelle, une galerie, un d\u00f4me, un bouquiniste, un couple, un pont, une fanfare, un quai, une tradition, un no\u00ebl du livre, une lune, des v\u0153ux, un clocher, un fort, une cath\u00e9drale, une ruelle, une\u2026","rel":"","context":"Dans &quot;Blog-note&quot;","block_context":{"text":"Blog-note","link":"https:\/\/www.wallendorff.com\/belogue\/category\/blog-note\/"},"img":{"alt_text":"","src":"https:\/\/i0.wp.com\/www.wallendorff.com\/belogue\/wp-content\/uploads\/2020\/02\/20200213-76.jpg?resize=350%2C200&ssl=1","width":350,"height":200,"srcset":"https:\/\/i0.wp.com\/www.wallendorff.com\/belogue\/wp-content\/uploads\/2020\/02\/20200213-76.jpg?resize=350%2C200&ssl=1 1x, https:\/\/i0.wp.com\/www.wallendorff.com\/belogue\/wp-content\/uploads\/2020\/02\/20200213-76.jpg?resize=525%2C300&ssl=1 1.5x, https:\/\/i0.wp.com\/www.wallendorff.com\/belogue\/wp-content\/uploads\/2020\/02\/20200213-76.jpg?resize=700%2C400&ssl=1 2x, https:\/\/i0.wp.com\/www.wallendorff.com\/belogue\/wp-content\/uploads\/2020\/02\/20200213-76.jpg?resize=1050%2C600&ssl=1 3x"},"classes":[]},{"id":18936,"url":"https:\/\/www.wallendorff.com\/belogue\/2012\/09\/10\/fort-de-meuse-tangue\/","url_meta":{"origin":48131,"position":2},"title":"Fort de Meuse tangue.","author":"dpc","date":"10 septembre 2012","format":false,"excerpt":"Givet, 14 juillet. Je n'aurai jamais mis que 31 ans \u00e0 la faire, cette photo-l\u00e01. Yppah \u2013 Film Burn (feat. Anomie Belle) _____ 1. C'est malheureux de la g\u00e2cher avec un titre aussi moisi, je sais.","rel":"","context":"Dans &quot;DPC&quot;","block_context":{"text":"DPC","link":"https:\/\/www.wallendorff.com\/belogue\/category\/dpc\/"},"img":{"alt_text":"","src":"https:\/\/i0.wp.com\/www.wallendorff.com\/belogue\/wp-content\/uploads\/2015\/04\/201209101.jpg?resize=350%2C200&ssl=1","width":350,"height":200,"srcset":"https:\/\/i0.wp.com\/www.wallendorff.com\/belogue\/wp-content\/uploads\/2015\/04\/201209101.jpg?resize=350%2C200&ssl=1 1x, https:\/\/i0.wp.com\/www.wallendorff.com\/belogue\/wp-content\/uploads\/2015\/04\/201209101.jpg?resize=525%2C300&ssl=1 1.5x, https:\/\/i0.wp.com\/www.wallendorff.com\/belogue\/wp-content\/uploads\/2015\/04\/201209101.jpg?resize=700%2C400&ssl=1 2x"},"classes":[]},{"id":134263,"url":"https:\/\/www.wallendorff.com\/belogue\/2025\/10\/31\/octobre-2025\/","url_meta":{"origin":48131,"position":3},"title":"Octobre 2025.","author":"dpc","date":"31 octobre 2025","format":false,"excerpt":"Une valise, un m\u00e9tro, un quai de Seine, un m\u00e9tro, un quai de m\u00e9tro, une voiture, un TER, une gare, un TGV, un matin calme, une grosse p\u00e9niche, un arr\u00eat de bus, une paire de jambes, une lampe, un tableau, une expo, une silhouette, une grosse horloge, un reflet, un\u2026","rel":"","context":"Dans &quot;Blog-note&quot;","block_context":{"text":"Blog-note","link":"https:\/\/www.wallendorff.com\/belogue\/category\/blog-note\/"},"img":{"alt_text":"","src":"https:\/\/i0.wp.com\/www.wallendorff.com\/belogue\/wp-content\/uploads\/2025\/11\/20251103-17.jpg?resize=350%2C200&ssl=1","width":350,"height":200,"srcset":"https:\/\/i0.wp.com\/www.wallendorff.com\/belogue\/wp-content\/uploads\/2025\/11\/20251103-17.jpg?resize=350%2C200&ssl=1 1x, https:\/\/i0.wp.com\/www.wallendorff.com\/belogue\/wp-content\/uploads\/2025\/11\/20251103-17.jpg?resize=525%2C300&ssl=1 1.5x, https:\/\/i0.wp.com\/www.wallendorff.com\/belogue\/wp-content\/uploads\/2025\/11\/20251103-17.jpg?resize=700%2C400&ssl=1 2x, https:\/\/i0.wp.com\/www.wallendorff.com\/belogue\/wp-content\/uploads\/2025\/11\/20251103-17.jpg?resize=1050%2C600&ssl=1 3x"},"classes":[]},{"id":135486,"url":"https:\/\/www.wallendorff.com\/belogue\/2026\/03\/11\/air-sur-meuse\/","url_meta":{"origin":48131,"position":4},"title":"Air sur Meuse.","author":"dpc","date":"11 mars 2026","format":false,"excerpt":"Givet, 24 d\u00e9cembre 2025.","rel":"","context":"Dans &quot;DPC&quot;","block_context":{"text":"DPC","link":"https:\/\/www.wallendorff.com\/belogue\/category\/dpc\/"},"img":{"alt_text":"","src":"https:\/\/i0.wp.com\/www.wallendorff.com\/belogue\/wp-content\/uploads\/2026\/03\/20260311.jpg?resize=350%2C200&ssl=1","width":350,"height":200,"srcset":"https:\/\/i0.wp.com\/www.wallendorff.com\/belogue\/wp-content\/uploads\/2026\/03\/20260311.jpg?resize=350%2C200&ssl=1 1x, https:\/\/i0.wp.com\/www.wallendorff.com\/belogue\/wp-content\/uploads\/2026\/03\/20260311.jpg?resize=525%2C300&ssl=1 1.5x, https:\/\/i0.wp.com\/www.wallendorff.com\/belogue\/wp-content\/uploads\/2026\/03\/20260311.jpg?resize=700%2C400&ssl=1 2x, https:\/\/i0.wp.com\/www.wallendorff.com\/belogue\/wp-content\/uploads\/2026\/03\/20260311.jpg?resize=1050%2C600&ssl=1 3x"},"classes":[]},{"id":134969,"url":"https:\/\/www.wallendorff.com\/belogue\/2025\/12\/31\/decembre-2025\/","url_meta":{"origin":48131,"position":5},"title":"D\u00e9cembre 2025.","author":"dpc","date":"31 d\u00e9cembre 2025","format":false,"excerpt":"Des toilettes, un num\u00e9ro, une gare, une flaque, une averse, une r\u00e9p\u00e9tition, des balances, un concert, un train, une gare, un reflet, un quai, des balances, un miroir, un concert, des macarons, une boulangerie, une route, un sapin de No\u00ebl, un arbre au lever du soleil, une ruelle, des chats\u2026","rel":"","context":"Dans &quot;Blog-note&quot;","block_context":{"text":"Blog-note","link":"https:\/\/www.wallendorff.com\/belogue\/category\/blog-note\/"},"img":{"alt_text":"","src":"https:\/\/i0.wp.com\/www.wallendorff.com\/belogue\/wp-content\/uploads\/2026\/01\/20260109-51.jpg?resize=350%2C200&ssl=1","width":350,"height":200,"srcset":"https:\/\/i0.wp.com\/www.wallendorff.com\/belogue\/wp-content\/uploads\/2026\/01\/20260109-51.jpg?resize=350%2C200&ssl=1 1x, https:\/\/i0.wp.com\/www.wallendorff.com\/belogue\/wp-content\/uploads\/2026\/01\/20260109-51.jpg?resize=525%2C300&ssl=1 1.5x, https:\/\/i0.wp.com\/www.wallendorff.com\/belogue\/wp-content\/uploads\/2026\/01\/20260109-51.jpg?resize=700%2C400&ssl=1 2x, https:\/\/i0.wp.com\/www.wallendorff.com\/belogue\/wp-content\/uploads\/2026\/01\/20260109-51.jpg?resize=1050%2C600&ssl=1 3x"},"classes":[]}],"_links":{"self":[{"href":"https:\/\/www.wallendorff.com\/belogue\/wp-json\/wp\/v2\/posts\/48131","targetHints":{"allow":["GET"]}}],"collection":[{"href":"https:\/\/www.wallendorff.com\/belogue\/wp-json\/wp\/v2\/posts"}],"about":[{"href":"https:\/\/www.wallendorff.com\/belogue\/wp-json\/wp\/v2\/types\/post"}],"author":[{"embeddable":true,"href":"https:\/\/www.wallendorff.com\/belogue\/wp-json\/wp\/v2\/users\/1"}],"replies":[{"embeddable":true,"href":"https:\/\/www.wallendorff.com\/belogue\/wp-json\/wp\/v2\/comments?post=48131"}],"version-history":[{"count":1,"href":"https:\/\/www.wallendorff.com\/belogue\/wp-json\/wp\/v2\/posts\/48131\/revisions"}],"predecessor-version":[{"id":48136,"href":"https:\/\/www.wallendorff.com\/belogue\/wp-json\/wp\/v2\/posts\/48131\/revisions\/48136"}],"wp:featuredmedia":[{"embeddable":true,"href":"https:\/\/www.wallendorff.com\/belogue\/wp-json\/wp\/v2\/media\/48134"}],"wp:attachment":[{"href":"https:\/\/www.wallendorff.com\/belogue\/wp-json\/wp\/v2\/media?parent=48131"}],"wp:term":[{"taxonomy":"category","embeddable":true,"href":"https:\/\/www.wallendorff.com\/belogue\/wp-json\/wp\/v2\/categories?post=48131"},{"taxonomy":"post_tag","embeddable":true,"href":"https:\/\/www.wallendorff.com\/belogue\/wp-json\/wp\/v2\/tags?post=48131"}],"curies":[{"name":"wp","href":"https:\/\/api.w.org\/{rel}","templated":true}]}}