{"id":48110,"date":"2021-03-24T09:03:40","date_gmt":"2021-03-24T07:03:40","guid":{"rendered":"https:\/\/www.wallendorff.com\/belogue\/?p=48110"},"modified":"2021-03-24T09:03:43","modified_gmt":"2021-03-24T07:03:43","slug":"reflexion-faite","status":"publish","type":"post","link":"https:\/\/www.wallendorff.com\/belogue\/2021\/03\/24\/reflexion-faite\/","title":{"rendered":"R\u00e9flexion fa\u00eete."},"content":{"rendered":"<div id=\"photo\">\n<p><img decoding=\"async\" src=\"https:\/\/www.wallendorff.com\/belogue\/wp-content\/uploads\/2021\/03\/20210324.jpg\"><br \/>\nRue de Grenelle, Paris, 18 d\u00e9cembre 2020.<\/p>\n<\/div>\n<div id=\"bandeson\"><img decoding=\"async\" src=\"https:\/\/www.wallendorff.com\/belogue\/photo\/pochettes\/h\/haim-women_in_music_part_iii.jpg\" align=\"left\"><a href=\"http:\/\/www.youtube.com\/watch?v=kQ15Nq1XjRA\"><em>Gasoline<\/em><\/a><br \/>\n<a href=\"http:\/\/www.haimtheband.com\/\">Haim<\/a><\/div>\n","protected":false},"excerpt":{"rendered":"<p>Rue de Grenelle, Paris, 18 d\u00e9cembre 2020. Gasoline Haim<\/p>\n","protected":false},"author":1,"featured_media":48113,"comment_status":"open","ping_status":"open","sticky":false,"template":"","format":"standard","meta":{"_acf_changed":false,"ngg_post_thumbnail":0,"jetpack_post_was_ever_published":false,"_jetpack_newsletter_access":"","_jetpack_dont_email_post_to_subs":false,"_jetpack_newsletter_tier_id":0,"_jetpack_memberships_contains_paywalled_content":false,"_jetpack_memberships_contains_paid_content":false,"footnotes":"","jetpack_publicize_message":"","jetpack_publicize_feature_enabled":true,"jetpack_social_post_already_shared":true,"jetpack_social_options":{"image_generator_settings":{"template":"highway","default_image_id":0,"font":"","enabled":false},"version":2}},"categories":[3],"tags":[10235,16650,16711,2469,10120,15878,15309,16939,11315,10121,10646,10147,10098,10262,11658],"class_list":["post-48110","post","type-post","status-publish","format-standard","has-post-thumbnail","hentry","category-dpc","tag-10235","tag-couvre-feu","tag-covid-19","tag-flaque","tag-france","tag-fujifilm-x-t3","tag-fujinon-xf-16-55-mm-f-2-8-r-lm-wr","tag-gasoline","tag-haim","tag-ile-de-france","tag-immeuble","tag-nuit","tag-paris","tag-reflet","tag-rue-de-grenelle"],"acf":[],"geo":{"latitude":48.858345,"longitude":2.3116672,"description":"Paris 07, \u00cele-de-France, 75355 SP 07, FR"},"jetpack_publicize_connections":[],"jetpack_featured_media_url":"https:\/\/www.wallendorff.com\/belogue\/wp-content\/uploads\/2021\/03\/20210324.jpg","jetpack_shortlink":"https:\/\/wp.me\/p3b35P-cvY","jetpack_sharing_enabled":true,"jetpack-related-posts":[{"id":21603,"url":"https:\/\/www.wallendorff.com\/belogue\/2013\/09\/16\/pis-a-prismes-34\/","url_meta":{"origin":48110,"position":0},"title":"Pis \u00e0 prismes #34.","author":"dpc","date":"16 septembre 2013","format":false,"excerpt":"Rue de Grenelle, Paris, 11 ao\u00fbt. Pale ImitationYoav","rel":"","context":"Dans &quot;Pis \u00e0 prismes&quot;","block_context":{"text":"Pis \u00e0 prismes","link":"https:\/\/www.wallendorff.com\/belogue\/category\/pis-a-prismes\/"},"img":{"alt_text":"","src":"https:\/\/i0.wp.com\/www.wallendorff.com\/belogue\/wp-content\/uploads\/2015\/04\/201309161.jpg?resize=350%2C200&ssl=1","width":350,"height":200},"classes":[]},{"id":62,"url":"https:\/\/www.wallendorff.com\/belogue\/2005\/09\/16\/gens-tendent-et-voient\/","url_meta":{"origin":48110,"position":1},"title":"Gens tendent et voient.","author":"dpc","date":"16 septembre 2005","format":false,"excerpt":"La Motte-Piquet \u2013 Grenelle, Paris, 9 septembre. \"Well I've seen the battle and I've seen the war And the life laying here is the life I've been told\" \u00a0Black Rebel Motorcycle Club \u2013 Devil's Waiting","rel":"","context":"Dans &quot;DPC&quot;","block_context":{"text":"DPC","link":"https:\/\/www.wallendorff.com\/belogue\/category\/dpc\/"},"img":{"alt_text":"","src":"https:\/\/i0.wp.com\/www.wallendorff.com\/belogue\/wp-content\/uploads\/2015\/04\/200509161.jpg?resize=350%2C200&ssl=1","width":350,"height":200},"classes":[]},{"id":21059,"url":"https:\/\/www.wallendorff.com\/belogue\/2013\/06\/04\/haim-le-nouveau-casino-paris-2-juin\/","url_meta":{"origin":48110,"position":2},"title":"Haim @ le Nouveau Casino, Paris, 2 juin.","author":"dpc","date":"4 juin 2013","format":false,"excerpt":"Pop mielleuse sur disque mais beaucoup plus rock sur sc\u00e8ne. Je me suis demand\u00e9 s'il s'agissait bien du m\u00eame trio de s\u0153urs. Don't Save MeHaim \u00a0","rel":"","context":"Dans &quot;Alive&quot;","block_context":{"text":"Alive","link":"https:\/\/www.wallendorff.com\/belogue\/category\/alive\/"},"img":{"alt_text":"","src":"https:\/\/i0.wp.com\/www.wallendorff.com\/belogue\/wp-content\/uploads\/2015\/04\/20130604.jpg?resize=350%2C200&ssl=1","width":350,"height":200,"srcset":"https:\/\/i0.wp.com\/www.wallendorff.com\/belogue\/wp-content\/uploads\/2015\/04\/20130604.jpg?resize=350%2C200&ssl=1 1x, https:\/\/i0.wp.com\/www.wallendorff.com\/belogue\/wp-content\/uploads\/2015\/04\/20130604.jpg?resize=525%2C300&ssl=1 1.5x, https:\/\/i0.wp.com\/www.wallendorff.com\/belogue\/wp-content\/uploads\/2015\/04\/20130604.jpg?resize=700%2C400&ssl=1 2x"},"classes":[]},{"id":20553,"url":"https:\/\/www.wallendorff.com\/belogue\/2013\/03\/06\/il-etait-une-froid\/","url_meta":{"origin":48110,"position":3},"title":"Il \u00e9tait une froid.","author":"dpc","date":"6 mars 2013","format":false,"excerpt":"Rue de la Bonne, Paris, 19 janvier. M\u00eame rue, m\u00eame temps, m\u00eame samedi matin, m\u00eame ambiance et m\u00eame \u00e9poque que la photo de l'ann\u00e9e derni\u00e8re et, comme l'ann\u00e9e derni\u00e8re, je ne sais pas pourquoi je la poste. Don't Save MeHaim","rel":"","context":"Dans &quot;DPC&quot;","block_context":{"text":"DPC","link":"https:\/\/www.wallendorff.com\/belogue\/category\/dpc\/"},"img":{"alt_text":"","src":"https:\/\/i0.wp.com\/www.wallendorff.com\/belogue\/wp-content\/uploads\/2015\/04\/20130306.jpg?resize=350%2C200&ssl=1","width":350,"height":200,"srcset":"https:\/\/i0.wp.com\/www.wallendorff.com\/belogue\/wp-content\/uploads\/2015\/04\/20130306.jpg?resize=350%2C200&ssl=1 1x, https:\/\/i0.wp.com\/www.wallendorff.com\/belogue\/wp-content\/uploads\/2015\/04\/20130306.jpg?resize=525%2C300&ssl=1 1.5x, https:\/\/i0.wp.com\/www.wallendorff.com\/belogue\/wp-content\/uploads\/2015\/04\/20130306.jpg?resize=700%2C400&ssl=1 2x"},"classes":[]},{"id":21420,"url":"https:\/\/www.wallendorff.com\/belogue\/2013\/08\/07\/shooting-people-106\/","url_meta":{"origin":48110,"position":4},"title":"Shooting people #106.","author":"dpc","date":"7 ao\u00fbt 2013","format":false,"excerpt":"Gusti, Paris, 2 juin. Haim pour le num\u00e9ro 3 de The Blind Magazine. Do You Want to (Erol Alkan's Glam Racket) Franz Ferdinand","rel":"","context":"Dans &quot;Portraits&quot;","block_context":{"text":"Portraits","link":"https:\/\/www.wallendorff.com\/belogue\/category\/portraits\/"},"img":{"alt_text":"","src":"https:\/\/i0.wp.com\/www.wallendorff.com\/belogue\/wp-content\/uploads\/2015\/04\/201308071.jpg?resize=350%2C200&ssl=1","width":350,"height":200},"classes":[]},{"id":7731,"url":"https:\/\/www.wallendorff.com\/belogue\/2010\/06\/20\/fond-de-tiroir-11\/","url_meta":{"origin":48110,"position":5},"title":"Fond de tiroir #11.","author":"dpc","date":"20 juin 2010","format":false,"excerpt":"Eleven City Diner, Chicago, 1er mai 2009. \u00a0Weezer \u2013 Pork and Beans","rel":"","context":"Dans &quot;DPC&quot;","block_context":{"text":"DPC","link":"https:\/\/www.wallendorff.com\/belogue\/category\/dpc\/"},"img":{"alt_text":"","src":"https:\/\/i0.wp.com\/www.wallendorff.com\/belogue\/wp-content\/uploads\/2015\/04\/201006201.jpg?resize=350%2C200&ssl=1","width":350,"height":200},"classes":[]}],"_links":{"self":[{"href":"https:\/\/www.wallendorff.com\/belogue\/wp-json\/wp\/v2\/posts\/48110","targetHints":{"allow":["GET"]}}],"collection":[{"href":"https:\/\/www.wallendorff.com\/belogue\/wp-json\/wp\/v2\/posts"}],"about":[{"href":"https:\/\/www.wallendorff.com\/belogue\/wp-json\/wp\/v2\/types\/post"}],"author":[{"embeddable":true,"href":"https:\/\/www.wallendorff.com\/belogue\/wp-json\/wp\/v2\/users\/1"}],"replies":[{"embeddable":true,"href":"https:\/\/www.wallendorff.com\/belogue\/wp-json\/wp\/v2\/comments?post=48110"}],"version-history":[{"count":2,"href":"https:\/\/www.wallendorff.com\/belogue\/wp-json\/wp\/v2\/posts\/48110\/revisions"}],"predecessor-version":[{"id":48114,"href":"https:\/\/www.wallendorff.com\/belogue\/wp-json\/wp\/v2\/posts\/48110\/revisions\/48114"}],"wp:featuredmedia":[{"embeddable":true,"href":"https:\/\/www.wallendorff.com\/belogue\/wp-json\/wp\/v2\/media\/48113"}],"wp:attachment":[{"href":"https:\/\/www.wallendorff.com\/belogue\/wp-json\/wp\/v2\/media?parent=48110"}],"wp:term":[{"taxonomy":"category","embeddable":true,"href":"https:\/\/www.wallendorff.com\/belogue\/wp-json\/wp\/v2\/categories?post=48110"},{"taxonomy":"post_tag","embeddable":true,"href":"https:\/\/www.wallendorff.com\/belogue\/wp-json\/wp\/v2\/tags?post=48110"}],"curies":[{"name":"wp","href":"https:\/\/api.w.org\/{rel}","templated":true}]}}