{"id":48100,"date":"2021-03-21T13:08:07","date_gmt":"2021-03-21T11:08:07","guid":{"rendered":"https:\/\/www.wallendorff.com\/belogue\/?p=48100"},"modified":"2021-04-11T22:26:20","modified_gmt":"2021-04-11T20:26:20","slug":"les-couvre-feux-de-lamour","status":"publish","type":"post","link":"https:\/\/www.wallendorff.com\/belogue\/2021\/03\/21\/les-couvre-feux-de-lamour\/","title":{"rendered":"Les couvre-feux de l&rsquo;amour."},"content":{"rendered":"<div id=\"photo\">\n<img decoding=\"async\" src=\"https:\/\/www.wallendorff.com\/belogue\/wp-content\/uploads\/2021\/03\/20210321.jpg\"><br \/>\nRue de Furstemberg, Paris, 8 d\u00e9cembre 2020.<\/div>\n<div id=\"bandeson\">\n<img decoding=\"async\" src=\"https:\/\/www.wallendorff.com\/belogue\/photo\/pochettes\/h\/harvey_pj-stories_from_the_city_stories_from_the_sea_demos.jpg\" align=\"left\"><a href=\"https:\/\/www.youtube.com\/watch?v=kkKaQQB4Pks\"><em>This Mess We&rsquo;re in<\/em> (demo)<\/a><br \/>\n<a href=\"http:\/\/www.pjharvey.net\/\">PJ Harvey<\/a><\/div>\n","protected":false},"excerpt":{"rendered":"<p>Rue de Furstemberg, Paris, 8 d\u00e9cembre 2020. This Mess We&rsquo;re in (demo) PJ Harvey<\/p>\n","protected":false},"author":1,"featured_media":48102,"comment_status":"open","ping_status":"open","sticky":false,"template":"","format":"standard","meta":{"_acf_changed":false,"ngg_post_thumbnail":0,"jetpack_post_was_ever_published":false,"_jetpack_newsletter_access":"","_jetpack_dont_email_post_to_subs":false,"_jetpack_newsletter_tier_id":0,"_jetpack_memberships_contains_paywalled_content":false,"_jetpack_memberships_contains_paid_content":false,"footnotes":"","jetpack_publicize_message":"","jetpack_publicize_feature_enabled":true,"jetpack_social_post_already_shared":true,"jetpack_social_options":{"image_generator_settings":{"template":"highway","default_image_id":0,"font":"","enabled":false},"version":2}},"categories":[3],"tags":[10239,10359,10120,15878,14268,10121,10278,10147,10098,10180,16878,12561],"class_list":["post-48100","post","type-post","status-publish","format-standard","has-post-thumbnail","hentry","category-dpc","tag-10239","tag-couple","tag-france","tag-fujifilm-x-t3","tag-fujinon-xf-18-mm-f2-0","tag-ile-de-france","tag-lampadaire","tag-nuit","tag-paris","tag-pj-harvey","tag-rue-de-furstemberg","tag-this-mess-were-in"],"acf":[],"geo":{"latitude":48.8542328,"longitude":2.3356757,"description":"Paris 06, \u00cele-de-France, 75006, FR"},"jetpack_publicize_connections":[],"jetpack_featured_media_url":"https:\/\/www.wallendorff.com\/belogue\/wp-content\/uploads\/2021\/03\/20210321.jpg","jetpack_shortlink":"https:\/\/wp.me\/p3b35P-cvO","jetpack_sharing_enabled":true,"jetpack-related-posts":[{"id":12803,"url":"https:\/\/www.wallendorff.com\/belogue\/2011\/05\/25\/shooting-popples-2\/","url_meta":{"origin":48100,"position":0},"title":"Shooting popples #2.","author":"dpc","date":"25 mai 2011","format":false,"excerpt":"Rue de Crim\u00e9e, Paris, 29 avril. Miaou. \u00a0PJ Harvey \u2013 Cat on the Wall [Oui c'est un peu facile je sais]","rel":"","context":"Dans &quot;DPC&quot;","block_context":{"text":"DPC","link":"https:\/\/www.wallendorff.com\/belogue\/category\/dpc\/"},"img":{"alt_text":"","src":"https:\/\/i0.wp.com\/www.wallendorff.com\/belogue\/wp-content\/uploads\/2015\/04\/201105251.jpg?resize=350%2C200&ssl=1","width":350,"height":200},"classes":[]},{"id":17403,"url":"https:\/\/www.wallendorff.com\/belogue\/2012\/05\/22\/down-to-dusk\/","url_meta":{"origin":48100,"position":1},"title":"Down to dusk.","author":"dpc","date":"22 mai 2012","format":false,"excerpt":"Rue de la Bonne, Paris, 6 avril. A Place Called HomePJ Harvey","rel":"","context":"Dans &quot;DPC&quot;","block_context":{"text":"DPC","link":"https:\/\/www.wallendorff.com\/belogue\/category\/dpc\/"},"img":{"alt_text":"","src":"https:\/\/i0.wp.com\/www.wallendorff.com\/belogue\/wp-content\/uploads\/2015\/04\/201205221.jpg?resize=350%2C200&ssl=1","width":350,"height":200,"srcset":"https:\/\/i0.wp.com\/www.wallendorff.com\/belogue\/wp-content\/uploads\/2015\/04\/201205221.jpg?resize=350%2C200&ssl=1 1x, https:\/\/i0.wp.com\/www.wallendorff.com\/belogue\/wp-content\/uploads\/2015\/04\/201205221.jpg?resize=525%2C300&ssl=1 1.5x"},"classes":[]},{"id":7490,"url":"https:\/\/www.wallendorff.com\/belogue\/2010\/05\/03\/w19602010\/","url_meta":{"origin":48100,"position":2},"title":"1960-2010","author":"dpc","date":"3 mai 2010","format":false,"excerpt":"1er mai. \u00a0PJ Harvey \u2013 The End","rel":"","context":"Dans &quot;DPC&quot;","block_context":{"text":"DPC","link":"https:\/\/www.wallendorff.com\/belogue\/category\/dpc\/"},"img":{"alt_text":"","src":"https:\/\/i0.wp.com\/www.wallendorff.com\/belogue\/wp-content\/uploads\/2015\/04\/201005031.jpg?resize=350%2C200&ssl=1","width":350,"height":200,"srcset":"https:\/\/i0.wp.com\/www.wallendorff.com\/belogue\/wp-content\/uploads\/2015\/04\/201005031.jpg?resize=350%2C200&ssl=1 1x, https:\/\/i0.wp.com\/www.wallendorff.com\/belogue\/wp-content\/uploads\/2015\/04\/201005031.jpg?resize=525%2C300&ssl=1 1.5x"},"classes":[]},{"id":980,"url":"https:\/\/www.wallendorff.com\/belogue\/2007\/06\/22\/rues-aiments-mal-mes-sons\/","url_meta":{"origin":48100,"position":3},"title":"Rues aiment mal mes sons.","author":"dpc","date":"22 juin 2007","format":false,"excerpt":"Rue du Faubourg Saint-Denis, Paris, 21 juin. Just give me something I can believe. \u00a0PJ Harvey \u2013 The Whores Hustle and the Hustlers Whore","rel":"","context":"Dans &quot;DPC&quot;","block_context":{"text":"DPC","link":"https:\/\/www.wallendorff.com\/belogue\/category\/dpc\/"},"img":{"alt_text":"","src":"https:\/\/i0.wp.com\/www.wallendorff.com\/belogue\/wp-content\/uploads\/2015\/04\/200706221.jpg?resize=350%2C200&ssl=1","width":350,"height":200},"classes":[]},{"id":1109,"url":"https:\/\/www.wallendorff.com\/belogue\/2007\/12\/14\/botes-bout-lorgne\/","url_meta":{"origin":48100,"position":4},"title":"Bo\u00eetes-bout lorgne.","author":"dpc","date":"14 d\u00e9cembre 2007","format":false,"excerpt":"Rue des Cascades, Paris, 17 novembre. Rions un peu avec nos amies les rockstars\u00a0: Valium\u00a0: \u00ab\u00a0Alors \u00e7a se passe bien cette journ\u00e9e promo\u00a0?\u00a0\u00bb Bassiste\u00a0: \u00ab\u00a0Oui, \u00e0 part que ce matin j'ai parl\u00e9 du groupe du fils de Sting \u00e0 Chanteur en lui expliquant que \u00e7a sonne comme Police mais en\u2026","rel":"","context":"Dans &quot;DPC&quot;","block_context":{"text":"DPC","link":"https:\/\/www.wallendorff.com\/belogue\/category\/dpc\/"},"img":{"alt_text":"","src":"https:\/\/i0.wp.com\/www.wallendorff.com\/belogue\/wp-content\/uploads\/2015\/04\/200712141.jpg?resize=350%2C200&ssl=1","width":350,"height":200},"classes":[]},{"id":312,"url":"https:\/\/www.wallendorff.com\/belogue\/2005\/07\/21\/cliche-au-gens-bons-cliche-au-forts-mages\/","url_meta":{"origin":48100,"position":5},"title":"Cliche&sup1; au gens bons, cliche au forts mages&#8230;","author":"dpc","date":"21 juillet 2005","format":false,"excerpt":"Rue de la Sourderie, Blois, 15 juillet. ... Cliche va \u00eatre ma lad\u00a0? Chez moi c'est d'home \u00e2ge. \u00a0PJ Harvey \u2013 Pocket Knife _____ 1 Cliche (n. f.)\u00a0: \u00c9quivalent ardennais de \"clanche2\". 2 Clanche (n. f.)\u00a0: \u00c9quivalent lorrain de \"poign\u00e9e de porte\".","rel":"","context":"Dans &quot;DPC&quot;","block_context":{"text":"DPC","link":"https:\/\/www.wallendorff.com\/belogue\/category\/dpc\/"},"img":{"alt_text":"","src":"https:\/\/i0.wp.com\/www.wallendorff.com\/belogue\/wp-content\/uploads\/2015\/04\/200507211.jpg?resize=350%2C200&ssl=1","width":350,"height":200},"classes":[]}],"_links":{"self":[{"href":"https:\/\/www.wallendorff.com\/belogue\/wp-json\/wp\/v2\/posts\/48100","targetHints":{"allow":["GET"]}}],"collection":[{"href":"https:\/\/www.wallendorff.com\/belogue\/wp-json\/wp\/v2\/posts"}],"about":[{"href":"https:\/\/www.wallendorff.com\/belogue\/wp-json\/wp\/v2\/types\/post"}],"author":[{"embeddable":true,"href":"https:\/\/www.wallendorff.com\/belogue\/wp-json\/wp\/v2\/users\/1"}],"replies":[{"embeddable":true,"href":"https:\/\/www.wallendorff.com\/belogue\/wp-json\/wp\/v2\/comments?post=48100"}],"version-history":[{"count":3,"href":"https:\/\/www.wallendorff.com\/belogue\/wp-json\/wp\/v2\/posts\/48100\/revisions"}],"predecessor-version":[{"id":48104,"href":"https:\/\/www.wallendorff.com\/belogue\/wp-json\/wp\/v2\/posts\/48100\/revisions\/48104"}],"wp:featuredmedia":[{"embeddable":true,"href":"https:\/\/www.wallendorff.com\/belogue\/wp-json\/wp\/v2\/media\/48102"}],"wp:attachment":[{"href":"https:\/\/www.wallendorff.com\/belogue\/wp-json\/wp\/v2\/media?parent=48100"}],"wp:term":[{"taxonomy":"category","embeddable":true,"href":"https:\/\/www.wallendorff.com\/belogue\/wp-json\/wp\/v2\/categories?post=48100"},{"taxonomy":"post_tag","embeddable":true,"href":"https:\/\/www.wallendorff.com\/belogue\/wp-json\/wp\/v2\/tags?post=48100"}],"curies":[{"name":"wp","href":"https:\/\/api.w.org\/{rel}","templated":true}]}}