{"id":48,"date":"2005-10-22T10:31:18","date_gmt":"2005-10-22T10:31:18","guid":{"rendered":"http:\/\/www.po-l.com\/wordpress\/?p=48"},"modified":"2011-12-09T19:46:03","modified_gmt":"2011-12-09T17:46:03","slug":"eiffel-secondairle","status":"publish","type":"post","link":"https:\/\/www.wallendorff.com\/belogue\/2005\/10\/22\/eiffel-secondairle\/","title":{"rendered":"Eiffel secondairle."},"content":{"rendered":"\n<div id=\"photo\">\n<p><img decoding=\"async\" src=\"http:\/\/www.po-L.com\/belogue\/photo\/2005\/10\/20051022.jpg\" \/><br \/>\n          Champ de Mars, Paris, 26 septembre.<\/p>\n<\/p><\/div>\n<p style=\"text-align:right\">Et l&agrave;, tu vois, ben tout va bien, en fait.<\/p>\n<p style=\"text-align:right\">&quot;<em>There is still so much to see,<br \/>\n        There is&nbsp;still so much to do.<\/em>&quot;<\/p>\n<div id=\"bandeson\">\n<p><img decoding=\"async\" src=\"https:\/\/www.wallendorff.com\/belogue\/photo\/pochettes\/v\/vek_tom-we_have_sound.jpg\" align=\"left\" \/>&nbsp;<a href=\"http:\/\/www.tomvek.tv\/\">Tom Vek<\/a> &mdash; <em>I Ain&rsquo;t Saying My Goodbyes<\/em>        <\/p>\n<\/p><\/div>\n","protected":false},"excerpt":{"rendered":"<p>Champ de Mars, Paris, 26 septembre. Et l&agrave;, tu vois, ben tout va bien, en fait. &quot;There is still so much to see, There is&nbsp;still so much to do.&quot; &nbsp;Tom Vek &mdash; I Ain&rsquo;t Saying My Goodbyes<\/p>\n","protected":false},"author":1,"featured_media":23985,"comment_status":"open","ping_status":"open","sticky":false,"template":"","format":"standard","meta":{"_acf_changed":false,"ngg_post_thumbnail":0,"jetpack_post_was_ever_published":false,"_jetpack_newsletter_access":"","_jetpack_dont_email_post_to_subs":false,"_jetpack_newsletter_tier_id":0,"_jetpack_memberships_contains_paywalled_content":false,"_jetpack_memberships_contains_paid_content":false,"footnotes":"","jetpack_publicize_message":"","jetpack_publicize_feature_enabled":true,"jetpack_social_post_already_shared":false,"jetpack_social_options":{"image_generator_settings":{"template":"highway","default_image_id":0,"font":"","enabled":false},"version":2}},"categories":[13],"tags":[10235,142,132,1271,10246,10120,1272,10121,1273,143,10098,10298,10236],"class_list":["post-48","post","type-post","status-publish","format-standard","has-post-thumbnail","hentry","category-pis-a-prismes","tag-10235","tag-ef-s-10-22-mm-f35-45-usm","tag-eos-20d","tag-champs-de-mars","tag-contre-jour","tag-france","tag-i-aint-saying-my-goodbyes","tag-ile-de-france","tag-mur-pour-la-paix","tag-noir-et-blanc","tag-paris","tag-tom-vek","tag-tour-eiffel"],"acf":[],"geo":{"latitude":48.85355,"longitude":2.3020864,"description":"Avenue Anatole France, 75007 Paris, France"},"jetpack_publicize_connections":[],"jetpack_featured_media_url":"https:\/\/www.wallendorff.com\/belogue\/wp-content\/uploads\/2015\/04\/200510221.jpg","jetpack_shortlink":"https:\/\/wp.me\/p3b35P-M","jetpack_sharing_enabled":true,"jetpack-related-posts":[{"id":14744,"url":"https:\/\/www.wallendorff.com\/belogue\/2011\/12\/10\/tom-vek-im-takt-le-nouveau-casino-paris\/","url_meta":{"origin":48,"position":0},"title":"Tom Vek + Im Takt @ le Nouveau Casino, Paris.","author":"dpc","date":"10 d\u00e9cembre 2011","format":false,"excerpt":"Someone Loves You | We Do Nothing | Nothing But Green Lights | On a Plate | World of Doubt | A Little Word in Your Ear | Too Bad | Cover | C-C (You Set the Fire in Me) | Hold Your Hand | A Chore | I Ain't\u2026","rel":"","context":"Dans &quot;Alive&quot;","block_context":{"text":"Alive","link":"https:\/\/www.wallendorff.com\/belogue\/category\/alive\/"},"img":{"alt_text":"","src":"https:\/\/i0.wp.com\/www.wallendorff.com\/belogue\/wp-content\/uploads\/2015\/04\/201112101.jpg?resize=350%2C200&ssl=1","width":350,"height":200,"srcset":"https:\/\/i0.wp.com\/www.wallendorff.com\/belogue\/wp-content\/uploads\/2015\/04\/201112101.jpg?resize=350%2C200&ssl=1 1x, https:\/\/i0.wp.com\/www.wallendorff.com\/belogue\/wp-content\/uploads\/2015\/04\/201112101.jpg?resize=525%2C300&ssl=1 1.5x, https:\/\/i0.wp.com\/www.wallendorff.com\/belogue\/wp-content\/uploads\/2015\/04\/201112101.jpg?resize=700%2C400&ssl=1 2x"},"classes":[]},{"id":13165,"url":"https:\/\/www.wallendorff.com\/belogue\/2011\/08\/26\/des-os-redonnes\/","url_meta":{"origin":48,"position":1},"title":"Des os, redonn\u00e9s.","author":"dpc","date":"26 ao\u00fbt 2011","format":false,"excerpt":"Station Cit\u00e9, Paris, 26 juillet. [Sleepless in Cit\u00e9 no IV.] Sifflotons l'air de rien. \u00a0Tom Vek \u2013 Close Mic'ed","rel":"","context":"Dans &quot;DPC&quot;","block_context":{"text":"DPC","link":"https:\/\/www.wallendorff.com\/belogue\/category\/dpc\/"},"img":{"alt_text":"","src":"https:\/\/i0.wp.com\/www.wallendorff.com\/belogue\/wp-content\/uploads\/2015\/04\/201108261.jpg?resize=350%2C200&ssl=1","width":350,"height":200,"srcset":"https:\/\/i0.wp.com\/www.wallendorff.com\/belogue\/wp-content\/uploads\/2015\/04\/201108261.jpg?resize=350%2C200&ssl=1 1x, https:\/\/i0.wp.com\/www.wallendorff.com\/belogue\/wp-content\/uploads\/2015\/04\/201108261.jpg?resize=525%2C300&ssl=1 1.5x"},"classes":[]},{"id":37,"url":"https:\/\/www.wallendorff.com\/belogue\/2005\/10\/29\/previously-unreleased-22\/","url_meta":{"origin":48,"position":2},"title":"Previously unreleased #221.","author":"dpc","date":"29 octobre 2005","format":false,"excerpt":"Tom Vek, Le Nouveau Casino, Paris, 30 septembre. On va dire que l\u00e0, j'ai oubli\u00e9 personne. \u00a0Nada Surf \u2013 Always Love _____ 1 Jolie tradition repomp\u00e9e d'ici sans teuhon.","rel":"","context":"Dans &quot;Previously unreleased&quot;","block_context":{"text":"Previously unreleased","link":"https:\/\/www.wallendorff.com\/belogue\/category\/previously-unreleased\/"},"img":{"alt_text":"","src":"https:\/\/i0.wp.com\/www.wallendorff.com\/belogue\/wp-content\/uploads\/2015\/04\/200510291.jpg?resize=350%2C200&ssl=1","width":350,"height":200},"classes":[]},{"id":15932,"url":"https:\/\/www.wallendorff.com\/belogue\/2012\/02\/17\/rue-dix-chats\/","url_meta":{"origin":48,"position":3},"title":"Rue Dix-chats.","author":"dpc","date":"17 f\u00e9vrier 2012","format":false,"excerpt":"Rue Bichat, Paris, 7 janvier. DJ Shadow \u2013 Warning Call (feat. Tom Vek) [youtube]http:\/\/www.youtube.com\/watch?v=kCay6cX-YqY[\/youtube]","rel":"","context":"Dans &quot;DPC&quot;","block_context":{"text":"DPC","link":"https:\/\/www.wallendorff.com\/belogue\/category\/dpc\/"},"img":{"alt_text":"","src":"https:\/\/i0.wp.com\/www.wallendorff.com\/belogue\/wp-content\/uploads\/2015\/04\/201202171.jpg?resize=350%2C200&ssl=1","width":350,"height":200,"srcset":"https:\/\/i0.wp.com\/www.wallendorff.com\/belogue\/wp-content\/uploads\/2015\/04\/201202171.jpg?resize=350%2C200&ssl=1 1x, https:\/\/i0.wp.com\/www.wallendorff.com\/belogue\/wp-content\/uploads\/2015\/04\/201202171.jpg?resize=525%2C300&ssl=1 1.5x, https:\/\/i0.wp.com\/www.wallendorff.com\/belogue\/wp-content\/uploads\/2015\/04\/201202171.jpg?resize=700%2C400&ssl=1 2x"},"classes":[]},{"id":13831,"url":"https:\/\/www.wallendorff.com\/belogue\/2011\/10\/24\/shooting-people-90\/","url_meta":{"origin":48,"position":4},"title":"Shooting people #90.","author":"dpc","date":"24 octobre 2011","format":false,"excerpt":"Quai de la Gironde, Paris, 16 ao\u00fbt. Tom Vek \u2013 We Do Nothing [youtube]http:\/\/www.youtube.com\/watch?v=pOY411TH4vk[\/youtube]","rel":"","context":"Dans &quot;Portraits&quot;","block_context":{"text":"Portraits","link":"https:\/\/www.wallendorff.com\/belogue\/category\/portraits\/"},"img":{"alt_text":"","src":"https:\/\/i0.wp.com\/www.wallendorff.com\/belogue\/wp-content\/uploads\/2015\/04\/201110241.jpg?resize=350%2C200&ssl=1","width":350,"height":200,"srcset":"https:\/\/i0.wp.com\/www.wallendorff.com\/belogue\/wp-content\/uploads\/2015\/04\/201110241.jpg?resize=350%2C200&ssl=1 1x, https:\/\/i0.wp.com\/www.wallendorff.com\/belogue\/wp-content\/uploads\/2015\/04\/201110241.jpg?resize=525%2C300&ssl=1 1.5x, https:\/\/i0.wp.com\/www.wallendorff.com\/belogue\/wp-content\/uploads\/2015\/04\/201110241.jpg?resize=700%2C400&ssl=1 2x"},"classes":[]},{"id":23214,"url":"https:\/\/www.wallendorff.com\/belogue\/2014\/07\/21\/les-cieux-aussi-au-ciel\/","url_meta":{"origin":48,"position":5},"title":"Les cieux [aussi] au ciel.","author":"dpc","date":"21 juillet 2014","format":false,"excerpt":"Quai de Valmy, Paris, 1er mai. Parce qu'un peu celle-ci quand m\u00eame, sur les bords. Let's Pray Tom Vek","rel":"","context":"Dans &quot;DPC&quot;","block_context":{"text":"DPC","link":"https:\/\/www.wallendorff.com\/belogue\/category\/dpc\/"},"img":{"alt_text":"","src":"https:\/\/i0.wp.com\/www.wallendorff.com\/belogue\/wp-content\/uploads\/2015\/04\/201407211.jpg?resize=350%2C200&ssl=1","width":350,"height":200,"srcset":"https:\/\/i0.wp.com\/www.wallendorff.com\/belogue\/wp-content\/uploads\/2015\/04\/201407211.jpg?resize=350%2C200&ssl=1 1x, https:\/\/i0.wp.com\/www.wallendorff.com\/belogue\/wp-content\/uploads\/2015\/04\/201407211.jpg?resize=525%2C300&ssl=1 1.5x"},"classes":[]}],"_links":{"self":[{"href":"https:\/\/www.wallendorff.com\/belogue\/wp-json\/wp\/v2\/posts\/48","targetHints":{"allow":["GET"]}}],"collection":[{"href":"https:\/\/www.wallendorff.com\/belogue\/wp-json\/wp\/v2\/posts"}],"about":[{"href":"https:\/\/www.wallendorff.com\/belogue\/wp-json\/wp\/v2\/types\/post"}],"author":[{"embeddable":true,"href":"https:\/\/www.wallendorff.com\/belogue\/wp-json\/wp\/v2\/users\/1"}],"replies":[{"embeddable":true,"href":"https:\/\/www.wallendorff.com\/belogue\/wp-json\/wp\/v2\/comments?post=48"}],"version-history":[{"count":1,"href":"https:\/\/www.wallendorff.com\/belogue\/wp-json\/wp\/v2\/posts\/48\/revisions"}],"predecessor-version":[{"id":14740,"href":"https:\/\/www.wallendorff.com\/belogue\/wp-json\/wp\/v2\/posts\/48\/revisions\/14740"}],"wp:featuredmedia":[{"embeddable":true,"href":"https:\/\/www.wallendorff.com\/belogue\/wp-json\/wp\/v2\/media\/23985"}],"wp:attachment":[{"href":"https:\/\/www.wallendorff.com\/belogue\/wp-json\/wp\/v2\/media?parent=48"}],"wp:term":[{"taxonomy":"category","embeddable":true,"href":"https:\/\/www.wallendorff.com\/belogue\/wp-json\/wp\/v2\/categories?post=48"},{"taxonomy":"post_tag","embeddable":true,"href":"https:\/\/www.wallendorff.com\/belogue\/wp-json\/wp\/v2\/tags?post=48"}],"curies":[{"name":"wp","href":"https:\/\/api.w.org\/{rel}","templated":true}]}}