{"id":4795,"date":"2009-10-07T09:50:19","date_gmt":"2009-10-07T07:50:19","guid":{"rendered":"http:\/\/www.po-l.com\/belogue\/?p=4795"},"modified":"2012-07-06T09:44:08","modified_gmt":"2012-07-06T07:44:08","slug":"taxi-dermite","status":"publish","type":"post","link":"https:\/\/www.wallendorff.com\/belogue\/2009\/10\/07\/taxi-dermite\/","title":{"rendered":"Taxi [d&rsquo;ermite]."},"content":{"rendered":"<div id=\"photo\">\n<p><img decoding=\"async\" src=\"https:\/\/www.wallendorff.com\/belogue\/photo\/2009\/10\/20091007.jpg\" \/><br \/>\n59<sup>e<\/sup> rue, New York, 10 mai.<\/p>\n<\/div>\n<div id=\"bandeson\">\n<p><img decoding=\"async\" src=\"https:\/\/www.wallendorff.com\/belogue\/photo\/pochettes\/d\/dresden_dolls_the-yes_virginia.jpg\" align=\"left\" \/>&nbsp;<a href=\"http:\/\/www.dresdendolls.com\/\">The Dresden Dolls<\/a> &ndash; <em>Necessary Evil<\/em><\/p>\n<\/div>\n<p>[Ce titre est nase.]<\/p>\n<p>Cette photo me perturbe parce que, comme la rue est bomb&eacute;e, le taxi n&rsquo;est pas perpendiculaire au fond&nbsp;; du coup il faut choisir entre un taxi de traviolle et un immeuble du fond de guingois pour redresser la photo et &ccedil;a me perturbe. C&rsquo;est s&ucirc;rement pour &ccedil;a que je me suis lev&eacute; ce matin avec une envie de Dresden Dolls que je ne m&rsquo;&eacute;tais pas connue depuis trois ans, &agrave; tous les coups.<\/p>\n<p>Ah sinon j&rsquo;en ai une bien bonne&nbsp;: &laquo;&nbsp;C&rsquo;est Horacio des Expeuwts qui enqu&ecirc;te sur un meurtre au Conservatoire de musique de Miami. Il arrive sur la sc&egrave;ne de cwime, &ocirc;te ses lunettes noires fa&ccedil;on masque de la M&eacute;duse, regarde son assistant d&rsquo;un air de chien battu et lui lance&nbsp;:<\/p>\n<ul>\n<li>&laquo;&nbsp;Alors, John Bewgel Johnelsson Dathelworth, a-t-on relev&eacute; des traces de luth&nbsp;?&nbsp;&raquo;<\/li>\n<li>&laquo;&nbsp;Oui, Horacio, mais on n&rsquo;a pas retrouv&eacute; le cor.&nbsp;&raquo;<\/li>\n<\/ul>\n<p>Le premier qui s&rsquo;avise de me la piquer avant que je la soumette &agrave; Carambar<sup>&reg;<\/sup>, je lui fais les gros yeux &agrave; la Horacio.<\/p>\n<p>J&rsquo;oubliais&nbsp;:  la photo me rappelle le g&eacute;n&eacute;rique des <em>Y a-t-il un flic<\/em>, je trouve.<\/p>\n<p>Et &agrave;  part &ccedil;a, rien.<\/p>\n","protected":false},"excerpt":{"rendered":"<p>59e rue, New York, 10 mai. &nbsp;The Dresden Dolls &ndash; Necessary Evil [Ce titre est nase.] Cette photo me perturbe parce que, comme la rue est bomb&eacute;e, le taxi n&rsquo;est pas perpendiculaire au fond&nbsp;; du coup il faut choisir entre un taxi de traviolle et un immeuble du fond de guingois pour redresser la photo&hellip;<\/p>\n","protected":false},"author":1,"featured_media":25551,"comment_status":"open","ping_status":"open","sticky":false,"template":"","format":"standard","meta":{"_acf_changed":false,"ngg_post_thumbnail":0,"jetpack_post_was_ever_published":false,"_jetpack_newsletter_access":"","_jetpack_dont_email_post_to_subs":false,"_jetpack_newsletter_tier_id":0,"_jetpack_memberships_contains_paywalled_content":false,"_jetpack_memberships_contains_paid_content":false,"footnotes":"","jetpack_publicize_message":"","jetpack_publicize_feature_enabled":true,"jetpack_social_post_already_shared":false,"jetpack_social_options":{"image_generator_settings":{"template":"highway","default_image_id":0,"font":"","enabled":false},"version":2}},"categories":[3],"tags":[3099,2615,463,3066,55,782,3063,3111,592,10351,170,2970,164],"class_list":["post-4795","post","type-post","status-publish","format-standard","has-post-thumbnail","hentry","category-dpc","tag-59th-street","tag-eos-5d-mark-ii","tag-dresden-dolls","tag-etat-de-new-york","tag-etats-unis","tag-jaune","tag-manhattan","tag-necessary-evil","tag-new-york","tag-rue","tag-sigma-70-300-mm-f4-56-dg-apo-macro","tag-taxi","tag-urbain"],"acf":[],"geo":{"latitude":40.7648849,"longitude":-73.9743347,"description":null},"jetpack_publicize_connections":[],"jetpack_featured_media_url":"https:\/\/www.wallendorff.com\/belogue\/wp-content\/uploads\/2015\/04\/200910071.jpg","jetpack_shortlink":"https:\/\/wp.me\/p3b35P-1fl","jetpack_sharing_enabled":true,"jetpack-related-posts":[{"id":337,"url":"https:\/\/www.wallendorff.com\/belogue\/2005\/06\/22\/the-dresden-dolls-le-nouveau-casino-paris\/","url_meta":{"origin":4795,"position":0},"title":"The Dresden Dolls @ le Nouveau Casino, Paris.","author":"dpc","date":"22 juin 2005","format":false,"excerpt":"[Elle serait pas un poil sombre, en fait?] Rarement eu aussi chaud dans un concert. Une soir\u00e9e torride, Amanda Palmer et Brian Viglione se donnent \u00e0 fond, perlant de sueur. Piano matraqu\u00e9, batterie lapid\u00e9e, un peu de guitare, le tout mis en sc\u00e8ne dans un th\u00e9\u00e2tre brechtien1 o\u00f9 l'on joue\u2026","rel":"","context":"Dans &quot;Alive&quot;","block_context":{"text":"Alive","link":"https:\/\/www.wallendorff.com\/belogue\/category\/alive\/"},"img":{"alt_text":"","src":"https:\/\/i0.wp.com\/www.wallendorff.com\/belogue\/wp-content\/uploads\/2015\/04\/200506221.jpg?resize=350%2C200&ssl=1","width":350,"height":200},"classes":[]},{"id":334,"url":"https:\/\/www.wallendorff.com\/belogue\/2005\/06\/25\/the-dresden-dolls-le-nouveau-casino-paris-21-juin-2005-scene-1-2e\/","url_meta":{"origin":4795,"position":1},"title":"The Dresden Dolls @ le Nouveau Casino, Paris, 21 juin 2005. [Sc\u00e8ne 1, 2e].","author":"dpc","date":"25 juin 2005","format":false,"excerpt":"[On la refait, mais en moins sombre. J'esp\u00e8re que \u00e7a passe, ce coup-ci.] La chanson ci-dessous, c'est parce que je me suis retrouv\u00e9 dans une transe rare en pleine ligne ce soir apr\u00e8s me l'\u00eatre inocul\u00e9e et que, b\u00eatement, je ne peux pas r\u00e9sister au plaisir de la mettre l\u00e0.\u2026","rel":"","context":"Dans &quot;Alive&quot;","block_context":{"text":"Alive","link":"https:\/\/www.wallendorff.com\/belogue\/category\/alive\/"},"img":{"alt_text":"","src":"https:\/\/i0.wp.com\/www.wallendorff.com\/belogue\/wp-content\/uploads\/2015\/04\/200506251.jpg?resize=350%2C200&ssl=1","width":350,"height":200},"classes":[]},{"id":247,"url":"https:\/\/www.wallendorff.com\/belogue\/2005\/12\/07\/pis-a-prismes-3\/","url_meta":{"origin":4795,"position":2},"title":"Pis &agrave; prismes #3.","author":"dpc","date":"7 d\u00e9cembre 2005","format":false,"excerpt":"Rue de Monttessuy, Paris, 30 novembre. \"La Tour Eiffel fut construite en 1889 \u00e0 l'occasion de l'Exposition universelle qui devait c\u00e9l\u00e9brer le centenaire de la R\u00e9volution Fran\u00e7aise. Entrepreneur\u00a0: Gustave Eiffel & Cie. Ing\u00e9nieurs\u00a0: Maurice Koechlin et \u00c9mile Nouguier. Architecte\u00a0: Stephen Sauvestre. \u00c9tudes\u00a0: 1884. Ex\u00e9cution\u00a0: 1887-1889 (2 ans, 2 mois et\u2026","rel":"","context":"Dans &quot;Pis \u00e0 prismes&quot;","block_context":{"text":"Pis \u00e0 prismes","link":"https:\/\/www.wallendorff.com\/belogue\/category\/pis-a-prismes\/"},"img":{"alt_text":"","src":"https:\/\/i0.wp.com\/www.wallendorff.com\/belogue\/wp-content\/uploads\/2015\/04\/200512071.jpg?resize=350%2C200&ssl=1","width":350,"height":200},"classes":[]},{"id":658,"url":"https:\/\/www.wallendorff.com\/belogue\/2004\/09\/16\/le-songe-d-une-nuit-qui-va-pas-tarder-a-tomber-et-que-ca-se-voit-sur-une-voiture-d-ete\/","url_meta":{"origin":4795,"position":3},"title":"Le songe d&rsquo;une nuit qui va pas tarder \u00e0 tomber et que \u00e7a se voit sur une voiture d&rsquo;\u00e9t\u00e9.","author":"dpc","date":"16 septembre 2004","format":false,"excerpt":"(D'accord, le titre est peut-\u00eatre \u00e0 retravailler) \u00a0The Dresden Dolls \u2013 Girl Anachronism","rel":"","context":"Dans &quot;DPC&quot;","block_context":{"text":"DPC","link":"https:\/\/www.wallendorff.com\/belogue\/category\/dpc\/"},"img":{"alt_text":"","src":"https:\/\/i0.wp.com\/www.wallendorff.com\/belogue\/wp-content\/uploads\/2015\/04\/234.jpg?resize=350%2C200&ssl=1","width":350,"height":200},"classes":[]},{"id":155,"url":"https:\/\/www.wallendorff.com\/belogue\/2006\/05\/22\/lundi-matin-isn-t-my-copain\/","url_meta":{"origin":4795,"position":4},"title":"Lundi matin [isn&rsquo;t my copain].","author":"dpc","date":"22 mai 2006","format":false,"excerpt":"The Dresden Dolls, Paris, 18 mai. Le professionnalisme, c'est avoir la pr\u00e9sence d'esprit, au moment de reprendre Le Port d'Amsterdam de Brel, de bien faire attention \u00e0 ce que sa bi\u00e8re soit une Heineken\u00ae. Sur ce je retourne me coucher. \u00a0The Go \u2013 Keep on Trash","rel":"","context":"Dans &quot;DPC&quot;","block_context":{"text":"DPC","link":"https:\/\/www.wallendorff.com\/belogue\/category\/dpc\/"},"img":{"alt_text":"","src":"https:\/\/i0.wp.com\/www.wallendorff.com\/belogue\/wp-content\/uploads\/2015\/04\/200605221.jpg?resize=350%2C200&ssl=1","width":350,"height":200},"classes":[]},{"id":860,"url":"https:\/\/www.wallendorff.com\/belogue\/2006\/12\/27\/2006en-1\/","url_meta":{"origin":4795,"position":5},"title":"2006 en&#8230; #1.","author":"dpc","date":"27 d\u00e9cembre 2006","format":false,"excerpt":"Arctic Monkeys, le Bataclan, Paris, 2 mai. Ahahahaha, d\u00e9cid\u00e9ment je ne me lasserai jamais des classements de fin d'ann\u00e9e qui n'int\u00e9ressent absolument personne \u00e0 part moi mais je m'en fous je fais ce que je veux ici je suis chez moi et je me balade \u00e0 po-l. pr\u00e9sentent Les 5\u2026","rel":"","context":"Dans &quot;DPC&quot;","block_context":{"text":"DPC","link":"https:\/\/www.wallendorff.com\/belogue\/category\/dpc\/"},"img":{"alt_text":"","src":"https:\/\/i0.wp.com\/www.wallendorff.com\/belogue\/wp-content\/uploads\/2015\/04\/200612271.jpg?resize=350%2C200&ssl=1","width":350,"height":200},"classes":[]}],"_links":{"self":[{"href":"https:\/\/www.wallendorff.com\/belogue\/wp-json\/wp\/v2\/posts\/4795","targetHints":{"allow":["GET"]}}],"collection":[{"href":"https:\/\/www.wallendorff.com\/belogue\/wp-json\/wp\/v2\/posts"}],"about":[{"href":"https:\/\/www.wallendorff.com\/belogue\/wp-json\/wp\/v2\/types\/post"}],"author":[{"embeddable":true,"href":"https:\/\/www.wallendorff.com\/belogue\/wp-json\/wp\/v2\/users\/1"}],"replies":[{"embeddable":true,"href":"https:\/\/www.wallendorff.com\/belogue\/wp-json\/wp\/v2\/comments?post=4795"}],"version-history":[{"count":1,"href":"https:\/\/www.wallendorff.com\/belogue\/wp-json\/wp\/v2\/posts\/4795\/revisions"}],"predecessor-version":[{"id":18104,"href":"https:\/\/www.wallendorff.com\/belogue\/wp-json\/wp\/v2\/posts\/4795\/revisions\/18104"}],"wp:featuredmedia":[{"embeddable":true,"href":"https:\/\/www.wallendorff.com\/belogue\/wp-json\/wp\/v2\/media\/25551"}],"wp:attachment":[{"href":"https:\/\/www.wallendorff.com\/belogue\/wp-json\/wp\/v2\/media?parent=4795"}],"wp:term":[{"taxonomy":"category","embeddable":true,"href":"https:\/\/www.wallendorff.com\/belogue\/wp-json\/wp\/v2\/categories?post=4795"},{"taxonomy":"post_tag","embeddable":true,"href":"https:\/\/www.wallendorff.com\/belogue\/wp-json\/wp\/v2\/tags?post=4795"}],"curies":[{"name":"wp","href":"https:\/\/api.w.org\/{rel}","templated":true}]}}