{"id":4790,"date":"2009-10-06T10:25:19","date_gmt":"2009-10-06T08:25:19","guid":{"rendered":"http:\/\/www.po-l.com\/belogue\/?p=4790"},"modified":"2011-11-15T13:33:01","modified_gmt":"2011-11-15T11:33:01","slug":"ground-zero","status":"publish","type":"post","link":"https:\/\/www.wallendorff.com\/belogue\/2009\/10\/06\/ground-zero\/","title":{"rendered":"Ground Zero."},"content":{"rendered":"<div id=\"photo\">\n<p><img decoding=\"async\" src=\"https:\/\/www.wallendorff.com\/belogue\/photo\/galeries\/2009\/10\/20091006-groundzero\/20091006-07.jpg\" \/><br \/>\nGround Zero, New York, 9 mai 2009.<\/p>\n<\/div>\n<p>&Ccedil;a fait un mois que ces trois jours d&rsquo;obsession photographique pour la vue de la fen&ecirc;tre de l&rsquo;h&ocirc;tel sont pr&ecirc;ts &agrave; poster et que je les laisse dans les cartons parce que je ne trouve pas de bande-son ad&eacute;quate. J&rsquo;ai pens&eacute; &agrave; plein de gens pour l&rsquo;habiller, &agrave; des &laquo;&nbsp;<em>I&rsquo;m not afraid of what I see, I&rsquo;m not afraid of the world<\/em>&nbsp;&raquo; tr&egrave;s pleins de t&eacute;m&eacute;raire introspection, des &laquo;&nbsp;<em>once I stood at the foot of a great high mountain that I wanted so much to climb<\/em>&nbsp;&raquo; consid&eacute;rant l&rsquo;ascenseur comme une invention par trop innovante et lui pr&eacute;f&eacute;rant la bonne vieille mont&eacute;e de marches analogique,  des &laquo;&nbsp;<em>take me up to the top of the world I wanna see my crime<\/em>&nbsp;&raquo; qu&rsquo;on voit trop souvent ici et des &laquo;&nbsp;<em>I don&rsquo;t know what I&rsquo;m going to do because the planes keep crashing always two by two<\/em>&nbsp;&raquo; un peu faciles, un &laquo;&nbsp;<em>standing on a hill in my mountain of dreams, telling myself it&rsquo;s not as hard, hard, hard as it seems<\/em>&nbsp;&raquo; pas du tout &agrave; sa place, un &laquo;&nbsp;<em>warmed by the light of these falling limbs, drunk on the sadness of a universe unmanned<\/em>&nbsp;&raquo; mystique pour faire genre tortur&eacute; de la vie<sup>1<\/sup>, un &laquo;&nbsp;<em>immortal rotation in a wordless hearse cosmic funeral, of mothers afterbirth, Lord release the dragons from the pall-bearing sky, our sorrow is navigation, to breathe their hate goodbye<\/em>&nbsp;&raquo; juste pour parler de dragons, et ainsi de suite. Une fois arriv&eacute; &agrave; &laquo;&nbsp;<em>I felt no man cared if I were alive&nbsp;\/ I felt the whole world was so jive&nbsp;\/  That&rsquo;s when someone came up to me and said &ldquo;young man, take a walk up the street&rdquo;<\/em>&nbsp;&raquo; et &laquo;&nbsp;<em>getting out of the pond,  they shake the bottom of their kidneys, and then they do <\/em>coin-coin,&nbsp;&raquo; j&rsquo;ai r&eacute;alis&eacute; qu&rsquo;il fallait vite prendre une d&eacute;cision et aller dormir au lieu de rester l&agrave; &agrave; r&eacute;fl&eacute;chir en buvant de l&rsquo;alcool.<\/p>\n<p>Donc on taille dans le vif et paf voil&agrave; un instru r&ecirc;vasseur. Si t&rsquo;as envie d&rsquo;&eacute;crire des paroles dessus, le lecteur, surtout n&rsquo;h&eacute;site pas, je suis preneur.<\/p>\n<p>[Et j&rsquo;offre un Carambar<sup>&reg;<\/sup> &agrave; celui qui me sort toutes les r&eacute;f&eacute;rences de la notasse, en incluant celle avec les dragons.]<\/p>\n<div id=\"bandeson\">\n<p><img decoding=\"async\" src=\"https:\/\/www.wallendorff.com\/belogue\/photo\/pochettes\/b\/black_rebel_motorcycle_club-the_effects_of_333.jpg\" align=\"left\" \/>&nbsp;<a href=\"http:\/\/www.blackrebelmotorcycleclub.com\">Black Rebel Motorcycle Club<\/a> &ndash; <em>A Twisted State<\/em><\/p>\n<\/div>ngg_shortcode_0_placeholder<p>_____<\/p>\n<div id=\"bas_note\">\n<p><sup>1<\/sup> Et encore, je vous fait gr&acirc;ce des citations en aram&eacute;en qu&rsquo;on trouve chez <a href=\"http:\/\/www.themarsvolta.com\">certains<\/a>.<\/p>\n<\/div>\n","protected":false},"excerpt":{"rendered":"<p>Ground Zero, New York, 9 mai 2009. &Ccedil;a fait un mois que ces trois jours d&rsquo;obsession photographique pour la vue de la fen&ecirc;tre de l&rsquo;h&ocirc;tel sont pr&ecirc;ts &agrave; poster et que je les laisse dans les cartons parce que je ne trouve pas de bande-son ad&eacute;quate. J&rsquo;ai pens&eacute; &agrave; plein de gens pour l&rsquo;habiller, &agrave;&hellip;<\/p>\n","protected":false},"author":1,"featured_media":25550,"comment_status":"open","ping_status":"open","sticky":false,"template":"","format":"standard","meta":{"_acf_changed":false,"ngg_post_thumbnail":0,"jetpack_post_was_ever_published":false,"_jetpack_newsletter_access":"","_jetpack_dont_email_post_to_subs":false,"_jetpack_newsletter_tier_id":0,"_jetpack_memberships_contains_paywalled_content":false,"_jetpack_memberships_contains_paid_content":false,"footnotes":"","jetpack_publicize_message":"","jetpack_publicize_feature_enabled":true,"jetpack_social_post_already_shared":false,"jetpack_social_options":{"image_generator_settings":{"template":"highway","default_image_id":0,"font":"","enabled":false},"version":2}},"categories":[3],"tags":[3110,10118,737,2571,181,187,2615,10144,10326,3066,55,594,782,3063,592,10324,3109],"class_list":["post-4790","post","type-post","status-publish","format-standard","has-post-thumbnail","hentry","category-dpc","tag-a-twisted-state","tag-black-rebel-motorcycle-club","tag-bleu","tag-ef-16-35-mm-f28l-ii-usm","tag-ef-70-200-mm-f28l-usm","tag-eos-1d-mark-ii","tag-eos-5d-mark-ii","tag-ciel","tag-crepuscule","tag-etat-de-new-york","tag-etats-unis","tag-ground-zero","tag-jaune","tag-manhattan","tag-new-york","tag-soleil","tag-world-trade-center"],"acf":[],"geo":{"latitude":40.7112694,"longitude":-74.0104599,"description":null},"jetpack_publicize_connections":[],"jetpack_featured_media_url":"https:\/\/www.wallendorff.com\/belogue\/wp-content\/uploads\/2015\/04\/20091006-072.jpg","jetpack_shortlink":"https:\/\/wp.me\/p3b35P-1fg","jetpack_sharing_enabled":true,"jetpack-related-posts":[{"id":45943,"url":"https:\/\/www.wallendorff.com\/belogue\/2020\/07\/06\/17-ans-deurockeennes-2003-2009\/","url_meta":{"origin":4790,"position":0},"title":"17 ans d&rsquo;Eurock\u00e9ennes : 2003 \u2013 2009","author":"dpc","date":"6 juillet 2020","format":false,"excerpt":"Bon j'ai plut\u00f4t 19 ans d'Eurock\u00e9ennes au compteur puisque j'ai \u00e9galement assist\u00e9 \u00e0 l'\u00e9dition 2001, mais depuis le public. Enfin on va pas chipoter. Puisque nous en sommes priv\u00e9s cette ann\u00e9e, je vous remets des archives des 12 \u00e9ditions que j'ai photographi\u00e9es pour nous rappeler le bon temps des festivals\u2026","rel":"","context":"Dans &quot;Alive&quot;","block_context":{"text":"Alive","link":"https:\/\/www.wallendorff.com\/belogue\/category\/alive\/"},"img":{"alt_text":"","src":"https:\/\/i0.wp.com\/www.wallendorff.com\/belogue\/wp-content\/uploads\/2020\/07\/20200706-42.jpg?resize=350%2C200&ssl=1","width":350,"height":200,"srcset":"https:\/\/i0.wp.com\/www.wallendorff.com\/belogue\/wp-content\/uploads\/2020\/07\/20200706-42.jpg?resize=350%2C200&ssl=1 1x, https:\/\/i0.wp.com\/www.wallendorff.com\/belogue\/wp-content\/uploads\/2020\/07\/20200706-42.jpg?resize=525%2C300&ssl=1 1.5x, https:\/\/i0.wp.com\/www.wallendorff.com\/belogue\/wp-content\/uploads\/2020\/07\/20200706-42.jpg?resize=700%2C400&ssl=1 2x, https:\/\/i0.wp.com\/www.wallendorff.com\/belogue\/wp-content\/uploads\/2020\/07\/20200706-42.jpg?resize=1050%2C600&ssl=1 3x"},"classes":[]},{"id":21294,"url":"https:\/\/www.wallendorff.com\/belogue\/2013\/07\/11\/les-eurockeennes-belfort-6-juillet\/","url_meta":{"origin":4790,"position":1},"title":"Les Eurock\u00e9ennes, Belfort, 6 juillet.","author":"dpc","date":"11 juillet 2013","format":false,"excerpt":"Faire des photos sur un ponton, arriver pile pour les Sch'trip's, passer au vestiaire \u00e0 picole, trouver BRMC programm\u00e9s t\u00f4t, marcher sur des comateux, se faire un coucher de soleil \u00e0 la plage, retourner au Boulot, se noyer dans la foule de Fauve, se placer pile o\u00f9 il faut \u00e0\u2026","rel":"","context":"Dans &quot;Alive&quot;","block_context":{"text":"Alive","link":"https:\/\/www.wallendorff.com\/belogue\/category\/alive\/"},"img":{"alt_text":"","src":"https:\/\/i0.wp.com\/www.wallendorff.com\/belogue\/wp-content\/uploads\/2015\/04\/201307111.jpg?resize=350%2C200&ssl=1","width":350,"height":200,"srcset":"https:\/\/i0.wp.com\/www.wallendorff.com\/belogue\/wp-content\/uploads\/2015\/04\/201307111.jpg?resize=350%2C200&ssl=1 1x, https:\/\/i0.wp.com\/www.wallendorff.com\/belogue\/wp-content\/uploads\/2015\/04\/201307111.jpg?resize=525%2C300&ssl=1 1.5x, https:\/\/i0.wp.com\/www.wallendorff.com\/belogue\/wp-content\/uploads\/2015\/04\/201307111.jpg?resize=700%2C400&ssl=1 2x"},"classes":[]},{"id":23240,"url":"https:\/\/www.wallendorff.com\/belogue\/2014\/08\/02\/paleo-festival-nyon-23-juillet\/","url_meta":{"origin":4790,"position":2},"title":"Pal\u00e9o Festival, Nyon, 23 juillet.","author":"dpc","date":"2 ao\u00fbt 2014","format":false,"excerpt":"Il fait lourd, Cats on Trees valent le D\u00e9tour, des gens hantent le site la t\u00eate dans une caisse ou un aquarium, Seasick Steve a une impressionnante collection de guitares faites maison et Jack Johnson un sacr\u00e9 stock de dentifrice. Le public huera les Fran\u00e7ais pendant Stroma\u00eb, rapportera-t-on. Je reste\u2026","rel":"","context":"Dans &quot;Alive&quot;","block_context":{"text":"Alive","link":"https:\/\/www.wallendorff.com\/belogue\/category\/alive\/"},"img":{"alt_text":"","src":"https:\/\/i0.wp.com\/www.wallendorff.com\/belogue\/wp-content\/uploads\/2015\/04\/201408021.jpg?resize=350%2C200&ssl=1","width":350,"height":200,"srcset":"https:\/\/i0.wp.com\/www.wallendorff.com\/belogue\/wp-content\/uploads\/2015\/04\/201408021.jpg?resize=350%2C200&ssl=1 1x, https:\/\/i0.wp.com\/www.wallendorff.com\/belogue\/wp-content\/uploads\/2015\/04\/201408021.jpg?resize=525%2C300&ssl=1 1.5x, https:\/\/i0.wp.com\/www.wallendorff.com\/belogue\/wp-content\/uploads\/2015\/04\/201408021.jpg?resize=700%2C400&ssl=1 2x"},"classes":[]},{"id":21380,"url":"https:\/\/www.wallendorff.com\/belogue\/2013\/08\/01\/paleo-festival-nyon-jour-2\/","url_meta":{"origin":4790,"position":3},"title":"Pal\u00e9o Festival 2013, Nyon &#8211; jour 2","author":"dpc","date":"1 ao\u00fbt 2013","format":false,"excerpt":"Quand Arctic Monkeys sont apparus, je les ai vus tous les mois\u00a0: une interview chez Radio France, la Black Session qui allait avec, un Trabendo, un Bataclan puis une deuxi\u00e8me interview derri\u00e8re la sc\u00e8ne du chapiteau des Eurock\u00e9ennes. Et puis plus rien, pour des raisons\u00a0de calendriers incompatibles et de quelques\u2026","rel":"","context":"Dans &quot;Alive&quot;","block_context":{"text":"Alive","link":"https:\/\/www.wallendorff.com\/belogue\/category\/alive\/"},"img":{"alt_text":"","src":"https:\/\/i0.wp.com\/www.wallendorff.com\/belogue\/wp-content\/uploads\/2015\/04\/201308011.jpg?resize=350%2C200&ssl=1","width":350,"height":200,"srcset":"https:\/\/i0.wp.com\/www.wallendorff.com\/belogue\/wp-content\/uploads\/2015\/04\/201308011.jpg?resize=350%2C200&ssl=1 1x, https:\/\/i0.wp.com\/www.wallendorff.com\/belogue\/wp-content\/uploads\/2015\/04\/201308011.jpg?resize=525%2C300&ssl=1 1.5x, https:\/\/i0.wp.com\/www.wallendorff.com\/belogue\/wp-content\/uploads\/2015\/04\/201308011.jpg?resize=700%2C400&ssl=1 2x"},"classes":[]},{"id":130521,"url":"https:\/\/www.wallendorff.com\/belogue\/2024\/09\/05\/50-ans-du-sa330-puma-base-aerienne-126-solenzara-2-mai-2024\/","url_meta":{"origin":4790,"position":4},"title":"50 ans du SA330 Puma.","author":"dpc","date":"5 septembre 2024","format":false,"excerpt":"Tour Montparnasse, Paris, 18 avril 2024. Ce fut une journ\u00e9e avec de grandes premi\u00e8res et une grande d\u00e9couverte pour moi : Premi\u00e8re photos avec l'arm\u00e9e de l'Air Premi\u00e8re fois que je mets les pieds en Corse. Les vols en Hercule C130, \u00e7a fait mal aux fesses.","rel":"","context":"Dans &quot;DPC&quot;","block_context":{"text":"DPC","link":"https:\/\/www.wallendorff.com\/belogue\/category\/dpc\/"},"img":{"alt_text":"","src":"https:\/\/i0.wp.com\/www.wallendorff.com\/belogue\/wp-content\/uploads\/2024\/09\/20240905-10.jpg?resize=350%2C200&ssl=1","width":350,"height":200,"srcset":"https:\/\/i0.wp.com\/www.wallendorff.com\/belogue\/wp-content\/uploads\/2024\/09\/20240905-10.jpg?resize=350%2C200&ssl=1 1x, https:\/\/i0.wp.com\/www.wallendorff.com\/belogue\/wp-content\/uploads\/2024\/09\/20240905-10.jpg?resize=525%2C300&ssl=1 1.5x, https:\/\/i0.wp.com\/www.wallendorff.com\/belogue\/wp-content\/uploads\/2024\/09\/20240905-10.jpg?resize=700%2C400&ssl=1 2x, https:\/\/i0.wp.com\/www.wallendorff.com\/belogue\/wp-content\/uploads\/2024\/09\/20240905-10.jpg?resize=1050%2C600&ssl=1 3x"},"classes":[]},{"id":28918,"url":"https:\/\/www.wallendorff.com\/belogue\/2015\/08\/31\/rock-en-seine-2015-jour-1\/","url_meta":{"origin":4790,"position":5},"title":"Rock en Seine 2015, jour 1.","author":"dpc","date":"31 ao\u00fbt 2015","format":false,"excerpt":"La photo de la main qui brandit un poivron va rejoindre la photo de la main qui brandit un ananas prise l'ann\u00e9e derni\u00e8re \u00e0 Pal\u00e9o. Et dire que j'ai failli compl\u00e9ter cette nouvelle s\u00e9rie de mains qui brandissent des fruits et l\u00e9gumes dans des publics de festival d\u00e8s dimanche avec\u2026","rel":"","context":"Dans &quot;Alive&quot;","block_context":{"text":"Alive","link":"https:\/\/www.wallendorff.com\/belogue\/category\/alive\/"},"img":{"alt_text":"","src":"https:\/\/i0.wp.com\/www.wallendorff.com\/belogue\/wp-content\/uploads\/2015\/08\/20150831-361.jpg?resize=350%2C200&ssl=1","width":350,"height":200,"srcset":"https:\/\/i0.wp.com\/www.wallendorff.com\/belogue\/wp-content\/uploads\/2015\/08\/20150831-361.jpg?resize=350%2C200&ssl=1 1x, https:\/\/i0.wp.com\/www.wallendorff.com\/belogue\/wp-content\/uploads\/2015\/08\/20150831-361.jpg?resize=525%2C300&ssl=1 1.5x, https:\/\/i0.wp.com\/www.wallendorff.com\/belogue\/wp-content\/uploads\/2015\/08\/20150831-361.jpg?resize=700%2C400&ssl=1 2x"},"classes":[]}],"_links":{"self":[{"href":"https:\/\/www.wallendorff.com\/belogue\/wp-json\/wp\/v2\/posts\/4790","targetHints":{"allow":["GET"]}}],"collection":[{"href":"https:\/\/www.wallendorff.com\/belogue\/wp-json\/wp\/v2\/posts"}],"about":[{"href":"https:\/\/www.wallendorff.com\/belogue\/wp-json\/wp\/v2\/types\/post"}],"author":[{"embeddable":true,"href":"https:\/\/www.wallendorff.com\/belogue\/wp-json\/wp\/v2\/users\/1"}],"replies":[{"embeddable":true,"href":"https:\/\/www.wallendorff.com\/belogue\/wp-json\/wp\/v2\/comments?post=4790"}],"version-history":[{"count":2,"href":"https:\/\/www.wallendorff.com\/belogue\/wp-json\/wp\/v2\/posts\/4790\/revisions"}],"predecessor-version":[{"id":14456,"href":"https:\/\/www.wallendorff.com\/belogue\/wp-json\/wp\/v2\/posts\/4790\/revisions\/14456"}],"wp:featuredmedia":[{"embeddable":true,"href":"https:\/\/www.wallendorff.com\/belogue\/wp-json\/wp\/v2\/media\/25550"}],"wp:attachment":[{"href":"https:\/\/www.wallendorff.com\/belogue\/wp-json\/wp\/v2\/media?parent=4790"}],"wp:term":[{"taxonomy":"category","embeddable":true,"href":"https:\/\/www.wallendorff.com\/belogue\/wp-json\/wp\/v2\/categories?post=4790"},{"taxonomy":"post_tag","embeddable":true,"href":"https:\/\/www.wallendorff.com\/belogue\/wp-json\/wp\/v2\/tags?post=4790"}],"curies":[{"name":"wp","href":"https:\/\/api.w.org\/{rel}","templated":true}]}}