{"id":47842,"date":"2021-02-18T11:45:56","date_gmt":"2021-02-18T09:45:56","guid":{"rendered":"http:\/\/www.wallendorff.com\/belogue\/?p=47842"},"modified":"2021-02-23T00:56:12","modified_gmt":"2021-02-22T22:56:12","slug":"tot-cadero-iii","status":"publish","type":"post","link":"https:\/\/www.wallendorff.com\/belogue\/2021\/02\/18\/tot-cadero-iii\/","title":{"rendered":"T\u00f4t-cad\u00e9ro [III]."},"content":{"rendered":"<div id=\"photo\">\n<p><img decoding=\"async\" src=\"https:\/\/www.wallendorff.com\/belogue\/wp-content\/uploads\/2021\/02\/20210218.jpg\"><br \/>\nParvis des Droits-de-l&rsquo;Homme, Paris, 7 novembre 2020.<\/p>\n<\/div>\n<div id=\"bandeson\">\n<p><img decoding=\"async\" src=\"https:\/\/www.wallendorff.com\/belogue\/photo\/pochettes\/w\/war_on_drugs_the-live_drugs.jpg\" align=\"left\"><a id=\"lienmp3\" style=\"font-weight: normal;\" href=\"https:\/\/www.youtube.com\/watch?v=DE9ElyZjZDo\"><em>Eyes to the Wind<\/em> (live)<\/a><br \/>\n<a href=\"http:\/\/www.thewarondrugs.net\/home\">The War on Drugs<\/a><\/p>\n<\/div>\n","protected":false},"excerpt":{"rendered":"<p>Parvis des Droits-de-l&rsquo;Homme, Paris, 7 novembre 2020. Eyes to the Wind (live) The War on Drugs<\/p>\n","protected":false},"author":1,"featured_media":47844,"comment_status":"open","ping_status":"open","sticky":false,"template":"","format":"standard","meta":{"_acf_changed":false,"ngg_post_thumbnail":0,"jetpack_post_was_ever_published":false,"_jetpack_newsletter_access":"","_jetpack_dont_email_post_to_subs":false,"_jetpack_newsletter_tier_id":0,"_jetpack_memberships_contains_paywalled_content":false,"_jetpack_memberships_contains_paid_content":false,"footnotes":"","jetpack_publicize_message":"","jetpack_publicize_feature_enabled":true,"jetpack_social_post_already_shared":true,"jetpack_social_options":{"image_generator_settings":{"template":"highway","default_image_id":0,"font":"","enabled":false},"version":2}},"categories":[3],"tags":[10372,3524,10246,16851,10120,15878,15309,10121,16403,10884,10098,11032,3252,5385,10851,10236],"class_list":["post-47842","post","type-post","status-publish","format-standard","has-post-thumbnail","hentry","category-dpc","tag-10372","tag-aurore","tag-contre-jour","tag-eyes-to-the-wind","tag-france","tag-fujifilm-x-t3","tag-fujinon-xf-16-55-mm-f-2-8-r-lm-wr","tag-ile-de-france","tag-laowa-9-mm-f-2-8-zero-d","tag-oiseau","tag-paris","tag-pigeon","tag-place-du-trocadero-et-du-11-novembre","tag-the-war-on-drugs","tag-tour","tag-tour-eiffel"],"acf":[],"geo":{"latitude":48.8623619,"longitude":2.2880986,"description":"Paris 16 Passy, \u00cele-de-France, 75179 CEDEX 16, FR"},"jetpack_publicize_connections":[],"jetpack_featured_media_url":"https:\/\/www.wallendorff.com\/belogue\/wp-content\/uploads\/2021\/02\/20210218.jpg","jetpack_shortlink":"https:\/\/wp.me\/p3b35P-crE","jetpack_sharing_enabled":true,"jetpack-related-posts":[{"id":131794,"url":"https:\/\/www.wallendorff.com\/belogue\/2025\/02\/18\/chance-alizait-qulimmense-haut\/","url_meta":{"origin":47842,"position":0},"title":"Chance alizait qu&rsquo;l&rsquo;immense haut.","author":"dpc","date":"18 f\u00e9vrier 2025","format":false,"excerpt":"Place du Trocad\u00e9ro-et-du-11-Novembre, Paris, 12 octobre 2024.","rel":"","context":"Dans &quot;DPC&quot;","block_context":{"text":"DPC","link":"https:\/\/www.wallendorff.com\/belogue\/category\/dpc\/"},"img":{"alt_text":"","src":"https:\/\/i0.wp.com\/www.wallendorff.com\/belogue\/wp-content\/uploads\/2025\/02\/20250218.jpg?resize=350%2C200&ssl=1","width":350,"height":200,"srcset":"https:\/\/i0.wp.com\/www.wallendorff.com\/belogue\/wp-content\/uploads\/2025\/02\/20250218.jpg?resize=350%2C200&ssl=1 1x, https:\/\/i0.wp.com\/www.wallendorff.com\/belogue\/wp-content\/uploads\/2025\/02\/20250218.jpg?resize=525%2C300&ssl=1 1.5x, https:\/\/i0.wp.com\/www.wallendorff.com\/belogue\/wp-content\/uploads\/2025\/02\/20250218.jpg?resize=700%2C400&ssl=1 2x, https:\/\/i0.wp.com\/www.wallendorff.com\/belogue\/wp-content\/uploads\/2025\/02\/20250218.jpg?resize=1050%2C600&ssl=1 3x"},"classes":[]},{"id":134398,"url":"https:\/\/www.wallendorff.com\/belogue\/2025\/11\/14\/dix\/","url_meta":{"origin":47842,"position":1},"title":"Dix.","author":"dpc","date":"14 novembre 2025","format":false,"excerpt":"Paris, 2015 \u2013 2024. \u00c0 P.A.,Au 131 autres morts,Aux milliers de victimes.","rel":"","context":"Dans &quot;DPC&quot;","block_context":{"text":"DPC","link":"https:\/\/www.wallendorff.com\/belogue\/category\/dpc\/"},"img":{"alt_text":"","src":"https:\/\/i0.wp.com\/www.wallendorff.com\/belogue\/wp-content\/uploads\/2025\/11\/20251114-26.jpg?resize=350%2C200&ssl=1","width":350,"height":200,"srcset":"https:\/\/i0.wp.com\/www.wallendorff.com\/belogue\/wp-content\/uploads\/2025\/11\/20251114-26.jpg?resize=350%2C200&ssl=1 1x, https:\/\/i0.wp.com\/www.wallendorff.com\/belogue\/wp-content\/uploads\/2025\/11\/20251114-26.jpg?resize=525%2C300&ssl=1 1.5x, https:\/\/i0.wp.com\/www.wallendorff.com\/belogue\/wp-content\/uploads\/2025\/11\/20251114-26.jpg?resize=700%2C400&ssl=1 2x, https:\/\/i0.wp.com\/www.wallendorff.com\/belogue\/wp-content\/uploads\/2025\/11\/20251114-26.jpg?resize=1050%2C600&ssl=1 3x"},"classes":[]},{"id":36307,"url":"https:\/\/www.wallendorff.com\/belogue\/2017\/11\/09\/the-war-on-drugs-le-bataclan-paris-6-novembre\/","url_meta":{"origin":47842,"position":2},"title":"The War on Drugs @ le Bataclan, Paris, 6 novembre.","author":"dpc","date":"9 novembre 2017","format":false,"excerpt":"In Chains The War on Drugs","rel":"","context":"Dans &quot;Alive&quot;","block_context":{"text":"Alive","link":"https:\/\/www.wallendorff.com\/belogue\/category\/alive\/"},"img":{"alt_text":"","src":"https:\/\/i0.wp.com\/www.wallendorff.com\/belogue\/wp-content\/uploads\/2017\/11\/20171109-09.jpg?resize=350%2C200&ssl=1","width":350,"height":200,"srcset":"https:\/\/i0.wp.com\/www.wallendorff.com\/belogue\/wp-content\/uploads\/2017\/11\/20171109-09.jpg?resize=350%2C200&ssl=1 1x, https:\/\/i0.wp.com\/www.wallendorff.com\/belogue\/wp-content\/uploads\/2017\/11\/20171109-09.jpg?resize=525%2C300&ssl=1 1.5x, https:\/\/i0.wp.com\/www.wallendorff.com\/belogue\/wp-content\/uploads\/2017\/11\/20171109-09.jpg?resize=700%2C400&ssl=1 2x"},"classes":[]},{"id":130396,"url":"https:\/\/www.wallendorff.com\/belogue\/2024\/08\/22\/les-toits-moussent-que-terre\/","url_meta":{"origin":47842,"position":3},"title":"Les toits moussent que terre.","author":"dpc","date":"22 ao\u00fbt 2024","format":false,"excerpt":"Tour Montparnasse, Paris, 18 avril 2024. Merci \u00e0 Lala, Leffe\u00ae et Twinuts\u00ae.","rel":"","context":"Dans &quot;DPC&quot;","block_context":{"text":"DPC","link":"https:\/\/www.wallendorff.com\/belogue\/category\/dpc\/"},"img":{"alt_text":"","src":"https:\/\/i0.wp.com\/www.wallendorff.com\/belogue\/wp-content\/uploads\/2024\/08\/20240822-07.jpg?resize=350%2C200&ssl=1","width":350,"height":200,"srcset":"https:\/\/i0.wp.com\/www.wallendorff.com\/belogue\/wp-content\/uploads\/2024\/08\/20240822-07.jpg?resize=350%2C200&ssl=1 1x, https:\/\/i0.wp.com\/www.wallendorff.com\/belogue\/wp-content\/uploads\/2024\/08\/20240822-07.jpg?resize=525%2C300&ssl=1 1.5x, https:\/\/i0.wp.com\/www.wallendorff.com\/belogue\/wp-content\/uploads\/2024\/08\/20240822-07.jpg?resize=700%2C400&ssl=1 2x, https:\/\/i0.wp.com\/www.wallendorff.com\/belogue\/wp-content\/uploads\/2024\/08\/20240822-07.jpg?resize=1050%2C600&ssl=1 3x"},"classes":[]},{"id":47836,"url":"https:\/\/www.wallendorff.com\/belogue\/2021\/02\/15\/tot-cadero-ii\/","url_meta":{"origin":47842,"position":4},"title":"T\u00f4t-cad\u00e9ro [II].","author":"dpc","date":"15 f\u00e9vrier 2021","format":false,"excerpt":"Parvis des Droits-de-l'Homme, Paris, 7 novembre 2020. Chubby Checker Muzz","rel":"","context":"Dans &quot;Into the wide&quot;","block_context":{"text":"Into the wide","link":"https:\/\/www.wallendorff.com\/belogue\/category\/into-the-wide\/"},"img":{"alt_text":"","src":"https:\/\/i0.wp.com\/www.wallendorff.com\/belogue\/wp-content\/uploads\/2021\/02\/20210215.jpg?resize=350%2C200&ssl=1","width":350,"height":200,"srcset":"https:\/\/i0.wp.com\/www.wallendorff.com\/belogue\/wp-content\/uploads\/2021\/02\/20210215.jpg?resize=350%2C200&ssl=1 1x, https:\/\/i0.wp.com\/www.wallendorff.com\/belogue\/wp-content\/uploads\/2021\/02\/20210215.jpg?resize=525%2C300&ssl=1 1.5x, https:\/\/i0.wp.com\/www.wallendorff.com\/belogue\/wp-content\/uploads\/2021\/02\/20210215.jpg?resize=700%2C400&ssl=1 2x, https:\/\/i0.wp.com\/www.wallendorff.com\/belogue\/wp-content\/uploads\/2021\/02\/20210215.jpg?resize=1050%2C600&ssl=1 3x"},"classes":[]},{"id":47805,"url":"https:\/\/www.wallendorff.com\/belogue\/2021\/02\/14\/tot-cadero-i\/","url_meta":{"origin":47842,"position":5},"title":"T\u00f4t-cad\u00e9ro [I].","author":"dpc","date":"14 f\u00e9vrier 2021","format":false,"excerpt":"Parvis des Droits-de-l'Homme, Paris, 7 novembre 2020. Let's Go Out (bedroom version) Alex Lahey","rel":"","context":"Dans &quot;DPC&quot;","block_context":{"text":"DPC","link":"https:\/\/www.wallendorff.com\/belogue\/category\/dpc\/"},"img":{"alt_text":"","src":"https:\/\/i0.wp.com\/www.wallendorff.com\/belogue\/wp-content\/uploads\/2021\/02\/20210214.jpg?resize=350%2C200&ssl=1","width":350,"height":200,"srcset":"https:\/\/i0.wp.com\/www.wallendorff.com\/belogue\/wp-content\/uploads\/2021\/02\/20210214.jpg?resize=350%2C200&ssl=1 1x, https:\/\/i0.wp.com\/www.wallendorff.com\/belogue\/wp-content\/uploads\/2021\/02\/20210214.jpg?resize=525%2C300&ssl=1 1.5x, https:\/\/i0.wp.com\/www.wallendorff.com\/belogue\/wp-content\/uploads\/2021\/02\/20210214.jpg?resize=700%2C400&ssl=1 2x, https:\/\/i0.wp.com\/www.wallendorff.com\/belogue\/wp-content\/uploads\/2021\/02\/20210214.jpg?resize=1050%2C600&ssl=1 3x"},"classes":[]}],"_links":{"self":[{"href":"https:\/\/www.wallendorff.com\/belogue\/wp-json\/wp\/v2\/posts\/47842","targetHints":{"allow":["GET"]}}],"collection":[{"href":"https:\/\/www.wallendorff.com\/belogue\/wp-json\/wp\/v2\/posts"}],"about":[{"href":"https:\/\/www.wallendorff.com\/belogue\/wp-json\/wp\/v2\/types\/post"}],"author":[{"embeddable":true,"href":"https:\/\/www.wallendorff.com\/belogue\/wp-json\/wp\/v2\/users\/1"}],"replies":[{"embeddable":true,"href":"https:\/\/www.wallendorff.com\/belogue\/wp-json\/wp\/v2\/comments?post=47842"}],"version-history":[{"count":1,"href":"https:\/\/www.wallendorff.com\/belogue\/wp-json\/wp\/v2\/posts\/47842\/revisions"}],"predecessor-version":[{"id":47845,"href":"https:\/\/www.wallendorff.com\/belogue\/wp-json\/wp\/v2\/posts\/47842\/revisions\/47845"}],"wp:featuredmedia":[{"embeddable":true,"href":"https:\/\/www.wallendorff.com\/belogue\/wp-json\/wp\/v2\/media\/47844"}],"wp:attachment":[{"href":"https:\/\/www.wallendorff.com\/belogue\/wp-json\/wp\/v2\/media?parent=47842"}],"wp:term":[{"taxonomy":"category","embeddable":true,"href":"https:\/\/www.wallendorff.com\/belogue\/wp-json\/wp\/v2\/categories?post=47842"},{"taxonomy":"post_tag","embeddable":true,"href":"https:\/\/www.wallendorff.com\/belogue\/wp-json\/wp\/v2\/tags?post=47842"}],"curies":[{"name":"wp","href":"https:\/\/api.w.org\/{rel}","templated":true}]}}