{"id":4781,"date":"2009-10-02T10:19:11","date_gmt":"2009-10-02T08:19:11","guid":{"rendered":"http:\/\/www.po-l.com\/belogue\/?p=4781"},"modified":"2012-07-04T09:53:24","modified_gmt":"2012-07-04T07:53:24","slug":"cause-ive-seeeeen-new-york-cityyyyyyy","status":"publish","type":"post","link":"https:\/\/www.wallendorff.com\/belogue\/2009\/10\/02\/cause-ive-seeeeen-new-york-cityyyyyyy\/","title":{"rendered":"&lsquo;Cause I&rsquo;ve seeeeen New York Cityyyyyyy."},"content":{"rendered":"<div id=\"photo\">\n<p><img decoding=\"async\" src=\"https:\/\/www.wallendorff.com\/belogue\/photo\/2009\/10\/20091002.jpg\" \/><br \/>\n  59<sup>e<\/sup> rue, New York, 10 mai.<\/p>\n<\/div>\n<div id=\"bandeson\">\n<p><img decoding=\"async\" src=\"https:\/\/www.wallendorff.com\/belogue\/photo\/pochettes\/j\/jesus_and_mary_chain-come_on.jpg\" align=\"left\" \/>&nbsp;<a href=\"http:\/\/www.jesusandmarychain.org\/\">The Jesus and Emmanuel Chain<\/a><sup>1<\/sup> &ndash; <em>New York City<\/em><\/p>\n<\/div>\n<p>Ce qui nous laisse donc aborder notre derni&egrave;re journ&eacute;e &eacute;tasunienne. D&rsquo;aucuns diront que cinq mois apr&egrave;s les faits, c&rsquo;est pas trop t&ocirc;t. Ils auront bien raison.<\/p>\n<p>J&rsquo;essaie la plupart du temps de distiller les photos une &agrave; une, ou de limiter leur nombre dans les s&eacute;ries, de mani&egrave;re &agrave; ce qu&rsquo;elles ne soient pas englouties dans la masse [comme &agrave; <a href=\"https:\/\/www.wallendorff.com\/belogue\/tag\/rock-en-seine-2009\/\">Rock en Seine<\/a>, par exemple]. C&rsquo;est beau, on peut mettre une chouette pertinente bande-son avec, mais c&rsquo;est long&nbsp;; m&ecirc;me si apr&egrave;s, cela permet de pouvoir fanfaronner en sortant des &laquo;&nbsp;non mais tu vois avec trois semaines aux Staiiiiiit&rsquo;s je rapporte cinq mois de stock de photo t&rsquo;vois&nbsp;&raquo; alors qu&rsquo;au final, tout &ccedil;a ne repr&eacute;sente que 84 notes<sup>2<\/sup>, donc &agrave; peu pr&egrave;s 84 photos, un truc qui serait tr&egrave;s bien pass&eacute; en une semaine sans &ecirc;tre trop indigeste pour autant.<\/p>\n<p>Mais bref. Me voil&agrave; donc avec cinq mois de d&eacute;calage entre le bel&ouml;gue et la vraie vie. Hier soir,  j&rsquo;ai trouv&eacute; dans les archives de LightRoom, coinc&eacute;es entre mai et maintenant, des photos que je ne me rappelais pas avoir prises. Alors oui, cette carence de cinq mois offre surtout l&rsquo;avantage de reprendre tout d&rsquo;un &oelig;il neuf, la t&ecirc;te froide, emplie d&rsquo;un gaspacho cervical en guise de machine &agrave; penser&nbsp;; mais elle pr&eacute;sente aussi l&rsquo;inconv&eacute;nient d&rsquo;&ecirc;tre en complet d&eacute;calage avec la vraie vie. Ce week-end, j&rsquo;ai pris des photos en me demandant si elles passeraient ici en 2009. Jouer les voitures-balais archivistes ce n&rsquo;est pas le but d&rsquo;un journal &eacute;lectronique, et un tel retard &ccedil;a commence &agrave; craindre.<\/p>\n<p>Ce qui nous sauve, c&rsquo;est que la nature est super-bien faite et que je n&rsquo;ai donc quasiment rien fait depuis mai. Par cons&eacute;quent tout &ccedil;a va se rattraper super-vite, et nous pouvons d&rsquo;ores et d&eacute;j&agrave; louer tous en ch&oelig;ur sainte Flemme, patronne des mous du genoux, pour ses bienfaits r&eacute;gulateurs. En continuant &agrave; ne rien faire comme &ccedil;a je pourrai m&ecirc;me me fendre avant six mois de notes d&eacute;primantes racontant ma douleur face &agrave; un stock de photos amenuis&eacute; et hant&eacute; par le spectre de la compactflash vide, avec un peu de chance.<\/p>\n<p style=\"text-align:right\">D&rsquo;ici l&agrave;, faut juste que je pense &agrave; me laver les cheveux.<\/p>\n<p>_____<\/p>\n<div id=\"bas_note\">\n<p><sup>1<\/sup> Je ne me lasse pas de cette blague. Ma jalousie &eacute;ternelle va &agrave; celui qui l&rsquo;a trouv&eacute;e avant moi.<\/p>\n<p><sup>2<\/sup> Enfin &ccedil;a c&rsquo;est la 85<sup>e<\/sup>, et y en a encore 3-4 qui suivent.<\/p>\n<\/div>\n","protected":false},"excerpt":{"rendered":"<p>59e rue, New York, 10 mai. &nbsp;The Jesus and Emmanuel Chain1 &ndash; New York City Ce qui nous laisse donc aborder notre derni&egrave;re journ&eacute;e &eacute;tasunienne. D&rsquo;aucuns diront que cinq mois apr&egrave;s les faits, c&rsquo;est pas trop t&ocirc;t. Ils auront bien raison. J&rsquo;essaie la plupart du temps de distiller les photos une &agrave; une, ou de&hellip;<\/p>\n","protected":false},"author":1,"featured_media":25548,"comment_status":"open","ping_status":"open","sticky":false,"template":"","format":"standard","meta":{"_acf_changed":false,"ngg_post_thumbnail":0,"jetpack_post_was_ever_published":false,"_jetpack_newsletter_access":"","_jetpack_dont_email_post_to_subs":false,"_jetpack_newsletter_tier_id":0,"_jetpack_memberships_contains_paywalled_content":false,"_jetpack_memberships_contains_paid_content":false,"footnotes":"","jetpack_publicize_message":"","jetpack_publicize_feature_enabled":true,"jetpack_social_post_already_shared":false,"jetpack_social_options":{"image_generator_settings":{"template":"highway","default_image_id":0,"font":"","enabled":false},"version":2}},"categories":[3],"tags":[3099,2615,10144,3066,55,10538,3063,592,3100,3101,170,2347,164],"class_list":["post-4781","post","type-post","status-publish","format-standard","has-post-thumbnail","hentry","category-dpc","tag-59th-street","tag-eos-5d-mark-ii","tag-ciel","tag-etat-de-new-york","tag-etats-unis","tag-gratte-ciel","tag-manhattan","tag-new-york","tag-new-york-city","tag-sherry-netherlands-hotel","tag-sigma-70-300-mm-f4-56-dg-apo-macro","tag-the-jesus-and-mary-chain","tag-urbain"],"acf":[],"geo":{"latitude":40.7642822,"longitude":-73.9728088,"description":null},"jetpack_publicize_connections":[],"jetpack_featured_media_url":"https:\/\/www.wallendorff.com\/belogue\/wp-content\/uploads\/2015\/04\/200910021.jpg","jetpack_shortlink":"https:\/\/wp.me\/p3b35P-1f7","jetpack_sharing_enabled":true,"jetpack-related-posts":[{"id":36466,"url":"https:\/\/www.wallendorff.com\/belogue\/2017\/11\/23\/aoci-tympan\/","url_meta":{"origin":4781,"position":0},"title":"Aotch tympan.","author":"dpc","date":"23 novembre 2017","format":false,"excerpt":"Cath\u00e9drale Saint-Patrick, New York, 5 septembre. [Oui, ce titre est d\u00e9licieusement imbitable.] Dans mes souvenirs, cette photo ressemblait \u00e9norm\u00e9ment \u00e0 une autre, prise par Juyette et publi\u00e9e dans son portfolio en 2004. Elle lui ressemblait \u00e0 un point tel que, sur les conseils de mon avocat, j'ai d\u00fb aller v\u00e9rifier,\u2026","rel":"","context":"Dans &quot;DPC&quot;","block_context":{"text":"DPC","link":"https:\/\/www.wallendorff.com\/belogue\/category\/dpc\/"},"img":{"alt_text":"","src":"https:\/\/i0.wp.com\/www.wallendorff.com\/belogue\/wp-content\/uploads\/2017\/11\/20171123.jpg?resize=350%2C200&ssl=1","width":350,"height":200,"srcset":"https:\/\/i0.wp.com\/www.wallendorff.com\/belogue\/wp-content\/uploads\/2017\/11\/20171123.jpg?resize=350%2C200&ssl=1 1x, https:\/\/i0.wp.com\/www.wallendorff.com\/belogue\/wp-content\/uploads\/2017\/11\/20171123.jpg?resize=525%2C300&ssl=1 1.5x, https:\/\/i0.wp.com\/www.wallendorff.com\/belogue\/wp-content\/uploads\/2017\/11\/20171123.jpg?resize=700%2C400&ssl=1 2x"},"classes":[]},{"id":36483,"url":"https:\/\/www.wallendorff.com\/belogue\/2017\/11\/29\/its-up-to-me-now-turn-on-the-bright-lights\/","url_meta":{"origin":4781,"position":1},"title":"It&rsquo;s up to me now, turn on the bright lights.","author":"dpc","date":"29 novembre 2017","format":false,"excerpt":"World Trade Center, New York, 5 septembre. Cette photo a bien failli ne jamais exister \u00e0 cause d'un vigile qui avait d\u00e9cid\u00e9 que, en raison du vent qui soufflait trop fort ce soir-l\u00e0, il \u00e9tait interdit d'approcher \u00e0 moins de 4,572\u00a0m du m\u00e9morial. Dans ce genre de situation, la meilleure\u2026","rel":"","context":"Dans &quot;Into the wide&quot;","block_context":{"text":"Into the wide","link":"https:\/\/www.wallendorff.com\/belogue\/category\/into-the-wide\/"},"img":{"alt_text":"","src":"https:\/\/i0.wp.com\/www.wallendorff.com\/belogue\/wp-content\/uploads\/2017\/11\/20171129.jpg?resize=350%2C200&ssl=1","width":350,"height":200,"srcset":"https:\/\/i0.wp.com\/www.wallendorff.com\/belogue\/wp-content\/uploads\/2017\/11\/20171129.jpg?resize=350%2C200&ssl=1 1x, https:\/\/i0.wp.com\/www.wallendorff.com\/belogue\/wp-content\/uploads\/2017\/11\/20171129.jpg?resize=525%2C300&ssl=1 1.5x"},"classes":[]},{"id":36474,"url":"https:\/\/www.wallendorff.com\/belogue\/2017\/11\/28\/surprise-sometimes-will-come-around\/","url_meta":{"origin":4781,"position":2},"title":"Surprise, sometimes, will come around.","author":"dpc","date":"28 novembre 2017","format":false,"excerpt":"Hudson River Waterfront Walkway, Jersey City, 5 septembre. On vit parfois de tr\u00e8s graves drames personnels, comme par exemple quand on rate le concert d'Interpol c\u00e9l\u00e9brant les 15 ans de Turn on the Bright Lights au Trianon. Il arrive m\u00eame que la vie ajoute une note ironique \u00e0 ces tr\u00e8s\u2026","rel":"","context":"Dans &quot;DPC&quot;","block_context":{"text":"DPC","link":"https:\/\/www.wallendorff.com\/belogue\/category\/dpc\/"},"img":{"alt_text":"","src":"https:\/\/i0.wp.com\/www.wallendorff.com\/belogue\/wp-content\/uploads\/2017\/11\/20171128.jpg?resize=350%2C200&ssl=1","width":350,"height":200,"srcset":"https:\/\/i0.wp.com\/www.wallendorff.com\/belogue\/wp-content\/uploads\/2017\/11\/20171128.jpg?resize=350%2C200&ssl=1 1x, https:\/\/i0.wp.com\/www.wallendorff.com\/belogue\/wp-content\/uploads\/2017\/11\/20171128.jpg?resize=525%2C300&ssl=1 1.5x"},"classes":[]},{"id":29323,"url":"https:\/\/www.wallendorff.com\/belogue\/2015\/09\/28\/4h-58\/","url_meta":{"origin":4781,"position":3},"title":"4&nbsp;h 58.","author":"dpc","date":"28 septembre 2015","format":false,"excerpt":"Champ de Mars, Paris, 28 septembre. Ce qui m'a frapp\u00e9, en traversant la ville, c'est le nombre de gens sur les trottoirs, plant\u00e9s \u00e7\u00e0 et l\u00e0 \u00e0 scruter le ciel. Je ne pensais pas qu'une grosse lune orange pourrait tirer autant de personnes de leurs lits \u00e0 4\u00a0h du matin,\u2026","rel":"","context":"Dans &quot;DPC&quot;","block_context":{"text":"DPC","link":"https:\/\/www.wallendorff.com\/belogue\/category\/dpc\/"},"img":{"alt_text":"","src":"https:\/\/i0.wp.com\/www.wallendorff.com\/belogue\/wp-content\/uploads\/2015\/09\/20150928.jpg?resize=350%2C200&ssl=1","width":350,"height":200,"srcset":"https:\/\/i0.wp.com\/www.wallendorff.com\/belogue\/wp-content\/uploads\/2015\/09\/20150928.jpg?resize=350%2C200&ssl=1 1x, https:\/\/i0.wp.com\/www.wallendorff.com\/belogue\/wp-content\/uploads\/2015\/09\/20150928.jpg?resize=525%2C300&ssl=1 1.5x, https:\/\/i0.wp.com\/www.wallendorff.com\/belogue\/wp-content\/uploads\/2015\/09\/20150928.jpg?resize=700%2C400&ssl=1 2x"},"classes":[]},{"id":27152,"url":"https:\/\/www.wallendorff.com\/belogue\/2015\/05\/06\/into-the-wide-44\/","url_meta":{"origin":4781,"position":4},"title":"Into the wide #44.","author":"dpc","date":"6 mai 2015","format":false,"excerpt":"En haut [VI] Top of the Rock, New York, 11 mars. Les deux derni\u00e8res de la s\u00e9rie. . J'aurais pu tout poster d'un coup, mais je voulais restituer au mieux les deux heures pass\u00e9es l\u00e0-haut, le lent changement de lumi\u00e8re, le soleil qui plonge sous l'horizon, l\u00e0-bas, derri\u00e8re le New\u2026","rel":"","context":"Dans &quot;Into the wide&quot;","block_context":{"text":"Into the wide","link":"https:\/\/www.wallendorff.com\/belogue\/category\/into-the-wide\/"},"img":{"alt_text":"","src":"https:\/\/i0.wp.com\/www.wallendorff.com\/belogue\/wp-content\/uploads\/2015\/05\/20150506.jpg?resize=350%2C200&ssl=1","width":350,"height":200,"srcset":"https:\/\/i0.wp.com\/www.wallendorff.com\/belogue\/wp-content\/uploads\/2015\/05\/20150506.jpg?resize=350%2C200&ssl=1 1x, https:\/\/i0.wp.com\/www.wallendorff.com\/belogue\/wp-content\/uploads\/2015\/05\/20150506.jpg?resize=525%2C300&ssl=1 1.5x, https:\/\/i0.wp.com\/www.wallendorff.com\/belogue\/wp-content\/uploads\/2015\/05\/20150506.jpg?resize=700%2C400&ssl=1 2x, https:\/\/i0.wp.com\/www.wallendorff.com\/belogue\/wp-content\/uploads\/2015\/05\/20150506.jpg?resize=1050%2C600&ssl=1 3x"},"classes":[]},{"id":288,"url":"https:\/\/www.wallendorff.com\/belogue\/2005\/08\/18\/laissez-un-message-apres-le-bip\/","url_meta":{"origin":4781,"position":5},"title":"Laissez un message apr&egrave;s le bip.","author":"dpc","date":"18 ao\u00fbt 2005","format":false,"excerpt":"Onhaye, 14 ao\u00fbt. [Je reconnais qu'il est super-bal\u00e8ze de se poser l\u00e0.] D'accord, je triche. Normalement, une note, \u00e7a se pose pas en avance. Mais le fait est que je n'aurai pas acc\u00e8s au tuyau avant de partir demain matin, et que je voulais finir sur une belle note, avec\u2026","rel":"","context":"Dans &quot;DPC&quot;","block_context":{"text":"DPC","link":"https:\/\/www.wallendorff.com\/belogue\/category\/dpc\/"},"img":{"alt_text":"","src":"https:\/\/i0.wp.com\/www.wallendorff.com\/belogue\/wp-content\/uploads\/2015\/04\/200508181.jpg?resize=350%2C200&ssl=1","width":350,"height":200},"classes":[]}],"_links":{"self":[{"href":"https:\/\/www.wallendorff.com\/belogue\/wp-json\/wp\/v2\/posts\/4781","targetHints":{"allow":["GET"]}}],"collection":[{"href":"https:\/\/www.wallendorff.com\/belogue\/wp-json\/wp\/v2\/posts"}],"about":[{"href":"https:\/\/www.wallendorff.com\/belogue\/wp-json\/wp\/v2\/types\/post"}],"author":[{"embeddable":true,"href":"https:\/\/www.wallendorff.com\/belogue\/wp-json\/wp\/v2\/users\/1"}],"replies":[{"embeddable":true,"href":"https:\/\/www.wallendorff.com\/belogue\/wp-json\/wp\/v2\/comments?post=4781"}],"version-history":[{"count":2,"href":"https:\/\/www.wallendorff.com\/belogue\/wp-json\/wp\/v2\/posts\/4781\/revisions"}],"predecessor-version":[{"id":18049,"href":"https:\/\/www.wallendorff.com\/belogue\/wp-json\/wp\/v2\/posts\/4781\/revisions\/18049"}],"wp:featuredmedia":[{"embeddable":true,"href":"https:\/\/www.wallendorff.com\/belogue\/wp-json\/wp\/v2\/media\/25548"}],"wp:attachment":[{"href":"https:\/\/www.wallendorff.com\/belogue\/wp-json\/wp\/v2\/media?parent=4781"}],"wp:term":[{"taxonomy":"category","embeddable":true,"href":"https:\/\/www.wallendorff.com\/belogue\/wp-json\/wp\/v2\/categories?post=4781"},{"taxonomy":"post_tag","embeddable":true,"href":"https:\/\/www.wallendorff.com\/belogue\/wp-json\/wp\/v2\/tags?post=4781"}],"curies":[{"name":"wp","href":"https:\/\/api.w.org\/{rel}","templated":true}]}}