{"id":47805,"date":"2021-02-14T14:57:01","date_gmt":"2021-02-14T12:57:01","guid":{"rendered":"http:\/\/www.wallendorff.com\/belogue\/?p=47805"},"modified":"2021-02-15T15:49:08","modified_gmt":"2021-02-15T13:49:08","slug":"tot-cadero-i","status":"publish","type":"post","link":"https:\/\/www.wallendorff.com\/belogue\/2021\/02\/14\/tot-cadero-i\/","title":{"rendered":"T\u00f4t-cad\u00e9ro [I]."},"content":{"rendered":"<div id=\"photo\">\n<p><img decoding=\"async\" src=\"https:\/\/www.wallendorff.com\/belogue\/wp-content\/uploads\/2021\/02\/20210214.jpg\"><br \/>\nParvis des Droits-de-l&rsquo;Homme, Paris, 7 novembre 2020.<\/p>\n<\/div>\n<div id=\"bandeson\">\n<p><img decoding=\"async\" src=\"https:\/\/www.wallendorff.com\/belogue\/photo\/pochettes\/l\/lahey_alex-between_the_kitchen_and_the_living_room.jpg\" align=\"left\"><a id=\"lienmp3\" style=\"font-weight: normal;\" href=\"https:\/\/www.youtube.com\/watch?v=yLu7VyMmfQY\"><em>Let&rsquo;s Go Out<\/em> (bedroom version)<\/a><br \/>\n<a href=\"https:\/\/alexlahey.bandcamp.com\/\">Alex Lahey<\/a><\/p>\n<\/div>\n","protected":false},"excerpt":{"rendered":"<p>Parvis des Droits-de-l&rsquo;Homme, Paris, 7 novembre 2020. Let&rsquo;s Go Out (bedroom version) Alex Lahey<\/p>\n","protected":false},"author":1,"featured_media":47807,"comment_status":"open","ping_status":"open","sticky":false,"template":"","format":"standard","meta":{"_acf_changed":false,"ngg_post_thumbnail":0,"jetpack_post_was_ever_published":false,"_jetpack_newsletter_access":"","_jetpack_dont_email_post_to_subs":false,"_jetpack_newsletter_tier_id":0,"_jetpack_memberships_contains_paywalled_content":false,"_jetpack_memberships_contains_paid_content":false,"footnotes":"","jetpack_publicize_message":"","jetpack_publicize_feature_enabled":true,"jetpack_social_post_already_shared":true,"jetpack_social_options":{"image_generator_settings":{"template":"highway","default_image_id":0,"font":"","enabled":false},"version":2}},"categories":[3],"tags":[10372,14324,3524,10359,10311,10120,15878,15309,10121,16847,10098,5664,3252,10236],"class_list":["post-47805","post","type-post","status-publish","format-standard","has-post-thumbnail","hentry","category-dpc","tag-10372","tag-alex-lahey","tag-aurore","tag-couple","tag-dos","tag-france","tag-fujifilm-x-t3","tag-fujinon-xf-16-55-mm-f-2-8-r-lm-wr","tag-ile-de-france","tag-lets-go-out","tag-paris","tag-parvis-des-droits-de-lhomme","tag-place-du-trocadero-et-du-11-novembre","tag-tour-eiffel"],"acf":[],"geo":{"latitude":48.862484,"longitude":2.2878599,"description":"Paris 16, \u00cele-de-France, 75116, FR"},"jetpack_publicize_connections":[],"jetpack_featured_media_url":"https:\/\/www.wallendorff.com\/belogue\/wp-content\/uploads\/2021\/02\/20210214.jpg","jetpack_shortlink":"https:\/\/wp.me\/p3b35P-cr3","jetpack_sharing_enabled":true,"jetpack-related-posts":[{"id":47836,"url":"https:\/\/www.wallendorff.com\/belogue\/2021\/02\/15\/tot-cadero-ii\/","url_meta":{"origin":47805,"position":0},"title":"T\u00f4t-cad\u00e9ro [II].","author":"dpc","date":"15 f\u00e9vrier 2021","format":false,"excerpt":"Parvis des Droits-de-l'Homme, Paris, 7 novembre 2020. Chubby Checker Muzz","rel":"","context":"Dans &quot;Into the wide&quot;","block_context":{"text":"Into the wide","link":"https:\/\/www.wallendorff.com\/belogue\/category\/into-the-wide\/"},"img":{"alt_text":"","src":"https:\/\/i0.wp.com\/www.wallendorff.com\/belogue\/wp-content\/uploads\/2021\/02\/20210215.jpg?resize=350%2C200&ssl=1","width":350,"height":200,"srcset":"https:\/\/i0.wp.com\/www.wallendorff.com\/belogue\/wp-content\/uploads\/2021\/02\/20210215.jpg?resize=350%2C200&ssl=1 1x, https:\/\/i0.wp.com\/www.wallendorff.com\/belogue\/wp-content\/uploads\/2021\/02\/20210215.jpg?resize=525%2C300&ssl=1 1.5x, https:\/\/i0.wp.com\/www.wallendorff.com\/belogue\/wp-content\/uploads\/2021\/02\/20210215.jpg?resize=700%2C400&ssl=1 2x, https:\/\/i0.wp.com\/www.wallendorff.com\/belogue\/wp-content\/uploads\/2021\/02\/20210215.jpg?resize=1050%2C600&ssl=1 3x"},"classes":[]},{"id":47842,"url":"https:\/\/www.wallendorff.com\/belogue\/2021\/02\/18\/tot-cadero-iii\/","url_meta":{"origin":47805,"position":1},"title":"T\u00f4t-cad\u00e9ro [III].","author":"dpc","date":"18 f\u00e9vrier 2021","format":false,"excerpt":"Parvis des Droits-de-l'Homme, Paris, 7 novembre 2020. Eyes to the Wind (live) The War on Drugs","rel":"","context":"Dans &quot;DPC&quot;","block_context":{"text":"DPC","link":"https:\/\/www.wallendorff.com\/belogue\/category\/dpc\/"},"img":{"alt_text":"","src":"https:\/\/i0.wp.com\/www.wallendorff.com\/belogue\/wp-content\/uploads\/2021\/02\/20210218.jpg?resize=350%2C200&ssl=1","width":350,"height":200,"srcset":"https:\/\/i0.wp.com\/www.wallendorff.com\/belogue\/wp-content\/uploads\/2021\/02\/20210218.jpg?resize=350%2C200&ssl=1 1x, https:\/\/i0.wp.com\/www.wallendorff.com\/belogue\/wp-content\/uploads\/2021\/02\/20210218.jpg?resize=525%2C300&ssl=1 1.5x, https:\/\/i0.wp.com\/www.wallendorff.com\/belogue\/wp-content\/uploads\/2021\/02\/20210218.jpg?resize=700%2C400&ssl=1 2x, https:\/\/i0.wp.com\/www.wallendorff.com\/belogue\/wp-content\/uploads\/2021\/02\/20210218.jpg?resize=1050%2C600&ssl=1 3x"},"classes":[]},{"id":16487,"url":"https:\/\/www.wallendorff.com\/belogue\/2012\/03\/22\/lucarnes-aval1\/","url_meta":{"origin":47805,"position":2},"title":"Lucarnes aval1.","author":"dpc","date":"22 mars 2012","format":false,"excerpt":"Parvis des droits de l'homme, Paris, 2 f\u00e9vrier. \u00c7a se voit pas dessus, mais j'avais pas eu aussi froid en prenant une photo depuis les bus de Macomb. Et puisqu'il faut bien le noter quelque part\u00a0: cette nuit j'ai r\u00eav\u00e9 qu'un bracelet mal\u00e9fique \u2013\u00a0du genre de celui qui pi\u00e8ge le\u2026","rel":"","context":"Dans &quot;DPC&quot;","block_context":{"text":"DPC","link":"https:\/\/www.wallendorff.com\/belogue\/category\/dpc\/"},"img":{"alt_text":"","src":"https:\/\/i0.wp.com\/www.wallendorff.com\/belogue\/wp-content\/uploads\/2015\/04\/201203221.jpg?resize=350%2C200&ssl=1","width":350,"height":200,"srcset":"https:\/\/i0.wp.com\/www.wallendorff.com\/belogue\/wp-content\/uploads\/2015\/04\/201203221.jpg?resize=350%2C200&ssl=1 1x, https:\/\/i0.wp.com\/www.wallendorff.com\/belogue\/wp-content\/uploads\/2015\/04\/201203221.jpg?resize=525%2C300&ssl=1 1.5x, https:\/\/i0.wp.com\/www.wallendorff.com\/belogue\/wp-content\/uploads\/2015\/04\/201203221.jpg?resize=700%2C400&ssl=1 2x"},"classes":[]},{"id":47312,"url":"https:\/\/www.wallendorff.com\/belogue\/2020\/11\/30\/novembre-2020\/","url_meta":{"origin":47805,"position":3},"title":"Novembre 2020.","author":"dpc","date":"30 novembre 2020","format":false,"excerpt":"Un chat pr\u00e9nomm\u00e9 STOPTHECOUNT, une soir\u00e9e guitare, des chaises, une avenue, un m\u00e9tro, une tour, une passerelle, des cadenas, un pont, un pont, un pont, des pigeons, un m\u00e9tro, une rue vide, une rue vide, un m\u00e9tro, un quai de gare, une gare, un banc, un tournage, un quai, un\u2026","rel":"","context":"Dans &quot;Blog-note&quot;","block_context":{"text":"Blog-note","link":"https:\/\/www.wallendorff.com\/belogue\/category\/blog-note\/"},"img":{"alt_text":"","src":"https:\/\/i0.wp.com\/www.wallendorff.com\/belogue\/wp-content\/uploads\/2020\/12\/20201215-67.jpg?resize=350%2C200&ssl=1","width":350,"height":200,"srcset":"https:\/\/i0.wp.com\/www.wallendorff.com\/belogue\/wp-content\/uploads\/2020\/12\/20201215-67.jpg?resize=350%2C200&ssl=1 1x, https:\/\/i0.wp.com\/www.wallendorff.com\/belogue\/wp-content\/uploads\/2020\/12\/20201215-67.jpg?resize=525%2C300&ssl=1 1.5x, https:\/\/i0.wp.com\/www.wallendorff.com\/belogue\/wp-content\/uploads\/2020\/12\/20201215-67.jpg?resize=700%2C400&ssl=1 2x, https:\/\/i0.wp.com\/www.wallendorff.com\/belogue\/wp-content\/uploads\/2020\/12\/20201215-67.jpg?resize=1050%2C600&ssl=1 3x"},"classes":[]},{"id":50214,"url":"https:\/\/www.wallendorff.com\/belogue\/2021\/11\/30\/novembre-2021\/","url_meta":{"origin":47805,"position":4},"title":"Novembre 2021.","author":"dpc","date":"30 novembre 2021","format":false,"excerpt":"Un bisou, une vache, une promenade, un vernissage, une bi\u00e8re, un karaok\u00e9, un montage, un sac \u00e0 patates, un soleil, une chemise, un montage, une inauguration, un reflet, un m\u00e9tro, un escalator, une vitrine, un th\u00e9\u00e2tre, un caf\u00e9, une manche \u00e0 air, un t\u00e9l\u00e9phone, un camion, un chat pr\u00e9nomm\u00e9 N\u00fcremberg,\u2026","rel":"","context":"Dans &quot;Blog-note&quot;","block_context":{"text":"Blog-note","link":"https:\/\/www.wallendorff.com\/belogue\/category\/blog-note\/"},"img":{"alt_text":"","src":"https:\/\/i0.wp.com\/www.wallendorff.com\/belogue\/wp-content\/uploads\/2021\/12\/20211216-39.jpg?resize=350%2C200&ssl=1","width":350,"height":200,"srcset":"https:\/\/i0.wp.com\/www.wallendorff.com\/belogue\/wp-content\/uploads\/2021\/12\/20211216-39.jpg?resize=350%2C200&ssl=1 1x, https:\/\/i0.wp.com\/www.wallendorff.com\/belogue\/wp-content\/uploads\/2021\/12\/20211216-39.jpg?resize=525%2C300&ssl=1 1.5x, https:\/\/i0.wp.com\/www.wallendorff.com\/belogue\/wp-content\/uploads\/2021\/12\/20211216-39.jpg?resize=700%2C400&ssl=1 2x, https:\/\/i0.wp.com\/www.wallendorff.com\/belogue\/wp-content\/uploads\/2021\/12\/20211216-39.jpg?resize=1050%2C600&ssl=1 3x"},"classes":[]},{"id":45578,"url":"https:\/\/www.wallendorff.com\/belogue\/2020\/05\/05\/gradins-dingrats\/","url_meta":{"origin":47805,"position":5},"title":"Gradins [d&rsquo;ingrats].","author":"dpc","date":"5 mai 2020","format":false,"excerpt":"Quai du March\u00e9-Neuf, Paris, 14 f\u00e9vrier 2020. Am I Doing It Right? Alex Lahey","rel":"","context":"Dans &quot;DPC&quot;","block_context":{"text":"DPC","link":"https:\/\/www.wallendorff.com\/belogue\/category\/dpc\/"},"img":{"alt_text":"","src":"https:\/\/i0.wp.com\/www.wallendorff.com\/belogue\/wp-content\/uploads\/2020\/05\/20200505.jpg?resize=350%2C200&ssl=1","width":350,"height":200,"srcset":"https:\/\/i0.wp.com\/www.wallendorff.com\/belogue\/wp-content\/uploads\/2020\/05\/20200505.jpg?resize=350%2C200&ssl=1 1x, https:\/\/i0.wp.com\/www.wallendorff.com\/belogue\/wp-content\/uploads\/2020\/05\/20200505.jpg?resize=525%2C300&ssl=1 1.5x, https:\/\/i0.wp.com\/www.wallendorff.com\/belogue\/wp-content\/uploads\/2020\/05\/20200505.jpg?resize=700%2C400&ssl=1 2x, https:\/\/i0.wp.com\/www.wallendorff.com\/belogue\/wp-content\/uploads\/2020\/05\/20200505.jpg?resize=1050%2C600&ssl=1 3x"},"classes":[]}],"_links":{"self":[{"href":"https:\/\/www.wallendorff.com\/belogue\/wp-json\/wp\/v2\/posts\/47805","targetHints":{"allow":["GET"]}}],"collection":[{"href":"https:\/\/www.wallendorff.com\/belogue\/wp-json\/wp\/v2\/posts"}],"about":[{"href":"https:\/\/www.wallendorff.com\/belogue\/wp-json\/wp\/v2\/types\/post"}],"author":[{"embeddable":true,"href":"https:\/\/www.wallendorff.com\/belogue\/wp-json\/wp\/v2\/users\/1"}],"replies":[{"embeddable":true,"href":"https:\/\/www.wallendorff.com\/belogue\/wp-json\/wp\/v2\/comments?post=47805"}],"version-history":[{"count":1,"href":"https:\/\/www.wallendorff.com\/belogue\/wp-json\/wp\/v2\/posts\/47805\/revisions"}],"predecessor-version":[{"id":47806,"href":"https:\/\/www.wallendorff.com\/belogue\/wp-json\/wp\/v2\/posts\/47805\/revisions\/47806"}],"wp:featuredmedia":[{"embeddable":true,"href":"https:\/\/www.wallendorff.com\/belogue\/wp-json\/wp\/v2\/media\/47807"}],"wp:attachment":[{"href":"https:\/\/www.wallendorff.com\/belogue\/wp-json\/wp\/v2\/media?parent=47805"}],"wp:term":[{"taxonomy":"category","embeddable":true,"href":"https:\/\/www.wallendorff.com\/belogue\/wp-json\/wp\/v2\/categories?post=47805"},{"taxonomy":"post_tag","embeddable":true,"href":"https:\/\/www.wallendorff.com\/belogue\/wp-json\/wp\/v2\/tags?post=47805"}],"curies":[{"name":"wp","href":"https:\/\/api.w.org\/{rel}","templated":true}]}}