{"id":47734,"date":"2021-01-23T18:30:07","date_gmt":"2021-01-23T16:30:07","guid":{"rendered":"http:\/\/www.wallendorff.com\/belogue\/?p=47734"},"modified":"2021-02-15T15:52:51","modified_gmt":"2021-02-15T13:52:51","slug":"a-tort-ou-horizon","status":"publish","type":"post","link":"https:\/\/www.wallendorff.com\/belogue\/2021\/01\/23\/a-tort-ou-horizon\/","title":{"rendered":"[\u00c0 tort ou] Horizon."},"content":{"rendered":"<div id=\"photo\">\n<p><img decoding=\"async\" src=\"https:\/\/www.wallendorff.com\/belogue\/wp-content\/uploads\/2021\/01\/20210123.jpg\"><br \/>\nPont des Arts, Paris, 25 septembre 2020.<\/p>\n<\/div>\n<p style=\"text-align: right;\">C&rsquo;est un peu comme si <a href=\"https:\/\/www.wallendorff.com\/belogue\/2011\/01\/17\/la-fille-sur-le-pont\/\">la fille [sur le pont]<\/a> tra\u00eenait toujours l\u00e0 dix ans plus tard.<\/p>\n<div id=\"bandeson\">\n<p><img decoding=\"async\" src=\"https:\/\/www.wallendorff.com\/belogue\/photo\/pochettes\/b\/byland-gray.jpg\" align=\"left\"><a id=\"lienmp3\" style=\"font-weight: normal;\" href=\"https:\/\/www.youtube.com\/watch?v=QGv4R4i3ijA\"><em>Mine<\/em><\/a><br \/>\n<a href=\"http:\/\/www.bylandmusic.com\/\">Byland<\/a><\/p>\n<\/div>\n","protected":false},"excerpt":{"rendered":"<p>Pont des Arts, Paris, 25 septembre 2020. C&rsquo;est un peu comme si la fille [sur le pont] tra\u00eenait toujours l\u00e0 dix ans plus tard. Mine Byland<\/p>\n","protected":false},"author":1,"featured_media":47736,"comment_status":"open","ping_status":"open","sticky":false,"template":"","format":"standard","meta":{"_acf_changed":false,"ngg_post_thumbnail":0,"jetpack_post_was_ever_published":false,"_jetpack_newsletter_access":"","_jetpack_dont_email_post_to_subs":false,"_jetpack_newsletter_tier_id":0,"_jetpack_memberships_contains_paywalled_content":false,"_jetpack_memberships_contains_paid_content":false,"footnotes":"","jetpack_publicize_message":"","jetpack_publicize_feature_enabled":true,"jetpack_social_post_already_shared":true,"jetpack_social_options":{"image_generator_settings":{"template":"highway","default_image_id":0,"font":"","enabled":false},"version":2}},"categories":[3],"tags":[10182,10250,16840,10311,10340,10120,15878,15597,10121,154,10098,16143,10368],"class_list":["post-47734","post","type-post","status-publish","format-standard","has-post-thumbnail","hentry","category-dpc","tag-10182","tag-10250","tag-byland","tag-dos","tag-fille","tag-france","tag-fujifilm-x-t3","tag-fujinon-xf-16-mm-f-1-4-wr","tag-ile-de-france","tag-mine","tag-paris","tag-photo-de-rue","tag-pont-des-arts"],"acf":[],"geo":{"latitude":48.8585587,"longitude":2.337604,"description":"Pont des Arts, 75001 Paris, France"},"jetpack_publicize_connections":[],"jetpack_featured_media_url":"https:\/\/www.wallendorff.com\/belogue\/wp-content\/uploads\/2021\/01\/20210123.jpg","jetpack_shortlink":"https:\/\/wp.me\/p3b35P-cpU","jetpack_sharing_enabled":true,"jetpack-related-posts":[{"id":11814,"url":"https:\/\/www.wallendorff.com\/belogue\/2011\/01\/17\/la-fille-sur-le-pont\/","url_meta":{"origin":47734,"position":0},"title":"La Fille [sur le pont].","author":"dpc","date":"17 janvier 2011","format":false,"excerpt":"Paris, samedi 27 novembre 2010, 7h30. D\u00e9j\u00e0 r\u00e9veill\u00e9 et pas de bonne raison de rester au lit (plus jamais de bonne raison de rester au lit). Choisir une destination au hasard. Monter dans le m\u00e9tro vide. S'\u00e9garer sur le pont des Arts, au milieu de deux touristes japonais et un\u2026","rel":"","context":"Dans &quot;Portraits&quot;","block_context":{"text":"Portraits","link":"https:\/\/www.wallendorff.com\/belogue\/category\/portraits\/"},"img":{"alt_text":"","src":"https:\/\/i0.wp.com\/www.wallendorff.com\/belogue\/wp-content\/uploads\/2015\/04\/201101172.jpg?resize=350%2C200&ssl=1","width":350,"height":200,"srcset":"https:\/\/i0.wp.com\/www.wallendorff.com\/belogue\/wp-content\/uploads\/2015\/04\/201101172.jpg?resize=350%2C200&ssl=1 1x, https:\/\/i0.wp.com\/www.wallendorff.com\/belogue\/wp-content\/uploads\/2015\/04\/201101172.jpg?resize=525%2C300&ssl=1 1.5x, https:\/\/i0.wp.com\/www.wallendorff.com\/belogue\/wp-content\/uploads\/2015\/04\/201101172.jpg?resize=700%2C400&ssl=1 2x"},"classes":[]},{"id":12103,"url":"https:\/\/www.wallendorff.com\/belogue\/2011\/01\/28\/the-girl-on-the-bridge\/","url_meta":{"origin":47734,"position":1},"title":"The girl [on the bridge].","author":"dpc","date":"28 janvier 2011","format":false,"excerpt":"Pont des Arts, Paris, 22 d\u00e9cembre 2010. Yes, it is posed. It is not La fille sur le pont. There is no blond girl from who-knows-where taking pictures of the Seine with her phone. No Starbucks bag, no sneaking, no mystery, but the story of a Saturday night walk in\u2026","rel":"","context":"Dans &quot;Portraits&quot;","block_context":{"text":"Portraits","link":"https:\/\/www.wallendorff.com\/belogue\/category\/portraits\/"},"img":{"alt_text":"","src":"https:\/\/i0.wp.com\/www.wallendorff.com\/belogue\/wp-content\/uploads\/2015\/04\/201101281.jpg?resize=350%2C200&ssl=1","width":350,"height":200,"srcset":"https:\/\/i0.wp.com\/www.wallendorff.com\/belogue\/wp-content\/uploads\/2015\/04\/201101281.jpg?resize=350%2C200&ssl=1 1x, https:\/\/i0.wp.com\/www.wallendorff.com\/belogue\/wp-content\/uploads\/2015\/04\/201101281.jpg?resize=525%2C300&ssl=1 1.5x, https:\/\/i0.wp.com\/www.wallendorff.com\/belogue\/wp-content\/uploads\/2015\/04\/201101281.jpg?resize=700%2C400&ssl=1 2x"},"classes":[]},{"id":13056,"url":"https:\/\/www.wallendorff.com\/belogue\/2011\/07\/26\/shooting-people-87\/","url_meta":{"origin":47734,"position":2},"title":"Shooting people #87.","author":"dpc","date":"26 juillet 2011","format":false,"excerpt":"Pont des Arts, Paris, 15 juin. \u00a0Editors \u2013 These Streets Are Still Home to Me (version 2)","rel":"","context":"Dans &quot;Portraits&quot;","block_context":{"text":"Portraits","link":"https:\/\/www.wallendorff.com\/belogue\/category\/portraits\/"},"img":{"alt_text":"","src":"https:\/\/i0.wp.com\/www.wallendorff.com\/belogue\/wp-content\/uploads\/2015\/04\/201107261.jpg?resize=350%2C200&ssl=1","width":350,"height":200,"srcset":"https:\/\/i0.wp.com\/www.wallendorff.com\/belogue\/wp-content\/uploads\/2015\/04\/201107261.jpg?resize=350%2C200&ssl=1 1x, https:\/\/i0.wp.com\/www.wallendorff.com\/belogue\/wp-content\/uploads\/2015\/04\/201107261.jpg?resize=525%2C300&ssl=1 1.5x, https:\/\/i0.wp.com\/www.wallendorff.com\/belogue\/wp-content\/uploads\/2015\/04\/201107261.jpg?resize=700%2C400&ssl=1 2x"},"classes":[]},{"id":128077,"url":"https:\/\/www.wallendorff.com\/belogue\/2024\/04\/30\/avril-2024\/","url_meta":{"origin":47734,"position":3},"title":"Avril 2024.","author":"dpc","date":"30 avril 2024","format":false,"excerpt":"Une \u00e9glise, un train, une fondue, une fen\u00eatre, une plage, un blockhaus, un ap\u00e9ro, un train, une plage, une terrasse, une maison, une jet\u00e9e, un phare, une c\u00f4te, un rocher, une tour, un r\u00e9cif, une urne, une halle, des toits, une grille, une vitrine en cours, une gare, un train,\u2026","rel":"","context":"Dans &quot;Blog-note&quot;","block_context":{"text":"Blog-note","link":"https:\/\/www.wallendorff.com\/belogue\/category\/blog-note\/"},"img":{"alt_text":"","src":"https:\/\/i0.wp.com\/www.wallendorff.com\/belogue\/wp-content\/uploads\/2024\/05\/20240523-70.jpg?resize=350%2C200&ssl=1","width":350,"height":200,"srcset":"https:\/\/i0.wp.com\/www.wallendorff.com\/belogue\/wp-content\/uploads\/2024\/05\/20240523-70.jpg?resize=350%2C200&ssl=1 1x, https:\/\/i0.wp.com\/www.wallendorff.com\/belogue\/wp-content\/uploads\/2024\/05\/20240523-70.jpg?resize=525%2C300&ssl=1 1.5x, https:\/\/i0.wp.com\/www.wallendorff.com\/belogue\/wp-content\/uploads\/2024\/05\/20240523-70.jpg?resize=700%2C400&ssl=1 2x, https:\/\/i0.wp.com\/www.wallendorff.com\/belogue\/wp-content\/uploads\/2024\/05\/20240523-70.jpg?resize=1050%2C600&ssl=1 3x"},"classes":[]},{"id":132044,"url":"https:\/\/www.wallendorff.com\/belogue\/2025\/04\/07\/soulages-pavait-la-plaie\/","url_meta":{"origin":47734,"position":4},"title":"Soulages pavait la plaie.","author":"dpc","date":"7 avril 2025","format":false,"excerpt":"Quai Fran\u00e7ois-Mitterrand, Paris, 23 janvier 2025.","rel":"","context":"Dans &quot;DPC&quot;","block_context":{"text":"DPC","link":"https:\/\/www.wallendorff.com\/belogue\/category\/dpc\/"},"img":{"alt_text":"","src":"https:\/\/i0.wp.com\/www.wallendorff.com\/belogue\/wp-content\/uploads\/2025\/04\/20250407.jpg?resize=350%2C200&ssl=1","width":350,"height":200,"srcset":"https:\/\/i0.wp.com\/www.wallendorff.com\/belogue\/wp-content\/uploads\/2025\/04\/20250407.jpg?resize=350%2C200&ssl=1 1x, https:\/\/i0.wp.com\/www.wallendorff.com\/belogue\/wp-content\/uploads\/2025\/04\/20250407.jpg?resize=525%2C300&ssl=1 1.5x, https:\/\/i0.wp.com\/www.wallendorff.com\/belogue\/wp-content\/uploads\/2025\/04\/20250407.jpg?resize=700%2C400&ssl=1 2x, https:\/\/i0.wp.com\/www.wallendorff.com\/belogue\/wp-content\/uploads\/2025\/04\/20250407.jpg?resize=1050%2C600&ssl=1 3x"},"classes":[]},{"id":135497,"url":"https:\/\/www.wallendorff.com\/belogue\/2026\/02\/28\/fevrier-2026\/","url_meta":{"origin":47734,"position":5},"title":"F\u00e9vrier 2026.","author":"dpc","date":"28 f\u00e9vrier 2026","format":false,"excerpt":"Des arbres, une sieste, un cr\u00e9puscule, un arbre, un papillon, une clope, un miroir, un parapluie, une pyramide, un schlouk, une ruelle, une photo, une flaque, un chantier, un quarantenaire, un cigare, un bisou, un concert, un quai de m\u00e9tro, une pyramide, un attroupement, un pont, un parapluie, des fen\u00eatres,\u2026","rel":"","context":"Dans &quot;Blog-note&quot;","block_context":{"text":"Blog-note","link":"https:\/\/www.wallendorff.com\/belogue\/category\/blog-note\/"},"img":{"alt_text":"","src":"https:\/\/i0.wp.com\/www.wallendorff.com\/belogue\/wp-content\/uploads\/2026\/03\/20260323-24.jpg?resize=350%2C200&ssl=1","width":350,"height":200,"srcset":"https:\/\/i0.wp.com\/www.wallendorff.com\/belogue\/wp-content\/uploads\/2026\/03\/20260323-24.jpg?resize=350%2C200&ssl=1 1x, https:\/\/i0.wp.com\/www.wallendorff.com\/belogue\/wp-content\/uploads\/2026\/03\/20260323-24.jpg?resize=525%2C300&ssl=1 1.5x, https:\/\/i0.wp.com\/www.wallendorff.com\/belogue\/wp-content\/uploads\/2026\/03\/20260323-24.jpg?resize=700%2C400&ssl=1 2x, https:\/\/i0.wp.com\/www.wallendorff.com\/belogue\/wp-content\/uploads\/2026\/03\/20260323-24.jpg?resize=1050%2C600&ssl=1 3x"},"classes":[]}],"_links":{"self":[{"href":"https:\/\/www.wallendorff.com\/belogue\/wp-json\/wp\/v2\/posts\/47734","targetHints":{"allow":["GET"]}}],"collection":[{"href":"https:\/\/www.wallendorff.com\/belogue\/wp-json\/wp\/v2\/posts"}],"about":[{"href":"https:\/\/www.wallendorff.com\/belogue\/wp-json\/wp\/v2\/types\/post"}],"author":[{"embeddable":true,"href":"https:\/\/www.wallendorff.com\/belogue\/wp-json\/wp\/v2\/users\/1"}],"replies":[{"embeddable":true,"href":"https:\/\/www.wallendorff.com\/belogue\/wp-json\/wp\/v2\/comments?post=47734"}],"version-history":[{"count":2,"href":"https:\/\/www.wallendorff.com\/belogue\/wp-json\/wp\/v2\/posts\/47734\/revisions"}],"predecessor-version":[{"id":47738,"href":"https:\/\/www.wallendorff.com\/belogue\/wp-json\/wp\/v2\/posts\/47734\/revisions\/47738"}],"wp:featuredmedia":[{"embeddable":true,"href":"https:\/\/www.wallendorff.com\/belogue\/wp-json\/wp\/v2\/media\/47736"}],"wp:attachment":[{"href":"https:\/\/www.wallendorff.com\/belogue\/wp-json\/wp\/v2\/media?parent=47734"}],"wp:term":[{"taxonomy":"category","embeddable":true,"href":"https:\/\/www.wallendorff.com\/belogue\/wp-json\/wp\/v2\/categories?post=47734"},{"taxonomy":"post_tag","embeddable":true,"href":"https:\/\/www.wallendorff.com\/belogue\/wp-json\/wp\/v2\/tags?post=47734"}],"curies":[{"name":"wp","href":"https:\/\/api.w.org\/{rel}","templated":true}]}}