{"id":47678,"date":"2021-01-15T10:03:34","date_gmt":"2021-01-15T08:03:34","guid":{"rendered":"http:\/\/www.wallendorff.com\/belogue\/?p=47678"},"modified":"2021-02-15T15:53:20","modified_gmt":"2021-02-15T13:53:20","slug":"ciaaaaaao-roma","status":"publish","type":"post","link":"https:\/\/www.wallendorff.com\/belogue\/2021\/01\/15\/ciaaaaaao-roma\/","title":{"rendered":"Ciaaaaaao Roma."},"content":{"rendered":"<div id=\"photo\">\n<p><img decoding=\"async\" src=\"https:\/\/www.wallendorff.com\/belogue\/wp-content\/uploads\/2021\/01\/20210115-04.jpg\"><br \/>\nRome, 18 \u2013 20&nbsp;septembre 2020.<\/p>\n<\/div>\n<div id='gallery-1' class='gallery galleryid-47678 gallery-columns-1 gallery-size-large'><figure class='gallery-item'>\n\t\t\t<div class='gallery-icon landscape'>\n\t\t\t\t<a href='https:\/\/www.wallendorff.com\/belogue\/2021\/01\/15\/ciaaaaaao-roma\/20210115-01\/'><img fetchpriority=\"high\" decoding=\"async\" width=\"1170\" height=\"780\" src=\"https:\/\/www.wallendorff.com\/belogue\/wp-content\/uploads\/2021\/01\/20210115-01.jpg\" class=\"attachment-large size-large\" alt=\"\" srcset=\"https:\/\/www.wallendorff.com\/belogue\/wp-content\/uploads\/2021\/01\/20210115-01.jpg 1170w, https:\/\/www.wallendorff.com\/belogue\/wp-content\/uploads\/2021\/01\/20210115-01-820x547.jpg 820w, https:\/\/www.wallendorff.com\/belogue\/wp-content\/uploads\/2021\/01\/20210115-01-1116x744.jpg 1116w, https:\/\/www.wallendorff.com\/belogue\/wp-content\/uploads\/2021\/01\/20210115-01-806x537.jpg 806w, https:\/\/www.wallendorff.com\/belogue\/wp-content\/uploads\/2021\/01\/20210115-01-558x372.jpg 558w, https:\/\/www.wallendorff.com\/belogue\/wp-content\/uploads\/2021\/01\/20210115-01-655x437.jpg 655w, https:\/\/www.wallendorff.com\/belogue\/wp-content\/uploads\/2021\/01\/20210115-01-600x400.jpg 600w\" sizes=\"(max-width: 1170px) 100vw, 1170px\" \/><\/a>\n\t\t\t<\/div><\/figure><figure class='gallery-item'>\n\t\t\t<div class='gallery-icon landscape'>\n\t\t\t\t<a href='https:\/\/www.wallendorff.com\/belogue\/2021\/01\/15\/ciaaaaaao-roma\/place-saint-pierre-vatican\/'><img decoding=\"async\" width=\"1170\" height=\"390\" src=\"https:\/\/www.wallendorff.com\/belogue\/wp-content\/uploads\/2021\/01\/20210115-02.jpg\" class=\"attachment-large size-large\" alt=\"\" aria-describedby=\"gallery-1-47681\" srcset=\"https:\/\/www.wallendorff.com\/belogue\/wp-content\/uploads\/2021\/01\/20210115-02.jpg 1170w, https:\/\/www.wallendorff.com\/belogue\/wp-content\/uploads\/2021\/01\/20210115-02-820x273.jpg 820w, https:\/\/www.wallendorff.com\/belogue\/wp-content\/uploads\/2021\/01\/20210115-02-1116x372.jpg 1116w, https:\/\/www.wallendorff.com\/belogue\/wp-content\/uploads\/2021\/01\/20210115-02-806x269.jpg 806w, https:\/\/www.wallendorff.com\/belogue\/wp-content\/uploads\/2021\/01\/20210115-02-558x186.jpg 558w, https:\/\/www.wallendorff.com\/belogue\/wp-content\/uploads\/2021\/01\/20210115-02-655x218.jpg 655w, https:\/\/www.wallendorff.com\/belogue\/wp-content\/uploads\/2021\/01\/20210115-02-600x200.jpg 600w\" sizes=\"(max-width: 1170px) 100vw, 1170px\" \/><\/a>\n\t\t\t<\/div>\n\t\t\t\t<figcaption class='wp-caption-text gallery-caption' id='gallery-1-47681'>\n\t\t\t\tVue de la place Saint-Pierre et de la basilique au lever du soleil, Vatican\n\t\t\t\t<\/figcaption><\/figure><figure class='gallery-item'>\n\t\t\t<div class='gallery-icon landscape'>\n\t\t\t\t<a href='https:\/\/www.wallendorff.com\/belogue\/2021\/01\/15\/ciaaaaaao-roma\/place-saint-pierre-vatican-2\/'><img decoding=\"async\" width=\"1170\" height=\"780\" src=\"https:\/\/www.wallendorff.com\/belogue\/wp-content\/uploads\/2021\/01\/20210115-03.jpg\" class=\"attachment-large size-large\" alt=\"\" aria-describedby=\"gallery-1-47682\" srcset=\"https:\/\/www.wallendorff.com\/belogue\/wp-content\/uploads\/2021\/01\/20210115-03.jpg 1170w, https:\/\/www.wallendorff.com\/belogue\/wp-content\/uploads\/2021\/01\/20210115-03-820x547.jpg 820w, https:\/\/www.wallendorff.com\/belogue\/wp-content\/uploads\/2021\/01\/20210115-03-1116x744.jpg 1116w, https:\/\/www.wallendorff.com\/belogue\/wp-content\/uploads\/2021\/01\/20210115-03-806x537.jpg 806w, https:\/\/www.wallendorff.com\/belogue\/wp-content\/uploads\/2021\/01\/20210115-03-558x372.jpg 558w, https:\/\/www.wallendorff.com\/belogue\/wp-content\/uploads\/2021\/01\/20210115-03-655x437.jpg 655w, https:\/\/www.wallendorff.com\/belogue\/wp-content\/uploads\/2021\/01\/20210115-03-600x400.jpg 600w\" sizes=\"(max-width: 1170px) 100vw, 1170px\" \/><\/a>\n\t\t\t<\/div>\n\t\t\t\t<figcaption class='wp-caption-text gallery-caption' id='gallery-1-47682'>\n\t\t\t\tVue de la place Saint-Pierre et de la basilique au lever du soleil, Vatican\n\t\t\t\t<\/figcaption><\/figure><figure class='gallery-item'>\n\t\t\t<div class='gallery-icon landscape'>\n\t\t\t\t<a href='https:\/\/www.wallendorff.com\/belogue\/2021\/01\/15\/ciaaaaaao-roma\/place-saint-pierre-vatican-3\/'><img loading=\"lazy\" decoding=\"async\" width=\"1170\" height=\"780\" src=\"https:\/\/www.wallendorff.com\/belogue\/wp-content\/uploads\/2021\/01\/20210115-04.jpg\" class=\"attachment-large size-large\" alt=\"\" aria-describedby=\"gallery-1-47683\" srcset=\"https:\/\/www.wallendorff.com\/belogue\/wp-content\/uploads\/2021\/01\/20210115-04.jpg 1170w, https:\/\/www.wallendorff.com\/belogue\/wp-content\/uploads\/2021\/01\/20210115-04-820x547.jpg 820w, https:\/\/www.wallendorff.com\/belogue\/wp-content\/uploads\/2021\/01\/20210115-04-1116x744.jpg 1116w, https:\/\/www.wallendorff.com\/belogue\/wp-content\/uploads\/2021\/01\/20210115-04-806x537.jpg 806w, https:\/\/www.wallendorff.com\/belogue\/wp-content\/uploads\/2021\/01\/20210115-04-558x372.jpg 558w, https:\/\/www.wallendorff.com\/belogue\/wp-content\/uploads\/2021\/01\/20210115-04-655x437.jpg 655w, https:\/\/www.wallendorff.com\/belogue\/wp-content\/uploads\/2021\/01\/20210115-04-600x400.jpg 600w\" sizes=\"(max-width: 1170px) 100vw, 1170px\" \/><\/a>\n\t\t\t<\/div>\n\t\t\t\t<figcaption class='wp-caption-text gallery-caption' id='gallery-1-47683'>\n\t\t\t\tReligieuses masquees devant la basilique Saint-Pierre au lever du soleil, Vatican\n\t\t\t\t<\/figcaption><\/figure><figure class='gallery-item'>\n\t\t\t<div class='gallery-icon landscape'>\n\t\t\t\t<a href='https:\/\/www.wallendorff.com\/belogue\/2021\/01\/15\/ciaaaaaao-roma\/place-saint-pierre-vatican-4\/'><img loading=\"lazy\" decoding=\"async\" width=\"1170\" height=\"658\" src=\"https:\/\/www.wallendorff.com\/belogue\/wp-content\/uploads\/2021\/01\/20210115-05.jpg\" class=\"attachment-large size-large\" alt=\"\" aria-describedby=\"gallery-1-47684\" srcset=\"https:\/\/www.wallendorff.com\/belogue\/wp-content\/uploads\/2021\/01\/20210115-05.jpg 1170w, https:\/\/www.wallendorff.com\/belogue\/wp-content\/uploads\/2021\/01\/20210115-05-820x461.jpg 820w, https:\/\/www.wallendorff.com\/belogue\/wp-content\/uploads\/2021\/01\/20210115-05-1116x628.jpg 1116w, https:\/\/www.wallendorff.com\/belogue\/wp-content\/uploads\/2021\/01\/20210115-05-806x453.jpg 806w, https:\/\/www.wallendorff.com\/belogue\/wp-content\/uploads\/2021\/01\/20210115-05-558x314.jpg 558w, https:\/\/www.wallendorff.com\/belogue\/wp-content\/uploads\/2021\/01\/20210115-05-655x368.jpg 655w, https:\/\/www.wallendorff.com\/belogue\/wp-content\/uploads\/2021\/01\/20210115-05-600x337.jpg 600w\" sizes=\"(max-width: 1170px) 100vw, 1170px\" \/><\/a>\n\t\t\t<\/div>\n\t\t\t\t<figcaption class='wp-caption-text gallery-caption' id='gallery-1-47684'>\n\t\t\t\tVue de la place Saint-Pierre et de la basilique au lever du soleil, Vatican\n\t\t\t\t<\/figcaption><\/figure><figure class='gallery-item'>\n\t\t\t<div class='gallery-icon portrait'>\n\t\t\t\t<a href='https:\/\/www.wallendorff.com\/belogue\/2021\/01\/15\/ciaaaaaao-roma\/place-saint-pierre-vatican-5\/'><img loading=\"lazy\" decoding=\"async\" width=\"780\" height=\"1170\" src=\"https:\/\/www.wallendorff.com\/belogue\/wp-content\/uploads\/2021\/01\/20210115-06.jpg\" class=\"attachment-large size-large\" alt=\"\" aria-describedby=\"gallery-1-47685\" srcset=\"https:\/\/www.wallendorff.com\/belogue\/wp-content\/uploads\/2021\/01\/20210115-06.jpg 780w, https:\/\/www.wallendorff.com\/belogue\/wp-content\/uploads\/2021\/01\/20210115-06-558x837.jpg 558w, https:\/\/www.wallendorff.com\/belogue\/wp-content\/uploads\/2021\/01\/20210115-06-655x983.jpg 655w, https:\/\/www.wallendorff.com\/belogue\/wp-content\/uploads\/2021\/01\/20210115-06-600x900.jpg 600w\" sizes=\"(max-width: 780px) 100vw, 780px\" \/><\/a>\n\t\t\t<\/div>\n\t\t\t\t<figcaption class='wp-caption-text gallery-caption' id='gallery-1-47685'>\n\t\t\t\tVue de la place Saint-Pierre et de la basilique au lever du soleil, Vatican\n\t\t\t\t<\/figcaption><\/figure><figure class='gallery-item'>\n\t\t\t<div class='gallery-icon landscape'>\n\t\t\t\t<a href='https:\/\/www.wallendorff.com\/belogue\/2021\/01\/15\/ciaaaaaao-roma\/basilique-saint-pierre-vatican\/'><img loading=\"lazy\" decoding=\"async\" width=\"1170\" height=\"780\" src=\"https:\/\/www.wallendorff.com\/belogue\/wp-content\/uploads\/2021\/01\/20210115-07.jpg\" class=\"attachment-large size-large\" alt=\"\" aria-describedby=\"gallery-1-47686\" srcset=\"https:\/\/www.wallendorff.com\/belogue\/wp-content\/uploads\/2021\/01\/20210115-07.jpg 1170w, https:\/\/www.wallendorff.com\/belogue\/wp-content\/uploads\/2021\/01\/20210115-07-820x547.jpg 820w, https:\/\/www.wallendorff.com\/belogue\/wp-content\/uploads\/2021\/01\/20210115-07-1116x744.jpg 1116w, https:\/\/www.wallendorff.com\/belogue\/wp-content\/uploads\/2021\/01\/20210115-07-806x537.jpg 806w, https:\/\/www.wallendorff.com\/belogue\/wp-content\/uploads\/2021\/01\/20210115-07-558x372.jpg 558w, https:\/\/www.wallendorff.com\/belogue\/wp-content\/uploads\/2021\/01\/20210115-07-655x437.jpg 655w, https:\/\/www.wallendorff.com\/belogue\/wp-content\/uploads\/2021\/01\/20210115-07-600x400.jpg 600w\" sizes=\"(max-width: 1170px) 100vw, 1170px\" \/><\/a>\n\t\t\t<\/div>\n\t\t\t\t<figcaption class='wp-caption-text gallery-caption' id='gallery-1-47686'>\n\t\t\t\tVue de la voute de la nef de la basilique Saint Pierre, Vatican\n\t\t\t\t<\/figcaption><\/figure><figure class='gallery-item'>\n\t\t\t<div class='gallery-icon landscape'>\n\t\t\t\t<a href='https:\/\/www.wallendorff.com\/belogue\/2021\/01\/15\/ciaaaaaao-roma\/place-saint-pierre-vatican-6\/'><img loading=\"lazy\" decoding=\"async\" width=\"1170\" height=\"498\" src=\"https:\/\/www.wallendorff.com\/belogue\/wp-content\/uploads\/2021\/01\/20210115-08.jpg\" class=\"attachment-large size-large\" alt=\"\" aria-describedby=\"gallery-1-47687\" srcset=\"https:\/\/www.wallendorff.com\/belogue\/wp-content\/uploads\/2021\/01\/20210115-08.jpg 1170w, https:\/\/www.wallendorff.com\/belogue\/wp-content\/uploads\/2021\/01\/20210115-08-820x349.jpg 820w, https:\/\/www.wallendorff.com\/belogue\/wp-content\/uploads\/2021\/01\/20210115-08-1116x475.jpg 1116w, https:\/\/www.wallendorff.com\/belogue\/wp-content\/uploads\/2021\/01\/20210115-08-806x343.jpg 806w, https:\/\/www.wallendorff.com\/belogue\/wp-content\/uploads\/2021\/01\/20210115-08-558x238.jpg 558w, https:\/\/www.wallendorff.com\/belogue\/wp-content\/uploads\/2021\/01\/20210115-08-655x279.jpg 655w, https:\/\/www.wallendorff.com\/belogue\/wp-content\/uploads\/2021\/01\/20210115-08-600x255.jpg 600w\" sizes=\"(max-width: 1170px) 100vw, 1170px\" \/><\/a>\n\t\t\t<\/div>\n\t\t\t\t<figcaption class='wp-caption-text gallery-caption' id='gallery-1-47687'>\n\t\t\t\tVue de la place Saint-Pierre et de la basilique au lever du soleil, Vatican\n\t\t\t\t<\/figcaption><\/figure><figure class='gallery-item'>\n\t\t\t<div class='gallery-icon landscape'>\n\t\t\t\t<a href='https:\/\/www.wallendorff.com\/belogue\/2021\/01\/15\/ciaaaaaao-roma\/colisee-rome\/'><img loading=\"lazy\" decoding=\"async\" width=\"1170\" height=\"780\" src=\"https:\/\/www.wallendorff.com\/belogue\/wp-content\/uploads\/2021\/01\/20210115-09.jpg\" class=\"attachment-large size-large\" alt=\"\" aria-describedby=\"gallery-1-47688\" srcset=\"https:\/\/www.wallendorff.com\/belogue\/wp-content\/uploads\/2021\/01\/20210115-09.jpg 1170w, https:\/\/www.wallendorff.com\/belogue\/wp-content\/uploads\/2021\/01\/20210115-09-820x547.jpg 820w, https:\/\/www.wallendorff.com\/belogue\/wp-content\/uploads\/2021\/01\/20210115-09-1116x744.jpg 1116w, https:\/\/www.wallendorff.com\/belogue\/wp-content\/uploads\/2021\/01\/20210115-09-806x537.jpg 806w, https:\/\/www.wallendorff.com\/belogue\/wp-content\/uploads\/2021\/01\/20210115-09-558x372.jpg 558w, https:\/\/www.wallendorff.com\/belogue\/wp-content\/uploads\/2021\/01\/20210115-09-655x437.jpg 655w, https:\/\/www.wallendorff.com\/belogue\/wp-content\/uploads\/2021\/01\/20210115-09-600x400.jpg 600w\" sizes=\"(max-width: 1170px) 100vw, 1170px\" \/><\/a>\n\t\t\t<\/div>\n\t\t\t\t<figcaption class='wp-caption-text gallery-caption' id='gallery-1-47688'>\n\t\t\t\tVue du colisee de Rome\n\t\t\t\t<\/figcaption><\/figure><figure class='gallery-item'>\n\t\t\t<div class='gallery-icon landscape'>\n\t\t\t\t<a href='https:\/\/www.wallendorff.com\/belogue\/2021\/01\/15\/ciaaaaaao-roma\/20210115-10\/'><img loading=\"lazy\" decoding=\"async\" width=\"1170\" height=\"780\" src=\"https:\/\/www.wallendorff.com\/belogue\/wp-content\/uploads\/2021\/01\/20210115-10.jpg\" class=\"attachment-large size-large\" alt=\"\" srcset=\"https:\/\/www.wallendorff.com\/belogue\/wp-content\/uploads\/2021\/01\/20210115-10.jpg 1170w, https:\/\/www.wallendorff.com\/belogue\/wp-content\/uploads\/2021\/01\/20210115-10-820x547.jpg 820w, https:\/\/www.wallendorff.com\/belogue\/wp-content\/uploads\/2021\/01\/20210115-10-1116x744.jpg 1116w, https:\/\/www.wallendorff.com\/belogue\/wp-content\/uploads\/2021\/01\/20210115-10-806x537.jpg 806w, https:\/\/www.wallendorff.com\/belogue\/wp-content\/uploads\/2021\/01\/20210115-10-558x372.jpg 558w, https:\/\/www.wallendorff.com\/belogue\/wp-content\/uploads\/2021\/01\/20210115-10-655x437.jpg 655w, https:\/\/www.wallendorff.com\/belogue\/wp-content\/uploads\/2021\/01\/20210115-10-600x400.jpg 600w\" sizes=\"(max-width: 1170px) 100vw, 1170px\" \/><\/a>\n\t\t\t<\/div><\/figure><figure class='gallery-item'>\n\t\t\t<div class='gallery-icon landscape'>\n\t\t\t\t<a href='https:\/\/www.wallendorff.com\/belogue\/2021\/01\/15\/ciaaaaaao-roma\/20210115-11\/'><img loading=\"lazy\" decoding=\"async\" width=\"1170\" height=\"780\" src=\"https:\/\/www.wallendorff.com\/belogue\/wp-content\/uploads\/2021\/01\/20210115-11.jpg\" class=\"attachment-large size-large\" alt=\"\" srcset=\"https:\/\/www.wallendorff.com\/belogue\/wp-content\/uploads\/2021\/01\/20210115-11.jpg 1170w, https:\/\/www.wallendorff.com\/belogue\/wp-content\/uploads\/2021\/01\/20210115-11-820x547.jpg 820w, https:\/\/www.wallendorff.com\/belogue\/wp-content\/uploads\/2021\/01\/20210115-11-1116x744.jpg 1116w, https:\/\/www.wallendorff.com\/belogue\/wp-content\/uploads\/2021\/01\/20210115-11-806x537.jpg 806w, https:\/\/www.wallendorff.com\/belogue\/wp-content\/uploads\/2021\/01\/20210115-11-558x372.jpg 558w, https:\/\/www.wallendorff.com\/belogue\/wp-content\/uploads\/2021\/01\/20210115-11-655x437.jpg 655w, https:\/\/www.wallendorff.com\/belogue\/wp-content\/uploads\/2021\/01\/20210115-11-600x400.jpg 600w\" sizes=\"(max-width: 1170px) 100vw, 1170px\" \/><\/a>\n\t\t\t<\/div><\/figure><figure class='gallery-item'>\n\t\t\t<div class='gallery-icon landscape'>\n\t\t\t\t<a href='https:\/\/www.wallendorff.com\/belogue\/2021\/01\/15\/ciaaaaaao-roma\/20210115-12\/'><img loading=\"lazy\" decoding=\"async\" width=\"1170\" height=\"780\" src=\"https:\/\/www.wallendorff.com\/belogue\/wp-content\/uploads\/2021\/01\/20210115-12.jpg\" class=\"attachment-large size-large\" alt=\"\" srcset=\"https:\/\/www.wallendorff.com\/belogue\/wp-content\/uploads\/2021\/01\/20210115-12.jpg 1170w, https:\/\/www.wallendorff.com\/belogue\/wp-content\/uploads\/2021\/01\/20210115-12-820x547.jpg 820w, https:\/\/www.wallendorff.com\/belogue\/wp-content\/uploads\/2021\/01\/20210115-12-1116x744.jpg 1116w, https:\/\/www.wallendorff.com\/belogue\/wp-content\/uploads\/2021\/01\/20210115-12-806x537.jpg 806w, https:\/\/www.wallendorff.com\/belogue\/wp-content\/uploads\/2021\/01\/20210115-12-558x372.jpg 558w, https:\/\/www.wallendorff.com\/belogue\/wp-content\/uploads\/2021\/01\/20210115-12-655x437.jpg 655w, https:\/\/www.wallendorff.com\/belogue\/wp-content\/uploads\/2021\/01\/20210115-12-600x400.jpg 600w\" sizes=\"(max-width: 1170px) 100vw, 1170px\" \/><\/a>\n\t\t\t<\/div><\/figure><figure class='gallery-item'>\n\t\t\t<div class='gallery-icon landscape'>\n\t\t\t\t<a href='https:\/\/www.wallendorff.com\/belogue\/2021\/01\/15\/ciaaaaaao-roma\/forum-de-cesar-rome\/'><img loading=\"lazy\" decoding=\"async\" width=\"1170\" height=\"780\" src=\"https:\/\/www.wallendorff.com\/belogue\/wp-content\/uploads\/2021\/01\/20210115-13.jpg\" class=\"attachment-large size-large\" alt=\"\" aria-describedby=\"gallery-1-47692\" srcset=\"https:\/\/www.wallendorff.com\/belogue\/wp-content\/uploads\/2021\/01\/20210115-13.jpg 1170w, https:\/\/www.wallendorff.com\/belogue\/wp-content\/uploads\/2021\/01\/20210115-13-820x547.jpg 820w, https:\/\/www.wallendorff.com\/belogue\/wp-content\/uploads\/2021\/01\/20210115-13-1116x744.jpg 1116w, https:\/\/www.wallendorff.com\/belogue\/wp-content\/uploads\/2021\/01\/20210115-13-806x537.jpg 806w, https:\/\/www.wallendorff.com\/belogue\/wp-content\/uploads\/2021\/01\/20210115-13-558x372.jpg 558w, https:\/\/www.wallendorff.com\/belogue\/wp-content\/uploads\/2021\/01\/20210115-13-655x437.jpg 655w, https:\/\/www.wallendorff.com\/belogue\/wp-content\/uploads\/2021\/01\/20210115-13-600x400.jpg 600w\" sizes=\"(max-width: 1170px) 100vw, 1170px\" \/><\/a>\n\t\t\t<\/div>\n\t\t\t\t<figcaption class='wp-caption-text gallery-caption' id='gallery-1-47692'>\n\t\t\t\tRuines du forum de Cesar, Rome\n\t\t\t\t<\/figcaption><\/figure><figure class='gallery-item'>\n\t\t\t<div class='gallery-icon portrait'>\n\t\t\t\t<a href='https:\/\/www.wallendorff.com\/belogue\/2021\/01\/15\/ciaaaaaao-roma\/piazza-del-campidoglio-rome\/'><img loading=\"lazy\" decoding=\"async\" width=\"780\" height=\"1170\" src=\"https:\/\/www.wallendorff.com\/belogue\/wp-content\/uploads\/2021\/01\/20210115-14.jpg\" class=\"attachment-large size-large\" alt=\"\" aria-describedby=\"gallery-1-47693\" srcset=\"https:\/\/www.wallendorff.com\/belogue\/wp-content\/uploads\/2021\/01\/20210115-14.jpg 780w, https:\/\/www.wallendorff.com\/belogue\/wp-content\/uploads\/2021\/01\/20210115-14-558x837.jpg 558w, https:\/\/www.wallendorff.com\/belogue\/wp-content\/uploads\/2021\/01\/20210115-14-655x983.jpg 655w, https:\/\/www.wallendorff.com\/belogue\/wp-content\/uploads\/2021\/01\/20210115-14-600x900.jpg 600w\" sizes=\"(max-width: 780px) 100vw, 780px\" \/><\/a>\n\t\t\t<\/div>\n\t\t\t\t<figcaption class='wp-caption-text gallery-caption' id='gallery-1-47693'>\n\t\t\t\tPorte sur la piazza del Campidoglio, Rome\n\t\t\t\t<\/figcaption><\/figure><figure class='gallery-item'>\n\t\t\t<div class='gallery-icon landscape'>\n\t\t\t\t<a href='https:\/\/www.wallendorff.com\/belogue\/2021\/01\/15\/ciaaaaaao-roma\/20210115-15\/'><img loading=\"lazy\" decoding=\"async\" width=\"1170\" height=\"780\" src=\"https:\/\/www.wallendorff.com\/belogue\/wp-content\/uploads\/2021\/01\/20210115-15.jpg\" class=\"attachment-large size-large\" alt=\"\" srcset=\"https:\/\/www.wallendorff.com\/belogue\/wp-content\/uploads\/2021\/01\/20210115-15.jpg 1170w, https:\/\/www.wallendorff.com\/belogue\/wp-content\/uploads\/2021\/01\/20210115-15-820x547.jpg 820w, https:\/\/www.wallendorff.com\/belogue\/wp-content\/uploads\/2021\/01\/20210115-15-1116x744.jpg 1116w, https:\/\/www.wallendorff.com\/belogue\/wp-content\/uploads\/2021\/01\/20210115-15-806x537.jpg 806w, https:\/\/www.wallendorff.com\/belogue\/wp-content\/uploads\/2021\/01\/20210115-15-558x372.jpg 558w, https:\/\/www.wallendorff.com\/belogue\/wp-content\/uploads\/2021\/01\/20210115-15-655x437.jpg 655w, https:\/\/www.wallendorff.com\/belogue\/wp-content\/uploads\/2021\/01\/20210115-15-600x400.jpg 600w\" sizes=\"(max-width: 1170px) 100vw, 1170px\" \/><\/a>\n\t\t\t<\/div><\/figure><figure class='gallery-item'>\n\t\t\t<div class='gallery-icon portrait'>\n\t\t\t\t<a href='https:\/\/www.wallendorff.com\/belogue\/2021\/01\/15\/ciaaaaaao-roma\/via-dei-fornari-rome\/'><img loading=\"lazy\" decoding=\"async\" width=\"780\" height=\"1170\" src=\"https:\/\/www.wallendorff.com\/belogue\/wp-content\/uploads\/2021\/01\/20210115-16.jpg\" class=\"attachment-large size-large\" alt=\"\" aria-describedby=\"gallery-1-47695\" srcset=\"https:\/\/www.wallendorff.com\/belogue\/wp-content\/uploads\/2021\/01\/20210115-16.jpg 780w, https:\/\/www.wallendorff.com\/belogue\/wp-content\/uploads\/2021\/01\/20210115-16-558x837.jpg 558w, https:\/\/www.wallendorff.com\/belogue\/wp-content\/uploads\/2021\/01\/20210115-16-655x983.jpg 655w, https:\/\/www.wallendorff.com\/belogue\/wp-content\/uploads\/2021\/01\/20210115-16-600x900.jpg 600w\" sizes=\"(max-width: 780px) 100vw, 780px\" \/><\/a>\n\t\t\t<\/div>\n\t\t\t\t<figcaption class='wp-caption-text gallery-caption' id='gallery-1-47695'>\n\t\t\t\tOmbres de b\u00e2timents sur les murs de la via Fornari, Rome\n\t\t\t\t<\/figcaption><\/figure><figure class='gallery-item'>\n\t\t\t<div class='gallery-icon portrait'>\n\t\t\t\t<a href='https:\/\/www.wallendorff.com\/belogue\/2021\/01\/15\/ciaaaaaao-roma\/via-di-marcello-rome\/'><img loading=\"lazy\" decoding=\"async\" width=\"780\" height=\"1170\" src=\"https:\/\/www.wallendorff.com\/belogue\/wp-content\/uploads\/2021\/01\/20210115-17.jpg\" class=\"attachment-large size-large\" alt=\"\" aria-describedby=\"gallery-1-47696\" srcset=\"https:\/\/www.wallendorff.com\/belogue\/wp-content\/uploads\/2021\/01\/20210115-17.jpg 780w, https:\/\/www.wallendorff.com\/belogue\/wp-content\/uploads\/2021\/01\/20210115-17-558x837.jpg 558w, https:\/\/www.wallendorff.com\/belogue\/wp-content\/uploads\/2021\/01\/20210115-17-655x983.jpg 655w, https:\/\/www.wallendorff.com\/belogue\/wp-content\/uploads\/2021\/01\/20210115-17-600x900.jpg 600w\" sizes=\"(max-width: 780px) 100vw, 780px\" \/><\/a>\n\t\t\t<\/div>\n\t\t\t\t<figcaption class='wp-caption-text gallery-caption' id='gallery-1-47696'>\n\t\t\t\tPorte de la cappella della Madonna dell&rsquo;Archetto a travers une grille, Rome\n\t\t\t\t<\/figcaption><\/figure><figure class='gallery-item'>\n\t\t\t<div class='gallery-icon landscape'>\n\t\t\t\t<a href='https:\/\/www.wallendorff.com\/belogue\/2021\/01\/15\/ciaaaaaao-roma\/20210115-18\/'><img loading=\"lazy\" decoding=\"async\" width=\"1170\" height=\"780\" src=\"https:\/\/www.wallendorff.com\/belogue\/wp-content\/uploads\/2021\/01\/20210115-18.jpg\" class=\"attachment-large size-large\" alt=\"\" srcset=\"https:\/\/www.wallendorff.com\/belogue\/wp-content\/uploads\/2021\/01\/20210115-18.jpg 1170w, https:\/\/www.wallendorff.com\/belogue\/wp-content\/uploads\/2021\/01\/20210115-18-820x547.jpg 820w, https:\/\/www.wallendorff.com\/belogue\/wp-content\/uploads\/2021\/01\/20210115-18-1116x744.jpg 1116w, https:\/\/www.wallendorff.com\/belogue\/wp-content\/uploads\/2021\/01\/20210115-18-806x537.jpg 806w, https:\/\/www.wallendorff.com\/belogue\/wp-content\/uploads\/2021\/01\/20210115-18-558x372.jpg 558w, https:\/\/www.wallendorff.com\/belogue\/wp-content\/uploads\/2021\/01\/20210115-18-655x437.jpg 655w, https:\/\/www.wallendorff.com\/belogue\/wp-content\/uploads\/2021\/01\/20210115-18-600x400.jpg 600w\" sizes=\"(max-width: 1170px) 100vw, 1170px\" \/><\/a>\n\t\t\t<\/div><\/figure><figure class='gallery-item'>\n\t\t\t<div class='gallery-icon landscape'>\n\t\t\t\t<a href='https:\/\/www.wallendorff.com\/belogue\/2021\/01\/15\/ciaaaaaao-roma\/20210115-19\/'><img loading=\"lazy\" decoding=\"async\" width=\"1170\" height=\"780\" src=\"https:\/\/www.wallendorff.com\/belogue\/wp-content\/uploads\/2021\/01\/20210115-19.jpg\" class=\"attachment-large size-large\" alt=\"\" srcset=\"https:\/\/www.wallendorff.com\/belogue\/wp-content\/uploads\/2021\/01\/20210115-19.jpg 1170w, https:\/\/www.wallendorff.com\/belogue\/wp-content\/uploads\/2021\/01\/20210115-19-820x547.jpg 820w, https:\/\/www.wallendorff.com\/belogue\/wp-content\/uploads\/2021\/01\/20210115-19-1116x744.jpg 1116w, https:\/\/www.wallendorff.com\/belogue\/wp-content\/uploads\/2021\/01\/20210115-19-806x537.jpg 806w, https:\/\/www.wallendorff.com\/belogue\/wp-content\/uploads\/2021\/01\/20210115-19-558x372.jpg 558w, https:\/\/www.wallendorff.com\/belogue\/wp-content\/uploads\/2021\/01\/20210115-19-655x437.jpg 655w, https:\/\/www.wallendorff.com\/belogue\/wp-content\/uploads\/2021\/01\/20210115-19-600x400.jpg 600w\" sizes=\"(max-width: 1170px) 100vw, 1170px\" \/><\/a>\n\t\t\t<\/div><\/figure><figure class='gallery-item'>\n\t\t\t<div class='gallery-icon portrait'>\n\t\t\t\t<a href='https:\/\/www.wallendorff.com\/belogue\/2021\/01\/15\/ciaaaaaao-roma\/piazza-di-trevi-rome\/'><img loading=\"lazy\" decoding=\"async\" width=\"780\" height=\"1170\" src=\"https:\/\/www.wallendorff.com\/belogue\/wp-content\/uploads\/2021\/01\/20210115-20.jpg\" class=\"attachment-large size-large\" alt=\"\" aria-describedby=\"gallery-1-47699\" srcset=\"https:\/\/www.wallendorff.com\/belogue\/wp-content\/uploads\/2021\/01\/20210115-20.jpg 780w, https:\/\/www.wallendorff.com\/belogue\/wp-content\/uploads\/2021\/01\/20210115-20-558x837.jpg 558w, https:\/\/www.wallendorff.com\/belogue\/wp-content\/uploads\/2021\/01\/20210115-20-655x983.jpg 655w, https:\/\/www.wallendorff.com\/belogue\/wp-content\/uploads\/2021\/01\/20210115-20-600x900.jpg 600w\" sizes=\"(max-width: 780px) 100vw, 780px\" \/><\/a>\n\t\t\t<\/div>\n\t\t\t\t<figcaption class='wp-caption-text gallery-caption' id='gallery-1-47699'>\n\t\t\t\tTouristes devant la fontaine de Trevi, Rome\n\t\t\t\t<\/figcaption><\/figure><figure class='gallery-item'>\n\t\t\t<div class='gallery-icon landscape'>\n\t\t\t\t<a href='https:\/\/www.wallendorff.com\/belogue\/2021\/01\/15\/ciaaaaaao-roma\/piazza-di-trevi-rome-2\/'><img loading=\"lazy\" decoding=\"async\" width=\"1170\" height=\"780\" src=\"https:\/\/www.wallendorff.com\/belogue\/wp-content\/uploads\/2021\/01\/20210115-21.jpg\" class=\"attachment-large size-large\" alt=\"\" aria-describedby=\"gallery-1-47700\" srcset=\"https:\/\/www.wallendorff.com\/belogue\/wp-content\/uploads\/2021\/01\/20210115-21.jpg 1170w, https:\/\/www.wallendorff.com\/belogue\/wp-content\/uploads\/2021\/01\/20210115-21-820x547.jpg 820w, https:\/\/www.wallendorff.com\/belogue\/wp-content\/uploads\/2021\/01\/20210115-21-1116x744.jpg 1116w, https:\/\/www.wallendorff.com\/belogue\/wp-content\/uploads\/2021\/01\/20210115-21-806x537.jpg 806w, https:\/\/www.wallendorff.com\/belogue\/wp-content\/uploads\/2021\/01\/20210115-21-558x372.jpg 558w, https:\/\/www.wallendorff.com\/belogue\/wp-content\/uploads\/2021\/01\/20210115-21-655x437.jpg 655w, https:\/\/www.wallendorff.com\/belogue\/wp-content\/uploads\/2021\/01\/20210115-21-600x400.jpg 600w\" sizes=\"(max-width: 1170px) 100vw, 1170px\" \/><\/a>\n\t\t\t<\/div>\n\t\t\t\t<figcaption class='wp-caption-text gallery-caption' id='gallery-1-47700'>\n\t\t\t\tTouristes devant la fontaine de Trevi, Rome\n\t\t\t\t<\/figcaption><\/figure><figure class='gallery-item'>\n\t\t\t<div class='gallery-icon portrait'>\n\t\t\t\t<a href='https:\/\/www.wallendorff.com\/belogue\/2021\/01\/15\/ciaaaaaao-roma\/20210115-22\/'><img loading=\"lazy\" decoding=\"async\" width=\"780\" height=\"1170\" src=\"https:\/\/www.wallendorff.com\/belogue\/wp-content\/uploads\/2021\/01\/20210115-22.jpg\" class=\"attachment-large size-large\" alt=\"\" srcset=\"https:\/\/www.wallendorff.com\/belogue\/wp-content\/uploads\/2021\/01\/20210115-22.jpg 780w, https:\/\/www.wallendorff.com\/belogue\/wp-content\/uploads\/2021\/01\/20210115-22-558x837.jpg 558w, https:\/\/www.wallendorff.com\/belogue\/wp-content\/uploads\/2021\/01\/20210115-22-655x983.jpg 655w, https:\/\/www.wallendorff.com\/belogue\/wp-content\/uploads\/2021\/01\/20210115-22-600x900.jpg 600w\" sizes=\"(max-width: 780px) 100vw, 780px\" \/><\/a>\n\t\t\t<\/div><\/figure><figure class='gallery-item'>\n\t\t\t<div class='gallery-icon portrait'>\n\t\t\t\t<a href='https:\/\/www.wallendorff.com\/belogue\/2021\/01\/15\/ciaaaaaao-roma\/palais-ferrajoli-rome\/'><img loading=\"lazy\" decoding=\"async\" width=\"780\" height=\"1170\" src=\"https:\/\/www.wallendorff.com\/belogue\/wp-content\/uploads\/2021\/01\/20210115-23.jpg\" class=\"attachment-large size-large\" alt=\"\" aria-describedby=\"gallery-1-47702\" srcset=\"https:\/\/www.wallendorff.com\/belogue\/wp-content\/uploads\/2021\/01\/20210115-23.jpg 780w, https:\/\/www.wallendorff.com\/belogue\/wp-content\/uploads\/2021\/01\/20210115-23-558x837.jpg 558w, https:\/\/www.wallendorff.com\/belogue\/wp-content\/uploads\/2021\/01\/20210115-23-655x983.jpg 655w, https:\/\/www.wallendorff.com\/belogue\/wp-content\/uploads\/2021\/01\/20210115-23-600x900.jpg 600w\" sizes=\"(max-width: 780px) 100vw, 780px\" \/><\/a>\n\t\t\t<\/div>\n\t\t\t\t<figcaption class='wp-caption-text gallery-caption' id='gallery-1-47702'>\n\t\t\t\tTouristes assis sur la piazza Colonna, Rome\n\t\t\t\t<\/figcaption><\/figure><figure class='gallery-item'>\n\t\t\t<div class='gallery-icon portrait'>\n\t\t\t\t<a href='https:\/\/www.wallendorff.com\/belogue\/2021\/01\/15\/ciaaaaaao-roma\/20210115-24\/'><img loading=\"lazy\" decoding=\"async\" width=\"780\" height=\"1170\" src=\"https:\/\/www.wallendorff.com\/belogue\/wp-content\/uploads\/2021\/01\/20210115-24.jpg\" class=\"attachment-large size-large\" alt=\"\" srcset=\"https:\/\/www.wallendorff.com\/belogue\/wp-content\/uploads\/2021\/01\/20210115-24.jpg 780w, https:\/\/www.wallendorff.com\/belogue\/wp-content\/uploads\/2021\/01\/20210115-24-558x837.jpg 558w, https:\/\/www.wallendorff.com\/belogue\/wp-content\/uploads\/2021\/01\/20210115-24-655x983.jpg 655w, https:\/\/www.wallendorff.com\/belogue\/wp-content\/uploads\/2021\/01\/20210115-24-600x900.jpg 600w\" sizes=\"(max-width: 780px) 100vw, 780px\" \/><\/a>\n\t\t\t<\/div><\/figure><figure class='gallery-item'>\n\t\t\t<div class='gallery-icon landscape'>\n\t\t\t\t<a href='https:\/\/www.wallendorff.com\/belogue\/2021\/01\/15\/ciaaaaaao-roma\/20210115-25\/'><img loading=\"lazy\" decoding=\"async\" width=\"1170\" height=\"780\" src=\"https:\/\/www.wallendorff.com\/belogue\/wp-content\/uploads\/2021\/01\/20210115-25.jpg\" class=\"attachment-large size-large\" alt=\"\" srcset=\"https:\/\/www.wallendorff.com\/belogue\/wp-content\/uploads\/2021\/01\/20210115-25.jpg 1170w, https:\/\/www.wallendorff.com\/belogue\/wp-content\/uploads\/2021\/01\/20210115-25-820x547.jpg 820w, https:\/\/www.wallendorff.com\/belogue\/wp-content\/uploads\/2021\/01\/20210115-25-1116x744.jpg 1116w, https:\/\/www.wallendorff.com\/belogue\/wp-content\/uploads\/2021\/01\/20210115-25-806x537.jpg 806w, https:\/\/www.wallendorff.com\/belogue\/wp-content\/uploads\/2021\/01\/20210115-25-558x372.jpg 558w, https:\/\/www.wallendorff.com\/belogue\/wp-content\/uploads\/2021\/01\/20210115-25-655x437.jpg 655w, https:\/\/www.wallendorff.com\/belogue\/wp-content\/uploads\/2021\/01\/20210115-25-600x400.jpg 600w\" sizes=\"(max-width: 1170px) 100vw, 1170px\" \/><\/a>\n\t\t\t<\/div><\/figure><figure class='gallery-item'>\n\t\t\t<div class='gallery-icon landscape'>\n\t\t\t\t<a href='https:\/\/www.wallendorff.com\/belogue\/2021\/01\/15\/ciaaaaaao-roma\/20210115-26\/'><img loading=\"lazy\" decoding=\"async\" width=\"1170\" height=\"780\" src=\"https:\/\/www.wallendorff.com\/belogue\/wp-content\/uploads\/2021\/01\/20210115-26.jpg\" class=\"attachment-large size-large\" alt=\"\" srcset=\"https:\/\/www.wallendorff.com\/belogue\/wp-content\/uploads\/2021\/01\/20210115-26.jpg 1170w, https:\/\/www.wallendorff.com\/belogue\/wp-content\/uploads\/2021\/01\/20210115-26-820x547.jpg 820w, https:\/\/www.wallendorff.com\/belogue\/wp-content\/uploads\/2021\/01\/20210115-26-1116x744.jpg 1116w, https:\/\/www.wallendorff.com\/belogue\/wp-content\/uploads\/2021\/01\/20210115-26-806x537.jpg 806w, https:\/\/www.wallendorff.com\/belogue\/wp-content\/uploads\/2021\/01\/20210115-26-558x372.jpg 558w, https:\/\/www.wallendorff.com\/belogue\/wp-content\/uploads\/2021\/01\/20210115-26-655x437.jpg 655w, https:\/\/www.wallendorff.com\/belogue\/wp-content\/uploads\/2021\/01\/20210115-26-600x400.jpg 600w\" sizes=\"(max-width: 1170px) 100vw, 1170px\" \/><\/a>\n\t\t\t<\/div><\/figure><figure class='gallery-item'>\n\t\t\t<div class='gallery-icon portrait'>\n\t\t\t\t<a href='https:\/\/www.wallendorff.com\/belogue\/2021\/01\/15\/ciaaaaaao-roma\/via-della-vetrina\/'><img loading=\"lazy\" decoding=\"async\" width=\"780\" height=\"1170\" src=\"https:\/\/www.wallendorff.com\/belogue\/wp-content\/uploads\/2021\/01\/20210115-27.jpg\" class=\"attachment-large size-large\" alt=\"\" aria-describedby=\"gallery-1-47706\" srcset=\"https:\/\/www.wallendorff.com\/belogue\/wp-content\/uploads\/2021\/01\/20210115-27.jpg 780w, https:\/\/www.wallendorff.com\/belogue\/wp-content\/uploads\/2021\/01\/20210115-27-558x837.jpg 558w, https:\/\/www.wallendorff.com\/belogue\/wp-content\/uploads\/2021\/01\/20210115-27-655x983.jpg 655w, https:\/\/www.wallendorff.com\/belogue\/wp-content\/uploads\/2021\/01\/20210115-27-600x900.jpg 600w\" sizes=\"(max-width: 780px) 100vw, 780px\" \/><\/a>\n\t\t\t<\/div>\n\t\t\t\t<figcaption class='wp-caption-text gallery-caption' id='gallery-1-47706'>\n\t\t\t\tPassante dans la via della Vetrina, Rome\n\t\t\t\t<\/figcaption><\/figure><figure class='gallery-item'>\n\t\t\t<div class='gallery-icon landscape'>\n\t\t\t\t<a href='https:\/\/www.wallendorff.com\/belogue\/2021\/01\/15\/ciaaaaaao-roma\/eglise-san-salvatore-in-lauro-rome\/'><img loading=\"lazy\" decoding=\"async\" width=\"1170\" height=\"780\" src=\"https:\/\/www.wallendorff.com\/belogue\/wp-content\/uploads\/2021\/01\/20210115-28.jpg\" class=\"attachment-large size-large\" alt=\"\" aria-describedby=\"gallery-1-47707\" srcset=\"https:\/\/www.wallendorff.com\/belogue\/wp-content\/uploads\/2021\/01\/20210115-28.jpg 1170w, https:\/\/www.wallendorff.com\/belogue\/wp-content\/uploads\/2021\/01\/20210115-28-820x547.jpg 820w, https:\/\/www.wallendorff.com\/belogue\/wp-content\/uploads\/2021\/01\/20210115-28-1116x744.jpg 1116w, https:\/\/www.wallendorff.com\/belogue\/wp-content\/uploads\/2021\/01\/20210115-28-806x537.jpg 806w, https:\/\/www.wallendorff.com\/belogue\/wp-content\/uploads\/2021\/01\/20210115-28-558x372.jpg 558w, https:\/\/www.wallendorff.com\/belogue\/wp-content\/uploads\/2021\/01\/20210115-28-655x437.jpg 655w, https:\/\/www.wallendorff.com\/belogue\/wp-content\/uploads\/2021\/01\/20210115-28-600x400.jpg 600w\" sizes=\"(max-width: 1170px) 100vw, 1170px\" \/><\/a>\n\t\t\t<\/div>\n\t\t\t\t<figcaption class='wp-caption-text gallery-caption' id='gallery-1-47707'>\n\t\t\t\tVoute de la nef de l&rsquo;eglise San Salvatore in Lauro, Rome\n\t\t\t\t<\/figcaption><\/figure><figure class='gallery-item'>\n\t\t\t<div class='gallery-icon landscape'>\n\t\t\t\t<a href='https:\/\/www.wallendorff.com\/belogue\/2021\/01\/15\/ciaaaaaao-roma\/palazzo-della-cancellaria\/'><img loading=\"lazy\" decoding=\"async\" width=\"1170\" height=\"780\" src=\"https:\/\/www.wallendorff.com\/belogue\/wp-content\/uploads\/2021\/01\/20210115-29.jpg\" class=\"attachment-large size-large\" alt=\"\" aria-describedby=\"gallery-1-47708\" srcset=\"https:\/\/www.wallendorff.com\/belogue\/wp-content\/uploads\/2021\/01\/20210115-29.jpg 1170w, https:\/\/www.wallendorff.com\/belogue\/wp-content\/uploads\/2021\/01\/20210115-29-820x547.jpg 820w, https:\/\/www.wallendorff.com\/belogue\/wp-content\/uploads\/2021\/01\/20210115-29-1116x744.jpg 1116w, https:\/\/www.wallendorff.com\/belogue\/wp-content\/uploads\/2021\/01\/20210115-29-806x537.jpg 806w, https:\/\/www.wallendorff.com\/belogue\/wp-content\/uploads\/2021\/01\/20210115-29-558x372.jpg 558w, https:\/\/www.wallendorff.com\/belogue\/wp-content\/uploads\/2021\/01\/20210115-29-655x437.jpg 655w, https:\/\/www.wallendorff.com\/belogue\/wp-content\/uploads\/2021\/01\/20210115-29-600x400.jpg 600w\" sizes=\"(max-width: 1170px) 100vw, 1170px\" \/><\/a>\n\t\t\t<\/div>\n\t\t\t\t<figcaption class='wp-caption-text gallery-caption' id='gallery-1-47708'>\n\t\t\t\tCour du palazzo della Cancellaria, Rome\n\t\t\t\t<\/figcaption><\/figure><figure class='gallery-item'>\n\t\t\t<div class='gallery-icon landscape'>\n\t\t\t\t<a href='https:\/\/www.wallendorff.com\/belogue\/2021\/01\/15\/ciaaaaaao-roma\/20210115-30\/'><img loading=\"lazy\" decoding=\"async\" width=\"1170\" height=\"758\" src=\"https:\/\/www.wallendorff.com\/belogue\/wp-content\/uploads\/2021\/01\/20210115-30.jpg\" class=\"attachment-large size-large\" alt=\"\" srcset=\"https:\/\/www.wallendorff.com\/belogue\/wp-content\/uploads\/2021\/01\/20210115-30.jpg 1170w, https:\/\/www.wallendorff.com\/belogue\/wp-content\/uploads\/2021\/01\/20210115-30-820x531.jpg 820w, https:\/\/www.wallendorff.com\/belogue\/wp-content\/uploads\/2021\/01\/20210115-30-1116x723.jpg 1116w, https:\/\/www.wallendorff.com\/belogue\/wp-content\/uploads\/2021\/01\/20210115-30-806x522.jpg 806w, https:\/\/www.wallendorff.com\/belogue\/wp-content\/uploads\/2021\/01\/20210115-30-558x362.jpg 558w, https:\/\/www.wallendorff.com\/belogue\/wp-content\/uploads\/2021\/01\/20210115-30-655x424.jpg 655w, https:\/\/www.wallendorff.com\/belogue\/wp-content\/uploads\/2021\/01\/20210115-30-600x389.jpg 600w\" sizes=\"(max-width: 1170px) 100vw, 1170px\" \/><\/a>\n\t\t\t<\/div><\/figure><figure class='gallery-item'>\n\t\t\t<div class='gallery-icon landscape'>\n\t\t\t\t<a href='https:\/\/www.wallendorff.com\/belogue\/2021\/01\/15\/ciaaaaaao-roma\/chiesa-nova-rome\/'><img loading=\"lazy\" decoding=\"async\" width=\"1170\" height=\"780\" src=\"https:\/\/www.wallendorff.com\/belogue\/wp-content\/uploads\/2021\/01\/20210115-31.jpg\" class=\"attachment-large size-large\" alt=\"\" aria-describedby=\"gallery-1-47710\" srcset=\"https:\/\/www.wallendorff.com\/belogue\/wp-content\/uploads\/2021\/01\/20210115-31.jpg 1170w, https:\/\/www.wallendorff.com\/belogue\/wp-content\/uploads\/2021\/01\/20210115-31-820x547.jpg 820w, https:\/\/www.wallendorff.com\/belogue\/wp-content\/uploads\/2021\/01\/20210115-31-1116x744.jpg 1116w, https:\/\/www.wallendorff.com\/belogue\/wp-content\/uploads\/2021\/01\/20210115-31-806x537.jpg 806w, https:\/\/www.wallendorff.com\/belogue\/wp-content\/uploads\/2021\/01\/20210115-31-558x372.jpg 558w, https:\/\/www.wallendorff.com\/belogue\/wp-content\/uploads\/2021\/01\/20210115-31-655x437.jpg 655w, https:\/\/www.wallendorff.com\/belogue\/wp-content\/uploads\/2021\/01\/20210115-31-600x400.jpg 600w\" sizes=\"(max-width: 1170px) 100vw, 1170px\" \/><\/a>\n\t\t\t<\/div>\n\t\t\t\t<figcaption class='wp-caption-text gallery-caption' id='gallery-1-47710'>\n\t\t\t\tFacade de la Chiesa Nova, Rome\n\t\t\t\t<\/figcaption><\/figure><figure class='gallery-item'>\n\t\t\t<div class='gallery-icon landscape'>\n\t\t\t\t<a href='https:\/\/www.wallendorff.com\/belogue\/2021\/01\/15\/ciaaaaaao-roma\/20210115-32\/'><img loading=\"lazy\" decoding=\"async\" width=\"1170\" height=\"780\" src=\"https:\/\/www.wallendorff.com\/belogue\/wp-content\/uploads\/2021\/01\/20210115-32.jpg\" class=\"attachment-large size-large\" alt=\"\" srcset=\"https:\/\/www.wallendorff.com\/belogue\/wp-content\/uploads\/2021\/01\/20210115-32.jpg 1170w, https:\/\/www.wallendorff.com\/belogue\/wp-content\/uploads\/2021\/01\/20210115-32-820x547.jpg 820w, https:\/\/www.wallendorff.com\/belogue\/wp-content\/uploads\/2021\/01\/20210115-32-1116x744.jpg 1116w, https:\/\/www.wallendorff.com\/belogue\/wp-content\/uploads\/2021\/01\/20210115-32-806x537.jpg 806w, https:\/\/www.wallendorff.com\/belogue\/wp-content\/uploads\/2021\/01\/20210115-32-558x372.jpg 558w, https:\/\/www.wallendorff.com\/belogue\/wp-content\/uploads\/2021\/01\/20210115-32-655x437.jpg 655w, https:\/\/www.wallendorff.com\/belogue\/wp-content\/uploads\/2021\/01\/20210115-32-600x400.jpg 600w\" sizes=\"(max-width: 1170px) 100vw, 1170px\" \/><\/a>\n\t\t\t<\/div><\/figure><figure class='gallery-item'>\n\t\t\t<div class='gallery-icon landscape'>\n\t\t\t\t<a href='https:\/\/www.wallendorff.com\/belogue\/2021\/01\/15\/ciaaaaaao-roma\/forum-de-cesar-rome-2\/'><img loading=\"lazy\" decoding=\"async\" width=\"1170\" height=\"780\" src=\"https:\/\/www.wallendorff.com\/belogue\/wp-content\/uploads\/2021\/01\/20210115-33.jpg\" class=\"attachment-large size-large\" alt=\"\" aria-describedby=\"gallery-1-47712\" srcset=\"https:\/\/www.wallendorff.com\/belogue\/wp-content\/uploads\/2021\/01\/20210115-33.jpg 1170w, https:\/\/www.wallendorff.com\/belogue\/wp-content\/uploads\/2021\/01\/20210115-33-820x547.jpg 820w, https:\/\/www.wallendorff.com\/belogue\/wp-content\/uploads\/2021\/01\/20210115-33-1116x744.jpg 1116w, https:\/\/www.wallendorff.com\/belogue\/wp-content\/uploads\/2021\/01\/20210115-33-806x537.jpg 806w, https:\/\/www.wallendorff.com\/belogue\/wp-content\/uploads\/2021\/01\/20210115-33-558x372.jpg 558w, https:\/\/www.wallendorff.com\/belogue\/wp-content\/uploads\/2021\/01\/20210115-33-655x437.jpg 655w, https:\/\/www.wallendorff.com\/belogue\/wp-content\/uploads\/2021\/01\/20210115-33-600x400.jpg 600w\" sizes=\"(max-width: 1170px) 100vw, 1170px\" \/><\/a>\n\t\t\t<\/div>\n\t\t\t\t<figcaption class='wp-caption-text gallery-caption' id='gallery-1-47712'>\n\t\t\t\tRuines du forum de Cesar et colonne de Trajan, Rome\n\t\t\t\t<\/figcaption><\/figure><figure class='gallery-item'>\n\t\t\t<div class='gallery-icon landscape'>\n\t\t\t\t<a href='https:\/\/www.wallendorff.com\/belogue\/2021\/01\/15\/ciaaaaaao-roma\/piazza-del-campidoglio-rome-2\/'><img loading=\"lazy\" decoding=\"async\" width=\"1170\" height=\"658\" src=\"https:\/\/www.wallendorff.com\/belogue\/wp-content\/uploads\/2021\/01\/20210115-34.jpg\" class=\"attachment-large size-large\" alt=\"\" aria-describedby=\"gallery-1-47713\" srcset=\"https:\/\/www.wallendorff.com\/belogue\/wp-content\/uploads\/2021\/01\/20210115-34.jpg 1170w, https:\/\/www.wallendorff.com\/belogue\/wp-content\/uploads\/2021\/01\/20210115-34-820x461.jpg 820w, https:\/\/www.wallendorff.com\/belogue\/wp-content\/uploads\/2021\/01\/20210115-34-1116x628.jpg 1116w, https:\/\/www.wallendorff.com\/belogue\/wp-content\/uploads\/2021\/01\/20210115-34-806x453.jpg 806w, https:\/\/www.wallendorff.com\/belogue\/wp-content\/uploads\/2021\/01\/20210115-34-558x314.jpg 558w, https:\/\/www.wallendorff.com\/belogue\/wp-content\/uploads\/2021\/01\/20210115-34-655x368.jpg 655w, https:\/\/www.wallendorff.com\/belogue\/wp-content\/uploads\/2021\/01\/20210115-34-600x337.jpg 600w\" sizes=\"(max-width: 1170px) 100vw, 1170px\" \/><\/a>\n\t\t\t<\/div>\n\t\t\t\t<figcaption class='wp-caption-text gallery-caption' id='gallery-1-47713'>\n\t\t\t\tPiazza del Campidoglio au crepuscule, Rome\n\t\t\t\t<\/figcaption><\/figure><figure class='gallery-item'>\n\t\t\t<div class='gallery-icon landscape'>\n\t\t\t\t<a href='https:\/\/www.wallendorff.com\/belogue\/2021\/01\/15\/ciaaaaaao-roma\/20210115-35\/'><img loading=\"lazy\" decoding=\"async\" width=\"1170\" height=\"780\" src=\"https:\/\/www.wallendorff.com\/belogue\/wp-content\/uploads\/2021\/01\/20210115-35.jpg\" class=\"attachment-large size-large\" alt=\"\" srcset=\"https:\/\/www.wallendorff.com\/belogue\/wp-content\/uploads\/2021\/01\/20210115-35.jpg 1170w, https:\/\/www.wallendorff.com\/belogue\/wp-content\/uploads\/2021\/01\/20210115-35-820x547.jpg 820w, https:\/\/www.wallendorff.com\/belogue\/wp-content\/uploads\/2021\/01\/20210115-35-1116x744.jpg 1116w, https:\/\/www.wallendorff.com\/belogue\/wp-content\/uploads\/2021\/01\/20210115-35-806x537.jpg 806w, https:\/\/www.wallendorff.com\/belogue\/wp-content\/uploads\/2021\/01\/20210115-35-558x372.jpg 558w, https:\/\/www.wallendorff.com\/belogue\/wp-content\/uploads\/2021\/01\/20210115-35-655x437.jpg 655w, https:\/\/www.wallendorff.com\/belogue\/wp-content\/uploads\/2021\/01\/20210115-35-600x400.jpg 600w\" sizes=\"(max-width: 1170px) 100vw, 1170px\" \/><\/a>\n\t\t\t<\/div><\/figure><figure class='gallery-item'>\n\t\t\t<div class='gallery-icon landscape'>\n\t\t\t\t<a href='https:\/\/www.wallendorff.com\/belogue\/2021\/01\/15\/ciaaaaaao-roma\/via-monte-tarpeo-rome\/'><img loading=\"lazy\" decoding=\"async\" width=\"1170\" height=\"780\" src=\"https:\/\/www.wallendorff.com\/belogue\/wp-content\/uploads\/2021\/01\/20210115-36.jpg\" class=\"attachment-large size-large\" alt=\"\" aria-describedby=\"gallery-1-47715\" srcset=\"https:\/\/www.wallendorff.com\/belogue\/wp-content\/uploads\/2021\/01\/20210115-36.jpg 1170w, https:\/\/www.wallendorff.com\/belogue\/wp-content\/uploads\/2021\/01\/20210115-36-820x547.jpg 820w, https:\/\/www.wallendorff.com\/belogue\/wp-content\/uploads\/2021\/01\/20210115-36-1116x744.jpg 1116w, https:\/\/www.wallendorff.com\/belogue\/wp-content\/uploads\/2021\/01\/20210115-36-806x537.jpg 806w, https:\/\/www.wallendorff.com\/belogue\/wp-content\/uploads\/2021\/01\/20210115-36-558x372.jpg 558w, https:\/\/www.wallendorff.com\/belogue\/wp-content\/uploads\/2021\/01\/20210115-36-655x437.jpg 655w, https:\/\/www.wallendorff.com\/belogue\/wp-content\/uploads\/2021\/01\/20210115-36-600x400.jpg 600w\" sizes=\"(max-width: 1170px) 100vw, 1170px\" \/><\/a>\n\t\t\t<\/div>\n\t\t\t\t<figcaption class='wp-caption-text gallery-caption' id='gallery-1-47715'>\n\t\t\t\tCouple assis dans la via Monte Tarpeo, Rome\n\t\t\t\t<\/figcaption><\/figure><figure class='gallery-item'>\n\t\t\t<div class='gallery-icon landscape'>\n\t\t\t\t<a href='https:\/\/www.wallendorff.com\/belogue\/2021\/01\/15\/ciaaaaaao-roma\/20210115-37\/'><img loading=\"lazy\" decoding=\"async\" width=\"1170\" height=\"543\" src=\"https:\/\/www.wallendorff.com\/belogue\/wp-content\/uploads\/2021\/01\/20210115-37.jpg\" class=\"attachment-large size-large\" alt=\"\" srcset=\"https:\/\/www.wallendorff.com\/belogue\/wp-content\/uploads\/2021\/01\/20210115-37.jpg 1170w, https:\/\/www.wallendorff.com\/belogue\/wp-content\/uploads\/2021\/01\/20210115-37-820x381.jpg 820w, https:\/\/www.wallendorff.com\/belogue\/wp-content\/uploads\/2021\/01\/20210115-37-1116x518.jpg 1116w, https:\/\/www.wallendorff.com\/belogue\/wp-content\/uploads\/2021\/01\/20210115-37-806x374.jpg 806w, https:\/\/www.wallendorff.com\/belogue\/wp-content\/uploads\/2021\/01\/20210115-37-558x259.jpg 558w, https:\/\/www.wallendorff.com\/belogue\/wp-content\/uploads\/2021\/01\/20210115-37-655x304.jpg 655w, https:\/\/www.wallendorff.com\/belogue\/wp-content\/uploads\/2021\/01\/20210115-37-600x278.jpg 600w\" sizes=\"(max-width: 1170px) 100vw, 1170px\" \/><\/a>\n\t\t\t<\/div><\/figure><figure class='gallery-item'>\n\t\t\t<div class='gallery-icon landscape'>\n\t\t\t\t<a href='https:\/\/www.wallendorff.com\/belogue\/2021\/01\/15\/ciaaaaaao-roma\/20210115-38\/'><img loading=\"lazy\" decoding=\"async\" width=\"1170\" height=\"780\" src=\"https:\/\/www.wallendorff.com\/belogue\/wp-content\/uploads\/2021\/01\/20210115-38.jpg\" class=\"attachment-large size-large\" alt=\"\" srcset=\"https:\/\/www.wallendorff.com\/belogue\/wp-content\/uploads\/2021\/01\/20210115-38.jpg 1170w, https:\/\/www.wallendorff.com\/belogue\/wp-content\/uploads\/2021\/01\/20210115-38-820x547.jpg 820w, https:\/\/www.wallendorff.com\/belogue\/wp-content\/uploads\/2021\/01\/20210115-38-1116x744.jpg 1116w, https:\/\/www.wallendorff.com\/belogue\/wp-content\/uploads\/2021\/01\/20210115-38-806x537.jpg 806w, https:\/\/www.wallendorff.com\/belogue\/wp-content\/uploads\/2021\/01\/20210115-38-558x372.jpg 558w, https:\/\/www.wallendorff.com\/belogue\/wp-content\/uploads\/2021\/01\/20210115-38-655x437.jpg 655w, https:\/\/www.wallendorff.com\/belogue\/wp-content\/uploads\/2021\/01\/20210115-38-600x400.jpg 600w\" sizes=\"(max-width: 1170px) 100vw, 1170px\" \/><\/a>\n\t\t\t<\/div><\/figure><figure class='gallery-item'>\n\t\t\t<div class='gallery-icon landscape'>\n\t\t\t\t<a href='https:\/\/www.wallendorff.com\/belogue\/2021\/01\/15\/ciaaaaaao-roma\/piazza-del-campidoglio-rome-3\/'><img loading=\"lazy\" decoding=\"async\" width=\"1170\" height=\"498\" src=\"https:\/\/www.wallendorff.com\/belogue\/wp-content\/uploads\/2021\/01\/20210115-39.jpg\" class=\"attachment-large size-large\" alt=\"\" aria-describedby=\"gallery-1-47718\" srcset=\"https:\/\/www.wallendorff.com\/belogue\/wp-content\/uploads\/2021\/01\/20210115-39.jpg 1170w, https:\/\/www.wallendorff.com\/belogue\/wp-content\/uploads\/2021\/01\/20210115-39-820x349.jpg 820w, https:\/\/www.wallendorff.com\/belogue\/wp-content\/uploads\/2021\/01\/20210115-39-1116x475.jpg 1116w, https:\/\/www.wallendorff.com\/belogue\/wp-content\/uploads\/2021\/01\/20210115-39-806x343.jpg 806w, https:\/\/www.wallendorff.com\/belogue\/wp-content\/uploads\/2021\/01\/20210115-39-558x238.jpg 558w, https:\/\/www.wallendorff.com\/belogue\/wp-content\/uploads\/2021\/01\/20210115-39-655x279.jpg 655w, https:\/\/www.wallendorff.com\/belogue\/wp-content\/uploads\/2021\/01\/20210115-39-600x255.jpg 600w\" sizes=\"(max-width: 1170px) 100vw, 1170px\" \/><\/a>\n\t\t\t<\/div>\n\t\t\t\t<figcaption class='wp-caption-text gallery-caption' id='gallery-1-47718'>\n\t\t\t\tDrapeau italien sur la piazza del Campidoglio, Rome\n\t\t\t\t<\/figcaption><\/figure><figure class='gallery-item'>\n\t\t\t<div class='gallery-icon landscape'>\n\t\t\t\t<a href='https:\/\/www.wallendorff.com\/belogue\/2021\/01\/15\/ciaaaaaao-roma\/20210115-40\/'><img loading=\"lazy\" decoding=\"async\" width=\"1170\" height=\"780\" src=\"https:\/\/www.wallendorff.com\/belogue\/wp-content\/uploads\/2021\/01\/20210115-40.jpg\" class=\"attachment-large size-large\" alt=\"\" srcset=\"https:\/\/www.wallendorff.com\/belogue\/wp-content\/uploads\/2021\/01\/20210115-40.jpg 1170w, https:\/\/www.wallendorff.com\/belogue\/wp-content\/uploads\/2021\/01\/20210115-40-820x547.jpg 820w, https:\/\/www.wallendorff.com\/belogue\/wp-content\/uploads\/2021\/01\/20210115-40-1116x744.jpg 1116w, https:\/\/www.wallendorff.com\/belogue\/wp-content\/uploads\/2021\/01\/20210115-40-806x537.jpg 806w, https:\/\/www.wallendorff.com\/belogue\/wp-content\/uploads\/2021\/01\/20210115-40-558x372.jpg 558w, https:\/\/www.wallendorff.com\/belogue\/wp-content\/uploads\/2021\/01\/20210115-40-655x437.jpg 655w, https:\/\/www.wallendorff.com\/belogue\/wp-content\/uploads\/2021\/01\/20210115-40-600x400.jpg 600w\" sizes=\"(max-width: 1170px) 100vw, 1170px\" \/><\/a>\n\t\t\t<\/div><\/figure><figure class='gallery-item'>\n\t\t\t<div class='gallery-icon landscape'>\n\t\t\t\t<a href='https:\/\/www.wallendorff.com\/belogue\/2021\/01\/15\/ciaaaaaao-roma\/20210115-41\/'><img loading=\"lazy\" decoding=\"async\" width=\"1170\" height=\"780\" src=\"https:\/\/www.wallendorff.com\/belogue\/wp-content\/uploads\/2021\/01\/20210115-41.jpg\" class=\"attachment-large size-large\" alt=\"\" srcset=\"https:\/\/www.wallendorff.com\/belogue\/wp-content\/uploads\/2021\/01\/20210115-41.jpg 1170w, https:\/\/www.wallendorff.com\/belogue\/wp-content\/uploads\/2021\/01\/20210115-41-820x547.jpg 820w, https:\/\/www.wallendorff.com\/belogue\/wp-content\/uploads\/2021\/01\/20210115-41-1116x744.jpg 1116w, https:\/\/www.wallendorff.com\/belogue\/wp-content\/uploads\/2021\/01\/20210115-41-806x537.jpg 806w, https:\/\/www.wallendorff.com\/belogue\/wp-content\/uploads\/2021\/01\/20210115-41-558x372.jpg 558w, https:\/\/www.wallendorff.com\/belogue\/wp-content\/uploads\/2021\/01\/20210115-41-655x437.jpg 655w, https:\/\/www.wallendorff.com\/belogue\/wp-content\/uploads\/2021\/01\/20210115-41-600x400.jpg 600w\" sizes=\"(max-width: 1170px) 100vw, 1170px\" \/><\/a>\n\t\t\t<\/div><\/figure><figure class='gallery-item'>\n\t\t\t<div class='gallery-icon landscape'>\n\t\t\t\t<a href='https:\/\/www.wallendorff.com\/belogue\/2021\/01\/15\/ciaaaaaao-roma\/20210115-42\/'><img loading=\"lazy\" decoding=\"async\" width=\"1170\" height=\"780\" src=\"https:\/\/www.wallendorff.com\/belogue\/wp-content\/uploads\/2021\/01\/20210115-42.jpg\" class=\"attachment-large size-large\" alt=\"\" srcset=\"https:\/\/www.wallendorff.com\/belogue\/wp-content\/uploads\/2021\/01\/20210115-42.jpg 1170w, https:\/\/www.wallendorff.com\/belogue\/wp-content\/uploads\/2021\/01\/20210115-42-820x547.jpg 820w, https:\/\/www.wallendorff.com\/belogue\/wp-content\/uploads\/2021\/01\/20210115-42-1116x744.jpg 1116w, https:\/\/www.wallendorff.com\/belogue\/wp-content\/uploads\/2021\/01\/20210115-42-806x537.jpg 806w, https:\/\/www.wallendorff.com\/belogue\/wp-content\/uploads\/2021\/01\/20210115-42-558x372.jpg 558w, https:\/\/www.wallendorff.com\/belogue\/wp-content\/uploads\/2021\/01\/20210115-42-655x437.jpg 655w, https:\/\/www.wallendorff.com\/belogue\/wp-content\/uploads\/2021\/01\/20210115-42-600x400.jpg 600w\" sizes=\"(max-width: 1170px) 100vw, 1170px\" \/><\/a>\n\t\t\t<\/div><\/figure><figure class='gallery-item'>\n\t\t\t<div class='gallery-icon landscape'>\n\t\t\t\t<a href='https:\/\/www.wallendorff.com\/belogue\/2021\/01\/15\/ciaaaaaao-roma\/20210115-43\/'><img loading=\"lazy\" decoding=\"async\" width=\"1170\" height=\"780\" src=\"https:\/\/www.wallendorff.com\/belogue\/wp-content\/uploads\/2021\/01\/20210115-43.jpg\" class=\"attachment-large size-large\" alt=\"\" srcset=\"https:\/\/www.wallendorff.com\/belogue\/wp-content\/uploads\/2021\/01\/20210115-43.jpg 1170w, https:\/\/www.wallendorff.com\/belogue\/wp-content\/uploads\/2021\/01\/20210115-43-820x547.jpg 820w, https:\/\/www.wallendorff.com\/belogue\/wp-content\/uploads\/2021\/01\/20210115-43-1116x744.jpg 1116w, https:\/\/www.wallendorff.com\/belogue\/wp-content\/uploads\/2021\/01\/20210115-43-806x537.jpg 806w, https:\/\/www.wallendorff.com\/belogue\/wp-content\/uploads\/2021\/01\/20210115-43-558x372.jpg 558w, https:\/\/www.wallendorff.com\/belogue\/wp-content\/uploads\/2021\/01\/20210115-43-655x437.jpg 655w, https:\/\/www.wallendorff.com\/belogue\/wp-content\/uploads\/2021\/01\/20210115-43-600x400.jpg 600w\" sizes=\"(max-width: 1170px) 100vw, 1170px\" \/><\/a>\n\t\t\t<\/div><\/figure><figure class='gallery-item'>\n\t\t\t<div class='gallery-icon landscape'>\n\t\t\t\t<a href='https:\/\/www.wallendorff.com\/belogue\/2021\/01\/15\/ciaaaaaao-roma\/20210115-44\/'><img loading=\"lazy\" decoding=\"async\" width=\"1170\" height=\"780\" src=\"https:\/\/www.wallendorff.com\/belogue\/wp-content\/uploads\/2021\/01\/20210115-44.jpg\" class=\"attachment-large size-large\" alt=\"\" srcset=\"https:\/\/www.wallendorff.com\/belogue\/wp-content\/uploads\/2021\/01\/20210115-44.jpg 1170w, https:\/\/www.wallendorff.com\/belogue\/wp-content\/uploads\/2021\/01\/20210115-44-820x547.jpg 820w, https:\/\/www.wallendorff.com\/belogue\/wp-content\/uploads\/2021\/01\/20210115-44-1116x744.jpg 1116w, https:\/\/www.wallendorff.com\/belogue\/wp-content\/uploads\/2021\/01\/20210115-44-806x537.jpg 806w, https:\/\/www.wallendorff.com\/belogue\/wp-content\/uploads\/2021\/01\/20210115-44-558x372.jpg 558w, https:\/\/www.wallendorff.com\/belogue\/wp-content\/uploads\/2021\/01\/20210115-44-655x437.jpg 655w, https:\/\/www.wallendorff.com\/belogue\/wp-content\/uploads\/2021\/01\/20210115-44-600x400.jpg 600w\" sizes=\"(max-width: 1170px) 100vw, 1170px\" \/><\/a>\n\t\t\t<\/div><\/figure><figure class='gallery-item'>\n\t\t\t<div class='gallery-icon landscape'>\n\t\t\t\t<a href='https:\/\/www.wallendorff.com\/belogue\/2021\/01\/15\/ciaaaaaao-roma\/20210115-45\/'><img loading=\"lazy\" decoding=\"async\" width=\"1170\" height=\"780\" src=\"https:\/\/www.wallendorff.com\/belogue\/wp-content\/uploads\/2021\/01\/20210115-45.jpg\" class=\"attachment-large size-large\" alt=\"\" srcset=\"https:\/\/www.wallendorff.com\/belogue\/wp-content\/uploads\/2021\/01\/20210115-45.jpg 1170w, https:\/\/www.wallendorff.com\/belogue\/wp-content\/uploads\/2021\/01\/20210115-45-820x547.jpg 820w, https:\/\/www.wallendorff.com\/belogue\/wp-content\/uploads\/2021\/01\/20210115-45-1116x744.jpg 1116w, https:\/\/www.wallendorff.com\/belogue\/wp-content\/uploads\/2021\/01\/20210115-45-806x537.jpg 806w, https:\/\/www.wallendorff.com\/belogue\/wp-content\/uploads\/2021\/01\/20210115-45-558x372.jpg 558w, https:\/\/www.wallendorff.com\/belogue\/wp-content\/uploads\/2021\/01\/20210115-45-655x437.jpg 655w, https:\/\/www.wallendorff.com\/belogue\/wp-content\/uploads\/2021\/01\/20210115-45-600x400.jpg 600w\" sizes=\"(max-width: 1170px) 100vw, 1170px\" \/><\/a>\n\t\t\t<\/div><\/figure><figure class='gallery-item'>\n\t\t\t<div class='gallery-icon portrait'>\n\t\t\t\t<a href='https:\/\/www.wallendorff.com\/belogue\/2021\/01\/15\/ciaaaaaao-roma\/20210115-46\/'><img loading=\"lazy\" decoding=\"async\" width=\"780\" height=\"1170\" src=\"https:\/\/www.wallendorff.com\/belogue\/wp-content\/uploads\/2021\/01\/20210115-46.jpg\" class=\"attachment-large size-large\" alt=\"\" srcset=\"https:\/\/www.wallendorff.com\/belogue\/wp-content\/uploads\/2021\/01\/20210115-46.jpg 780w, https:\/\/www.wallendorff.com\/belogue\/wp-content\/uploads\/2021\/01\/20210115-46-558x837.jpg 558w, https:\/\/www.wallendorff.com\/belogue\/wp-content\/uploads\/2021\/01\/20210115-46-655x983.jpg 655w, https:\/\/www.wallendorff.com\/belogue\/wp-content\/uploads\/2021\/01\/20210115-46-600x900.jpg 600w\" sizes=\"(max-width: 780px) 100vw, 780px\" \/><\/a>\n\t\t\t<\/div><\/figure><figure class='gallery-item'>\n\t\t\t<div class='gallery-icon landscape'>\n\t\t\t\t<a href='https:\/\/www.wallendorff.com\/belogue\/2021\/01\/15\/ciaaaaaao-roma\/via-della-lungaretta-rome\/'><img loading=\"lazy\" decoding=\"async\" width=\"1170\" height=\"780\" src=\"https:\/\/www.wallendorff.com\/belogue\/wp-content\/uploads\/2021\/01\/20210115-47.jpg\" class=\"attachment-large size-large\" alt=\"\" aria-describedby=\"gallery-1-47726\" srcset=\"https:\/\/www.wallendorff.com\/belogue\/wp-content\/uploads\/2021\/01\/20210115-47.jpg 1170w, https:\/\/www.wallendorff.com\/belogue\/wp-content\/uploads\/2021\/01\/20210115-47-820x547.jpg 820w, https:\/\/www.wallendorff.com\/belogue\/wp-content\/uploads\/2021\/01\/20210115-47-1116x744.jpg 1116w, https:\/\/www.wallendorff.com\/belogue\/wp-content\/uploads\/2021\/01\/20210115-47-806x537.jpg 806w, https:\/\/www.wallendorff.com\/belogue\/wp-content\/uploads\/2021\/01\/20210115-47-558x372.jpg 558w, https:\/\/www.wallendorff.com\/belogue\/wp-content\/uploads\/2021\/01\/20210115-47-655x437.jpg 655w, https:\/\/www.wallendorff.com\/belogue\/wp-content\/uploads\/2021\/01\/20210115-47-600x400.jpg 600w\" sizes=\"(max-width: 1170px) 100vw, 1170px\" \/><\/a>\n\t\t\t<\/div>\n\t\t\t\t<figcaption class='wp-caption-text gallery-caption' id='gallery-1-47726'>\n\t\t\t\tPassants sur la Via della Lungaretta, Rome\n\t\t\t\t<\/figcaption><\/figure><figure class='gallery-item'>\n\t\t\t<div class='gallery-icon portrait'>\n\t\t\t\t<a href='https:\/\/www.wallendorff.com\/belogue\/2021\/01\/15\/ciaaaaaao-roma\/vicolo-di-s-maria-in-cappella-rome\/'><img loading=\"lazy\" decoding=\"async\" width=\"780\" height=\"1170\" src=\"https:\/\/www.wallendorff.com\/belogue\/wp-content\/uploads\/2021\/01\/20210115-48.jpg\" class=\"attachment-large size-large\" alt=\"\" aria-describedby=\"gallery-1-47727\" srcset=\"https:\/\/www.wallendorff.com\/belogue\/wp-content\/uploads\/2021\/01\/20210115-48.jpg 780w, https:\/\/www.wallendorff.com\/belogue\/wp-content\/uploads\/2021\/01\/20210115-48-558x837.jpg 558w, https:\/\/www.wallendorff.com\/belogue\/wp-content\/uploads\/2021\/01\/20210115-48-655x983.jpg 655w, https:\/\/www.wallendorff.com\/belogue\/wp-content\/uploads\/2021\/01\/20210115-48-600x900.jpg 600w\" sizes=\"(max-width: 780px) 100vw, 780px\" \/><\/a>\n\t\t\t<\/div>\n\t\t\t\t<figcaption class='wp-caption-text gallery-caption' id='gallery-1-47727'>\n\t\t\t\tVicolo di S. Maria in Cappella, Rome\n\t\t\t\t<\/figcaption><\/figure><figure class='gallery-item'>\n\t\t\t<div class='gallery-icon landscape'>\n\t\t\t\t<a href='https:\/\/www.wallendorff.com\/belogue\/2021\/01\/15\/ciaaaaaao-roma\/20210115-49\/'><img loading=\"lazy\" decoding=\"async\" width=\"1170\" height=\"780\" src=\"https:\/\/www.wallendorff.com\/belogue\/wp-content\/uploads\/2021\/01\/20210115-49.jpg\" class=\"attachment-large size-large\" alt=\"\" srcset=\"https:\/\/www.wallendorff.com\/belogue\/wp-content\/uploads\/2021\/01\/20210115-49.jpg 1170w, https:\/\/www.wallendorff.com\/belogue\/wp-content\/uploads\/2021\/01\/20210115-49-820x547.jpg 820w, https:\/\/www.wallendorff.com\/belogue\/wp-content\/uploads\/2021\/01\/20210115-49-1116x744.jpg 1116w, https:\/\/www.wallendorff.com\/belogue\/wp-content\/uploads\/2021\/01\/20210115-49-806x537.jpg 806w, https:\/\/www.wallendorff.com\/belogue\/wp-content\/uploads\/2021\/01\/20210115-49-558x372.jpg 558w, https:\/\/www.wallendorff.com\/belogue\/wp-content\/uploads\/2021\/01\/20210115-49-655x437.jpg 655w, https:\/\/www.wallendorff.com\/belogue\/wp-content\/uploads\/2021\/01\/20210115-49-600x400.jpg 600w\" sizes=\"(max-width: 1170px) 100vw, 1170px\" \/><\/a>\n\t\t\t<\/div><\/figure><figure class='gallery-item'>\n\t\t\t<div class='gallery-icon portrait'>\n\t\t\t\t<a href='https:\/\/www.wallendorff.com\/belogue\/2021\/01\/15\/ciaaaaaao-roma\/vicolo-dellatleta-rome\/'><img loading=\"lazy\" decoding=\"async\" width=\"780\" height=\"1170\" src=\"https:\/\/www.wallendorff.com\/belogue\/wp-content\/uploads\/2021\/01\/20210115-50.jpg\" class=\"attachment-large size-large\" alt=\"\" aria-describedby=\"gallery-1-47729\" srcset=\"https:\/\/www.wallendorff.com\/belogue\/wp-content\/uploads\/2021\/01\/20210115-50.jpg 780w, https:\/\/www.wallendorff.com\/belogue\/wp-content\/uploads\/2021\/01\/20210115-50-558x837.jpg 558w, https:\/\/www.wallendorff.com\/belogue\/wp-content\/uploads\/2021\/01\/20210115-50-655x983.jpg 655w, https:\/\/www.wallendorff.com\/belogue\/wp-content\/uploads\/2021\/01\/20210115-50-600x900.jpg 600w\" sizes=\"(max-width: 780px) 100vw, 780px\" \/><\/a>\n\t\t\t<\/div>\n\t\t\t\t<figcaption class='wp-caption-text gallery-caption' id='gallery-1-47729'>\n\t\t\t\tVicolo dell&rsquo;Atleta, Rome\n\t\t\t\t<\/figcaption><\/figure><figure class='gallery-item'>\n\t\t\t<div class='gallery-icon portrait'>\n\t\t\t\t<a href='https:\/\/www.wallendorff.com\/belogue\/2021\/01\/15\/ciaaaaaao-roma\/20210115-51\/'><img loading=\"lazy\" decoding=\"async\" width=\"780\" height=\"1170\" src=\"https:\/\/www.wallendorff.com\/belogue\/wp-content\/uploads\/2021\/01\/20210115-51.jpg\" class=\"attachment-large size-large\" alt=\"\" srcset=\"https:\/\/www.wallendorff.com\/belogue\/wp-content\/uploads\/2021\/01\/20210115-51.jpg 780w, https:\/\/www.wallendorff.com\/belogue\/wp-content\/uploads\/2021\/01\/20210115-51-558x837.jpg 558w, https:\/\/www.wallendorff.com\/belogue\/wp-content\/uploads\/2021\/01\/20210115-51-655x983.jpg 655w, https:\/\/www.wallendorff.com\/belogue\/wp-content\/uploads\/2021\/01\/20210115-51-600x900.jpg 600w\" sizes=\"(max-width: 780px) 100vw, 780px\" \/><\/a>\n\t\t\t<\/div><\/figure>\n\t\t<\/div>\n\n","protected":false},"excerpt":{"rendered":"<p>Rome, 18 \u2013 20&nbsp;septembre 2020.<\/p>\n","protected":false},"author":1,"featured_media":47683,"comment_status":"open","ping_status":"open","sticky":false,"template":"","format":"standard","meta":{"_acf_changed":false,"ngg_post_thumbnail":0,"jetpack_post_was_ever_published":false,"_jetpack_newsletter_access":"","_jetpack_dont_email_post_to_subs":false,"_jetpack_newsletter_tier_id":0,"_jetpack_memberships_contains_paywalled_content":false,"_jetpack_memberships_contains_paid_content":false,"footnotes":"","jetpack_publicize_message":"","jetpack_publicize_feature_enabled":true,"jetpack_social_post_already_shared":true,"jetpack_social_options":{"image_generator_settings":{"template":"highway","default_image_id":0,"font":"","enabled":false},"version":2}},"categories":[3,7356],"tags":[16184,10084,3524,10115,16816,15129,16817,16593,16818,16819,7476,10657,16820,10500,11022,10359,10620,10326,10225,10238,16821,16822,10210,10307,11368,10515,11353,11346,16823,10668,11339,16606,10147,16824,16610,16611,11323,16143,16825,16617,16826,16618,16827,11354,16828,7482,10714,16620,10305,10592,11344,16621,11342,10158,10202,10407,10740,16629,7556,16829,16830,16831,16834,16832,16631,16833,16835,16633,16836,16837,16634,16838,16839,16635,16636,10261],"class_list":["post-47678","post","type-post","status-publish","format-standard","has-post-thumbnail","hentry","category-dpc","category-into-the-wide","tag-16184","tag-alive","tag-aurore","tag-bar","tag-bar-del-fico","tag-basilique","tag-basilique-saint-pierre","tag-cappella-della-madonna-dellarchetto","tag-castel-santangelo","tag-chiesa-nuova","tag-colisee","tag-colonne","tag-colonne-de-trajan","tag-contre-plongee","tag-coucher-de-soleil","tag-couple","tag-cour","tag-crepuscule","tag-drapeau","tag-eglise","tag-eglise-san-salvatore-in-lauro","tag-eglise-tres-saint-nom-de-marie-au-forum-de-trajan","tag-escalier","tag-fenetre","tag-fiumicino","tag-fontaine","tag-fontaine-de-trevi","tag-forum","tag-forum-de-cesar","tag-graffiti","tag-italie","tag-maccarese","tag-nuit","tag-palais-ferrajoli","tag-palais-senatorial","tag-palazzo-della-cancellaria","tag-panoramique","tag-photo-de-rue","tag-piazza-colonna","tag-piazza-del-campidoglio","tag-piazza-del-fico","tag-piazza-della-cancellaria","tag-piazza-di-san-cosimato","tag-piazza-di-trevi","tag-place-du-colisee","tag-place-saint-pierre","tag-plage","tag-ponte-santangelo","tag-porte","tag-pose-longue","tag-province-de-rome","tag-rambla-beach","tag-rome","tag-ruelle","tag-ruines","tag-silhouette","tag-soiree","tag-soulpeanuts-big-band","tag-vatican","tag-via-degli-orfani","tag-via-dei-fori-imperiali","tag-via-dei-fornari","tag-via-dellarco-de-tolomei","tag-via-della-luce","tag-via-della-lungaretta","tag-via-della-vetrina","tag-via-delle-colonnelle","tag-via-di-s-marcello","tag-via-di-s-pietro-in-carcere","tag-via-larga","tag-via-monte-tarpeo","tag-vicolo-dellatleta","tag-vicolo-di-s-maria-in-cappella","tag-villa-celimontana","tag-village-celimontana","tag-voute"],"acf":[],"geo":{"latitude":41.9023209,"longitude":12.4579163,"description":"Citta' Del Vaticano, , 00120, VA"},"jetpack_publicize_connections":[],"jetpack_featured_media_url":"https:\/\/www.wallendorff.com\/belogue\/wp-content\/uploads\/2021\/01\/20210115-04.jpg","jetpack_shortlink":"https:\/\/wp.me\/p3b35P-cp0","jetpack_sharing_enabled":true,"jetpack-related-posts":[{"id":49863,"url":"https:\/\/www.wallendorff.com\/belogue\/2021\/11\/04\/ciao-roma\/","url_meta":{"origin":47678,"position":0},"title":"Ciao Roma.","author":"dpc","date":"4 novembre 2021","format":false,"excerpt":"","rel":"","context":"Dans &quot;DPC&quot;","block_context":{"text":"DPC","link":"https:\/\/www.wallendorff.com\/belogue\/category\/dpc\/"},"img":{"alt_text":"","src":"https:\/\/i0.wp.com\/www.wallendorff.com\/belogue\/wp-content\/uploads\/2021\/11\/20211104-05.jpg?resize=350%2C200&ssl=1","width":350,"height":200,"srcset":"https:\/\/i0.wp.com\/www.wallendorff.com\/belogue\/wp-content\/uploads\/2021\/11\/20211104-05.jpg?resize=350%2C200&ssl=1 1x, https:\/\/i0.wp.com\/www.wallendorff.com\/belogue\/wp-content\/uploads\/2021\/11\/20211104-05.jpg?resize=525%2C300&ssl=1 1.5x, https:\/\/i0.wp.com\/www.wallendorff.com\/belogue\/wp-content\/uploads\/2021\/11\/20211104-05.jpg?resize=700%2C400&ssl=1 2x, https:\/\/i0.wp.com\/www.wallendorff.com\/belogue\/wp-content\/uploads\/2021\/11\/20211104-05.jpg?resize=1050%2C600&ssl=1 3x"},"classes":[]},{"id":51557,"url":"https:\/\/www.wallendorff.com\/belogue\/2022\/05\/24\/ciao-roma-2\/","url_meta":{"origin":47678,"position":1},"title":"Ciao Roma","author":"dpc","date":"24 mai 2022","format":false,"excerpt":"","rel":"","context":"Dans &quot;DPC&quot;","block_context":{"text":"DPC","link":"https:\/\/www.wallendorff.com\/belogue\/category\/dpc\/"},"img":{"alt_text":"","src":"https:\/\/i0.wp.com\/www.wallendorff.com\/belogue\/wp-content\/uploads\/2022\/05\/20220524-12.jpg?resize=350%2C200&ssl=1","width":350,"height":200,"srcset":"https:\/\/i0.wp.com\/www.wallendorff.com\/belogue\/wp-content\/uploads\/2022\/05\/20220524-12.jpg?resize=350%2C200&ssl=1 1x, https:\/\/i0.wp.com\/www.wallendorff.com\/belogue\/wp-content\/uploads\/2022\/05\/20220524-12.jpg?resize=525%2C300&ssl=1 1.5x, https:\/\/i0.wp.com\/www.wallendorff.com\/belogue\/wp-content\/uploads\/2022\/05\/20220524-12.jpg?resize=700%2C400&ssl=1 2x, https:\/\/i0.wp.com\/www.wallendorff.com\/belogue\/wp-content\/uploads\/2022\/05\/20220524-12.jpg?resize=1050%2C600&ssl=1 3x"},"classes":[]},{"id":46941,"url":"https:\/\/www.wallendorff.com\/belogue\/2020\/09\/30\/septembre-2020\/","url_meta":{"origin":47678,"position":2},"title":"Septembre 2020.","author":"dpc","date":"30 septembre 2020","format":false,"excerpt":"Une rue, un miroir, un anniversaire, un bar, un tramway, un collage, un caf\u00e9, une gare, un train, un parc, une capitale, un promontoire, une double-fondue, un atelier, un ap\u00e9ro, un plongeur, des toits, un coucher de soleil, un pont, un train, un ch\u00e2teau, un train, une gare, un avion,\u2026","rel":"","context":"Dans &quot;Blog-note&quot;","block_context":{"text":"Blog-note","link":"https:\/\/www.wallendorff.com\/belogue\/category\/blog-note\/"},"img":{"alt_text":"","src":"https:\/\/i0.wp.com\/www.wallendorff.com\/belogue\/wp-content\/uploads\/2020\/10\/20201031-76.jpg?resize=350%2C200&ssl=1","width":350,"height":200,"srcset":"https:\/\/i0.wp.com\/www.wallendorff.com\/belogue\/wp-content\/uploads\/2020\/10\/20201031-76.jpg?resize=350%2C200&ssl=1 1x, https:\/\/i0.wp.com\/www.wallendorff.com\/belogue\/wp-content\/uploads\/2020\/10\/20201031-76.jpg?resize=525%2C300&ssl=1 1.5x, https:\/\/i0.wp.com\/www.wallendorff.com\/belogue\/wp-content\/uploads\/2020\/10\/20201031-76.jpg?resize=700%2C400&ssl=1 2x, https:\/\/i0.wp.com\/www.wallendorff.com\/belogue\/wp-content\/uploads\/2020\/10\/20201031-76.jpg?resize=1050%2C600&ssl=1 3x"},"classes":[]},{"id":20537,"url":"https:\/\/www.wallendorff.com\/belogue\/2013\/02\/28\/fevrier-2013-2\/","url_meta":{"origin":47678,"position":3},"title":"F\u00e9vrier 2013.","author":"dpc","date":"28 f\u00e9vrier 2013","format":false,"excerpt":"5 titres Veronica Falls \u2013 Teenage The Men \u2013 Electric Black Lion Genocide \u2013 Break Your Arm Temples \u2013 Shelter Song Kate Nash \u2013 Girl Gang (FIDLAR cover) Albums Nick Cave and the Bad Seeds \u2013 Push the Sky Away Foals \u2013 Holy Fire The Black Keys \u2013 BBC Sessions\u2026","rel":"","context":"Dans &quot;Blog-note&quot;","block_context":{"text":"Blog-note","link":"https:\/\/www.wallendorff.com\/belogue\/category\/blog-note\/"},"img":{"alt_text":"","src":"https:\/\/i0.wp.com\/www.wallendorff.com\/belogue\/wp-content\/uploads\/2015\/04\/20130228-311.jpg?resize=350%2C200&ssl=1","width":350,"height":200,"srcset":"https:\/\/i0.wp.com\/www.wallendorff.com\/belogue\/wp-content\/uploads\/2015\/04\/20130228-311.jpg?resize=350%2C200&ssl=1 1x, https:\/\/i0.wp.com\/www.wallendorff.com\/belogue\/wp-content\/uploads\/2015\/04\/20130228-311.jpg?resize=525%2C300&ssl=1 1.5x, https:\/\/i0.wp.com\/www.wallendorff.com\/belogue\/wp-content\/uploads\/2015\/04\/20130228-311.jpg?resize=700%2C400&ssl=1 2x"},"classes":[]},{"id":7206,"url":"https:\/\/www.wallendorff.com\/belogue\/2010\/03\/15\/helice-in-wonderland\/","url_meta":{"origin":47678,"position":4},"title":"H\u00e9lice [in wonderland].","author":"dpc","date":"15 mars 2010","format":false,"excerpt":"Mus\u00e9e Carnavalet, Paris, 20 f\u00e9vrier. [Faut que j'arr\u00eate avec les escaliers vides] [Faut que j'arr\u00eate avec les escaliers vides] [Faut que j'arr\u00eate avec les escaliers vides] \u00a0Ted Leo and the Pharmacists \u2013 The Mighty Sparrow","rel":"","context":"Dans &quot;DPC&quot;","block_context":{"text":"DPC","link":"https:\/\/www.wallendorff.com\/belogue\/category\/dpc\/"},"img":{"alt_text":"","src":"https:\/\/i0.wp.com\/www.wallendorff.com\/belogue\/wp-content\/uploads\/2015\/04\/201003151.jpg?resize=350%2C200&ssl=1","width":350,"height":200,"srcset":"https:\/\/i0.wp.com\/www.wallendorff.com\/belogue\/wp-content\/uploads\/2015\/04\/201003151.jpg?resize=350%2C200&ssl=1 1x, https:\/\/i0.wp.com\/www.wallendorff.com\/belogue\/wp-content\/uploads\/2015\/04\/201003151.jpg?resize=525%2C300&ssl=1 1.5x"},"classes":[]},{"id":20792,"url":"https:\/\/www.wallendorff.com\/belogue\/2013\/04\/22\/into-the-wide-6\/","url_meta":{"origin":47678,"position":5},"title":"Into the wide #6.","author":"dpc","date":"22 avril 2013","format":false,"excerpt":"Basilique Saint-Pierre, Vatican, 10 f\u00e9vrier. FantasyMS MR","rel":"","context":"Dans &quot;Into the wide&quot;","block_context":{"text":"Into the wide","link":"https:\/\/www.wallendorff.com\/belogue\/category\/into-the-wide\/"},"img":{"alt_text":"","src":"https:\/\/i0.wp.com\/www.wallendorff.com\/belogue\/wp-content\/uploads\/2015\/04\/20130422.jpg?resize=350%2C200&ssl=1","width":350,"height":200,"srcset":"https:\/\/i0.wp.com\/www.wallendorff.com\/belogue\/wp-content\/uploads\/2015\/04\/20130422.jpg?resize=350%2C200&ssl=1 1x, https:\/\/i0.wp.com\/www.wallendorff.com\/belogue\/wp-content\/uploads\/2015\/04\/20130422.jpg?resize=525%2C300&ssl=1 1.5x, https:\/\/i0.wp.com\/www.wallendorff.com\/belogue\/wp-content\/uploads\/2015\/04\/20130422.jpg?resize=700%2C400&ssl=1 2x"},"classes":[]}],"_links":{"self":[{"href":"https:\/\/www.wallendorff.com\/belogue\/wp-json\/wp\/v2\/posts\/47678","targetHints":{"allow":["GET"]}}],"collection":[{"href":"https:\/\/www.wallendorff.com\/belogue\/wp-json\/wp\/v2\/posts"}],"about":[{"href":"https:\/\/www.wallendorff.com\/belogue\/wp-json\/wp\/v2\/types\/post"}],"author":[{"embeddable":true,"href":"https:\/\/www.wallendorff.com\/belogue\/wp-json\/wp\/v2\/users\/1"}],"replies":[{"embeddable":true,"href":"https:\/\/www.wallendorff.com\/belogue\/wp-json\/wp\/v2\/comments?post=47678"}],"version-history":[{"count":3,"href":"https:\/\/www.wallendorff.com\/belogue\/wp-json\/wp\/v2\/posts\/47678\/revisions"}],"predecessor-version":[{"id":47752,"href":"https:\/\/www.wallendorff.com\/belogue\/wp-json\/wp\/v2\/posts\/47678\/revisions\/47752"}],"wp:featuredmedia":[{"embeddable":true,"href":"https:\/\/www.wallendorff.com\/belogue\/wp-json\/wp\/v2\/media\/47683"}],"wp:attachment":[{"href":"https:\/\/www.wallendorff.com\/belogue\/wp-json\/wp\/v2\/media?parent=47678"}],"wp:term":[{"taxonomy":"category","embeddable":true,"href":"https:\/\/www.wallendorff.com\/belogue\/wp-json\/wp\/v2\/categories?post=47678"},{"taxonomy":"post_tag","embeddable":true,"href":"https:\/\/www.wallendorff.com\/belogue\/wp-json\/wp\/v2\/tags?post=47678"}],"curies":[{"name":"wp","href":"https:\/\/api.w.org\/{rel}","templated":true}]}}