{"id":474,"date":"2005-02-06T02:03:02","date_gmt":"2005-02-06T02:03:02","guid":{"rendered":"http:\/\/www.po-l.com\/wordpress\/?p=474"},"modified":"2012-02-01T11:24:15","modified_gmt":"2012-02-01T09:24:15","slug":"kilmer-evite","status":"publish","type":"post","link":"https:\/\/www.wallendorff.com\/belogue\/2005\/02\/06\/kilmer-evite\/","title":{"rendered":"Kilmer [&eacute;vite]."},"content":{"rendered":"\n<div id=\"photo\">\n<p><img decoding=\"async\" src=\"http:\/\/www.po-L.com\/belogue\/photo\/2005\/02\/20050206-kilmer.jpg\" \/><br \/>\n          Toronto, 29-30 janvier.<\/p>\n<\/p><\/div>\n<p style=\"text-align:right\">Y a des Kilmer partout &agrave; Toronto. J&rsquo;ai pas saisi le concept. Une vaste op&eacute;ration promotionnelle, peut-&ecirc;tre, ou simplement l&rsquo;oeuvre de fans enrag&eacute;s qui r&ecirc;vent du retour de Val Kilmer &agrave; l&rsquo;&eacute;cran. Ou des groupies des Doors, alors. Qui veulent qu&rsquo;Oliver Stone fasse une suite : <em>The Sory of the Doors of the 21<sup>st<\/sup> Century Chantent Elvis Presley<\/em>.<\/p>\n<p style=\"text-align:right\">Je sais pas.<\/p>\n<p style=\"text-align:right\">L&agrave;, franchement, non, je sais pas.<\/p>\n<div id=\"bandeson\">\n<p><strong>Bande-son<\/strong>&nbsp;: Rien. Rien&nbsp;? Ouais, rien.<\/p>\n<\/p><\/div>\n","protected":false},"excerpt":{"rendered":"<p>Toronto, 29-30 janvier. Y a des Kilmer partout &agrave; Toronto. J&rsquo;ai pas saisi le concept. Une vaste op&eacute;ration promotionnelle, peut-&ecirc;tre, ou simplement l&rsquo;oeuvre de fans enrag&eacute;s qui r&ecirc;vent du retour de Val Kilmer &agrave; l&rsquo;&eacute;cran. Ou des groupies des Doors, alors. Qui veulent qu&rsquo;Oliver Stone fasse une suite : The Sory of the Doors of&hellip;<\/p>\n","protected":false},"author":1,"featured_media":24413,"comment_status":"open","ping_status":"open","sticky":false,"template":"","format":"standard","meta":{"_acf_changed":false,"ngg_post_thumbnail":0,"jetpack_post_was_ever_published":false,"_jetpack_newsletter_access":"","_jetpack_dont_email_post_to_subs":false,"_jetpack_newsletter_tier_id":0,"_jetpack_memberships_contains_paywalled_content":false,"_jetpack_memberships_contains_paid_content":false,"footnotes":"","jetpack_publicize_message":"","jetpack_publicize_feature_enabled":true,"jetpack_social_post_already_shared":false,"jetpack_social_options":{"image_generator_settings":{"template":"highway","default_image_id":0,"font":"","enabled":false},"version":2}},"categories":[3],"tags":[10488,737,4659,132,10229,333,798,806],"class_list":["post-474","post","type-post","status-publish","format-standard","has-post-thumbnail","hentry","category-dpc","tag-affiche","tag-bleu","tag-canada","tag-eos-20d","tag-mur","tag-ontario","tag-toronto","tag-val-kilmer"],"acf":[],"geo":null,"jetpack_publicize_connections":[],"jetpack_featured_media_url":"https:\/\/www.wallendorff.com\/belogue\/wp-content\/uploads\/2015\/04\/20050206-kilmer1.jpg","jetpack_shortlink":"https:\/\/wp.me\/p3b35P-7E","jetpack_sharing_enabled":true,"jetpack-related-posts":[{"id":724,"url":"https:\/\/www.wallendorff.com\/belogue\/2004\/07\/23\/a-la-decouverte-du-michigan-lointain\/","url_meta":{"origin":474,"position":0},"title":"\u00c0 la d\u00e9couverte du Michigan lointain.","author":"dpc","date":"23 juillet 2004","format":false,"excerpt":"L'exp\u00e9rience montre qu'il arrive souvent, lors de contacts humains avec des autochtones du Michigan, que ces derniers prennent une posture typique. Cela se produit g\u00e9n\u00e9ralement quelques minutes \u00e0 peine apr\u00e8s la premi\u00e8re rencontre\u00a0: Que peut bien vouloir nous faire comprendre cet autochtone en adoptant la posture typique ci-dessus\u00a0? \u00ab\u00a0Je jure\u2026","rel":"","context":"Dans &quot;DPC&quot;","block_context":{"text":"DPC","link":"https:\/\/www.wallendorff.com\/belogue\/category\/dpc\/"},"img":{"alt_text":"","src":"","width":0,"height":0},"classes":[]},{"id":937,"url":"https:\/\/www.wallendorff.com\/belogue\/2007\/04\/19\/iron-maiden-fear-of-the-dark\/","url_meta":{"origin":474,"position":1},"title":"Iron Maiden &ndash; Fear of the Dark","author":"dpc","date":"19 avril 2007","format":false,"excerpt":"#10 Label\u00a0: EMI Sortie\u00a0: 12 mai 1992 Producteur\u00a0: Martin Birch Je ne sais toujours pas ce qui m'a pris ce soir d'ao\u00fbt 1992. Peut-\u00eatre l'euphorie du frisson de l'interdit, alors que nous nous \u00e9tions barr\u00e9s, le Bardy et moi, du camping que ses parents tenaient en bord de Meuse pour\u2026","rel":"","context":"Dans &quot;Autodiscobiographie&quot;","block_context":{"text":"Autodiscobiographie","link":"https:\/\/www.wallendorff.com\/belogue\/category\/autodiscobiographie\/"},"img":{"alt_text":"","src":"https:\/\/i0.wp.com\/www.wallendorff.com\/belogue\/wp-content\/uploads\/2015\/04\/005b.jpg?resize=350%2C200&ssl=1","width":350,"height":200,"srcset":"https:\/\/i0.wp.com\/www.wallendorff.com\/belogue\/wp-content\/uploads\/2015\/04\/005b.jpg?resize=350%2C200&ssl=1 1x, https:\/\/i0.wp.com\/www.wallendorff.com\/belogue\/wp-content\/uploads\/2015\/04\/005b.jpg?resize=525%2C300&ssl=1 1.5x, https:\/\/i0.wp.com\/www.wallendorff.com\/belogue\/wp-content\/uploads\/2015\/04\/005b.jpg?resize=700%2C400&ssl=1 2x"},"classes":[]},{"id":29323,"url":"https:\/\/www.wallendorff.com\/belogue\/2015\/09\/28\/4h-58\/","url_meta":{"origin":474,"position":2},"title":"4&nbsp;h 58.","author":"dpc","date":"28 septembre 2015","format":false,"excerpt":"Champ de Mars, Paris, 28 septembre. Ce qui m'a frapp\u00e9, en traversant la ville, c'est le nombre de gens sur les trottoirs, plant\u00e9s \u00e7\u00e0 et l\u00e0 \u00e0 scruter le ciel. Je ne pensais pas qu'une grosse lune orange pourrait tirer autant de personnes de leurs lits \u00e0 4\u00a0h du matin,\u2026","rel":"","context":"Dans &quot;DPC&quot;","block_context":{"text":"DPC","link":"https:\/\/www.wallendorff.com\/belogue\/category\/dpc\/"},"img":{"alt_text":"","src":"https:\/\/i0.wp.com\/www.wallendorff.com\/belogue\/wp-content\/uploads\/2015\/09\/20150928.jpg?resize=350%2C200&ssl=1","width":350,"height":200,"srcset":"https:\/\/i0.wp.com\/www.wallendorff.com\/belogue\/wp-content\/uploads\/2015\/09\/20150928.jpg?resize=350%2C200&ssl=1 1x, https:\/\/i0.wp.com\/www.wallendorff.com\/belogue\/wp-content\/uploads\/2015\/09\/20150928.jpg?resize=525%2C300&ssl=1 1.5x, https:\/\/i0.wp.com\/www.wallendorff.com\/belogue\/wp-content\/uploads\/2015\/09\/20150928.jpg?resize=700%2C400&ssl=1 2x"},"classes":[]},{"id":824,"url":"https:\/\/www.wallendorff.com\/belogue\/2006\/11\/09\/plus-honnete-flou-blouson-gris\/","url_meta":{"origin":474,"position":3},"title":"Plus honn\u00eate flou, Blouson gris.","author":"dpc","date":"9 novembre 2006","format":false,"excerpt":"Jet, le Batclan, Paris, 27 octobre. [Y a rien de pire que de se lever le matin et de se tra\u00eener jusqu'au bourreau avec le dernier1 My Chemiballs Romance dans la t\u00eate, je vais me pendre avant la fin de la journ\u00e9e.] C'est s\u00fbr qu'avec sa gueule toute floute, \u00e0\u2026","rel":"","context":"Dans &quot;DPC&quot;","block_context":{"text":"DPC","link":"https:\/\/www.wallendorff.com\/belogue\/category\/dpc\/"},"img":{"alt_text":"","src":"https:\/\/i0.wp.com\/www.wallendorff.com\/belogue\/wp-content\/uploads\/2015\/04\/200611091.jpg?resize=350%2C200&ssl=1","width":350,"height":200},"classes":[]},{"id":3481,"url":"https:\/\/www.wallendorff.com\/belogue\/2008\/10\/07\/hum\/","url_meta":{"origin":474,"position":4},"title":"Hum.","author":"dpc","date":"7 octobre 2008","format":false,"excerpt":"Mettre 45\u00a0\u20ac dans l'achat de trois albums t\u00e9l\u00e9charg\u00e9s ill\u00e9galement la semaine pr\u00e9c\u00e9dente, je ne sais pas si c'est \u00eatre Rock en 2008 ou plus simplement \u00eatre charitable envers la Fnac et ces gentils groupes qui n'ont plus rien \u00e0 manger en 2008, auquel cas j'aimerais savoir si on peut le\u2026","rel":"","context":"Dans &quot;Pictureless thoughts&quot;","block_context":{"text":"Pictureless thoughts","link":"https:\/\/www.wallendorff.com\/belogue\/category\/pictureless-thoughts\/"},"img":{"alt_text":"","src":"","width":0,"height":0},"classes":[]},{"id":843,"url":"https:\/\/www.wallendorff.com\/belogue\/2006\/12\/02\/space-mots-keys-3\/","url_meta":{"origin":474,"position":5},"title":"Space mots-keys #3.","author":"dpc","date":"2 d\u00e9cembre 2006","format":false,"excerpt":"ize proude tou pr\u00e9sente Le choc\u00a0: \u2015 20 requ\u00eates \u2015 24 requ\u00eates Matthias, sa bande et tous ses amis belfortains vengent Molko et ses potes de l'affront subi le mois dernier en renvoyant le tatou\u00e9 et son pote se lier d'amiti\u00e9 avec la communaut\u00e9 masculine hell\u00e8ne. Mention sp\u00e9ciale \u00e0 (11\u2026","rel":"","context":"Dans &quot;Space mots-keys&quot;","block_context":{"text":"Space mots-keys","link":"https:\/\/www.wallendorff.com\/belogue\/category\/space-mots-keys\/"},"img":{"alt_text":"","src":"","width":0,"height":0},"classes":[]}],"_links":{"self":[{"href":"https:\/\/www.wallendorff.com\/belogue\/wp-json\/wp\/v2\/posts\/474","targetHints":{"allow":["GET"]}}],"collection":[{"href":"https:\/\/www.wallendorff.com\/belogue\/wp-json\/wp\/v2\/posts"}],"about":[{"href":"https:\/\/www.wallendorff.com\/belogue\/wp-json\/wp\/v2\/types\/post"}],"author":[{"embeddable":true,"href":"https:\/\/www.wallendorff.com\/belogue\/wp-json\/wp\/v2\/users\/1"}],"replies":[{"embeddable":true,"href":"https:\/\/www.wallendorff.com\/belogue\/wp-json\/wp\/v2\/comments?post=474"}],"version-history":[{"count":2,"href":"https:\/\/www.wallendorff.com\/belogue\/wp-json\/wp\/v2\/posts\/474\/revisions"}],"predecessor-version":[{"id":15668,"href":"https:\/\/www.wallendorff.com\/belogue\/wp-json\/wp\/v2\/posts\/474\/revisions\/15668"}],"wp:featuredmedia":[{"embeddable":true,"href":"https:\/\/www.wallendorff.com\/belogue\/wp-json\/wp\/v2\/media\/24413"}],"wp:attachment":[{"href":"https:\/\/www.wallendorff.com\/belogue\/wp-json\/wp\/v2\/media?parent=474"}],"wp:term":[{"taxonomy":"category","embeddable":true,"href":"https:\/\/www.wallendorff.com\/belogue\/wp-json\/wp\/v2\/categories?post=474"},{"taxonomy":"post_tag","embeddable":true,"href":"https:\/\/www.wallendorff.com\/belogue\/wp-json\/wp\/v2\/tags?post=474"}],"curies":[{"name":"wp","href":"https:\/\/api.w.org\/{rel}","templated":true}]}}