{"id":473,"date":"2005-02-07T06:00:34","date_gmt":"2005-02-07T06:00:34","guid":{"rendered":"http:\/\/www.po-l.com\/wordpress\/?p=473"},"modified":"2012-02-02T11:14:37","modified_gmt":"2012-02-02T09:14:37","slug":"les-onze-y-tronent","status":"publish","type":"post","link":"https:\/\/www.wallendorff.com\/belogue\/2005\/02\/07\/les-onze-y-tronent\/","title":{"rendered":"Les onze y tr\u00f4nent."},"content":{"rendered":"\n<p>[Ne pas oublier&nbsp;: taper les accents via codes Ascii sous Internet Explorer, &ccedil;a nique les notes]<\/p>\n<div id=\"photo\">\n<p><img decoding=\"async\" src=\"http:\/\/www.po-L.com\/belogue\/photo\/2005\/02\/20050207-chaises_0.jpg\" \/><br \/>\n          Salem, 3 f&eacute;vrier.<\/p>\n<\/p><\/div>\n<p style=\"text-align:right\">Ce soir c&rsquo;&eacute;tait mon premier SuperBeauf, avec des chips, de la Bud et du foute qu&rsquo;on comprend pas comment &ccedil;a marche. Trop guet&rsquo;z, je suis un vrai Ricain, maintenant.<\/p>\n<p style=\"text-align:right\">Demain, j&rsquo;ach&egrave;te un pick-up.<\/p>\n<p style=\"text-align:right\">Un gros.<\/p>\n<div id=\"bandeson\">\n<p><strong>Bande-son<\/strong>&nbsp;: Chuck Norris &mdash; <em>The Eye of the Ranger<\/em><\/p>\n<\/p><\/div>\n","protected":false},"excerpt":{"rendered":"<p>[Ne pas oublier&nbsp;: taper les accents via codes Ascii sous Internet Explorer, &ccedil;a nique les notes] Salem, 3 f&eacute;vrier. Ce soir c&rsquo;&eacute;tait mon premier SuperBeauf, avec des chips, de la Bud et du foute qu&rsquo;on comprend pas comment &ccedil;a marche. Trop guet&rsquo;z, je suis un vrai Ricain, maintenant. Demain, j&rsquo;ach&egrave;te un pick-up. Un gros. Bande-son&nbsp;:&hellip;<\/p>\n","protected":false},"author":1,"featured_media":24412,"comment_status":"open","ping_status":"open","sticky":false,"template":"","format":"standard","meta":{"_acf_changed":false,"ngg_post_thumbnail":0,"jetpack_post_was_ever_published":false,"_jetpack_newsletter_access":"","_jetpack_dont_email_post_to_subs":false,"_jetpack_newsletter_tier_id":0,"_jetpack_memberships_contains_paywalled_content":false,"_jetpack_memberships_contains_paid_content":false,"footnotes":"","jetpack_publicize_message":"","jetpack_publicize_feature_enabled":true,"jetpack_social_post_already_shared":false,"jetpack_social_options":{"image_generator_settings":{"template":"highway","default_image_id":0,"font":"","enabled":false},"version":2}},"categories":[3],"tags":[157,132,10240,808,55,54,10211,650,809],"class_list":["post-473","post","type-post","status-publish","format-standard","has-post-thumbnail","hentry","category-dpc","tag-ef-50-mm-f18-ii","tag-eos-20d","tag-chaises","tag-chuck-norris","tag-etats-unis","tag-michigan","tag-neige","tag-salem","tag-the-eye-of-the-ranger"],"acf":[],"geo":{"latitude":42.4062843,"longitude":-83.5782928,"description":null},"jetpack_publicize_connections":[],"jetpack_featured_media_url":"https:\/\/www.wallendorff.com\/belogue\/wp-content\/uploads\/2015\/04\/20050207-chaises_01.jpg","jetpack_shortlink":"https:\/\/wp.me\/p3b35P-7D","jetpack_sharing_enabled":true,"jetpack-related-posts":[{"id":1066,"url":"https:\/\/www.wallendorff.com\/belogue\/2007\/10\/25\/beatsteaks-la-maroquinerie-paris\/","url_meta":{"origin":473,"position":0},"title":"Beatsteaks @ la Maroquinerie, Paris.","author":"dpc","date":"25 octobre 2007","format":false,"excerpt":"Devant une salle \u00e0 97% allemande, les Beatsteaks rattrapent leur punk-pop honn\u00eate mais pas g\u00e9nial avec une prestation sc\u00e9nique compl\u00e8tement barr\u00e9e anim\u00e9e par le chanteur Arnim Teutoburg-Wei\u00df1, qui va et vient de la sc\u00e8ne \u00e0 la salle en passant par la r\u00e9gie, faisant asseoir les gens, les invitant sur sc\u00e8ne\u2026","rel":"","context":"Dans &quot;Alive&quot;","block_context":{"text":"Alive","link":"https:\/\/www.wallendorff.com\/belogue\/category\/alive\/"},"img":{"alt_text":"","src":"https:\/\/i0.wp.com\/www.wallendorff.com\/belogue\/wp-content\/uploads\/2015\/04\/20071025.jpg?resize=350%2C200&ssl=1","width":350,"height":200,"srcset":"https:\/\/i0.wp.com\/www.wallendorff.com\/belogue\/wp-content\/uploads\/2015\/04\/20071025.jpg?resize=350%2C200&ssl=1 1x, https:\/\/i0.wp.com\/www.wallendorff.com\/belogue\/wp-content\/uploads\/2015\/04\/20071025.jpg?resize=525%2C300&ssl=1 1.5x, https:\/\/i0.wp.com\/www.wallendorff.com\/belogue\/wp-content\/uploads\/2015\/04\/20071025.jpg?resize=700%2C400&ssl=1 2x"},"classes":[]},{"id":317,"url":"https:\/\/www.wallendorff.com\/belogue\/2005\/07\/14\/chant-puine-champs-pignon-chant-tant-chante-l-est-chant-son\/","url_meta":{"origin":473,"position":1},"title":"Chant pu&icirc;n&eacute;, champs pignon, chant tant chant&eacute; l&rsquo;est chant son.","author":"dpc","date":"14 juillet 2005","format":false,"excerpt":"Salem, Michigan, 3 f\u00e9vrier. Cherchez pas, y a aucun rapport entre les trois subordonn\u00e9es1. Le truc c'est que Champ2-pignon collait super bien, vu que cette photo contient un pignon sur un champ, mais c'\u00e9tait trop simple. Alors j'ai brod\u00e9. Comme j'ai pu. Il est tard, vous rappelerai-je. \"leave your woes\u2026","rel":"","context":"Dans &quot;DPC&quot;","block_context":{"text":"DPC","link":"https:\/\/www.wallendorff.com\/belogue\/category\/dpc\/"},"img":{"alt_text":"","src":"https:\/\/i0.wp.com\/www.wallendorff.com\/belogue\/wp-content\/uploads\/2015\/04\/200507141.jpg?resize=350%2C200&ssl=1","width":350,"height":200},"classes":[]},{"id":18080,"url":"https:\/\/www.wallendorff.com\/belogue\/2012\/07\/05\/main-square-festival-2012-jour-3\/","url_meta":{"origin":473,"position":2},"title":"Main Square Festival 2012, jour 3.","author":"dpc","date":"5 juillet 2012","format":false,"excerpt":"Retrouver son parking magique. Faire un auto-portrait avec la foule. Attendre le quatri\u00e8me titre d'Incubus. Monter le fichaille sur Rhubarbe juste au cas o\u00f9 le Frah descendrait dans la foule comme l'ann\u00e9e derni\u00e8re. Se trouver pile \u00e0 c\u00f4t\u00e9 du Frah lorsque qu'il d\u00e9cide de descendre dans la foule comme l'ann\u00e9e\u2026","rel":"","context":"Dans &quot;Alive&quot;","block_context":{"text":"Alive","link":"https:\/\/www.wallendorff.com\/belogue\/category\/alive\/"},"img":{"alt_text":"","src":"https:\/\/i0.wp.com\/www.wallendorff.com\/belogue\/wp-content\/uploads\/2015\/04\/201207051.jpg?resize=350%2C200&ssl=1","width":350,"height":200,"srcset":"https:\/\/i0.wp.com\/www.wallendorff.com\/belogue\/wp-content\/uploads\/2015\/04\/201207051.jpg?resize=350%2C200&ssl=1 1x, https:\/\/i0.wp.com\/www.wallendorff.com\/belogue\/wp-content\/uploads\/2015\/04\/201207051.jpg?resize=525%2C300&ssl=1 1.5x, https:\/\/i0.wp.com\/www.wallendorff.com\/belogue\/wp-content\/uploads\/2015\/04\/201207051.jpg?resize=700%2C400&ssl=1 2x"},"classes":[]},{"id":4708,"url":"https:\/\/www.wallendorff.com\/belogue\/2009\/09\/16\/4708\/","url_meta":{"origin":473,"position":3},"title":"Crise cross.","author":"dpc","date":"16 septembre 2009","format":false,"excerpt":"Church Street, New York, 9 mai. Il ne me reste pas grand-chose du 11 Septembre. Quelques souvenirs, trois ou quatre photos et un peu de musique. La sensation d'y avoir \u00e9t\u00e9 sans y \u00eatre. La nouvelle que je re\u00e7ois d'un pote bas\u00e9 en Su\u00e8de alors que je viens d'arriver au\u2026","rel":"","context":"Dans &quot;DPC&quot;","block_context":{"text":"DPC","link":"https:\/\/www.wallendorff.com\/belogue\/category\/dpc\/"},"img":{"alt_text":"","src":"https:\/\/i0.wp.com\/www.wallendorff.com\/belogue\/wp-content\/uploads\/2015\/04\/200909161.jpg?resize=350%2C200&ssl=1","width":350,"height":200,"srcset":"https:\/\/i0.wp.com\/www.wallendorff.com\/belogue\/wp-content\/uploads\/2015\/04\/200909161.jpg?resize=350%2C200&ssl=1 1x, https:\/\/i0.wp.com\/www.wallendorff.com\/belogue\/wp-content\/uploads\/2015\/04\/200909161.jpg?resize=525%2C300&ssl=1 1.5x"},"classes":[]},{"id":23168,"url":"https:\/\/www.wallendorff.com\/belogue\/2014\/07\/10\/les-eurockeennes-belfort-5-juillet-2\/","url_meta":{"origin":473,"position":4},"title":"Les Eurock\u00e9ennes, Belfort, 5 juillet.","author":"dpc","date":"10 juillet 2014","format":false,"excerpt":"Souvenirs du 2e jour (en vrac)\u00a0: \u00ab\u00a0Vous voulez du lard\u00a0?\u00a0\u00bb Un 6D qui se r\u00e9veille d'un coma hydraulique, c'est comme un humain un lendemain de soir\u00e9e bar\u00a0: \u00e7a se rappelle rien, \u00e7a fait comme s'il ne s'\u00e9tait rien pass\u00e9 et \u00e7a ne comprend pas pourquoi \u00e7'a mal \u00e0 la t\u00eate.\u2026","rel":"","context":"Dans &quot;Alive&quot;","block_context":{"text":"Alive","link":"https:\/\/www.wallendorff.com\/belogue\/category\/alive\/"},"img":{"alt_text":"","src":"https:\/\/i0.wp.com\/www.wallendorff.com\/belogue\/wp-content\/uploads\/2015\/04\/201407101.jpg?resize=350%2C200&ssl=1","width":350,"height":200,"srcset":"https:\/\/i0.wp.com\/www.wallendorff.com\/belogue\/wp-content\/uploads\/2015\/04\/201407101.jpg?resize=350%2C200&ssl=1 1x, https:\/\/i0.wp.com\/www.wallendorff.com\/belogue\/wp-content\/uploads\/2015\/04\/201407101.jpg?resize=525%2C300&ssl=1 1.5x, https:\/\/i0.wp.com\/www.wallendorff.com\/belogue\/wp-content\/uploads\/2015\/04\/201407101.jpg?resize=700%2C400&ssl=1 2x"},"classes":[]},{"id":1200,"url":"https:\/\/www.wallendorff.com\/belogue\/2008\/04\/08\/editors-le-bataclan-paris\/","url_meta":{"origin":473,"position":5},"title":"Editors @ le Bataclan, Paris.","author":"dpc","date":"8 avril 2008","format":false,"excerpt":"Camera | An End Has a Start | Blood | Bullets | The Weight of the World | Escape the Nest | Lights | When Anger Shows | Banging Heads | Lullaby (The Cure) | All Sparks | Munich | Push Your Head Towards the Air | Bones | Fingers\u2026","rel":"","context":"Dans &quot;Alive&quot;","block_context":{"text":"Alive","link":"https:\/\/www.wallendorff.com\/belogue\/category\/alive\/"},"img":{"alt_text":"","src":"https:\/\/i0.wp.com\/www.wallendorff.com\/belogue\/wp-content\/uploads\/2015\/04\/200804081.jpg?resize=350%2C200&ssl=1","width":350,"height":200,"srcset":"https:\/\/i0.wp.com\/www.wallendorff.com\/belogue\/wp-content\/uploads\/2015\/04\/200804081.jpg?resize=350%2C200&ssl=1 1x, https:\/\/i0.wp.com\/www.wallendorff.com\/belogue\/wp-content\/uploads\/2015\/04\/200804081.jpg?resize=525%2C300&ssl=1 1.5x, https:\/\/i0.wp.com\/www.wallendorff.com\/belogue\/wp-content\/uploads\/2015\/04\/200804081.jpg?resize=700%2C400&ssl=1 2x"},"classes":[]}],"_links":{"self":[{"href":"https:\/\/www.wallendorff.com\/belogue\/wp-json\/wp\/v2\/posts\/473","targetHints":{"allow":["GET"]}}],"collection":[{"href":"https:\/\/www.wallendorff.com\/belogue\/wp-json\/wp\/v2\/posts"}],"about":[{"href":"https:\/\/www.wallendorff.com\/belogue\/wp-json\/wp\/v2\/types\/post"}],"author":[{"embeddable":true,"href":"https:\/\/www.wallendorff.com\/belogue\/wp-json\/wp\/v2\/users\/1"}],"replies":[{"embeddable":true,"href":"https:\/\/www.wallendorff.com\/belogue\/wp-json\/wp\/v2\/comments?post=473"}],"version-history":[{"count":3,"href":"https:\/\/www.wallendorff.com\/belogue\/wp-json\/wp\/v2\/posts\/473\/revisions"}],"predecessor-version":[{"id":1740,"href":"https:\/\/www.wallendorff.com\/belogue\/wp-json\/wp\/v2\/posts\/473\/revisions\/1740"}],"wp:featuredmedia":[{"embeddable":true,"href":"https:\/\/www.wallendorff.com\/belogue\/wp-json\/wp\/v2\/media\/24412"}],"wp:attachment":[{"href":"https:\/\/www.wallendorff.com\/belogue\/wp-json\/wp\/v2\/media?parent=473"}],"wp:term":[{"taxonomy":"category","embeddable":true,"href":"https:\/\/www.wallendorff.com\/belogue\/wp-json\/wp\/v2\/categories?post=473"},{"taxonomy":"post_tag","embeddable":true,"href":"https:\/\/www.wallendorff.com\/belogue\/wp-json\/wp\/v2\/tags?post=473"}],"curies":[{"name":"wp","href":"https:\/\/api.w.org\/{rel}","templated":true}]}}