{"id":47270,"date":"2020-12-08T12:51:07","date_gmt":"2020-12-08T10:51:07","guid":{"rendered":"http:\/\/www.wallendorff.com\/belogue\/?p=47270"},"modified":"2020-12-29T19:39:28","modified_gmt":"2020-12-29T17:39:28","slug":"cascades-de-krimml-28-aout-2020","status":"publish","type":"post","link":"https:\/\/www.wallendorff.com\/belogue\/2020\/12\/08\/cascades-de-krimml-28-aout-2020\/","title":{"rendered":"Cascades de Krimml, 28 ao\u00fbt 2020."},"content":{"rendered":"<div id=\"photo\">\n<p><img decoding=\"async\" src=\"https:\/\/www.wallendorff.com\/belogue\/wp-content\/uploads\/2020\/12\/20201208-08.jpg\"><br \/>\nKrimml, 28 ao\u00fbt 2020.<\/p>\n<\/div>\n<p style=\"text-align:right\">Ma foi j&rsquo;esp\u00e8re que vous aimez les chutes d&rsquo;eau, les poses longues et les chutes d&rsquo;eau en pose longue.<\/p>\n<div id='gallery-1' class='gallery galleryid-47270 gallery-columns-1 gallery-size-large'><figure class='gallery-item'>\n\t\t\t<div class='gallery-icon portrait'>\n\t\t\t\t<a href='https:\/\/www.wallendorff.com\/belogue\/2020\/12\/08\/cascades-de-krimml-28-aout-2020\/20201208-01\/'><img fetchpriority=\"high\" decoding=\"async\" width=\"780\" height=\"1170\" src=\"https:\/\/www.wallendorff.com\/belogue\/wp-content\/uploads\/2020\/12\/20201208-01.jpg\" class=\"attachment-large size-large\" alt=\"\" srcset=\"https:\/\/www.wallendorff.com\/belogue\/wp-content\/uploads\/2020\/12\/20201208-01.jpg 780w, https:\/\/www.wallendorff.com\/belogue\/wp-content\/uploads\/2020\/12\/20201208-01-558x837.jpg 558w, https:\/\/www.wallendorff.com\/belogue\/wp-content\/uploads\/2020\/12\/20201208-01-655x983.jpg 655w, https:\/\/www.wallendorff.com\/belogue\/wp-content\/uploads\/2020\/12\/20201208-01-600x900.jpg 600w\" sizes=\"(max-width: 780px) 100vw, 780px\" \/><\/a>\n\t\t\t<\/div><\/figure><figure class='gallery-item'>\n\t\t\t<div class='gallery-icon portrait'>\n\t\t\t\t<a href='https:\/\/www.wallendorff.com\/belogue\/2020\/12\/08\/cascades-de-krimml-28-aout-2020\/20201208-02\/'><img decoding=\"async\" width=\"780\" height=\"1170\" src=\"https:\/\/www.wallendorff.com\/belogue\/wp-content\/uploads\/2020\/12\/20201208-02.jpg\" class=\"attachment-large size-large\" alt=\"\" srcset=\"https:\/\/www.wallendorff.com\/belogue\/wp-content\/uploads\/2020\/12\/20201208-02.jpg 780w, https:\/\/www.wallendorff.com\/belogue\/wp-content\/uploads\/2020\/12\/20201208-02-558x837.jpg 558w, https:\/\/www.wallendorff.com\/belogue\/wp-content\/uploads\/2020\/12\/20201208-02-655x983.jpg 655w, https:\/\/www.wallendorff.com\/belogue\/wp-content\/uploads\/2020\/12\/20201208-02-600x900.jpg 600w\" sizes=\"(max-width: 780px) 100vw, 780px\" \/><\/a>\n\t\t\t<\/div><\/figure><figure class='gallery-item'>\n\t\t\t<div class='gallery-icon landscape'>\n\t\t\t\t<a href='https:\/\/www.wallendorff.com\/belogue\/2020\/12\/08\/cascades-de-krimml-28-aout-2020\/20201208-03\/'><img decoding=\"async\" width=\"1170\" height=\"780\" src=\"https:\/\/www.wallendorff.com\/belogue\/wp-content\/uploads\/2020\/12\/20201208-03.jpg\" class=\"attachment-large size-large\" alt=\"\" srcset=\"https:\/\/www.wallendorff.com\/belogue\/wp-content\/uploads\/2020\/12\/20201208-03.jpg 1170w, https:\/\/www.wallendorff.com\/belogue\/wp-content\/uploads\/2020\/12\/20201208-03-820x547.jpg 820w, https:\/\/www.wallendorff.com\/belogue\/wp-content\/uploads\/2020\/12\/20201208-03-1116x744.jpg 1116w, https:\/\/www.wallendorff.com\/belogue\/wp-content\/uploads\/2020\/12\/20201208-03-806x537.jpg 806w, https:\/\/www.wallendorff.com\/belogue\/wp-content\/uploads\/2020\/12\/20201208-03-558x372.jpg 558w, https:\/\/www.wallendorff.com\/belogue\/wp-content\/uploads\/2020\/12\/20201208-03-655x437.jpg 655w, https:\/\/www.wallendorff.com\/belogue\/wp-content\/uploads\/2020\/12\/20201208-03-600x400.jpg 600w\" sizes=\"(max-width: 1170px) 100vw, 1170px\" \/><\/a>\n\t\t\t<\/div><\/figure><figure class='gallery-item'>\n\t\t\t<div class='gallery-icon landscape'>\n\t\t\t\t<a href='https:\/\/www.wallendorff.com\/belogue\/2020\/12\/08\/cascades-de-krimml-28-aout-2020\/20201208-04\/'><img loading=\"lazy\" decoding=\"async\" width=\"1170\" height=\"780\" src=\"https:\/\/www.wallendorff.com\/belogue\/wp-content\/uploads\/2020\/12\/20201208-04.jpg\" class=\"attachment-large size-large\" alt=\"\" srcset=\"https:\/\/www.wallendorff.com\/belogue\/wp-content\/uploads\/2020\/12\/20201208-04.jpg 1170w, https:\/\/www.wallendorff.com\/belogue\/wp-content\/uploads\/2020\/12\/20201208-04-820x547.jpg 820w, https:\/\/www.wallendorff.com\/belogue\/wp-content\/uploads\/2020\/12\/20201208-04-1116x744.jpg 1116w, https:\/\/www.wallendorff.com\/belogue\/wp-content\/uploads\/2020\/12\/20201208-04-806x537.jpg 806w, https:\/\/www.wallendorff.com\/belogue\/wp-content\/uploads\/2020\/12\/20201208-04-558x372.jpg 558w, https:\/\/www.wallendorff.com\/belogue\/wp-content\/uploads\/2020\/12\/20201208-04-655x437.jpg 655w, https:\/\/www.wallendorff.com\/belogue\/wp-content\/uploads\/2020\/12\/20201208-04-600x400.jpg 600w\" sizes=\"(max-width: 1170px) 100vw, 1170px\" \/><\/a>\n\t\t\t<\/div><\/figure><figure class='gallery-item'>\n\t\t\t<div class='gallery-icon landscape'>\n\t\t\t\t<a href='https:\/\/www.wallendorff.com\/belogue\/2020\/12\/08\/cascades-de-krimml-28-aout-2020\/20201208-05\/'><img loading=\"lazy\" decoding=\"async\" width=\"1170\" height=\"780\" src=\"https:\/\/www.wallendorff.com\/belogue\/wp-content\/uploads\/2020\/12\/20201208-05.jpg\" class=\"attachment-large size-large\" alt=\"\" srcset=\"https:\/\/www.wallendorff.com\/belogue\/wp-content\/uploads\/2020\/12\/20201208-05.jpg 1170w, https:\/\/www.wallendorff.com\/belogue\/wp-content\/uploads\/2020\/12\/20201208-05-820x547.jpg 820w, https:\/\/www.wallendorff.com\/belogue\/wp-content\/uploads\/2020\/12\/20201208-05-1116x744.jpg 1116w, https:\/\/www.wallendorff.com\/belogue\/wp-content\/uploads\/2020\/12\/20201208-05-806x537.jpg 806w, https:\/\/www.wallendorff.com\/belogue\/wp-content\/uploads\/2020\/12\/20201208-05-558x372.jpg 558w, https:\/\/www.wallendorff.com\/belogue\/wp-content\/uploads\/2020\/12\/20201208-05-655x437.jpg 655w, https:\/\/www.wallendorff.com\/belogue\/wp-content\/uploads\/2020\/12\/20201208-05-600x400.jpg 600w\" sizes=\"(max-width: 1170px) 100vw, 1170px\" \/><\/a>\n\t\t\t<\/div><\/figure><figure class='gallery-item'>\n\t\t\t<div class='gallery-icon portrait'>\n\t\t\t\t<a href='https:\/\/www.wallendorff.com\/belogue\/2020\/12\/08\/cascades-de-krimml-28-aout-2020\/20201208-06\/'><img loading=\"lazy\" decoding=\"async\" width=\"780\" height=\"1170\" src=\"https:\/\/www.wallendorff.com\/belogue\/wp-content\/uploads\/2020\/12\/20201208-06.jpg\" class=\"attachment-large size-large\" alt=\"\" srcset=\"https:\/\/www.wallendorff.com\/belogue\/wp-content\/uploads\/2020\/12\/20201208-06.jpg 780w, https:\/\/www.wallendorff.com\/belogue\/wp-content\/uploads\/2020\/12\/20201208-06-558x837.jpg 558w, https:\/\/www.wallendorff.com\/belogue\/wp-content\/uploads\/2020\/12\/20201208-06-655x983.jpg 655w, https:\/\/www.wallendorff.com\/belogue\/wp-content\/uploads\/2020\/12\/20201208-06-600x900.jpg 600w\" sizes=\"(max-width: 780px) 100vw, 780px\" \/><\/a>\n\t\t\t<\/div><\/figure><figure class='gallery-item'>\n\t\t\t<div class='gallery-icon landscape'>\n\t\t\t\t<a href='https:\/\/www.wallendorff.com\/belogue\/2020\/12\/08\/cascades-de-krimml-28-aout-2020\/20201208-07\/'><img loading=\"lazy\" decoding=\"async\" width=\"1170\" height=\"780\" src=\"https:\/\/www.wallendorff.com\/belogue\/wp-content\/uploads\/2020\/12\/20201208-07.jpg\" class=\"attachment-large size-large\" alt=\"\" srcset=\"https:\/\/www.wallendorff.com\/belogue\/wp-content\/uploads\/2020\/12\/20201208-07.jpg 1170w, https:\/\/www.wallendorff.com\/belogue\/wp-content\/uploads\/2020\/12\/20201208-07-820x547.jpg 820w, https:\/\/www.wallendorff.com\/belogue\/wp-content\/uploads\/2020\/12\/20201208-07-1116x744.jpg 1116w, https:\/\/www.wallendorff.com\/belogue\/wp-content\/uploads\/2020\/12\/20201208-07-806x537.jpg 806w, https:\/\/www.wallendorff.com\/belogue\/wp-content\/uploads\/2020\/12\/20201208-07-558x372.jpg 558w, https:\/\/www.wallendorff.com\/belogue\/wp-content\/uploads\/2020\/12\/20201208-07-655x437.jpg 655w, https:\/\/www.wallendorff.com\/belogue\/wp-content\/uploads\/2020\/12\/20201208-07-600x400.jpg 600w\" sizes=\"(max-width: 1170px) 100vw, 1170px\" \/><\/a>\n\t\t\t<\/div><\/figure><figure class='gallery-item'>\n\t\t\t<div class='gallery-icon landscape'>\n\t\t\t\t<a href='https:\/\/www.wallendorff.com\/belogue\/2020\/12\/08\/cascades-de-krimml-28-aout-2020\/20201208-08\/'><img loading=\"lazy\" decoding=\"async\" width=\"1170\" height=\"780\" src=\"https:\/\/www.wallendorff.com\/belogue\/wp-content\/uploads\/2020\/12\/20201208-08.jpg\" class=\"attachment-large size-large\" alt=\"\" srcset=\"https:\/\/www.wallendorff.com\/belogue\/wp-content\/uploads\/2020\/12\/20201208-08.jpg 1170w, https:\/\/www.wallendorff.com\/belogue\/wp-content\/uploads\/2020\/12\/20201208-08-820x547.jpg 820w, https:\/\/www.wallendorff.com\/belogue\/wp-content\/uploads\/2020\/12\/20201208-08-1116x744.jpg 1116w, https:\/\/www.wallendorff.com\/belogue\/wp-content\/uploads\/2020\/12\/20201208-08-806x537.jpg 806w, https:\/\/www.wallendorff.com\/belogue\/wp-content\/uploads\/2020\/12\/20201208-08-558x372.jpg 558w, https:\/\/www.wallendorff.com\/belogue\/wp-content\/uploads\/2020\/12\/20201208-08-655x437.jpg 655w, https:\/\/www.wallendorff.com\/belogue\/wp-content\/uploads\/2020\/12\/20201208-08-600x400.jpg 600w\" sizes=\"(max-width: 1170px) 100vw, 1170px\" \/><\/a>\n\t\t\t<\/div><\/figure><figure class='gallery-item'>\n\t\t\t<div class='gallery-icon portrait'>\n\t\t\t\t<a href='https:\/\/www.wallendorff.com\/belogue\/2020\/12\/08\/cascades-de-krimml-28-aout-2020\/20201208-09\/'><img loading=\"lazy\" decoding=\"async\" width=\"780\" height=\"1170\" src=\"https:\/\/www.wallendorff.com\/belogue\/wp-content\/uploads\/2020\/12\/20201208-09.jpg\" class=\"attachment-large size-large\" alt=\"\" srcset=\"https:\/\/www.wallendorff.com\/belogue\/wp-content\/uploads\/2020\/12\/20201208-09.jpg 780w, https:\/\/www.wallendorff.com\/belogue\/wp-content\/uploads\/2020\/12\/20201208-09-558x837.jpg 558w, https:\/\/www.wallendorff.com\/belogue\/wp-content\/uploads\/2020\/12\/20201208-09-655x983.jpg 655w, https:\/\/www.wallendorff.com\/belogue\/wp-content\/uploads\/2020\/12\/20201208-09-600x900.jpg 600w\" sizes=\"(max-width: 780px) 100vw, 780px\" \/><\/a>\n\t\t\t<\/div><\/figure><figure class='gallery-item'>\n\t\t\t<div class='gallery-icon landscape'>\n\t\t\t\t<a href='https:\/\/www.wallendorff.com\/belogue\/2020\/12\/08\/cascades-de-krimml-28-aout-2020\/20201208-10\/'><img loading=\"lazy\" decoding=\"async\" width=\"1170\" height=\"1170\" src=\"https:\/\/www.wallendorff.com\/belogue\/wp-content\/uploads\/2020\/12\/20201208-10.jpg\" class=\"attachment-large size-large\" alt=\"\" srcset=\"https:\/\/www.wallendorff.com\/belogue\/wp-content\/uploads\/2020\/12\/20201208-10.jpg 1170w, https:\/\/www.wallendorff.com\/belogue\/wp-content\/uploads\/2020\/12\/20201208-10-550x550.jpg 550w, https:\/\/www.wallendorff.com\/belogue\/wp-content\/uploads\/2020\/12\/20201208-10-220x220.jpg 220w, https:\/\/www.wallendorff.com\/belogue\/wp-content\/uploads\/2020\/12\/20201208-10-820x820.jpg 820w, https:\/\/www.wallendorff.com\/belogue\/wp-content\/uploads\/2020\/12\/20201208-10-468x468.jpg 468w, https:\/\/www.wallendorff.com\/belogue\/wp-content\/uploads\/2020\/12\/20201208-10-1116x1116.jpg 1116w, https:\/\/www.wallendorff.com\/belogue\/wp-content\/uploads\/2020\/12\/20201208-10-806x806.jpg 806w, https:\/\/www.wallendorff.com\/belogue\/wp-content\/uploads\/2020\/12\/20201208-10-558x558.jpg 558w, https:\/\/www.wallendorff.com\/belogue\/wp-content\/uploads\/2020\/12\/20201208-10-655x655.jpg 655w, https:\/\/www.wallendorff.com\/belogue\/wp-content\/uploads\/2020\/12\/20201208-10-600x600.jpg 600w\" sizes=\"(max-width: 1170px) 100vw, 1170px\" \/><\/a>\n\t\t\t<\/div><\/figure><figure class='gallery-item'>\n\t\t\t<div class='gallery-icon portrait'>\n\t\t\t\t<a href='https:\/\/www.wallendorff.com\/belogue\/2020\/12\/08\/cascades-de-krimml-28-aout-2020\/20201208-11\/'><img loading=\"lazy\" decoding=\"async\" width=\"780\" height=\"1170\" src=\"https:\/\/www.wallendorff.com\/belogue\/wp-content\/uploads\/2020\/12\/20201208-11.jpg\" class=\"attachment-large size-large\" alt=\"\" srcset=\"https:\/\/www.wallendorff.com\/belogue\/wp-content\/uploads\/2020\/12\/20201208-11.jpg 780w, https:\/\/www.wallendorff.com\/belogue\/wp-content\/uploads\/2020\/12\/20201208-11-558x837.jpg 558w, https:\/\/www.wallendorff.com\/belogue\/wp-content\/uploads\/2020\/12\/20201208-11-655x983.jpg 655w, https:\/\/www.wallendorff.com\/belogue\/wp-content\/uploads\/2020\/12\/20201208-11-600x900.jpg 600w\" sizes=\"(max-width: 780px) 100vw, 780px\" \/><\/a>\n\t\t\t<\/div><\/figure>\n\t\t<\/div>\n\n","protected":false},"excerpt":{"rendered":"<p>Krimml, 28 ao\u00fbt 2020. Ma foi j&rsquo;esp\u00e8re que vous aimez les chutes d&rsquo;eau, les poses longues et les chutes d&rsquo;eau en pose longue.<\/p>\n","protected":false},"author":1,"featured_media":47279,"comment_status":"open","ping_status":"open","sticky":false,"template":"","format":"standard","meta":{"_acf_changed":false,"ngg_post_thumbnail":0,"jetpack_post_was_ever_published":false,"_jetpack_newsletter_access":"","_jetpack_dont_email_post_to_subs":false,"_jetpack_newsletter_tier_id":0,"_jetpack_memberships_contains_paywalled_content":false,"_jetpack_memberships_contains_paid_content":false,"footnotes":"","jetpack_publicize_message":"","jetpack_publicize_feature_enabled":true,"jetpack_social_post_already_shared":true,"jetpack_social_options":{"image_generator_settings":{"template":"highway","default_image_id":0,"font":"","enabled":false},"version":2}},"categories":[3],"tags":[12059,16018,16514,16521,10484,15878,15309,16541,16403,11323,10592,16564],"class_list":["post-47270","post","type-post","status-publish","format-standard","has-post-thumbnail","hentry","category-dpc","tag-autriche","tag-cascade","tag-cascades-de-krimml","tag-district-de-zell-am-see","tag-eau","tag-fujifilm-x-t3","tag-fujinon-xf-16-55-mm-f-2-8-r-lm-wr","tag-krimml","tag-laowa-9-mm-f-2-8-zero-d","tag-panoramique","tag-pose-longue","tag-salzbourg-land"],"acf":[],"geo":{"latitude":47.2129555,"longitude":12.1703625,"description":"Oberkrimml, Salzburg, 5743, AT"},"jetpack_publicize_connections":[],"jetpack_featured_media_url":"https:\/\/www.wallendorff.com\/belogue\/wp-content\/uploads\/2020\/12\/20201208-08.jpg","jetpack_shortlink":"https:\/\/wp.me\/p3b35P-ciq","jetpack_sharing_enabled":true,"jetpack-related-posts":[{"id":134100,"url":"https:\/\/www.wallendorff.com\/belogue\/2025\/10\/20\/brasil-brasil-v-oi-iguacu\/","url_meta":{"origin":47270,"position":0},"title":"[Brasil Brasil V] Oi Igua\u00e7u.","author":"dpc","date":"20 octobre 2025","format":false,"excerpt":"Parc national de l'Igua\u00e7u, 23 mai 2025.","rel":"","context":"Dans &quot;DPC&quot;","block_context":{"text":"DPC","link":"https:\/\/www.wallendorff.com\/belogue\/category\/dpc\/"},"img":{"alt_text":"","src":"https:\/\/i0.wp.com\/www.wallendorff.com\/belogue\/wp-content\/uploads\/2025\/10\/20251020-15.jpg?resize=350%2C200&ssl=1","width":350,"height":200,"srcset":"https:\/\/i0.wp.com\/www.wallendorff.com\/belogue\/wp-content\/uploads\/2025\/10\/20251020-15.jpg?resize=350%2C200&ssl=1 1x, https:\/\/i0.wp.com\/www.wallendorff.com\/belogue\/wp-content\/uploads\/2025\/10\/20251020-15.jpg?resize=525%2C300&ssl=1 1.5x, https:\/\/i0.wp.com\/www.wallendorff.com\/belogue\/wp-content\/uploads\/2025\/10\/20251020-15.jpg?resize=700%2C400&ssl=1 2x, https:\/\/i0.wp.com\/www.wallendorff.com\/belogue\/wp-content\/uploads\/2025\/10\/20251020-15.jpg?resize=1050%2C600&ssl=1 3x"},"classes":[]},{"id":126326,"url":"https:\/\/www.wallendorff.com\/belogue\/2023\/10\/15\/into-the-wide-282\/","url_meta":{"origin":47270,"position":1},"title":"Into the wide #282.","author":"dpc","date":"15 octobre 2023","format":false,"excerpt":"Place Royale, Qu\u00e9bec, 13 et 15 ao\u00fbt 2023. Place Royale, Qu\u00e9bec, 13 et 15 ao\u00fbt 2023.","rel":"","context":"Dans &quot;Into the wide&quot;","block_context":{"text":"Into the wide","link":"https:\/\/www.wallendorff.com\/belogue\/category\/into-the-wide\/"},"img":{"alt_text":"","src":"https:\/\/i0.wp.com\/www.wallendorff.com\/belogue\/wp-content\/uploads\/2023\/10\/20231015.jpg?resize=350%2C200&ssl=1","width":350,"height":200,"srcset":"https:\/\/i0.wp.com\/www.wallendorff.com\/belogue\/wp-content\/uploads\/2023\/10\/20231015.jpg?resize=350%2C200&ssl=1 1x, https:\/\/i0.wp.com\/www.wallendorff.com\/belogue\/wp-content\/uploads\/2023\/10\/20231015.jpg?resize=525%2C300&ssl=1 1.5x, https:\/\/i0.wp.com\/www.wallendorff.com\/belogue\/wp-content\/uploads\/2023\/10\/20231015.jpg?resize=700%2C400&ssl=1 2x, https:\/\/i0.wp.com\/www.wallendorff.com\/belogue\/wp-content\/uploads\/2023\/10\/20231015.jpg?resize=1050%2C600&ssl=1 3x"},"classes":[]},{"id":131187,"url":"https:\/\/www.wallendorff.com\/belogue\/2024\/11\/27\/lenfer-dut-des-corps\/","url_meta":{"origin":47270,"position":2},"title":"L&rsquo;enfer dut des corps.","author":"dpc","date":"27 novembre 2024","format":false,"excerpt":"\u00c9peign\u00e9-sur-D\u00eame, 10 ao\u00fbt 2024.","rel":"","context":"Dans &quot;DPC&quot;","block_context":{"text":"DPC","link":"https:\/\/www.wallendorff.com\/belogue\/category\/dpc\/"},"img":{"alt_text":"","src":"https:\/\/i0.wp.com\/www.wallendorff.com\/belogue\/wp-content\/uploads\/2024\/11\/20241127.jpg?resize=350%2C200&ssl=1","width":350,"height":200,"srcset":"https:\/\/i0.wp.com\/www.wallendorff.com\/belogue\/wp-content\/uploads\/2024\/11\/20241127.jpg?resize=350%2C200&ssl=1 1x, https:\/\/i0.wp.com\/www.wallendorff.com\/belogue\/wp-content\/uploads\/2024\/11\/20241127.jpg?resize=525%2C300&ssl=1 1.5x, https:\/\/i0.wp.com\/www.wallendorff.com\/belogue\/wp-content\/uploads\/2024\/11\/20241127.jpg?resize=700%2C400&ssl=1 2x, https:\/\/i0.wp.com\/www.wallendorff.com\/belogue\/wp-content\/uploads\/2024\/11\/20241127.jpg?resize=1050%2C600&ssl=1 3x"},"classes":[]},{"id":134132,"url":"https:\/\/www.wallendorff.com\/belogue\/2025\/10\/22\/brasil-brasil-vi-hola-iguazu\/","url_meta":{"origin":47270,"position":3},"title":"[Brasil Brasil VI] Hola Iguaz\u00f9.","author":"dpc","date":"22 octobre 2025","format":false,"excerpt":"Parc national d'Iguaz\u00f9, 24 mai 2025. Hommes sur une mobylette dans une rue de Foz do Igua\u00e7u *** avenida das Cataratas, Br\u00e9sil, \u00e9tat du Paran\u00e1, Foz do Igua\u00e7u, mobylette, moto, photo de rue","rel":"","context":"Dans &quot;DPC&quot;","block_context":{"text":"DPC","link":"https:\/\/www.wallendorff.com\/belogue\/category\/dpc\/"},"img":{"alt_text":"","src":"https:\/\/i0.wp.com\/www.wallendorff.com\/belogue\/wp-content\/uploads\/2025\/10\/20251022-07.jpg?resize=350%2C200&ssl=1","width":350,"height":200,"srcset":"https:\/\/i0.wp.com\/www.wallendorff.com\/belogue\/wp-content\/uploads\/2025\/10\/20251022-07.jpg?resize=350%2C200&ssl=1 1x, https:\/\/i0.wp.com\/www.wallendorff.com\/belogue\/wp-content\/uploads\/2025\/10\/20251022-07.jpg?resize=525%2C300&ssl=1 1.5x, https:\/\/i0.wp.com\/www.wallendorff.com\/belogue\/wp-content\/uploads\/2025\/10\/20251022-07.jpg?resize=700%2C400&ssl=1 2x, https:\/\/i0.wp.com\/www.wallendorff.com\/belogue\/wp-content\/uploads\/2025\/10\/20251022-07.jpg?resize=1050%2C600&ssl=1 3x"},"classes":[]},{"id":124688,"url":"https:\/\/www.wallendorff.com\/belogue\/2023\/06\/14\/a-travers-les-cieux-lespace-et-letang\/","url_meta":{"origin":47270,"position":4},"title":"\u00c0 travers les cieux, l&rsquo;espace, et l&rsquo;\u00e9tang.","author":"dpc","date":"14 juin 2023","format":false,"excerpt":"Henriette-Fahrbach-Promenade, Vienne, 14 avril 2023.","rel":"","context":"Dans &quot;DPC&quot;","block_context":{"text":"DPC","link":"https:\/\/www.wallendorff.com\/belogue\/category\/dpc-en\/"},"img":{"alt_text":"","src":"https:\/\/i0.wp.com\/www.wallendorff.com\/belogue\/wp-content\/uploads\/2023\/06\/20230614.jpg?resize=350%2C200&ssl=1","width":350,"height":200,"srcset":"https:\/\/i0.wp.com\/www.wallendorff.com\/belogue\/wp-content\/uploads\/2023\/06\/20230614.jpg?resize=350%2C200&ssl=1 1x, https:\/\/i0.wp.com\/www.wallendorff.com\/belogue\/wp-content\/uploads\/2023\/06\/20230614.jpg?resize=525%2C300&ssl=1 1.5x, https:\/\/i0.wp.com\/www.wallendorff.com\/belogue\/wp-content\/uploads\/2023\/06\/20230614.jpg?resize=700%2C400&ssl=1 2x, https:\/\/i0.wp.com\/www.wallendorff.com\/belogue\/wp-content\/uploads\/2023\/06\/20230614.jpg?resize=1050%2C600&ssl=1 3x"},"classes":[]},{"id":44089,"url":"https:\/\/www.wallendorff.com\/belogue\/2019\/10\/28\/%d0%b7%d0%b4%d1%80%d0%b0%d0%b2%d0%b5%d0%b9-%d0%b1%d1%8a%d0%bb%d0%b3%d0%b0%d1%80%d0%b8%d1%8f-tcho-la-bulgarie-grotte-devetachka-chutes-de-krouchouna-gorsko-slivovo-lac-alexandar-stamboly\/","url_meta":{"origin":47270,"position":5},"title":"\u0417\u0434\u0440\u0430\u0432\u0435\u0439 \u0411\u044a\u043b\u0433\u0430\u0440\u0438\u044f [tch\u00f4 la Bulgarie] \u2013 Grotte D\u00e9v\u00e9tachka, chutes de Krouchouna, Gorsko Slivovo, Lac Alexandar Stambolyiski, V\u00e9liko Tarnovo","author":"dpc","date":"28 octobre 2019","format":false,"excerpt":"","rel":"","context":"Dans &quot;DPC&quot;","block_context":{"text":"DPC","link":"https:\/\/www.wallendorff.com\/belogue\/category\/dpc\/"},"img":{"alt_text":"","src":"https:\/\/i0.wp.com\/www.wallendorff.com\/belogue\/wp-content\/uploads\/2019\/10\/20191028-24.jpg?resize=350%2C200&ssl=1","width":350,"height":200,"srcset":"https:\/\/i0.wp.com\/www.wallendorff.com\/belogue\/wp-content\/uploads\/2019\/10\/20191028-24.jpg?resize=350%2C200&ssl=1 1x, https:\/\/i0.wp.com\/www.wallendorff.com\/belogue\/wp-content\/uploads\/2019\/10\/20191028-24.jpg?resize=525%2C300&ssl=1 1.5x, https:\/\/i0.wp.com\/www.wallendorff.com\/belogue\/wp-content\/uploads\/2019\/10\/20191028-24.jpg?resize=700%2C400&ssl=1 2x, https:\/\/i0.wp.com\/www.wallendorff.com\/belogue\/wp-content\/uploads\/2019\/10\/20191028-24.jpg?resize=1050%2C600&ssl=1 3x"},"classes":[]}],"_links":{"self":[{"href":"https:\/\/www.wallendorff.com\/belogue\/wp-json\/wp\/v2\/posts\/47270","targetHints":{"allow":["GET"]}}],"collection":[{"href":"https:\/\/www.wallendorff.com\/belogue\/wp-json\/wp\/v2\/posts"}],"about":[{"href":"https:\/\/www.wallendorff.com\/belogue\/wp-json\/wp\/v2\/types\/post"}],"author":[{"embeddable":true,"href":"https:\/\/www.wallendorff.com\/belogue\/wp-json\/wp\/v2\/users\/1"}],"replies":[{"embeddable":true,"href":"https:\/\/www.wallendorff.com\/belogue\/wp-json\/wp\/v2\/comments?post=47270"}],"version-history":[{"count":2,"href":"https:\/\/www.wallendorff.com\/belogue\/wp-json\/wp\/v2\/posts\/47270\/revisions"}],"predecessor-version":[{"id":47283,"href":"https:\/\/www.wallendorff.com\/belogue\/wp-json\/wp\/v2\/posts\/47270\/revisions\/47283"}],"wp:featuredmedia":[{"embeddable":true,"href":"https:\/\/www.wallendorff.com\/belogue\/wp-json\/wp\/v2\/media\/47279"}],"wp:attachment":[{"href":"https:\/\/www.wallendorff.com\/belogue\/wp-json\/wp\/v2\/media?parent=47270"}],"wp:term":[{"taxonomy":"category","embeddable":true,"href":"https:\/\/www.wallendorff.com\/belogue\/wp-json\/wp\/v2\/categories?post=47270"},{"taxonomy":"post_tag","embeddable":true,"href":"https:\/\/www.wallendorff.com\/belogue\/wp-json\/wp\/v2\/tags?post=47270"}],"curies":[{"name":"wp","href":"https:\/\/api.w.org\/{rel}","templated":true}]}}