{"id":47204,"date":"2020-11-25T13:20:05","date_gmt":"2020-11-25T11:20:05","guid":{"rendered":"http:\/\/www.wallendorff.com\/belogue\/?p=47204"},"modified":"2020-12-29T19:39:59","modified_gmt":"2020-12-29T17:39:59","slug":"a-tes-risques-chez-les-berges","status":"publish","type":"post","link":"https:\/\/www.wallendorff.com\/belogue\/2020\/11\/25\/a-tes-risques-chez-les-berges\/","title":{"rendered":"\u00c0 tes risques chez les berges."},"content":{"rendered":"<div id=\"photo\">\n<p><img decoding=\"async\" src=\"https:\/\/www.wallendorff.com\/belogue\/wp-content\/uploads\/2020\/11\/20201125.jpg\"><br \/>\nMeran, 25 ao\u00fbt 2020.<\/p>\n<\/div>\n<div id=\"bandeson\">\n<p><img decoding=\"async\" src=\"https:\/\/www.wallendorff.com\/belogue\/photo\/pochettes\/m\/men_the-mercy.jpg\" align=\"left\" \/><a href=\"https:\/\/www.youtube.com\/watch?v=Tpx72xpYODE\"><em>Cool Water<\/em><\/a><br \/>\n        <a href=\"http:\/\/wearethemen.blogspot.com\/\">The Men<\/a><\/p>\n<\/div>\n","protected":false},"excerpt":{"rendered":"<p>Meran, 25 ao\u00fbt 2020. Cool Water The Men<\/p>\n","protected":false},"author":1,"featured_media":47206,"comment_status":"open","ping_status":"open","sticky":false,"template":"","format":"standard","meta":{"_acf_changed":false,"ngg_post_thumbnail":0,"jetpack_post_was_ever_published":false,"_jetpack_newsletter_access":"","_jetpack_dont_email_post_to_subs":false,"_jetpack_newsletter_tier_id":0,"_jetpack_memberships_contains_paywalled_content":false,"_jetpack_memberships_contains_paid_content":false,"footnotes":"","jetpack_publicize_message":"","jetpack_publicize_feature_enabled":true,"jetpack_social_post_already_shared":true,"jetpack_social_options":{"image_generator_settings":{"template":"highway","default_image_id":0,"font":"","enabled":false},"version":2}},"categories":[3],"tags":[16680,10484,16678,11339,16548,10504,16679,16555,10673,11002,13916],"class_list":["post-47204","post","type-post","status-publish","format-standard","has-post-thumbnail","hentry","category-dpc","tag-cool-water","tag-eau","tag-garten-der-tiere","tag-italie","tag-meran","tag-parc","tag-passirio","tag-province-de-bolzano","tag-riviere","tag-the-men","tag-trentin-haut-adige"],"acf":[],"geo":{"latitude":46.6696472,"longitude":11.1684179,"description":"Meran, Trentino-Alto Adige, 39012, IT"},"jetpack_publicize_connections":[],"jetpack_featured_media_url":"https:\/\/www.wallendorff.com\/belogue\/wp-content\/uploads\/2020\/11\/20201125.jpg","jetpack_shortlink":"https:\/\/wp.me\/p3b35P-chm","jetpack_sharing_enabled":true,"jetpack-related-posts":[{"id":46920,"url":"https:\/\/www.wallendorff.com\/belogue\/2020\/10\/23\/paris-meran-22-aout-2020\/","url_meta":{"origin":47204,"position":0},"title":"Paris \u2013 Meran, 22 ao\u00fbt 2020.","author":"dpc","date":"23 octobre 2020","format":false,"excerpt":"1\u00a0035\u00a0km et 5 pays en une journ\u00e9e. Deux trains, un bus et une voiture. Des paysages qui d\u00e9filent pendant 12 h, qui te forcent \u00e0 poser ton ordinateur, ton livre ou ta saucisse pour regarder par la fen\u00eatre, plut\u00f4t, et te faire un joli torticoli.Comme d\u2019habitude, tu n\u2019arriveras pas \u00e0\u2026","rel":"","context":"Dans &quot;DPC&quot;","block_context":{"text":"DPC","link":"https:\/\/www.wallendorff.com\/belogue\/category\/dpc\/"},"img":{"alt_text":"","src":"https:\/\/i0.wp.com\/www.wallendorff.com\/belogue\/wp-content\/uploads\/2020\/10\/20201023-16.jpg?resize=350%2C200&ssl=1","width":350,"height":200,"srcset":"https:\/\/i0.wp.com\/www.wallendorff.com\/belogue\/wp-content\/uploads\/2020\/10\/20201023-16.jpg?resize=350%2C200&ssl=1 1x, https:\/\/i0.wp.com\/www.wallendorff.com\/belogue\/wp-content\/uploads\/2020\/10\/20201023-16.jpg?resize=525%2C300&ssl=1 1.5x, https:\/\/i0.wp.com\/www.wallendorff.com\/belogue\/wp-content\/uploads\/2020\/10\/20201023-16.jpg?resize=700%2C400&ssl=1 2x, https:\/\/i0.wp.com\/www.wallendorff.com\/belogue\/wp-content\/uploads\/2020\/10\/20201023-16.jpg?resize=1050%2C600&ssl=1 3x"},"classes":[]},{"id":47088,"url":"https:\/\/www.wallendorff.com\/belogue\/2020\/11\/11\/orange-messianique\/","url_meta":{"origin":47204,"position":1},"title":"Orange messianique.","author":"dpc","date":"11 novembre 2020","format":false,"excerpt":"Meran, 24 ao\u00fbt 2020. Where the Grass Is Greener Annie Taylor","rel":"","context":"Dans &quot;DPC&quot;","block_context":{"text":"DPC","link":"https:\/\/www.wallendorff.com\/belogue\/category\/dpc\/"},"img":{"alt_text":"","src":"https:\/\/i0.wp.com\/www.wallendorff.com\/belogue\/wp-content\/uploads\/2020\/11\/20201112.jpg?resize=350%2C200&ssl=1","width":350,"height":200,"srcset":"https:\/\/i0.wp.com\/www.wallendorff.com\/belogue\/wp-content\/uploads\/2020\/11\/20201112.jpg?resize=350%2C200&ssl=1 1x, https:\/\/i0.wp.com\/www.wallendorff.com\/belogue\/wp-content\/uploads\/2020\/11\/20201112.jpg?resize=525%2C300&ssl=1 1.5x, https:\/\/i0.wp.com\/www.wallendorff.com\/belogue\/wp-content\/uploads\/2020\/11\/20201112.jpg?resize=700%2C400&ssl=1 2x, https:\/\/i0.wp.com\/www.wallendorff.com\/belogue\/wp-content\/uploads\/2020\/11\/20201112.jpg?resize=1050%2C600&ssl=1 3x"},"classes":[]},{"id":46787,"url":"https:\/\/www.wallendorff.com\/belogue\/2020\/08\/31\/aout-2020\/","url_meta":{"origin":47204,"position":2},"title":"Ao\u00fbt 2020.","author":"dpc","date":"31 ao\u00fbt 2020","format":false,"excerpt":"Un ap\u00e9ro, des t\u00e9l\u00e9phones, un chat en vitrine, un pique-nique, un cin\u00e9 en plein air, une terrasse, un passage pi\u00e9ton, un ap\u00e9ro, un quai, un train, un puits, un barbecue, un chat pr\u00e9nomm\u00e9 Chemisier, un lampadaire, un chat pr\u00e9nomm\u00e9 Gretzky, un barbecue, un vide-grenier, un atelier, un train, un quai,\u2026","rel":"","context":"Dans &quot;Blog-note&quot;","block_context":{"text":"Blog-note","link":"https:\/\/www.wallendorff.com\/belogue\/category\/blog-note\/"},"img":{"alt_text":"","src":"https:\/\/i0.wp.com\/www.wallendorff.com\/belogue\/wp-content\/uploads\/2020\/10\/20201005-54.jpg?resize=350%2C200&ssl=1","width":350,"height":200,"srcset":"https:\/\/i0.wp.com\/www.wallendorff.com\/belogue\/wp-content\/uploads\/2020\/10\/20201005-54.jpg?resize=350%2C200&ssl=1 1x, https:\/\/i0.wp.com\/www.wallendorff.com\/belogue\/wp-content\/uploads\/2020\/10\/20201005-54.jpg?resize=525%2C300&ssl=1 1.5x, https:\/\/i0.wp.com\/www.wallendorff.com\/belogue\/wp-content\/uploads\/2020\/10\/20201005-54.jpg?resize=700%2C400&ssl=1 2x, https:\/\/i0.wp.com\/www.wallendorff.com\/belogue\/wp-content\/uploads\/2020\/10\/20201005-54.jpg?resize=1050%2C600&ssl=1 3x"},"classes":[]},{"id":35950,"url":"https:\/\/www.wallendorff.com\/belogue\/2017\/10\/09\/into-the-wide-112\/","url_meta":{"origin":47204,"position":3},"title":"Into the wide #112.","author":"dpc","date":"9 octobre 2017","format":false,"excerpt":"Cour carr\u00e9e du Louvre, Paris, 3 ao\u00fbt. Formidable Cool Wolf Alice","rel":"","context":"Dans &quot;Into the wide&quot;","block_context":{"text":"Into the wide","link":"https:\/\/www.wallendorff.com\/belogue\/category\/into-the-wide\/"},"img":{"alt_text":"","src":"https:\/\/i0.wp.com\/www.wallendorff.com\/belogue\/wp-content\/uploads\/2017\/10\/20171009.jpg?resize=350%2C200&ssl=1","width":350,"height":200,"srcset":"https:\/\/i0.wp.com\/www.wallendorff.com\/belogue\/wp-content\/uploads\/2017\/10\/20171009.jpg?resize=350%2C200&ssl=1 1x, https:\/\/i0.wp.com\/www.wallendorff.com\/belogue\/wp-content\/uploads\/2017\/10\/20171009.jpg?resize=525%2C300&ssl=1 1.5x, https:\/\/i0.wp.com\/www.wallendorff.com\/belogue\/wp-content\/uploads\/2017\/10\/20171009.jpg?resize=700%2C400&ssl=1 2x"},"classes":[]},{"id":13318,"url":"https:\/\/www.wallendorff.com\/belogue\/2011\/09\/28\/chapelle-chapelle\/","url_meta":{"origin":47204,"position":4},"title":"Chapelle chapelle.","author":"dpc","date":"28 septembre 2011","format":false,"excerpt":"Chapelle Notre-Dame de Tr\u00e9mor, Riec-sur-Belon, 8 ao\u00fbt. Et demain on arr\u00eate. Le Corps Mince de Fran\u00e7oise \u2013 Cool and Bored [youtube]http:\/\/www.youtube.com\/watch?v=9Xj4UJr0_Sk[\/youtube]","rel":"","context":"Dans &quot;DPC&quot;","block_context":{"text":"DPC","link":"https:\/\/www.wallendorff.com\/belogue\/category\/dpc\/"},"img":{"alt_text":"","src":"https:\/\/i0.wp.com\/www.wallendorff.com\/belogue\/wp-content\/uploads\/2015\/04\/201109281.jpg?resize=350%2C200&ssl=1","width":350,"height":200},"classes":[]},{"id":4262,"url":"https:\/\/www.wallendorff.com\/belogue\/2009\/06\/04\/leurre-du-cool-noeud-teus-pas\/","url_meta":{"origin":47204,"position":5},"title":"Leurr\u00e9 du cool n\u0153ud, t&rsquo;eus pas.","author":"dpc","date":"4 juin 2009","format":false,"excerpt":"St. Peter Street, Saint-Paul, 26 avril. \u00a0Arcade Fire \u2013 (Antichrist Television Blues) Cherchez surtout pas \u00e0 comprendre comment je suis venu \u00e0 cette conclusion ce matin, mais Smells Like Teen Spirit \u00e0 l'envers, \u00e7a envoie du bois\u00a0: _____ 1 Le lecteur de ce journal \u00e9lectronique accepte en cliquant sur le\u2026","rel":"","context":"Dans &quot;DPC&quot;","block_context":{"text":"DPC","link":"https:\/\/www.wallendorff.com\/belogue\/category\/dpc\/"},"img":{"alt_text":"","src":"https:\/\/i0.wp.com\/www.wallendorff.com\/belogue\/wp-content\/uploads\/2015\/04\/200906041.jpg?resize=350%2C200&ssl=1","width":350,"height":200},"classes":[]}],"_links":{"self":[{"href":"https:\/\/www.wallendorff.com\/belogue\/wp-json\/wp\/v2\/posts\/47204","targetHints":{"allow":["GET"]}}],"collection":[{"href":"https:\/\/www.wallendorff.com\/belogue\/wp-json\/wp\/v2\/posts"}],"about":[{"href":"https:\/\/www.wallendorff.com\/belogue\/wp-json\/wp\/v2\/types\/post"}],"author":[{"embeddable":true,"href":"https:\/\/www.wallendorff.com\/belogue\/wp-json\/wp\/v2\/users\/1"}],"replies":[{"embeddable":true,"href":"https:\/\/www.wallendorff.com\/belogue\/wp-json\/wp\/v2\/comments?post=47204"}],"version-history":[{"count":2,"href":"https:\/\/www.wallendorff.com\/belogue\/wp-json\/wp\/v2\/posts\/47204\/revisions"}],"predecessor-version":[{"id":47207,"href":"https:\/\/www.wallendorff.com\/belogue\/wp-json\/wp\/v2\/posts\/47204\/revisions\/47207"}],"wp:featuredmedia":[{"embeddable":true,"href":"https:\/\/www.wallendorff.com\/belogue\/wp-json\/wp\/v2\/media\/47206"}],"wp:attachment":[{"href":"https:\/\/www.wallendorff.com\/belogue\/wp-json\/wp\/v2\/media?parent=47204"}],"wp:term":[{"taxonomy":"category","embeddable":true,"href":"https:\/\/www.wallendorff.com\/belogue\/wp-json\/wp\/v2\/categories?post=47204"},{"taxonomy":"post_tag","embeddable":true,"href":"https:\/\/www.wallendorff.com\/belogue\/wp-json\/wp\/v2\/tags?post=47204"}],"curies":[{"name":"wp","href":"https:\/\/api.w.org\/{rel}","templated":true}]}}