{"id":4708,"date":"2009-09-16T10:30:30","date_gmt":"2009-09-16T08:30:30","guid":{"rendered":"http:\/\/www.po-l.com\/belogue\/?p=4708"},"modified":"2012-06-23T12:36:13","modified_gmt":"2012-06-23T10:36:13","slug":"4708","status":"publish","type":"post","link":"https:\/\/www.wallendorff.com\/belogue\/2009\/09\/16\/4708\/","title":{"rendered":"Crise cross."},"content":{"rendered":"<div id=\"photo\">\n<p><img decoding=\"async\" src=\"https:\/\/www.wallendorff.com\/belogue\/photo\/2009\/09\/20090916.jpg\" \/><br \/>\nChurch Street, New York, 9 mai.<\/p>\n<\/div>\n<p><a title=\"Ann Arbor, 26 septembre 2001\" href=\"https:\/\/www.wallendorff.com\/belogue\/photo\/2009\/09\/20090916-01.jpg\" rel=\"lightbox[2009091601]\"><img decoding=\"async\" src=\"https:\/\/www.wallendorff.com\/belogue\/photo\/2009\/09\/20090916-01t.jpg\" align=\"left\" \/><\/a>Il ne me reste pas grand-chose du 11 Septembre. Quelques souvenirs, trois ou quatre photos et un peu de musique. La sensation d&rsquo;y avoir &eacute;t&eacute; sans y &ecirc;tre. La nouvelle que je re&ccedil;ois d&rsquo;un pote bas&eacute; en Su&egrave;de alors que je viens d&rsquo;arriver au bureau et que j&rsquo;habite &agrave; D&eacute;troit depuis dix jours &agrave; peine. La famille affol&eacute;e au t&eacute;l&eacute;phone. La journ&eacute;e de boulot pass&eacute;e &agrave; la trappe et, le soir, alors que je tra&icirc;ne dans un Radioshack d&rsquo;Ann Arbor &agrave; la recherche de matos, les images &agrave; la t&eacute;l&eacute; de l&rsquo;attaque am&eacute;ricaine sur Kaboul, admir&eacute;e par tout un magasin assoiff&eacute; de vengeance alors qu&rsquo;on ne sait m&ecirc;me pas qui est responsable des attentats de New York.<\/p>\n<p><a title=\"Ann Arbor, 3 octobre 2001\" href=\"https:\/\/www.wallendorff.com\/belogue\/photo\/2009\/09\/20090916-02.jpg\" rel=\"lightbox[2009091602]\"><img decoding=\"async\" src=\"https:\/\/www.wallendorff.com\/belogue\/photo\/2009\/09\/20090916-02t.jpg\" align=\"right\" \/><\/a>Des jours  suivent dans un flottement  cotonneux. Les rayons patriotiques fleurissent dans les magasins et r&eacute;pandent une nouvelle h&eacute;morragie de drapeaux sur un pays qui en arbore pourtant d&eacute;j&agrave; trop. Les bagnoles, les cravates, les rubans&#8230; les slogans <em>United we stand<\/em> sont partout et VH1, dans mes souvenirs, tourne en boucle sur trois titres&nbsp;:<\/p>\n<div id=\"bandeson\">\n<p><img decoding=\"async\" src=\"https:\/\/www.wallendorff.com\/belogue\/photo\/pochettes\/l\/live-v.jpg\" align=\"left\" \/>&nbsp;<a href=\"http:\/\/www.friendsoflive.com\/\">Live<\/a> &ndash; <em>Overcome<\/em><\/p>\n<\/div>\n<div id=\"bandeson\">\n<p><img decoding=\"async\" src=\"https:\/\/www.wallendorff.com\/belogue\/photo\/pochettes\/blank.jpg\" align=\"left\" \/>&nbsp;<a href=\"http:\/\/www.sting.com\/\">Sting<\/a> &ndash; <em>Fragile<\/em> (WTC tribute)<\/p>\n<\/div>\n<div id=\"bandeson\">\n<p><img decoding=\"async\" src=\"https:\/\/www.wallendorff.com\/belogue\/photo\/pochettes\/blank.jpg\" align=\"left\" \/>&nbsp;<a href=\"http:\/\/www.u2.com\/\">U2<\/a> &ndash; <em>Walk on<\/em> (WTC tribute)<\/p>\n<\/div>\n<p style=\"text-align:right\">Jusqu&rsquo;&agrave; l&rsquo;&eacute;c&oelig;urement.<\/p>\n<p><a title=\"Chicago, 15 d\u00e9cembre 2001\" href=\"https:\/\/www.wallendorff.com\/belogue\/photo\/2009\/09\/20090916-03.jpg\" rel=\"lightbox[2009091603]\"><img decoding=\"async\" src=\"https:\/\/www.wallendorff.com\/belogue\/photo\/2009\/09\/20090916-03t.jpg\" align=\"left\" \/><\/a>Ce qui m&rsquo;&eacute;tonne le plus dans l&rsquo;apr&egrave;s 11 Septembre, ce n&rsquo;est pas ce mec avec qui je cause bourr&eacute; le samedi soir suivant, assis sur un trottoir de Liberty street, qui m&rsquo;annonce &eacute;tonn&eacute; &laquo;&nbsp;qu&rsquo;il para&icirc;t que les Palestiniens et les Isra&euml;liens aussi sont en conflit,&nbsp;&raquo; mais plut&ocirc;t la fervente union sacr&eacute;e qui unit subitement tout le pays. Pour un &eacute;tranger qui n&rsquo;a vu &ccedil;a chez lui qu&rsquo;une fois (et encore&nbsp;: au bout d&rsquo;une nuit &agrave; chanter du Gloria Gaynor et du <em>un et deux et trois z&eacute;ro<\/em> en buvant des bi&egrave;res, c&rsquo;&eacute;tait termin&eacute;), &ccedil;a fait un choc. L&rsquo;on verra tour &agrave; tour poindre la peur de l&rsquo;anthrax, puis <a href=\"https:\/\/www.wallendorff.com\/belogue\/2004\/12\/04\/en-voila-des-bannieres\/\">les fameuses couches-culottes patriotiques<\/a> et en janvier 2002, enfin, Chuck the Freak ne sera pas peu fier d&rsquo;annoncer dans les nouvelles du matin sur 89X que &laquo;&nbsp;le Michigan est le premier &eacute;tat am&eacute;ricain &agrave; proposer des plaques d&rsquo;immatriculation patriotiques pour voiture.&nbsp;&raquo; Si c&rsquo;est pas la frime, &ccedil;a&#8230; <em>United we stand<\/em> in the same traffic jam, maintenant.<\/p>\n<p>Bref, tout &ccedil;a manque de photos de Ground Zero. On se rattrapera, va.<\/p>\n<p class=\"petit\">[Cette notasse n&rsquo;a  que peu d&rsquo;utilit&eacute;, si ce n&rsquo;est que de me rappeler quand je serai vieux que j&rsquo;ai trop v&eacute;cu des trucs de fou dans ma folle vie, <a href=\"http:\/\/www.bouletcorp.com\/blog\/index.php?date=20090915\">comme Boulet en somme<\/a>, mais en vachement moins bien. Promis, on retourne &agrave; l&rsquo;anormal d&egrave;s demain.]<\/p>\n","protected":false},"excerpt":{"rendered":"<p>Church Street, New York, 9 mai. Il ne me reste pas grand-chose du 11 Septembre. Quelques souvenirs, trois ou quatre photos et un peu de musique. La sensation d&rsquo;y avoir &eacute;t&eacute; sans y &ecirc;tre. La nouvelle que je re&ccedil;ois d&rsquo;un pote bas&eacute; en Su&egrave;de alors que je viens d&rsquo;arriver au bureau et que j&rsquo;habite &agrave;&hellip;<\/p>\n","protected":false},"author":1,"featured_media":25534,"comment_status":"open","ping_status":"open","sticky":false,"template":"","format":"standard","meta":{"_acf_changed":false,"ngg_post_thumbnail":0,"jetpack_post_was_ever_published":false,"_jetpack_newsletter_access":"","_jetpack_dont_email_post_to_subs":false,"_jetpack_newsletter_tier_id":0,"_jetpack_memberships_contains_paywalled_content":false,"_jetpack_memberships_contains_paid_content":false,"footnotes":"","jetpack_publicize_message":"","jetpack_publicize_feature_enabled":true,"jetpack_social_post_already_shared":false,"jetpack_social_options":{"image_generator_settings":{"template":"highway","default_image_id":0,"font":"","enabled":false},"version":2}},"categories":[3],"tags":[737,2571,2615,3072,10344,3066,55,315,594,10501,3063,592,3074,312,309,3073],"class_list":["post-4708","post","type-post","status-publish","format-standard","has-post-thumbnail","hentry","category-dpc","tag-bleu","tag-ef-16-35-mm-f28l-ii-usm","tag-eos-5d-mark-ii","tag-church-street","tag-croix","tag-etat-de-new-york","tag-etats-unis","tag-fragile","tag-ground-zero","tag-live","tag-manhattan","tag-new-york","tag-overcome","tag-sting","tag-u2","tag-walk-on"],"acf":[],"geo":{"latitude":40.7123833,"longitude":-74.0097351,"description":null},"jetpack_publicize_connections":[],"jetpack_featured_media_url":"https:\/\/www.wallendorff.com\/belogue\/wp-content\/uploads\/2015\/04\/200909161.jpg","jetpack_shortlink":"https:\/\/wp.me\/s3b35P-4708","jetpack_sharing_enabled":true,"jetpack-related-posts":[{"id":4795,"url":"https:\/\/www.wallendorff.com\/belogue\/2009\/10\/07\/taxi-dermite\/","url_meta":{"origin":4708,"position":0},"title":"Taxi [d&rsquo;ermite].","author":"dpc","date":"7 octobre 2009","format":false,"excerpt":"59e rue, New York, 10 mai. \u00a0The Dresden Dolls \u2013 Necessary Evil [Ce titre est nase.] Cette photo me perturbe parce que, comme la rue est bomb\u00e9e, le taxi n'est pas perpendiculaire au fond\u00a0; du coup il faut choisir entre un taxi de traviolle et un immeuble du fond de\u2026","rel":"","context":"Dans &quot;DPC&quot;","block_context":{"text":"DPC","link":"https:\/\/www.wallendorff.com\/belogue\/category\/dpc\/"},"img":{"alt_text":"","src":"https:\/\/i0.wp.com\/www.wallendorff.com\/belogue\/wp-content\/uploads\/2015\/04\/200910071.jpg?resize=350%2C200&ssl=1","width":350,"height":200},"classes":[]},{"id":4939,"url":"https:\/\/www.wallendorff.com\/belogue\/2009\/10\/29\/the-dead-weather-creature-with-the-atom-brain-lolympia-paris\/","url_meta":{"origin":4708,"position":1},"title":"The Dead Weather + Creature with the Atom Brain @ l&rsquo;Olympia, Paris.","author":"dpc","date":"29 octobre 2009","format":false,"excerpt":"Le constat sera le m\u00eame que la derni\u00e8re fois. \u00c0 part que l'Olympia fut encore plus mal \u00e9clair\u00e9 que la Cigale, comme quoi tout est possible dans la vie, et qu'il y avait moins de groupies fanatiques de Mosshart dans la fosse. Ou alors c'est que je ne les ai\u2026","rel":"","context":"Dans &quot;Alive&quot;","block_context":{"text":"Alive","link":"https:\/\/www.wallendorff.com\/belogue\/category\/alive\/"},"img":{"alt_text":"","src":"https:\/\/i0.wp.com\/www.wallendorff.com\/belogue\/wp-content\/uploads\/2015\/04\/200910291.jpg?resize=350%2C200&ssl=1","width":350,"height":200,"srcset":"https:\/\/i0.wp.com\/www.wallendorff.com\/belogue\/wp-content\/uploads\/2015\/04\/200910291.jpg?resize=350%2C200&ssl=1 1x, https:\/\/i0.wp.com\/www.wallendorff.com\/belogue\/wp-content\/uploads\/2015\/04\/200910291.jpg?resize=525%2C300&ssl=1 1.5x, https:\/\/i0.wp.com\/www.wallendorff.com\/belogue\/wp-content\/uploads\/2015\/04\/200910291.jpg?resize=700%2C400&ssl=1 2x"},"classes":[]},{"id":36185,"url":"https:\/\/www.wallendorff.com\/belogue\/2017\/10\/27\/clasico\/","url_meta":{"origin":4708,"position":2},"title":"Cl\u00e1sico.","author":"dpc","date":"27 octobre 2017","format":false,"excerpt":"\u00a0 Washington Street, Brooklyn, 4 septembre. Je voulais passer par cette rue d\u00e9j\u00e0 photographi\u00e9e 1\u00a0000 fois [dont 50 ces 5 derni\u00e8res minutes] pour trouver une 1\u00a0001e fa\u00e7on de le faire. Je voulais r\u00e9fl\u00e9chir un peu, changer l'angle, trouver une id\u00e9e diff\u00e9rente et prendre le cadre \u00e0 contre-pied. Au lieu de\u2026","rel":"","context":"Dans &quot;DPC&quot;","block_context":{"text":"DPC","link":"https:\/\/www.wallendorff.com\/belogue\/category\/dpc\/"},"img":{"alt_text":"","src":"https:\/\/i0.wp.com\/www.wallendorff.com\/belogue\/wp-content\/uploads\/2017\/10\/20171027.jpg?resize=350%2C200&ssl=1","width":350,"height":200,"srcset":"https:\/\/i0.wp.com\/www.wallendorff.com\/belogue\/wp-content\/uploads\/2017\/10\/20171027.jpg?resize=350%2C200&ssl=1 1x, https:\/\/i0.wp.com\/www.wallendorff.com\/belogue\/wp-content\/uploads\/2017\/10\/20171027.jpg?resize=525%2C300&ssl=1 1.5x"},"classes":[]},{"id":7460,"url":"https:\/\/www.wallendorff.com\/belogue\/2010\/04\/28\/huit\/","url_meta":{"origin":4708,"position":3},"title":"Huit.","author":"dpc","date":"28 avril 2010","format":false,"excerpt":"Passage Pauline Amblard, Dieppe, 21 mars. Si on me donnait huit secondes pour faire de la r\u00e9clame pour Microsoft, je dirais que Gougle et \u2015\u00a0plus curieusement\u00a0\u2015 l'IGN savent tous deux o\u00f9 est le passage Pauline Amblard mais se gardent bien de l'\u00e9crire sur leurs plans pour pas que les gens\u2026","rel":"","context":"Dans &quot;DPC&quot;","block_context":{"text":"DPC","link":"https:\/\/www.wallendorff.com\/belogue\/category\/dpc\/"},"img":{"alt_text":"","src":"https:\/\/i0.wp.com\/www.wallendorff.com\/belogue\/wp-content\/uploads\/2015\/04\/201004281.jpg?resize=350%2C200&ssl=1","width":350,"height":200},"classes":[]},{"id":4697,"url":"https:\/\/www.wallendorff.com\/belogue\/2009\/09\/14\/and-thy-will-be-dawn\/","url_meta":{"origin":4708,"position":4},"title":"And Thy will be dawn.","author":"dpc","date":"14 septembre 2009","format":false,"excerpt":"Rivington St., New York, 8 mai. \u00a0Guillemots \u2013 Made-Up Lovesong #43 Et si je montais un groupe de reprises de metal au cor de chasse, je l'appellerais K'ho\u042fn.","rel":"","context":"Dans &quot;DPC&quot;","block_context":{"text":"DPC","link":"https:\/\/www.wallendorff.com\/belogue\/category\/dpc\/"},"img":{"alt_text":"","src":"https:\/\/i0.wp.com\/www.wallendorff.com\/belogue\/wp-content\/uploads\/2015\/04\/200909141.jpg?resize=350%2C200&ssl=1","width":350,"height":200},"classes":[]},{"id":4790,"url":"https:\/\/www.wallendorff.com\/belogue\/2009\/10\/06\/ground-zero\/","url_meta":{"origin":4708,"position":5},"title":"Ground Zero.","author":"dpc","date":"6 octobre 2009","format":false,"excerpt":"Ground Zero, New York, 9 mai 2009. \u00c7a fait un mois que ces trois jours d'obsession photographique pour la vue de la fen\u00eatre de l'h\u00f4tel sont pr\u00eats \u00e0 poster et que je les laisse dans les cartons parce que je ne trouve pas de bande-son ad\u00e9quate. J'ai pens\u00e9 \u00e0 plein\u2026","rel":"","context":"Dans &quot;DPC&quot;","block_context":{"text":"DPC","link":"https:\/\/www.wallendorff.com\/belogue\/category\/dpc\/"},"img":{"alt_text":"","src":"https:\/\/i0.wp.com\/www.wallendorff.com\/belogue\/wp-content\/uploads\/2015\/04\/20091006-072.jpg?resize=350%2C200&ssl=1","width":350,"height":200,"srcset":"https:\/\/i0.wp.com\/www.wallendorff.com\/belogue\/wp-content\/uploads\/2015\/04\/20091006-072.jpg?resize=350%2C200&ssl=1 1x, https:\/\/i0.wp.com\/www.wallendorff.com\/belogue\/wp-content\/uploads\/2015\/04\/20091006-072.jpg?resize=525%2C300&ssl=1 1.5x, https:\/\/i0.wp.com\/www.wallendorff.com\/belogue\/wp-content\/uploads\/2015\/04\/20091006-072.jpg?resize=700%2C400&ssl=1 2x"},"classes":[]}],"_links":{"self":[{"href":"https:\/\/www.wallendorff.com\/belogue\/wp-json\/wp\/v2\/posts\/4708","targetHints":{"allow":["GET"]}}],"collection":[{"href":"https:\/\/www.wallendorff.com\/belogue\/wp-json\/wp\/v2\/posts"}],"about":[{"href":"https:\/\/www.wallendorff.com\/belogue\/wp-json\/wp\/v2\/types\/post"}],"author":[{"embeddable":true,"href":"https:\/\/www.wallendorff.com\/belogue\/wp-json\/wp\/v2\/users\/1"}],"replies":[{"embeddable":true,"href":"https:\/\/www.wallendorff.com\/belogue\/wp-json\/wp\/v2\/comments?post=4708"}],"version-history":[{"count":2,"href":"https:\/\/www.wallendorff.com\/belogue\/wp-json\/wp\/v2\/posts\/4708\/revisions"}],"predecessor-version":[{"id":4720,"href":"https:\/\/www.wallendorff.com\/belogue\/wp-json\/wp\/v2\/posts\/4708\/revisions\/4720"}],"wp:featuredmedia":[{"embeddable":true,"href":"https:\/\/www.wallendorff.com\/belogue\/wp-json\/wp\/v2\/media\/25534"}],"wp:attachment":[{"href":"https:\/\/www.wallendorff.com\/belogue\/wp-json\/wp\/v2\/media?parent=4708"}],"wp:term":[{"taxonomy":"category","embeddable":true,"href":"https:\/\/www.wallendorff.com\/belogue\/wp-json\/wp\/v2\/categories?post=4708"},{"taxonomy":"post_tag","embeddable":true,"href":"https:\/\/www.wallendorff.com\/belogue\/wp-json\/wp\/v2\/tags?post=4708"}],"curies":[{"name":"wp","href":"https:\/\/api.w.org\/{rel}","templated":true}]}}