{"id":46915,"date":"2020-10-21T16:37:17","date_gmt":"2020-10-21T14:37:17","guid":{"rendered":"http:\/\/www.wallendorff.com\/belogue\/?p=46915"},"modified":"2020-12-29T19:42:04","modified_gmt":"2020-12-29T17:42:04","slug":"defile-en-aiguilles","status":"publish","type":"post","link":"https:\/\/www.wallendorff.com\/belogue\/2020\/10\/21\/defile-en-aiguilles\/","title":{"rendered":"D\u00e9file [en aiguilles]."},"content":{"rendered":"<div id=\"photo\">\n<p><img decoding=\"async\" src=\"https:\/\/www.wallendorff.com\/belogue\/wp-content\/uploads\/2020\/10\/20201021.jpg\"><br \/>\nPlace de la Concorde, Paris, 19 ao\u00fbt 2020.<\/p>\n<\/div>\n<div id=\"bandeson\">\n<p><img decoding=\"async\" src=\"https:\/\/www.wallendorff.com\/belogue\/photo\/pochettes\/l\/lumineers_the-iii.jpg\" align=\"left\"><a id=\"lienmp3\" style=\"font-weight: normal;\" href=\"https:\/\/www.youtube.com\/watch?v=cSy0uUReY6E\"><em>Old Lady<\/em><\/a><br \/>\n<a href=\"https:\/\/thelumineers.com\/\">The Lumineers<\/a><\/p>\n<\/div>\n","protected":false},"excerpt":{"rendered":"<p>Place de la Concorde, Paris, 19 ao\u00fbt 2020. Old Lady The Lumineers<\/p>\n","protected":false},"author":1,"featured_media":46916,"comment_status":"open","ping_status":"open","sticky":false,"template":"","format":"standard","meta":{"_acf_changed":false,"ngg_post_thumbnail":0,"jetpack_post_was_ever_published":false,"_jetpack_newsletter_access":"","_jetpack_dont_email_post_to_subs":false,"_jetpack_newsletter_tier_id":0,"_jetpack_memberships_contains_paywalled_content":false,"_jetpack_memberships_contains_paid_content":false,"footnotes":"","jetpack_publicize_message":"","jetpack_publicize_feature_enabled":true,"jetpack_social_post_already_shared":true,"jetpack_social_options":{"image_generator_settings":{"template":"highway","default_image_id":0,"font":"","enabled":false},"version":2}},"categories":[3],"tags":[10237,10326,10120,10121,1477,16272,16575,10098,10366,10592,13153],"class_list":["post-46915","post","type-post","status-publish","format-standard","has-post-thumbnail","hentry","category-dpc","tag-10237","tag-crepuscule","tag-france","tag-ile-de-france","tag-obelisque","tag-obelisque-de-la-concorde","tag-old-lady","tag-paris","tag-place-de-la-concorde","tag-pose-longue","tag-the-lumineers"],"acf":[],"geo":{"latitude":48.8659325,"longitude":2.3214786,"description":"Paris 07 Palais-Bourbon, \u00cele-de-France, 75353 SP 07, FR"},"jetpack_publicize_connections":[],"jetpack_featured_media_url":"https:\/\/www.wallendorff.com\/belogue\/wp-content\/uploads\/2020\/10\/20201021.jpg","jetpack_shortlink":"https:\/\/wp.me\/p3b35P-ccH","jetpack_sharing_enabled":true,"jetpack-related-posts":[{"id":135715,"url":"https:\/\/www.wallendorff.com\/belogue\/2026\/04\/02\/obelisque-et-compagnie\/","url_meta":{"origin":46915,"position":0},"title":"Ob\u00e9lisque et compagnie.","author":"dpc","date":"2 avril 2026","format":false,"excerpt":"Place de la Concorde, Paris, 26 janvier 2026.","rel":"","context":"Dans &quot;DPC&quot;","block_context":{"text":"DPC","link":"https:\/\/www.wallendorff.com\/belogue\/category\/dpc\/"},"img":{"alt_text":"","src":"https:\/\/i0.wp.com\/www.wallendorff.com\/belogue\/wp-content\/uploads\/2026\/04\/20260402.jpg?resize=350%2C200&ssl=1","width":350,"height":200,"srcset":"https:\/\/i0.wp.com\/www.wallendorff.com\/belogue\/wp-content\/uploads\/2026\/04\/20260402.jpg?resize=350%2C200&ssl=1 1x, https:\/\/i0.wp.com\/www.wallendorff.com\/belogue\/wp-content\/uploads\/2026\/04\/20260402.jpg?resize=525%2C300&ssl=1 1.5x, https:\/\/i0.wp.com\/www.wallendorff.com\/belogue\/wp-content\/uploads\/2026\/04\/20260402.jpg?resize=700%2C400&ssl=1 2x"},"classes":[]},{"id":45508,"url":"https:\/\/www.wallendorff.com\/belogue\/2020\/04\/16\/de-mendes-a-lorient\/","url_meta":{"origin":46915,"position":1},"title":"De Mende \u00e0 Lorient.","author":"dpc","date":"16 avril 2020","format":false,"excerpt":"Place de la Concorde, Paris, 3 f\u00e9vrier 2020. Riding Solo Hinds","rel":"","context":"Dans &quot;DPC&quot;","block_context":{"text":"DPC","link":"https:\/\/www.wallendorff.com\/belogue\/category\/dpc\/"},"img":{"alt_text":"","src":"https:\/\/i0.wp.com\/www.wallendorff.com\/belogue\/wp-content\/uploads\/2020\/04\/20200416.jpg?resize=350%2C200&ssl=1","width":350,"height":200,"srcset":"https:\/\/i0.wp.com\/www.wallendorff.com\/belogue\/wp-content\/uploads\/2020\/04\/20200416.jpg?resize=350%2C200&ssl=1 1x, https:\/\/i0.wp.com\/www.wallendorff.com\/belogue\/wp-content\/uploads\/2020\/04\/20200416.jpg?resize=525%2C300&ssl=1 1.5x, https:\/\/i0.wp.com\/www.wallendorff.com\/belogue\/wp-content\/uploads\/2020\/04\/20200416.jpg?resize=700%2C400&ssl=1 2x"},"classes":[]},{"id":48126,"url":"https:\/\/www.wallendorff.com\/belogue\/2021\/03\/31\/aiguille-dhumidie\/","url_meta":{"origin":46915,"position":2},"title":"Aiguille d&rsquo;humidie.","author":"dpc","date":"31 mars 2021","format":false,"excerpt":"Place de la Concorde, Paris, 22 d\u00e9cembre 2020. Angel Come Secret Machines","rel":"","context":"Dans &quot;DPC&quot;","block_context":{"text":"DPC","link":"https:\/\/www.wallendorff.com\/belogue\/category\/dpc\/"},"img":{"alt_text":"","src":"https:\/\/i0.wp.com\/www.wallendorff.com\/belogue\/wp-content\/uploads\/2021\/03\/20210331.jpg?resize=350%2C200&ssl=1","width":350,"height":200,"srcset":"https:\/\/i0.wp.com\/www.wallendorff.com\/belogue\/wp-content\/uploads\/2021\/03\/20210331.jpg?resize=350%2C200&ssl=1 1x, https:\/\/i0.wp.com\/www.wallendorff.com\/belogue\/wp-content\/uploads\/2021\/03\/20210331.jpg?resize=525%2C300&ssl=1 1.5x, https:\/\/i0.wp.com\/www.wallendorff.com\/belogue\/wp-content\/uploads\/2021\/03\/20210331.jpg?resize=700%2C400&ssl=1 2x, https:\/\/i0.wp.com\/www.wallendorff.com\/belogue\/wp-content\/uploads\/2021\/03\/20210331.jpg?resize=1050%2C600&ssl=1 3x"},"classes":[]},{"id":48483,"url":"https:\/\/www.wallendorff.com\/belogue\/2021\/05\/31\/seuls-a-seuil\/","url_meta":{"origin":46915,"position":3},"title":"Seuls \u00e0 seuil.","author":"dpc","date":"31 mai 2021","format":false,"excerpt":"Place de la Concorde, Paris, 25 mars 2021. I Love You But Damn Smokey Brights","rel":"","context":"Dans &quot;DPC&quot;","block_context":{"text":"DPC","link":"https:\/\/www.wallendorff.com\/belogue\/category\/dpc\/"},"img":{"alt_text":"","src":"https:\/\/i0.wp.com\/www.wallendorff.com\/belogue\/wp-content\/uploads\/2021\/05\/20210531.jpg?resize=350%2C200&ssl=1","width":350,"height":200,"srcset":"https:\/\/i0.wp.com\/www.wallendorff.com\/belogue\/wp-content\/uploads\/2021\/05\/20210531.jpg?resize=350%2C200&ssl=1 1x, https:\/\/i0.wp.com\/www.wallendorff.com\/belogue\/wp-content\/uploads\/2021\/05\/20210531.jpg?resize=525%2C300&ssl=1 1.5x, https:\/\/i0.wp.com\/www.wallendorff.com\/belogue\/wp-content\/uploads\/2021\/05\/20210531.jpg?resize=700%2C400&ssl=1 2x, https:\/\/i0.wp.com\/www.wallendorff.com\/belogue\/wp-content\/uploads\/2021\/05\/20210531.jpg?resize=1050%2C600&ssl=1 3x"},"classes":[]},{"id":49075,"url":"https:\/\/www.wallendorff.com\/belogue\/2021\/07\/28\/la-barre-un-peu-eau\/","url_meta":{"origin":46915,"position":4},"title":"La barre, un peu eau.","author":"dpc","date":"28 juillet 2021","format":false,"excerpt":"Place de la Concorde, Paris, 2 mai 2021. The Steps Haim","rel":"","context":"Dans &quot;DPC&quot;","block_context":{"text":"DPC","link":"https:\/\/www.wallendorff.com\/belogue\/category\/dpc\/"},"img":{"alt_text":"","src":"https:\/\/i0.wp.com\/www.wallendorff.com\/belogue\/wp-content\/uploads\/2021\/07\/20210728.jpg?resize=350%2C200&ssl=1","width":350,"height":200,"srcset":"https:\/\/i0.wp.com\/www.wallendorff.com\/belogue\/wp-content\/uploads\/2021\/07\/20210728.jpg?resize=350%2C200&ssl=1 1x, https:\/\/i0.wp.com\/www.wallendorff.com\/belogue\/wp-content\/uploads\/2021\/07\/20210728.jpg?resize=525%2C300&ssl=1 1.5x, https:\/\/i0.wp.com\/www.wallendorff.com\/belogue\/wp-content\/uploads\/2021\/07\/20210728.jpg?resize=700%2C400&ssl=1 2x, https:\/\/i0.wp.com\/www.wallendorff.com\/belogue\/wp-content\/uploads\/2021\/07\/20210728.jpg?resize=1050%2C600&ssl=1 3x"},"classes":[]},{"id":48300,"url":"https:\/\/www.wallendorff.com\/belogue\/2021\/05\/03\/aiguille-dhumide-nuit\/","url_meta":{"origin":46915,"position":5},"title":"Aiguille d&rsquo;humide nuit.","author":"dpc","date":"3 mai 2021","format":false,"excerpt":"Place de la Concorde, Paris, 29 janvier 2021. Oui ce jeu de mot a l'air nul pris tout seul comme \u00e7a mais il fait directement r\u00e9f\u00e9rence \u00e0 celui du mois dernier voyez-vous. Zip Tie Julien Baker","rel":"","context":"Dans &quot;DPC&quot;","block_context":{"text":"DPC","link":"https:\/\/www.wallendorff.com\/belogue\/category\/dpc\/"},"img":{"alt_text":"","src":"https:\/\/i0.wp.com\/www.wallendorff.com\/belogue\/wp-content\/uploads\/2021\/05\/20210503.jpg?resize=350%2C200&ssl=1","width":350,"height":200,"srcset":"https:\/\/i0.wp.com\/www.wallendorff.com\/belogue\/wp-content\/uploads\/2021\/05\/20210503.jpg?resize=350%2C200&ssl=1 1x, https:\/\/i0.wp.com\/www.wallendorff.com\/belogue\/wp-content\/uploads\/2021\/05\/20210503.jpg?resize=525%2C300&ssl=1 1.5x, https:\/\/i0.wp.com\/www.wallendorff.com\/belogue\/wp-content\/uploads\/2021\/05\/20210503.jpg?resize=700%2C400&ssl=1 2x, https:\/\/i0.wp.com\/www.wallendorff.com\/belogue\/wp-content\/uploads\/2021\/05\/20210503.jpg?resize=1050%2C600&ssl=1 3x"},"classes":[]}],"_links":{"self":[{"href":"https:\/\/www.wallendorff.com\/belogue\/wp-json\/wp\/v2\/posts\/46915","targetHints":{"allow":["GET"]}}],"collection":[{"href":"https:\/\/www.wallendorff.com\/belogue\/wp-json\/wp\/v2\/posts"}],"about":[{"href":"https:\/\/www.wallendorff.com\/belogue\/wp-json\/wp\/v2\/types\/post"}],"author":[{"embeddable":true,"href":"https:\/\/www.wallendorff.com\/belogue\/wp-json\/wp\/v2\/users\/1"}],"replies":[{"embeddable":true,"href":"https:\/\/www.wallendorff.com\/belogue\/wp-json\/wp\/v2\/comments?post=46915"}],"version-history":[{"count":3,"href":"https:\/\/www.wallendorff.com\/belogue\/wp-json\/wp\/v2\/posts\/46915\/revisions"}],"predecessor-version":[{"id":46919,"href":"https:\/\/www.wallendorff.com\/belogue\/wp-json\/wp\/v2\/posts\/46915\/revisions\/46919"}],"wp:featuredmedia":[{"embeddable":true,"href":"https:\/\/www.wallendorff.com\/belogue\/wp-json\/wp\/v2\/media\/46916"}],"wp:attachment":[{"href":"https:\/\/www.wallendorff.com\/belogue\/wp-json\/wp\/v2\/media?parent=46915"}],"wp:term":[{"taxonomy":"category","embeddable":true,"href":"https:\/\/www.wallendorff.com\/belogue\/wp-json\/wp\/v2\/categories?post=46915"},{"taxonomy":"post_tag","embeddable":true,"href":"https:\/\/www.wallendorff.com\/belogue\/wp-json\/wp\/v2\/tags?post=46915"}],"curies":[{"name":"wp","href":"https:\/\/api.w.org\/{rel}","templated":true}]}}