{"id":46912,"date":"2020-10-20T12:54:09","date_gmt":"2020-10-20T10:54:09","guid":{"rendered":"http:\/\/www.wallendorff.com\/belogue\/?p=46912"},"modified":"2020-12-29T19:43:11","modified_gmt":"2020-12-29T17:43:11","slug":"mare-digueras","status":"publish","type":"post","link":"https:\/\/www.wallendorff.com\/belogue\/2020\/10\/20\/mare-digueras\/","title":{"rendered":"Mare digueras."},"content":{"rendered":"<div id=\"photo\">\n<p><img decoding=\"async\" src=\"https:\/\/www.wallendorff.com\/belogue\/wp-content\/uploads\/2020\/10\/20201020.jpg\"><br \/>\nPlace de la Concorde, Paris, 19 ao\u00fbt 2020.<\/p>\n<\/div>\n<p style=\"text-align:right\">Rh\u00e2 fl\u00fbte j&rsquo;ai d\u00e9j\u00e0 fait le m\u00eame jeu de mots <a href=\"https:\/\/www.wallendorff.com\/belogue\/2009\/10\/13\/mares-diguera\/\">il y a onze ans<\/a>.<\/p>\n<div id=\"bandeson\">\n<p><img decoding=\"async\" src=\"https:\/\/www.wallendorff.com\/belogue\/photo\/pochettes\/x\/xx_the-the_xx.jpg\" align=\"left\"><a id=\"lienmp3\" style=\"font-weight: normal;\" href=\"https:\/\/www.youtube.com\/watch?v=dYMrzXus3n4\"><em>Shelter<\/em><\/a><br \/>\n<a href=\"https:\/\/www.thexx.info\/\">The xx<\/a><\/p>\n<\/div>\n","protected":false},"excerpt":{"rendered":"<p>Place de la Concorde, Paris, 19 ao\u00fbt 2020. Rh\u00e2 fl\u00fbte j&rsquo;ai d\u00e9j\u00e0 fait le m\u00eame jeu de mots il y a onze ans. Shelter The xx<\/p>\n","protected":false},"author":1,"featured_media":46911,"comment_status":"open","ping_status":"open","sticky":false,"template":"","format":"standard","meta":{"_acf_changed":false,"ngg_post_thumbnail":0,"jetpack_post_was_ever_published":false,"_jetpack_newsletter_access":"","_jetpack_dont_email_post_to_subs":false,"_jetpack_newsletter_tier_id":0,"_jetpack_memberships_contains_paywalled_content":false,"_jetpack_memberships_contains_paid_content":false,"footnotes":"","jetpack_publicize_message":"Mare digueras.","jetpack_publicize_feature_enabled":true,"jetpack_social_post_already_shared":true,"jetpack_social_options":{"image_generator_settings":{"template":"highway","default_image_id":0,"font":"","enabled":false},"version":2}},"categories":[3],"tags":[10237,10326,10515,11695,10120,15878,10121,16403,10098,10366,10262,917,10615],"class_list":["post-46912","post","type-post","status-publish","format-standard","has-post-thumbnail","hentry","category-dpc","tag-10237","tag-crepuscule","tag-fontaine","tag-fontaine-des-mers","tag-france","tag-fujifilm-x-t3","tag-ile-de-france","tag-laowa-9-mm-f-2-8-zero-d","tag-paris","tag-place-de-la-concorde","tag-reflet","tag-shelter","tag-the-xx"],"acf":[],"geo":{"latitude":48.8648643,"longitude":2.3206632,"description":"Paris 07 Palais-Bourbon, \u00cele-de-France, 75353 SP 07, FR"},"jetpack_publicize_connections":[],"jetpack_featured_media_url":"https:\/\/www.wallendorff.com\/belogue\/wp-content\/uploads\/2020\/10\/20201020.jpg","jetpack_shortlink":"https:\/\/wp.me\/p3b35P-ccE","jetpack_sharing_enabled":true,"jetpack-related-posts":[{"id":21993,"url":"https:\/\/www.wallendorff.com\/belogue\/2013\/11\/13\/concorde-i\/","url_meta":{"origin":46912,"position":0},"title":"Concorde [I].","author":"dpc","date":"13 novembre 2013","format":false,"excerpt":"Place de la Concorde, Paris, 1er octobre. Explain Nothing Infadels","rel":"","context":"Dans &quot;DPC&quot;","block_context":{"text":"DPC","link":"https:\/\/www.wallendorff.com\/belogue\/category\/dpc\/"},"img":{"alt_text":"","src":"https:\/\/i0.wp.com\/www.wallendorff.com\/belogue\/wp-content\/uploads\/2015\/04\/201311131.jpg?resize=350%2C200&ssl=1","width":350,"height":200,"srcset":"https:\/\/i0.wp.com\/www.wallendorff.com\/belogue\/wp-content\/uploads\/2015\/04\/201311131.jpg?resize=350%2C200&ssl=1 1x, https:\/\/i0.wp.com\/www.wallendorff.com\/belogue\/wp-content\/uploads\/2015\/04\/201311131.jpg?resize=525%2C300&ssl=1 1.5x, https:\/\/i0.wp.com\/www.wallendorff.com\/belogue\/wp-content\/uploads\/2015\/04\/201311131.jpg?resize=700%2C400&ssl=1 2x"},"classes":[]},{"id":22057,"url":"https:\/\/www.wallendorff.com\/belogue\/2013\/11\/25\/concorde-iii\/","url_meta":{"origin":46912,"position":1},"title":"Concorde [III].","author":"dpc","date":"25 novembre 2013","format":false,"excerpt":"Place de la Concorde, Paris, 3 octobre. Wasting My Young Years London Grammar","rel":"","context":"Dans &quot;DPC&quot;","block_context":{"text":"DPC","link":"https:\/\/www.wallendorff.com\/belogue\/category\/dpc\/"},"img":{"alt_text":"","src":"https:\/\/i0.wp.com\/www.wallendorff.com\/belogue\/wp-content\/uploads\/2015\/04\/201311251.jpg?resize=350%2C200&ssl=1","width":350,"height":200,"srcset":"https:\/\/i0.wp.com\/www.wallendorff.com\/belogue\/wp-content\/uploads\/2015\/04\/201311251.jpg?resize=350%2C200&ssl=1 1x, https:\/\/i0.wp.com\/www.wallendorff.com\/belogue\/wp-content\/uploads\/2015\/04\/201311251.jpg?resize=525%2C300&ssl=1 1.5x, https:\/\/i0.wp.com\/www.wallendorff.com\/belogue\/wp-content\/uploads\/2015\/04\/201311251.jpg?resize=700%2C400&ssl=1 2x"},"classes":[]},{"id":48489,"url":"https:\/\/www.wallendorff.com\/belogue\/2021\/06\/01\/place-de-la-conque-dor\/","url_meta":{"origin":46912,"position":2},"title":"Place de la conque d&rsquo;or.","author":"dpc","date":"1 juin 2021","format":false,"excerpt":"Place de la Concorde, Paris, 25 mars 2021. Pendant des ann\u00e9es je ne savais pas diff\u00e9rencier la fontaine des Mers de la fontaine des Fleuves quand, tout \u00e0 coup, j'ai r\u00e9alis\u00e9 qu'elles sont class\u00e9es dans l'ordre alphab\u00e9tique du nord au sud. Depuis, je vais mieux dans ma vie. Higlight Reel\u2026","rel":"","context":"Dans &quot;DPC&quot;","block_context":{"text":"DPC","link":"https:\/\/www.wallendorff.com\/belogue\/category\/dpc\/"},"img":{"alt_text":"","src":"https:\/\/i0.wp.com\/www.wallendorff.com\/belogue\/wp-content\/uploads\/2021\/06\/20210601-03.jpg?resize=350%2C200&ssl=1","width":350,"height":200,"srcset":"https:\/\/i0.wp.com\/www.wallendorff.com\/belogue\/wp-content\/uploads\/2021\/06\/20210601-03.jpg?resize=350%2C200&ssl=1 1x, https:\/\/i0.wp.com\/www.wallendorff.com\/belogue\/wp-content\/uploads\/2021\/06\/20210601-03.jpg?resize=525%2C300&ssl=1 1.5x, https:\/\/i0.wp.com\/www.wallendorff.com\/belogue\/wp-content\/uploads\/2021\/06\/20210601-03.jpg?resize=700%2C400&ssl=1 2x, https:\/\/i0.wp.com\/www.wallendorff.com\/belogue\/wp-content\/uploads\/2021\/06\/20210601-03.jpg?resize=1050%2C600&ssl=1 3x"},"classes":[]},{"id":40548,"url":"https:\/\/www.wallendorff.com\/belogue\/2018\/11\/20\/langueurs-dondes\/","url_meta":{"origin":46912,"position":3},"title":"Langueurs d&rsquo;ondes.","author":"dpc","date":"20 novembre 2018","format":false,"excerpt":"Place de la Concorde, Paris, 2 septembre 2018. Mountains (acoustic) Biffy Clyro","rel":"","context":"Dans &quot;DPC&quot;","block_context":{"text":"DPC","link":"https:\/\/www.wallendorff.com\/belogue\/category\/dpc\/"},"img":{"alt_text":"","src":"https:\/\/i0.wp.com\/www.wallendorff.com\/belogue\/wp-content\/uploads\/2018\/11\/20181120.jpg?resize=350%2C200&ssl=1","width":350,"height":200,"srcset":"https:\/\/i0.wp.com\/www.wallendorff.com\/belogue\/wp-content\/uploads\/2018\/11\/20181120.jpg?resize=350%2C200&ssl=1 1x, https:\/\/i0.wp.com\/www.wallendorff.com\/belogue\/wp-content\/uploads\/2018\/11\/20181120.jpg?resize=525%2C300&ssl=1 1.5x, https:\/\/i0.wp.com\/www.wallendorff.com\/belogue\/wp-content\/uploads\/2018\/11\/20181120.jpg?resize=700%2C400&ssl=1 2x, https:\/\/i0.wp.com\/www.wallendorff.com\/belogue\/wp-content\/uploads\/2018\/11\/20181120.jpg?resize=1050%2C600&ssl=1 3x"},"classes":[]},{"id":33665,"url":"https:\/\/www.wallendorff.com\/belogue\/2017\/03\/13\/into-the-wide-88\/","url_meta":{"origin":46912,"position":4},"title":"Into the wide #88.","author":"dpc","date":"13 mars 2017","format":false,"excerpt":"\u00a0 Place de la Concorde, Paris, 29 d\u00e9cembre 2016. Arc of Bar Japandroids","rel":"","context":"Dans &quot;Into the wide&quot;","block_context":{"text":"Into the wide","link":"https:\/\/www.wallendorff.com\/belogue\/category\/into-the-wide\/"},"img":{"alt_text":"","src":"https:\/\/i0.wp.com\/www.wallendorff.com\/belogue\/wp-content\/uploads\/2017\/03\/20170313.jpg?resize=350%2C200&ssl=1","width":350,"height":200,"srcset":"https:\/\/i0.wp.com\/www.wallendorff.com\/belogue\/wp-content\/uploads\/2017\/03\/20170313.jpg?resize=350%2C200&ssl=1 1x, https:\/\/i0.wp.com\/www.wallendorff.com\/belogue\/wp-content\/uploads\/2017\/03\/20170313.jpg?resize=525%2C300&ssl=1 1.5x, https:\/\/i0.wp.com\/www.wallendorff.com\/belogue\/wp-content\/uploads\/2017\/03\/20170313.jpg?resize=700%2C400&ssl=1 2x"},"classes":[]},{"id":14430,"url":"https:\/\/www.wallendorff.com\/belogue\/2011\/11\/11\/goutte-que-goutte\/","url_meta":{"origin":46912,"position":5},"title":"Goutte que goutte.","author":"dpc","date":"11 novembre 2011","format":false,"excerpt":"Place de la Concorde, Paris, 30 ao\u00fbt. Happyyyyyyyyyyyyyyyyyyyyyyyyyyyyyyy Tufnel Day. Nigel Tufnel \u2013 Lick My Love Pump [youtube]http:\/\/www.youtube.com\/watch?v=DX3ssZIMF9E[\/youtube]","rel":"","context":"Dans &quot;DPC&quot;","block_context":{"text":"DPC","link":"https:\/\/www.wallendorff.com\/belogue\/category\/dpc\/"},"img":{"alt_text":"","src":"https:\/\/i0.wp.com\/www.wallendorff.com\/belogue\/wp-content\/uploads\/2015\/04\/201111111.jpg?resize=350%2C200&ssl=1","width":350,"height":200,"srcset":"https:\/\/i0.wp.com\/www.wallendorff.com\/belogue\/wp-content\/uploads\/2015\/04\/201111111.jpg?resize=350%2C200&ssl=1 1x, https:\/\/i0.wp.com\/www.wallendorff.com\/belogue\/wp-content\/uploads\/2015\/04\/201111111.jpg?resize=525%2C300&ssl=1 1.5x, https:\/\/i0.wp.com\/www.wallendorff.com\/belogue\/wp-content\/uploads\/2015\/04\/201111111.jpg?resize=700%2C400&ssl=1 2x"},"classes":[]}],"_links":{"self":[{"href":"https:\/\/www.wallendorff.com\/belogue\/wp-json\/wp\/v2\/posts\/46912","targetHints":{"allow":["GET"]}}],"collection":[{"href":"https:\/\/www.wallendorff.com\/belogue\/wp-json\/wp\/v2\/posts"}],"about":[{"href":"https:\/\/www.wallendorff.com\/belogue\/wp-json\/wp\/v2\/types\/post"}],"author":[{"embeddable":true,"href":"https:\/\/www.wallendorff.com\/belogue\/wp-json\/wp\/v2\/users\/1"}],"replies":[{"embeddable":true,"href":"https:\/\/www.wallendorff.com\/belogue\/wp-json\/wp\/v2\/comments?post=46912"}],"version-history":[{"count":2,"href":"https:\/\/www.wallendorff.com\/belogue\/wp-json\/wp\/v2\/posts\/46912\/revisions"}],"predecessor-version":[{"id":46914,"href":"https:\/\/www.wallendorff.com\/belogue\/wp-json\/wp\/v2\/posts\/46912\/revisions\/46914"}],"wp:featuredmedia":[{"embeddable":true,"href":"https:\/\/www.wallendorff.com\/belogue\/wp-json\/wp\/v2\/media\/46911"}],"wp:attachment":[{"href":"https:\/\/www.wallendorff.com\/belogue\/wp-json\/wp\/v2\/media?parent=46912"}],"wp:term":[{"taxonomy":"category","embeddable":true,"href":"https:\/\/www.wallendorff.com\/belogue\/wp-json\/wp\/v2\/categories?post=46912"},{"taxonomy":"post_tag","embeddable":true,"href":"https:\/\/www.wallendorff.com\/belogue\/wp-json\/wp\/v2\/tags?post=46912"}],"curies":[{"name":"wp","href":"https:\/\/api.w.org\/{rel}","templated":true}]}}