{"id":4685,"date":"2009-09-10T10:10:34","date_gmt":"2009-09-10T08:10:34","guid":{"rendered":"http:\/\/www.po-l.com\/belogue\/?p=4685"},"modified":"2011-12-12T11:32:35","modified_gmt":"2011-12-12T09:32:35","slug":"etres-a-les-trois","status":"publish","type":"post","link":"https:\/\/www.wallendorff.com\/belogue\/2009\/09\/10\/etres-a-les-trois\/","title":{"rendered":"\u00catres \u00e0 les trois."},"content":{"rendered":"<div id=\"photo\">\n<p><img decoding=\"async\" src=\"https:\/\/www.wallendorff.com\/belogue\/photo\/2009\/09\/20090910.jpg\" \/><br \/>\nMuseum of Modern Arts, New York, 8 mai.<\/p>\n<\/div>\n<div id=\"bandeson\">\n<p><img decoding=\"async\" src=\"https:\/\/www.wallendorff.com\/belogue\/photo\/pochettes\/r\/radiohead-ok_computer.jpg\" align=\"left\" \/>&nbsp; <a href=\"http:\/\/www.radiohead.com\/\">Radiohead<\/a> &ndash; <em>Climbing Up the Walls<\/em><\/p>\n<\/div>\n<p style=\"text-align:right\">[I&rsquo;ll be there]<\/p>\n","protected":false},"excerpt":{"rendered":"<p>Museum of Modern Arts, New York, 8 mai. &nbsp; Radiohead &ndash; Climbing Up the Walls [I&rsquo;ll be there]<\/p>\n","protected":false},"author":1,"featured_media":25530,"comment_status":"open","ping_status":"open","sticky":false,"template":"","format":"standard","meta":{"_acf_changed":false,"ngg_post_thumbnail":0,"jetpack_post_was_ever_published":false,"_jetpack_newsletter_access":"","_jetpack_dont_email_post_to_subs":false,"_jetpack_newsletter_tier_id":0,"_jetpack_memberships_contains_paywalled_content":false,"_jetpack_memberships_contains_paid_content":false,"footnotes":"","jetpack_publicize_message":"","jetpack_publicize_feature_enabled":true,"jetpack_social_post_already_shared":false,"jetpack_social_options":{"image_generator_settings":{"template":"highway","default_image_id":0,"font":"","enabled":false},"version":2}},"categories":[3],"tags":[2615,3064,10210,3066,55,3063,10232,3062,592,143,128,10638,170,2450],"class_list":["post-4685","post","type-post","status-publish","format-standard","has-post-thumbnail","hentry","category-dpc","tag-eos-5d-mark-ii","tag-climbing-up-the-walls","tag-escalier","tag-etat-de-new-york","tag-etats-unis","tag-manhattan","tag-musee","tag-museum-of-modern-art","tag-new-york","tag-noir-et-blanc","tag-radiohead","tag-rampe","tag-sigma-70-300-mm-f4-56-dg-apo-macro","tag-triptyque"],"acf":[],"geo":{"latitude":40.761219,"longitude":-73.9772339,"description":"15 W 53rd St, New York, NY 10019, USA"},"jetpack_publicize_connections":[],"jetpack_featured_media_url":"https:\/\/www.wallendorff.com\/belogue\/wp-content\/uploads\/2015\/04\/200909101.jpg","jetpack_shortlink":"https:\/\/wp.me\/p3b35P-1dz","jetpack_sharing_enabled":true,"jetpack-related-posts":[{"id":7988,"url":"https:\/\/www.wallendorff.com\/belogue\/2010\/08\/08\/fond-de-tiroir-14\/","url_meta":{"origin":4685,"position":0},"title":"Fond de tiroir #14.","author":"dpc","date":"8 ao\u00fbt 2010","format":false,"excerpt":"Grand Central Terminal, New York, 9 mai 2009. \u00a0Radiohead \u2013 Where I End and You Begin (The Sky Is Falling in)","rel":"","context":"Dans &quot;DPC&quot;","block_context":{"text":"DPC","link":"https:\/\/www.wallendorff.com\/belogue\/category\/dpc\/"},"img":{"alt_text":"","src":"https:\/\/i0.wp.com\/www.wallendorff.com\/belogue\/wp-content\/uploads\/2015\/04\/201008081.jpg?resize=350%2C200&ssl=1","width":350,"height":200},"classes":[]},{"id":773,"url":"https:\/\/www.wallendorff.com\/belogue\/2006\/08\/27\/radiohead-rock-en-seine-paris\/","url_meta":{"origin":4685,"position":1},"title":"Radiohead @ Rock en Seine, Paris.","author":"dpc","date":"27 ao\u00fbt 2006","format":false,"excerpt":"La premi\u00e8re [et derni\u00e8re] fois c'\u00e9tait au milieu des palmiers d'un d\u00e9sert californien surchauff\u00e9, quelques minutes \u00e0 peine apr\u00e8s la reformation des Pixies, au fin fond d'une foule de 60\u00a0000 personnes savourant religieusement leur seule date am\u00e9ricaine de cette ann\u00e9e 2004. Ce coup-ci, assis en tailleur derri\u00e8re des grillages, verre\u2026","rel":"","context":"Dans &quot;Alive&quot;","block_context":{"text":"Alive","link":"https:\/\/www.wallendorff.com\/belogue\/category\/alive\/"},"img":{"alt_text":"","src":"https:\/\/i0.wp.com\/www.wallendorff.com\/belogue\/wp-content\/uploads\/2015\/04\/200608271.jpg?resize=350%2C200&ssl=1","width":350,"height":200,"srcset":"https:\/\/i0.wp.com\/www.wallendorff.com\/belogue\/wp-content\/uploads\/2015\/04\/200608271.jpg?resize=350%2C200&ssl=1 1x, https:\/\/i0.wp.com\/www.wallendorff.com\/belogue\/wp-content\/uploads\/2015\/04\/200608271.jpg?resize=525%2C300&ssl=1 1.5x, https:\/\/i0.wp.com\/www.wallendorff.com\/belogue\/wp-content\/uploads\/2015\/04\/200608271.jpg?resize=700%2C400&ssl=1 2x"},"classes":[]},{"id":672,"url":"https:\/\/www.wallendorff.com\/belogue\/2004\/09\/07\/marches-a-suivre\/","url_meta":{"origin":4685,"position":2},"title":"Marches \u00e0 suivre.","author":"dpc","date":"7 septembre 2004","format":false,"excerpt":"Rue Mazelle, Metz. \u00a0Radiohead \u2013 Everything in Its Right Place","rel":"","context":"Dans &quot;DPC&quot;","block_context":{"text":"DPC","link":"https:\/\/www.wallendorff.com\/belogue\/category\/dpc\/"},"img":{"alt_text":"","src":"https:\/\/i0.wp.com\/www.wallendorff.com\/belogue\/wp-content\/uploads\/2015\/04\/072.jpg?resize=350%2C200&ssl=1","width":350,"height":200,"srcset":"https:\/\/i0.wp.com\/www.wallendorff.com\/belogue\/wp-content\/uploads\/2015\/04\/072.jpg?resize=350%2C200&ssl=1 1x, https:\/\/i0.wp.com\/www.wallendorff.com\/belogue\/wp-content\/uploads\/2015\/04\/072.jpg?resize=525%2C300&ssl=1 1.5x, https:\/\/i0.wp.com\/www.wallendorff.com\/belogue\/wp-content\/uploads\/2015\/04\/072.jpg?resize=700%2C400&ssl=1 2x"},"classes":[]},{"id":3651,"url":"https:\/\/www.wallendorff.com\/belogue\/2008\/12\/05\/julien-dore-lelysee-montmartre-paris-4-decembre\/","url_meta":{"origin":4685,"position":3},"title":"Julien Dor\u00e9 @ l&rsquo;\u00c9lys\u00e9e-Montmartre, Paris.","author":"dpc","date":"5 d\u00e9cembre 2008","format":false,"excerpt":"Vivent les attach\u00e9es de presse, les spots, les \u00e9clairagistes, le format brut, les photos au 1\u00a0600e et euh... Radiohead. Radiohead \u2013 Electioneering","rel":"","context":"Dans &quot;Alive&quot;","block_context":{"text":"Alive","link":"https:\/\/www.wallendorff.com\/belogue\/category\/alive\/"},"img":{"alt_text":"","src":"https:\/\/i0.wp.com\/www.wallendorff.com\/belogue\/wp-content\/uploads\/2015\/04\/200812051.jpg?resize=350%2C200&ssl=1","width":350,"height":200,"srcset":"https:\/\/i0.wp.com\/www.wallendorff.com\/belogue\/wp-content\/uploads\/2015\/04\/200812051.jpg?resize=350%2C200&ssl=1 1x, https:\/\/i0.wp.com\/www.wallendorff.com\/belogue\/wp-content\/uploads\/2015\/04\/200812051.jpg?resize=525%2C300&ssl=1 1.5x, https:\/\/i0.wp.com\/www.wallendorff.com\/belogue\/wp-content\/uploads\/2015\/04\/200812051.jpg?resize=700%2C400&ssl=1 2x"},"classes":[]},{"id":626,"url":"https:\/\/www.wallendorff.com\/belogue\/2004\/10\/03\/l-ancien-et-le-nouveau\/","url_meta":{"origin":4685,"position":4},"title":"L&rsquo;ancien et le nouveau.","author":"dpc","date":"3 octobre 2004","format":false,"excerpt":"\u00a0Radiohead \u2013 High & Dry","rel":"","context":"Dans &quot;DPC&quot;","block_context":{"text":"DPC","link":"https:\/\/www.wallendorff.com\/belogue\/category\/dpc\/"},"img":{"alt_text":"","src":"https:\/\/i0.wp.com\/www.wallendorff.com\/belogue\/wp-content\/uploads\/2015\/04\/085.jpg?resize=350%2C200&ssl=1","width":350,"height":200},"classes":[]},{"id":715,"url":"https:\/\/www.wallendorff.com\/belogue\/2004\/07\/31\/vamos\/","url_meta":{"origin":4685,"position":5},"title":"\u00a1Vamos!","author":"dpc","date":"31 juillet 2004","format":false,"excerpt":"Si vous me cherchez, je suis l\u00e0 o\u00f9 on dit bonjour quand il faut dire au revoir. Retour jeudi. \u00a0Radiohead \u2013 I Might Be Wrong","rel":"","context":"Dans &quot;DPC&quot;","block_context":{"text":"DPC","link":"https:\/\/www.wallendorff.com\/belogue\/category\/dpc\/"},"img":{"alt_text":"","src":"https:\/\/i0.wp.com\/www.wallendorff.com\/belogue\/wp-content\/uploads\/2015\/04\/513.jpg?resize=350%2C200&ssl=1","width":350,"height":200},"classes":[]}],"_links":{"self":[{"href":"https:\/\/www.wallendorff.com\/belogue\/wp-json\/wp\/v2\/posts\/4685","targetHints":{"allow":["GET"]}}],"collection":[{"href":"https:\/\/www.wallendorff.com\/belogue\/wp-json\/wp\/v2\/posts"}],"about":[{"href":"https:\/\/www.wallendorff.com\/belogue\/wp-json\/wp\/v2\/types\/post"}],"author":[{"embeddable":true,"href":"https:\/\/www.wallendorff.com\/belogue\/wp-json\/wp\/v2\/users\/1"}],"replies":[{"embeddable":true,"href":"https:\/\/www.wallendorff.com\/belogue\/wp-json\/wp\/v2\/comments?post=4685"}],"version-history":[{"count":1,"href":"https:\/\/www.wallendorff.com\/belogue\/wp-json\/wp\/v2\/posts\/4685\/revisions"}],"predecessor-version":[{"id":14756,"href":"https:\/\/www.wallendorff.com\/belogue\/wp-json\/wp\/v2\/posts\/4685\/revisions\/14756"}],"wp:featuredmedia":[{"embeddable":true,"href":"https:\/\/www.wallendorff.com\/belogue\/wp-json\/wp\/v2\/media\/25530"}],"wp:attachment":[{"href":"https:\/\/www.wallendorff.com\/belogue\/wp-json\/wp\/v2\/media?parent=4685"}],"wp:term":[{"taxonomy":"category","embeddable":true,"href":"https:\/\/www.wallendorff.com\/belogue\/wp-json\/wp\/v2\/categories?post=4685"},{"taxonomy":"post_tag","embeddable":true,"href":"https:\/\/www.wallendorff.com\/belogue\/wp-json\/wp\/v2\/tags?post=4685"}],"curies":[{"name":"wp","href":"https:\/\/api.w.org\/{rel}","templated":true}]}}