{"id":46646,"date":"2020-09-02T10:34:45","date_gmt":"2020-09-02T08:34:45","guid":{"rendered":"http:\/\/www.wallendorff.com\/belogue\/?p=46646"},"modified":"2020-12-29T19:49:06","modified_gmt":"2020-12-29T17:49:06","slug":"larche-moi-la-grappe","status":"publish","type":"post","link":"https:\/\/www.wallendorff.com\/belogue\/2020\/09\/02\/larche-moi-la-grappe\/","title":{"rendered":"L&rsquo;Arche (moi la grappe)."},"content":{"rendered":"<div id=\"photo\">\n<p><img decoding=\"async\" src=\"https:\/\/www.wallendorff.com\/belogue\/wp-content\/uploads\/2020\/09\/20200902.jpg\"><br \/>\nPlace Charles-de-Gaulle, Paris, 12 juin 2020.<\/p>\n<\/div>\n<div id=\"bandeson\">\n<p><img decoding=\"async\" src=\"https:\/\/www.wallendorff.com\/belogue\/photo\/pochettes\/l\/lumineers_the-iii.jpg\" align=\"left\"><a id=\"lienmp3\" style=\"font-weight: normal;\" href=\"https:\/\/www.youtube.com\/watch?v=hrlYnowqPWg\"><em>Salt &#038; the Sea<\/em><\/a><br \/>\n<a href=\"https:\/\/thelumineers.com\/\">The Lumineers<\/a><\/p>\n<\/div>\n","protected":false},"excerpt":{"rendered":"<p>Place Charles-de-Gaulle, Paris, 12 juin 2020. Salt &#038; the Sea The Lumineers<\/p>\n","protected":false},"author":1,"featured_media":46648,"comment_status":"open","ping_status":"open","sticky":false,"template":"","format":"standard","meta":{"_acf_changed":false,"ngg_post_thumbnail":0,"jetpack_post_was_ever_published":false,"_jetpack_newsletter_access":"","_jetpack_dont_email_post_to_subs":false,"_jetpack_newsletter_tier_id":0,"_jetpack_memberships_contains_paywalled_content":false,"_jetpack_memberships_contains_paid_content":false,"footnotes":"","jetpack_publicize_message":"","jetpack_publicize_feature_enabled":true,"jetpack_social_post_already_shared":true,"jetpack_social_options":{"image_generator_settings":{"template":"highway","default_image_id":0,"font":"","enabled":false},"version":2}},"categories":[3],"tags":[10237,708,8016,10144,10120,15878,10121,16403,10098,5416,10592,16453,13153],"class_list":["post-46646","post","type-post","status-publish","format-standard","has-post-thumbnail","hentry","category-dpc","tag-10237","tag-arc-de-triomphe","tag-arc-de-triomphe-de-letoile","tag-ciel","tag-france","tag-fujifilm-x-t3","tag-ile-de-france","tag-laowa-9-mm-f-2-8-zero-d","tag-paris","tag-place-charles-de-gaulle","tag-pose-longue","tag-salt-the-sea","tag-the-lumineers"],"acf":[],"geo":{"latitude":48.8738289,"longitude":2.295007,"description":"Gare Charles de Gaulle - \u00c9toile, 75017 Paris, France"},"jetpack_publicize_connections":[],"jetpack_featured_media_url":"https:\/\/www.wallendorff.com\/belogue\/wp-content\/uploads\/2020\/09\/20200902.jpg","jetpack_shortlink":"https:\/\/wp.me\/p3b35P-c8m","jetpack_sharing_enabled":true,"jetpack-related-posts":[{"id":123976,"url":"https:\/\/www.wallendorff.com\/belogue\/2023\/03\/08\/arc-et-type\/","url_meta":{"origin":46646,"position":0},"title":"Arc et type.","author":"dpc","date":"8 mars 2023","format":false,"excerpt":"Place Charles-de-Gaulle, Paris, 15 janvier 2023.","rel":"","context":"Dans &quot;DPC&quot;","block_context":{"text":"DPC","link":"https:\/\/www.wallendorff.com\/belogue\/category\/dpc-en\/"},"img":{"alt_text":"","src":"https:\/\/i0.wp.com\/www.wallendorff.com\/belogue\/wp-content\/uploads\/2023\/03\/20230308.jpg?resize=350%2C200&ssl=1","width":350,"height":200,"srcset":"https:\/\/i0.wp.com\/www.wallendorff.com\/belogue\/wp-content\/uploads\/2023\/03\/20230308.jpg?resize=350%2C200&ssl=1 1x, https:\/\/i0.wp.com\/www.wallendorff.com\/belogue\/wp-content\/uploads\/2023\/03\/20230308.jpg?resize=525%2C300&ssl=1 1.5x, https:\/\/i0.wp.com\/www.wallendorff.com\/belogue\/wp-content\/uploads\/2023\/03\/20230308.jpg?resize=700%2C400&ssl=1 2x, https:\/\/i0.wp.com\/www.wallendorff.com\/belogue\/wp-content\/uploads\/2023\/03\/20230308.jpg?resize=1050%2C600&ssl=1 3x"},"classes":[]},{"id":123987,"url":"https:\/\/www.wallendorff.com\/belogue\/2023\/03\/13\/darc-waters\/","url_meta":{"origin":46646,"position":1},"title":"D&rsquo;arc waters.","author":"dpc","date":"13 mars 2023","format":false,"excerpt":"Place Charles-de-Gaulle, Paris, 15 janvier 2023.","rel":"","context":"Dans &quot;DPC&quot;","block_context":{"text":"DPC","link":"https:\/\/www.wallendorff.com\/belogue\/category\/dpc-en\/"},"img":{"alt_text":"","src":"https:\/\/i0.wp.com\/www.wallendorff.com\/belogue\/wp-content\/uploads\/2023\/03\/20230313.jpg?resize=350%2C200&ssl=1","width":350,"height":200,"srcset":"https:\/\/i0.wp.com\/www.wallendorff.com\/belogue\/wp-content\/uploads\/2023\/03\/20230313.jpg?resize=350%2C200&ssl=1 1x, https:\/\/i0.wp.com\/www.wallendorff.com\/belogue\/wp-content\/uploads\/2023\/03\/20230313.jpg?resize=525%2C300&ssl=1 1.5x, https:\/\/i0.wp.com\/www.wallendorff.com\/belogue\/wp-content\/uploads\/2023\/03\/20230313.jpg?resize=700%2C400&ssl=1 2x, https:\/\/i0.wp.com\/www.wallendorff.com\/belogue\/wp-content\/uploads\/2023\/03\/20230313.jpg?resize=1050%2C600&ssl=1 3x"},"classes":[]},{"id":45699,"url":"https:\/\/www.wallendorff.com\/belogue\/2020\/05\/09\/into-the-wide-195\/","url_meta":{"origin":46646,"position":2},"title":"Into the wide #195.","author":"dpc","date":"9 mai 2020","format":false,"excerpt":"Place Charles-de-Gaulle, Paris, 17 f\u00e9vrier 2020. Help Me Stranger The Raconteurs","rel":"","context":"Dans &quot;Into the wide&quot;","block_context":{"text":"Into the wide","link":"https:\/\/www.wallendorff.com\/belogue\/category\/into-the-wide\/"},"img":{"alt_text":"","src":"https:\/\/i0.wp.com\/www.wallendorff.com\/belogue\/wp-content\/uploads\/2020\/05\/20200509.jpg?resize=350%2C200&ssl=1","width":350,"height":200,"srcset":"https:\/\/i0.wp.com\/www.wallendorff.com\/belogue\/wp-content\/uploads\/2020\/05\/20200509.jpg?resize=350%2C200&ssl=1 1x, https:\/\/i0.wp.com\/www.wallendorff.com\/belogue\/wp-content\/uploads\/2020\/05\/20200509.jpg?resize=525%2C300&ssl=1 1.5x, https:\/\/i0.wp.com\/www.wallendorff.com\/belogue\/wp-content\/uploads\/2020\/05\/20200509.jpg?resize=700%2C400&ssl=1 2x, https:\/\/i0.wp.com\/www.wallendorff.com\/belogue\/wp-content\/uploads\/2020\/05\/20200509.jpg?resize=1050%2C600&ssl=1 3x"},"classes":[]},{"id":21690,"url":"https:\/\/www.wallendorff.com\/belogue\/2013\/09\/30\/darc-side\/","url_meta":{"origin":46646,"position":3},"title":"D&rsquo;arc side.","author":"dpc","date":"30 septembre 2013","format":false,"excerpt":"Place Charles-de-Gaulle, Paris, 14 ao\u00fbt. For AnyoneStar Anna","rel":"","context":"Dans &quot;DPC&quot;","block_context":{"text":"DPC","link":"https:\/\/www.wallendorff.com\/belogue\/category\/dpc\/"},"img":{"alt_text":"","src":"https:\/\/i0.wp.com\/www.wallendorff.com\/belogue\/wp-content\/uploads\/2015\/04\/201309301.jpg?resize=350%2C200&ssl=1","width":350,"height":200,"srcset":"https:\/\/i0.wp.com\/www.wallendorff.com\/belogue\/wp-content\/uploads\/2015\/04\/201309301.jpg?resize=350%2C200&ssl=1 1x, https:\/\/i0.wp.com\/www.wallendorff.com\/belogue\/wp-content\/uploads\/2015\/04\/201309301.jpg?resize=525%2C300&ssl=1 1.5x, https:\/\/i0.wp.com\/www.wallendorff.com\/belogue\/wp-content\/uploads\/2015\/04\/201309301.jpg?resize=700%2C400&ssl=1 2x"},"classes":[]},{"id":14761,"url":"https:\/\/www.wallendorff.com\/belogue\/2011\/12\/14\/etoile-filee\/","url_meta":{"origin":46646,"position":4},"title":"\u00c9toile fil\u00e9e.","author":"dpc","date":"14 d\u00e9cembre 2011","format":false,"excerpt":"Place Charles-de-Gaulle, Paris, 12 octobre. UNKLE \u2013 Nursery Rhyme \/ Breather (feat. Badly Drawn Boy) [youtube]http:\/\/www.youtube.com\/watch?v=1TccqNSzskI[\/youtube]","rel":"","context":"Dans &quot;DPC&quot;","block_context":{"text":"DPC","link":"https:\/\/www.wallendorff.com\/belogue\/category\/dpc\/"},"img":{"alt_text":"","src":"https:\/\/i0.wp.com\/www.wallendorff.com\/belogue\/wp-content\/uploads\/2015\/04\/201112141.jpg?resize=350%2C200&ssl=1","width":350,"height":200,"srcset":"https:\/\/i0.wp.com\/www.wallendorff.com\/belogue\/wp-content\/uploads\/2015\/04\/201112141.jpg?resize=350%2C200&ssl=1 1x, https:\/\/i0.wp.com\/www.wallendorff.com\/belogue\/wp-content\/uploads\/2015\/04\/201112141.jpg?resize=525%2C300&ssl=1 1.5x, https:\/\/i0.wp.com\/www.wallendorff.com\/belogue\/wp-content\/uploads\/2015\/04\/201112141.jpg?resize=700%2C400&ssl=1 2x"},"classes":[]},{"id":48249,"url":"https:\/\/www.wallendorff.com\/belogue\/2021\/04\/16\/flarque-de-triomphque\/","url_meta":{"origin":46646,"position":5},"title":"Flarque de triomphque","author":"dpc","date":"16 avril 2021","format":false,"excerpt":"Place Charles-de-Gaulle, Paris, 7 janvier 2021. Nobody Wants a Lonely Heart (Arthur Russell cover) Muzz\u00a0","rel":"","context":"Dans &quot;DPC&quot;","block_context":{"text":"DPC","link":"https:\/\/www.wallendorff.com\/belogue\/category\/dpc\/"},"img":{"alt_text":"","src":"https:\/\/i0.wp.com\/www.wallendorff.com\/belogue\/wp-content\/uploads\/2021\/04\/20210416.jpg?resize=350%2C200&ssl=1","width":350,"height":200,"srcset":"https:\/\/i0.wp.com\/www.wallendorff.com\/belogue\/wp-content\/uploads\/2021\/04\/20210416.jpg?resize=350%2C200&ssl=1 1x, https:\/\/i0.wp.com\/www.wallendorff.com\/belogue\/wp-content\/uploads\/2021\/04\/20210416.jpg?resize=525%2C300&ssl=1 1.5x, https:\/\/i0.wp.com\/www.wallendorff.com\/belogue\/wp-content\/uploads\/2021\/04\/20210416.jpg?resize=700%2C400&ssl=1 2x"},"classes":[]}],"_links":{"self":[{"href":"https:\/\/www.wallendorff.com\/belogue\/wp-json\/wp\/v2\/posts\/46646","targetHints":{"allow":["GET"]}}],"collection":[{"href":"https:\/\/www.wallendorff.com\/belogue\/wp-json\/wp\/v2\/posts"}],"about":[{"href":"https:\/\/www.wallendorff.com\/belogue\/wp-json\/wp\/v2\/types\/post"}],"author":[{"embeddable":true,"href":"https:\/\/www.wallendorff.com\/belogue\/wp-json\/wp\/v2\/users\/1"}],"replies":[{"embeddable":true,"href":"https:\/\/www.wallendorff.com\/belogue\/wp-json\/wp\/v2\/comments?post=46646"}],"version-history":[{"count":3,"href":"https:\/\/www.wallendorff.com\/belogue\/wp-json\/wp\/v2\/posts\/46646\/revisions"}],"predecessor-version":[{"id":46650,"href":"https:\/\/www.wallendorff.com\/belogue\/wp-json\/wp\/v2\/posts\/46646\/revisions\/46650"}],"wp:featuredmedia":[{"embeddable":true,"href":"https:\/\/www.wallendorff.com\/belogue\/wp-json\/wp\/v2\/media\/46648"}],"wp:attachment":[{"href":"https:\/\/www.wallendorff.com\/belogue\/wp-json\/wp\/v2\/media?parent=46646"}],"wp:term":[{"taxonomy":"category","embeddable":true,"href":"https:\/\/www.wallendorff.com\/belogue\/wp-json\/wp\/v2\/categories?post=46646"},{"taxonomy":"post_tag","embeddable":true,"href":"https:\/\/www.wallendorff.com\/belogue\/wp-json\/wp\/v2\/tags?post=46646"}],"curies":[{"name":"wp","href":"https:\/\/api.w.org\/{rel}","templated":true}]}}