{"id":46635,"date":"2020-08-21T11:49:30","date_gmt":"2020-08-21T09:49:30","guid":{"rendered":"http:\/\/www.wallendorff.com\/belogue\/?p=46635"},"modified":"2020-12-29T19:49:42","modified_gmt":"2020-12-29T17:49:42","slug":"elles-glissent-les-brises-elles-bisent-leglise","status":"publish","type":"post","link":"https:\/\/www.wallendorff.com\/belogue\/2020\/08\/21\/elles-glissent-les-brises-elles-bisent-leglise\/","title":{"rendered":"Elles glissent, les brises, elles bisent, l&rsquo;\u00e9glise."},"content":{"rendered":"<div id=\"photo\">\n<p><img decoding=\"async\" src=\"https:\/\/www.wallendorff.com\/belogue\/wp-content\/uploads\/2020\/08\/20200821.jpg\"><br \/>\nParvis du Sacr\u00e9-C\u0153ur, Paris, 6 juin 2020.<\/p>\n<\/div>\n<div id=\"bandeson\">\n<p><img decoding=\"async\" src=\"https:\/\/www.wallendorff.com\/belogue\/photo\/pochettes\/b\/black_angels_the-passover.jpg\" align=\"left\" \/><a href=\"http:\/\/www.youtube.com\/watch?v=VvKjpGP6P5Y\" a style=\"font-weight:normal\" id=\"lienmp3\"><em>Young Men Dead<\/em><\/a><br \/>\n<a href=\"http:\/\/www.theblackangels.com\">The Black Angels<\/a><\/p>\n<\/div>\n","protected":false},"excerpt":{"rendered":"<p>Parvis du Sacr\u00e9-C\u0153ur, Paris, 6 juin 2020. Young Men Dead The Black Angels<\/p>\n","protected":false},"author":1,"featured_media":46633,"comment_status":"open","ping_status":"open","sticky":false,"template":"","format":"standard","meta":{"_acf_changed":false,"ngg_post_thumbnail":0,"jetpack_post_was_ever_published":false,"_jetpack_newsletter_access":"","_jetpack_dont_email_post_to_subs":false,"_jetpack_newsletter_tier_id":0,"_jetpack_memberships_contains_paywalled_content":false,"_jetpack_memberships_contains_paid_content":false,"footnotes":"","jetpack_publicize_message":"","jetpack_publicize_feature_enabled":true,"jetpack_social_post_already_shared":true,"jetpack_social_options":{"image_generator_settings":{"template":"highway","default_image_id":0,"font":"","enabled":false},"version":2}},"categories":[3],"tags":[10143,10487,10238,10120,15878,10121,16403,10142,143,14807,10098,10592,10349,2555],"class_list":["post-46635","post","type-post","status-publish","format-standard","has-post-thumbnail","hentry","category-dpc","tag-10143","tag-basilique-du-sacre-coeur","tag-eglise","tag-france","tag-fujifilm-x-t3","tag-ile-de-france","tag-laowa-9-mm-f-2-8-zero-d","tag-montmartre","tag-noir-et-blanc","tag-nuages","tag-paris","tag-pose-longue","tag-the-black-angels","tag-young-men-dead"],"acf":[],"geo":{"latitude":48.8861847,"longitude":2.3429284,"description":"Paris 18, \u00cele-de-France, 75018, FR"},"jetpack_publicize_connections":[],"jetpack_featured_media_url":"https:\/\/www.wallendorff.com\/belogue\/wp-content\/uploads\/2020\/08\/20200821.jpg","jetpack_shortlink":"https:\/\/wp.me\/p3b35P-c8b","jetpack_sharing_enabled":true,"jetpack-related-posts":[{"id":16984,"url":"https:\/\/www.wallendorff.com\/belogue\/2012\/04\/22\/fond-de-tiroir-20\/","url_meta":{"origin":46635,"position":0},"title":"Fond de tiroir #20.","author":"dpc","date":"22 avril 2012","format":false,"excerpt":"Cit\u00e9 du Sacr\u00e9-C\u0153ur, Paris, 24 mars 2011. Blood Red Shoes \u2013 Down Here in the Dark [youtube]http:\/\/www.youtube.com\/watch?v=DnpTqNFsqiU[\/youtube]","rel":"","context":"Dans &quot;DPC&quot;","block_context":{"text":"DPC","link":"https:\/\/www.wallendorff.com\/belogue\/category\/dpc\/"},"img":{"alt_text":"","src":"https:\/\/i0.wp.com\/www.wallendorff.com\/belogue\/wp-content\/uploads\/2015\/04\/201204221.jpg?resize=350%2C200&ssl=1","width":350,"height":200,"srcset":"https:\/\/i0.wp.com\/www.wallendorff.com\/belogue\/wp-content\/uploads\/2015\/04\/201204221.jpg?resize=350%2C200&ssl=1 1x, https:\/\/i0.wp.com\/www.wallendorff.com\/belogue\/wp-content\/uploads\/2015\/04\/201204221.jpg?resize=525%2C300&ssl=1 1.5x, https:\/\/i0.wp.com\/www.wallendorff.com\/belogue\/wp-content\/uploads\/2015\/04\/201204221.jpg?resize=700%2C400&ssl=1 2x"},"classes":[]},{"id":45418,"url":"https:\/\/www.wallendorff.com\/belogue\/2020\/04\/02\/tant-de-degres-a-lombre\/","url_meta":{"origin":46635,"position":1},"title":"Tant de degr\u00e9s \u00e0 l&rsquo;ombre.","author":"dpc","date":"2 avril 2020","format":false,"excerpt":"Rue du Cardinal-Dubois, Paris, 19 d\u00e9cembre 2019. Jane Jane Bonny Light Horseman","rel":"","context":"Dans &quot;DPC&quot;","block_context":{"text":"DPC","link":"https:\/\/www.wallendorff.com\/belogue\/category\/dpc\/"},"img":{"alt_text":"","src":"https:\/\/i0.wp.com\/www.wallendorff.com\/belogue\/wp-content\/uploads\/2020\/04\/20200402.jpg?resize=350%2C200&ssl=1","width":350,"height":200,"srcset":"https:\/\/i0.wp.com\/www.wallendorff.com\/belogue\/wp-content\/uploads\/2020\/04\/20200402.jpg?resize=350%2C200&ssl=1 1x, https:\/\/i0.wp.com\/www.wallendorff.com\/belogue\/wp-content\/uploads\/2020\/04\/20200402.jpg?resize=525%2C300&ssl=1 1.5x, https:\/\/i0.wp.com\/www.wallendorff.com\/belogue\/wp-content\/uploads\/2020\/04\/20200402.jpg?resize=700%2C400&ssl=1 2x, https:\/\/i0.wp.com\/www.wallendorff.com\/belogue\/wp-content\/uploads\/2020\/04\/20200402.jpg?resize=1050%2C600&ssl=1 3x"},"classes":[]},{"id":3767,"url":"https:\/\/www.wallendorff.com\/belogue\/2009\/01\/05\/lacs-et-phares-abiment\/","url_meta":{"origin":46635,"position":2},"title":"Lacs et phares ab\u00eement.","author":"dpc","date":"5 janvier 2009","format":false,"excerpt":"Sacr\u00e9-C\u0153ur, Paris, 16 d\u00e9cembre 2008. The Black Angels \u2013 Vikings C'\u00e9tait l'hiver sur Montmartre et il y avait trois personnages. Quatre, en comptant la masse de pierre glabre. Cinq, m\u00eame, avec le fotoaparat qui avait accompagn\u00e9 le Poilu au sommet de la butte. Un fotoaparat neurasth\u00e9nique, sa sangle penchait vers\u2026","rel":"","context":"Dans &quot;DPC&quot;","block_context":{"text":"DPC","link":"https:\/\/www.wallendorff.com\/belogue\/category\/dpc\/"},"img":{"alt_text":"","src":"https:\/\/i0.wp.com\/www.wallendorff.com\/belogue\/wp-content\/uploads\/2015\/04\/200901051.jpg?resize=350%2C200&ssl=1","width":350,"height":200,"srcset":"https:\/\/i0.wp.com\/www.wallendorff.com\/belogue\/wp-content\/uploads\/2015\/04\/200901051.jpg?resize=350%2C200&ssl=1 1x, https:\/\/i0.wp.com\/www.wallendorff.com\/belogue\/wp-content\/uploads\/2015\/04\/200901051.jpg?resize=525%2C300&ssl=1 1.5x, https:\/\/i0.wp.com\/www.wallendorff.com\/belogue\/wp-content\/uploads\/2015\/04\/200901051.jpg?resize=700%2C400&ssl=1 2x"},"classes":[]},{"id":130396,"url":"https:\/\/www.wallendorff.com\/belogue\/2024\/08\/22\/les-toits-moussent-que-terre\/","url_meta":{"origin":46635,"position":3},"title":"Les toits moussent que terre.","author":"dpc","date":"22 ao\u00fbt 2024","format":false,"excerpt":"Tour Montparnasse, Paris, 18 avril 2024. Merci \u00e0 Lala, Leffe\u00ae et Twinuts\u00ae.","rel":"","context":"Dans &quot;DPC&quot;","block_context":{"text":"DPC","link":"https:\/\/www.wallendorff.com\/belogue\/category\/dpc\/"},"img":{"alt_text":"","src":"https:\/\/i0.wp.com\/www.wallendorff.com\/belogue\/wp-content\/uploads\/2024\/08\/20240822-07.jpg?resize=350%2C200&ssl=1","width":350,"height":200,"srcset":"https:\/\/i0.wp.com\/www.wallendorff.com\/belogue\/wp-content\/uploads\/2024\/08\/20240822-07.jpg?resize=350%2C200&ssl=1 1x, https:\/\/i0.wp.com\/www.wallendorff.com\/belogue\/wp-content\/uploads\/2024\/08\/20240822-07.jpg?resize=525%2C300&ssl=1 1.5x, https:\/\/i0.wp.com\/www.wallendorff.com\/belogue\/wp-content\/uploads\/2024\/08\/20240822-07.jpg?resize=700%2C400&ssl=1 2x, https:\/\/i0.wp.com\/www.wallendorff.com\/belogue\/wp-content\/uploads\/2024\/08\/20240822-07.jpg?resize=1050%2C600&ssl=1 3x"},"classes":[]},{"id":21635,"url":"https:\/\/www.wallendorff.com\/belogue\/2013\/09\/20\/a-butte-pourvoir\/","url_meta":{"origin":46635,"position":4},"title":"\u00c0 butte, pourvoir.","author":"dpc","date":"20 septembre 2013","format":false,"excerpt":"Paris, 14 ao\u00fbt. Hearts Like OursThe Naked and Famous","rel":"","context":"Dans &quot;DPC&quot;","block_context":{"text":"DPC","link":"https:\/\/www.wallendorff.com\/belogue\/category\/dpc\/"},"img":{"alt_text":"","src":"https:\/\/i0.wp.com\/www.wallendorff.com\/belogue\/wp-content\/uploads\/2015\/04\/201309201.jpg?resize=350%2C200&ssl=1","width":350,"height":200},"classes":[]},{"id":51390,"url":"https:\/\/www.wallendorff.com\/belogue\/2022\/05\/06\/la-pont-tes-rose\/","url_meta":{"origin":46635,"position":5},"title":"L\u00e0, pont, t&rsquo;es rose.","author":"dpc","date":"6 mai 2022","format":false,"excerpt":"Pont de Bir-Hakeim, Paris, 19 mars 2022.","rel":"","context":"Dans &quot;DPC&quot;","block_context":{"text":"DPC","link":"https:\/\/www.wallendorff.com\/belogue\/category\/dpc\/"},"img":{"alt_text":"","src":"https:\/\/i0.wp.com\/www.wallendorff.com\/belogue\/wp-content\/uploads\/2022\/05\/20220506.jpg?resize=350%2C200&ssl=1","width":350,"height":200,"srcset":"https:\/\/i0.wp.com\/www.wallendorff.com\/belogue\/wp-content\/uploads\/2022\/05\/20220506.jpg?resize=350%2C200&ssl=1 1x, https:\/\/i0.wp.com\/www.wallendorff.com\/belogue\/wp-content\/uploads\/2022\/05\/20220506.jpg?resize=525%2C300&ssl=1 1.5x, https:\/\/i0.wp.com\/www.wallendorff.com\/belogue\/wp-content\/uploads\/2022\/05\/20220506.jpg?resize=700%2C400&ssl=1 2x, https:\/\/i0.wp.com\/www.wallendorff.com\/belogue\/wp-content\/uploads\/2022\/05\/20220506.jpg?resize=1050%2C600&ssl=1 3x"},"classes":[]}],"_links":{"self":[{"href":"https:\/\/www.wallendorff.com\/belogue\/wp-json\/wp\/v2\/posts\/46635","targetHints":{"allow":["GET"]}}],"collection":[{"href":"https:\/\/www.wallendorff.com\/belogue\/wp-json\/wp\/v2\/posts"}],"about":[{"href":"https:\/\/www.wallendorff.com\/belogue\/wp-json\/wp\/v2\/types\/post"}],"author":[{"embeddable":true,"href":"https:\/\/www.wallendorff.com\/belogue\/wp-json\/wp\/v2\/users\/1"}],"replies":[{"embeddable":true,"href":"https:\/\/www.wallendorff.com\/belogue\/wp-json\/wp\/v2\/comments?post=46635"}],"version-history":[{"count":3,"href":"https:\/\/www.wallendorff.com\/belogue\/wp-json\/wp\/v2\/posts\/46635\/revisions"}],"predecessor-version":[{"id":46640,"href":"https:\/\/www.wallendorff.com\/belogue\/wp-json\/wp\/v2\/posts\/46635\/revisions\/46640"}],"wp:featuredmedia":[{"embeddable":true,"href":"https:\/\/www.wallendorff.com\/belogue\/wp-json\/wp\/v2\/media\/46633"}],"wp:attachment":[{"href":"https:\/\/www.wallendorff.com\/belogue\/wp-json\/wp\/v2\/media?parent=46635"}],"wp:term":[{"taxonomy":"category","embeddable":true,"href":"https:\/\/www.wallendorff.com\/belogue\/wp-json\/wp\/v2\/categories?post=46635"},{"taxonomy":"post_tag","embeddable":true,"href":"https:\/\/www.wallendorff.com\/belogue\/wp-json\/wp\/v2\/tags?post=46635"}],"curies":[{"name":"wp","href":"https:\/\/api.w.org\/{rel}","templated":true}]}}