{"id":46629,"date":"2020-08-20T10:08:02","date_gmt":"2020-08-20T08:08:02","guid":{"rendered":"http:\/\/www.wallendorff.com\/belogue\/?p=46629"},"modified":"2023-04-05T16:23:29","modified_gmt":"2023-04-05T14:23:29","slug":"contre-plongee-no-4-007","status":"publish","type":"post","link":"https:\/\/www.wallendorff.com\/belogue\/2020\/08\/20\/contre-plongee-no-4-007\/","title":{"rendered":"Contre-plong\u00e9e n<sup>o<\/sup> 4\u00a0007."},"content":{"rendered":"<div id=\"photo\">\n<p><img decoding=\"async\" src=\"https:\/\/www.wallendorff.com\/belogue\/wp-content\/uploads\/2020\/08\/20200820.jpg\"><br \/>\n\u00c9glise de la Madeleine, Paris, 5 juin 2020.<\/p>\n<\/div>\n<div id=\"bandeson\">\n<p><img decoding=\"async\" src=\"https:\/\/www.wallendorff.com\/belogue\/photo\/pochettes\/r\/rose_caroline-loner.jpg\" align=\"left\"><a href=\"https:\/\/www.youtube.com\/watch?v=Brbl8hMUjdA\" a=\"\" style=\"font-weight:normal\" id=\"lienmp3\"><em>Soul No. 5<\/em><\/a><br \/>\n<a href=\"https:\/\/carolinerosemusic.bandcamp.com\/\">Caroline Rose<\/a><\/p>\n<\/div>\n","protected":false},"excerpt":{"rendered":"<p>\u00c9glise de la Madeleine, Paris, 5 juin 2020. Soul No. 5 Caroline Rose<\/p>\n","protected":false},"author":1,"featured_media":46632,"comment_status":"open","ping_status":"open","sticky":false,"template":"","format":"standard","meta":{"_acf_changed":false,"ngg_post_thumbnail":0,"jetpack_post_was_ever_published":false,"_jetpack_newsletter_access":"","_jetpack_dont_email_post_to_subs":false,"_jetpack_newsletter_tier_id":0,"_jetpack_memberships_contains_paywalled_content":false,"_jetpack_memberships_contains_paid_content":false,"footnotes":"","jetpack_publicize_message":"","jetpack_publicize_feature_enabled":true,"jetpack_social_post_already_shared":true,"jetpack_social_options":{"image_generator_settings":{"template":"highway","default_image_id":0,"font":"","enabled":false},"version":2}},"categories":[3],"tags":[10237,14874,10500,10238,12969,10120,15878,10121,7052,10098,14274,16452,10261],"class_list":["post-46629","post","type-post","status-publish","format-standard","has-post-thumbnail","hentry","category-dpc","tag-10237","tag-caroline-rose","tag-contre-plongee","tag-eglise","tag-eglise-de-la-madeleine","tag-france","tag-fujifilm-x-t3","tag-ile-de-france","tag-nef","tag-paris","tag-samyang-8-mm-f2-8-umc-fisheye-ii","tag-soul-no-5","tag-voute"],"acf":[],"geo":{"latitude":48.8701363,"longitude":2.3245625,"description":"Paris 08, \u00cele-de-France, 75008, FR"},"jetpack_publicize_connections":[],"jetpack_featured_media_url":"https:\/\/www.wallendorff.com\/belogue\/wp-content\/uploads\/2020\/08\/20200820.jpg","jetpack_shortlink":"https:\/\/wp.me\/p3b35P-c85","jetpack_sharing_enabled":true,"jetpack-related-posts":[{"id":124156,"url":"https:\/\/www.wallendorff.com\/belogue\/2023\/04\/05\/citrons-verres\/","url_meta":{"origin":46629,"position":0},"title":"Citrons-verres.","author":"dpc","date":"5 avril 2023","format":false,"excerpt":"\u00c9glise de la Madeleine, Paris, 9 f\u00e9vrier 2023.","rel":"","context":"Dans &quot;DPC&quot;","block_context":{"text":"DPC","link":"https:\/\/www.wallendorff.com\/belogue\/category\/dpc-en\/"},"img":{"alt_text":"","src":"https:\/\/i0.wp.com\/www.wallendorff.com\/belogue\/wp-content\/uploads\/2023\/04\/20230405-01.jpg?resize=350%2C200&ssl=1","width":350,"height":200,"srcset":"https:\/\/i0.wp.com\/www.wallendorff.com\/belogue\/wp-content\/uploads\/2023\/04\/20230405-01.jpg?resize=350%2C200&ssl=1 1x, https:\/\/i0.wp.com\/www.wallendorff.com\/belogue\/wp-content\/uploads\/2023\/04\/20230405-01.jpg?resize=525%2C300&ssl=1 1.5x, https:\/\/i0.wp.com\/www.wallendorff.com\/belogue\/wp-content\/uploads\/2023\/04\/20230405-01.jpg?resize=700%2C400&ssl=1 2x, https:\/\/i0.wp.com\/www.wallendorff.com\/belogue\/wp-content\/uploads\/2023\/04\/20230405-01.jpg?resize=1050%2C600&ssl=1 3x"},"classes":[]},{"id":448,"url":"https:\/\/www.wallendorff.com\/belogue\/2005\/03\/06\/grand-pere-haut-rit-d-eau\/","url_meta":{"origin":46629,"position":1},"title":"Grand-p&egrave;re haut rit d&rsquo;eau.","author":"dpc","date":"6 mars 2005","format":false,"excerpt":"\u00c9glise St-S\u00e9verin, Paris, 24 f\u00e9vrier. \"It's another sunny afternoon Yeah I've been walking to the sound of my favorite tune Tomorrow never knows what it doesn't know too soon\" \u00a0Oasis \u2013 Morning Glory","rel":"","context":"Dans &quot;DPC&quot;","block_context":{"text":"DPC","link":"https:\/\/www.wallendorff.com\/belogue\/category\/dpc\/"},"img":{"alt_text":"","src":"https:\/\/i0.wp.com\/www.wallendorff.com\/belogue\/wp-content\/uploads\/2015\/04\/20050306-011.jpg?resize=350%2C200&ssl=1","width":350,"height":200},"classes":[]},{"id":9678,"url":"https:\/\/www.wallendorff.com\/belogue\/2010\/10\/17\/due-nef-avec-du-vieux\/","url_meta":{"origin":46629,"position":2},"title":"Due nef (avec du vieux).","author":"dpc","date":"17 octobre 2010","format":false,"excerpt":"\u00c9glise Saint-Sulpice, Paris, 21 ao\u00fbt. \u00a0The Flaming Lips \u2013 Thank You Jack White (for the Fiber-Optic Jesus That You Gave Me)","rel":"","context":"Dans &quot;DPC&quot;","block_context":{"text":"DPC","link":"https:\/\/www.wallendorff.com\/belogue\/category\/dpc\/"},"img":{"alt_text":"","src":"https:\/\/i0.wp.com\/www.wallendorff.com\/belogue\/wp-content\/uploads\/2015\/04\/201010171.jpg?resize=350%2C200&ssl=1","width":350,"height":200,"srcset":"https:\/\/i0.wp.com\/www.wallendorff.com\/belogue\/wp-content\/uploads\/2015\/04\/201010171.jpg?resize=350%2C200&ssl=1 1x, https:\/\/i0.wp.com\/www.wallendorff.com\/belogue\/wp-content\/uploads\/2015\/04\/201010171.jpg?resize=525%2C300&ssl=1 1.5x"},"classes":[]},{"id":43433,"url":"https:\/\/www.wallendorff.com\/belogue\/2019\/08\/08\/contre-plongee-no-3-012\/","url_meta":{"origin":46629,"position":3},"title":"Contre-plong\u00e9e no 3&nbsp;012.","author":"dpc","date":"8 ao\u00fbt 2019","format":false,"excerpt":"\u00c9glise Votive, Vienne, 23 mars 2019. Blinded by the Lies Yak","rel":"","context":"Dans &quot;DPC&quot;","block_context":{"text":"DPC","link":"https:\/\/www.wallendorff.com\/belogue\/category\/dpc\/"},"img":{"alt_text":"\u00c9glise Votive, Vienne, 23 mars 2019.","src":"https:\/\/i0.wp.com\/www.wallendorff.com\/belogue\/wp-content\/uploads\/2019\/08\/20190808.jpg?resize=350%2C200&ssl=1","width":350,"height":200,"srcset":"https:\/\/i0.wp.com\/www.wallendorff.com\/belogue\/wp-content\/uploads\/2019\/08\/20190808.jpg?resize=350%2C200&ssl=1 1x, https:\/\/i0.wp.com\/www.wallendorff.com\/belogue\/wp-content\/uploads\/2019\/08\/20190808.jpg?resize=525%2C300&ssl=1 1.5x, https:\/\/i0.wp.com\/www.wallendorff.com\/belogue\/wp-content\/uploads\/2019\/08\/20190808.jpg?resize=700%2C400&ssl=1 2x"},"classes":[]},{"id":135723,"url":"https:\/\/www.wallendorff.com\/belogue\/2026\/04\/08\/perissent-ils\/","url_meta":{"origin":46629,"position":4},"title":"P\u00e9rissent-ils.","author":"dpc","date":"8 avril 2026","format":false,"excerpt":"Place de la Madeleine, Paris, 26 janvier 2026.","rel":"","context":"Dans &quot;DPC&quot;","block_context":{"text":"DPC","link":"https:\/\/www.wallendorff.com\/belogue\/category\/dpc\/"},"img":{"alt_text":"","src":"https:\/\/i0.wp.com\/www.wallendorff.com\/belogue\/wp-content\/uploads\/2026\/04\/20260408.jpg?resize=350%2C200&ssl=1","width":350,"height":200,"srcset":"https:\/\/i0.wp.com\/www.wallendorff.com\/belogue\/wp-content\/uploads\/2026\/04\/20260408.jpg?resize=350%2C200&ssl=1 1x, https:\/\/i0.wp.com\/www.wallendorff.com\/belogue\/wp-content\/uploads\/2026\/04\/20260408.jpg?resize=525%2C300&ssl=1 1.5x, https:\/\/i0.wp.com\/www.wallendorff.com\/belogue\/wp-content\/uploads\/2026\/04\/20260408.jpg?resize=700%2C400&ssl=1 2x, https:\/\/i0.wp.com\/www.wallendorff.com\/belogue\/wp-content\/uploads\/2026\/04\/20260408.jpg?resize=1050%2C600&ssl=1 3x"},"classes":[]},{"id":417,"url":"https:\/\/www.wallendorff.com\/belogue\/2005\/04\/03\/le-buis-et-l-hauteur\/","url_meta":{"origin":46629,"position":5},"title":"Le buis et l&rsquo;hauteur&sup1;.","author":"dpc","date":"3 avril 2005","format":false,"excerpt":"\u00c9glise St-Sulpice, Paris, 23 mars. \u201cI'll be the one that show you the way You'll be the one that always complain\u201d [je m'en lasse pas, de ces mp3 \u00e0 ins\u00e9rer.] \/Edit: Le nouveau single des White Stripes, Blue Orchid, sortirait le 19 avril. \u00c0 confirmer. Source: ici via l\u00e0. ______\u2026","rel":"","context":"Dans &quot;DPC&quot;","block_context":{"text":"DPC","link":"https:\/\/www.wallendorff.com\/belogue\/category\/dpc\/"},"img":{"alt_text":"","src":"https:\/\/i0.wp.com\/www.wallendorff.com\/belogue\/wp-content\/uploads\/2015\/04\/200504031.jpg?resize=350%2C200&ssl=1","width":350,"height":200},"classes":[]}],"_links":{"self":[{"href":"https:\/\/www.wallendorff.com\/belogue\/wp-json\/wp\/v2\/posts\/46629","targetHints":{"allow":["GET"]}}],"collection":[{"href":"https:\/\/www.wallendorff.com\/belogue\/wp-json\/wp\/v2\/posts"}],"about":[{"href":"https:\/\/www.wallendorff.com\/belogue\/wp-json\/wp\/v2\/types\/post"}],"author":[{"embeddable":true,"href":"https:\/\/www.wallendorff.com\/belogue\/wp-json\/wp\/v2\/users\/1"}],"replies":[{"embeddable":true,"href":"https:\/\/www.wallendorff.com\/belogue\/wp-json\/wp\/v2\/comments?post=46629"}],"version-history":[{"count":2,"href":"https:\/\/www.wallendorff.com\/belogue\/wp-json\/wp\/v2\/posts\/46629\/revisions"}],"predecessor-version":[{"id":124166,"href":"https:\/\/www.wallendorff.com\/belogue\/wp-json\/wp\/v2\/posts\/46629\/revisions\/124166"}],"wp:featuredmedia":[{"embeddable":true,"href":"https:\/\/www.wallendorff.com\/belogue\/wp-json\/wp\/v2\/media\/46632"}],"wp:attachment":[{"href":"https:\/\/www.wallendorff.com\/belogue\/wp-json\/wp\/v2\/media?parent=46629"}],"wp:term":[{"taxonomy":"category","embeddable":true,"href":"https:\/\/www.wallendorff.com\/belogue\/wp-json\/wp\/v2\/categories?post=46629"},{"taxonomy":"post_tag","embeddable":true,"href":"https:\/\/www.wallendorff.com\/belogue\/wp-json\/wp\/v2\/tags?post=46629"}],"curies":[{"name":"wp","href":"https:\/\/api.w.org\/{rel}","templated":true}]}}