{"id":46530,"date":"2020-08-07T13:12:13","date_gmt":"2020-08-07T11:12:13","guid":{"rendered":"http:\/\/www.wallendorff.com\/belogue\/?p=46530"},"modified":"2020-08-07T13:12:13","modified_gmt":"2020-08-07T11:12:13","slug":"et-aye-dont","status":"publish","type":"post","link":"https:\/\/www.wallendorff.com\/belogue\/2020\/08\/07\/et-aye-dont\/","title":{"rendered":"Et a\u00ffe dont."},"content":{"rendered":"<div id=\"photo\">\n<p><img decoding=\"async\" src=\"https:\/\/www.wallendorff.com\/belogue\/wp-content\/uploads\/2020\/08\/20200807.jpg\"><br \/>\nPasserelle Mornay, Paris, 29 mai 2020.<\/p>\n<\/div>\n<p style=\"text-align: right;\">Et c&rsquo;est apr\u00e8s divers probl\u00e8mes techniques qu&rsquo;il r\u00e9apparut subitement comme si de rien n&rsquo;\u00e9tait.<\/p>\n<p style=\"text-align: right;\">\u00c7a va, vous autres ?<\/p>\n<div id=\"bandeson\">\n<p><img decoding=\"async\" src=\"https:\/\/www.wallendorff.com\/belogue\/photo\/pochettes\/m\/muzz-muzz.jpg\" align=\"left\"><a id=\"lienmp3\" style=\"font-weight: normal;\" href=\"http:\/\/www.youtube.com\/watch?v=BMb1oG4sVGM\"><em>Knuckleduster<\/em><\/a><br \/>\n<a href=\"https:\/\/www.muzztheband.com\/\">Muzz<\/a><\/p>\n<\/div>\n","protected":false},"excerpt":{"rendered":"<p>Passerelle Mornay, Paris, 29 mai 2020. Et c&rsquo;est apr\u00e8s divers probl\u00e8mes techniques qu&rsquo;il r\u00e9apparut subitement comme si de rien n&rsquo;\u00e9tait. \u00c7a va, vous autres ? Knuckleduster Muzz<\/p>\n","protected":false},"author":1,"featured_media":46531,"comment_status":"open","ping_status":"open","sticky":false,"template":"","format":"standard","meta":{"_acf_changed":false,"ngg_post_thumbnail":0,"jetpack_post_was_ever_published":false,"_jetpack_newsletter_access":"","_jetpack_dont_email_post_to_subs":false,"_jetpack_newsletter_tier_id":0,"_jetpack_memberships_contains_paywalled_content":false,"_jetpack_memberships_contains_paid_content":false,"footnotes":"","jetpack_publicize_message":"","jetpack_publicize_feature_enabled":true,"jetpack_social_post_already_shared":true,"jetpack_social_options":{"image_generator_settings":{"template":"highway","default_image_id":0,"font":"","enabled":false},"version":2}},"categories":[3],"tags":[10277,10271,16378,10358,10311,10120,15878,15597,10121,16426,16404,10147,10098,4519,11709],"class_list":["post-46530","post","type-post","status-publish","format-standard","has-post-thumbnail","hentry","category-dpc","tag-10277","tag-10271","tag-boulevard-bourdon","tag-canal-saint-martin","tag-dos","tag-france","tag-fujifilm-x-t3","tag-fujinon-xf-16-mm-f-1-4-wr","tag-ile-de-france","tag-knuckleduster","tag-muzz","tag-nuit","tag-paris","tag-passerelle-mornay","tag-port-de-larsenal"],"acf":[],"geo":{"latitude":48.8492699,"longitude":2.3668294,"description":"Paris 11, \u00cele-de-France, 75011, FR"},"jetpack_publicize_connections":[],"jetpack_featured_media_url":"https:\/\/www.wallendorff.com\/belogue\/wp-content\/uploads\/2020\/08\/20200807.jpg","jetpack_shortlink":"https:\/\/wp.me\/p3b35P-c6u","jetpack_sharing_enabled":true,"jetpack-related-posts":[{"id":109,"url":"https:\/\/www.wallendorff.com\/belogue\/2006\/03\/27\/illumination-1\/","url_meta":{"origin":46530,"position":0},"title":"Illumination #1.","author":"dpc","date":"27 mars 2006","format":false,"excerpt":"Passerelle Bidule, Paris, 15 mars, 22h18. En fait, \u00eatre \u00e0 la maison, c'est quand les 5 et les 7 sur les plaques des voitures sont dans le bon ordre. \u00a0The Kills \u2013 Rodeo Town","rel":"","context":"Dans &quot;DPC&quot;","block_context":{"text":"DPC","link":"https:\/\/www.wallendorff.com\/belogue\/category\/dpc\/"},"img":{"alt_text":"","src":"https:\/\/i0.wp.com\/www.wallendorff.com\/belogue\/wp-content\/uploads\/2015\/04\/200603271.jpg?resize=350%2C200&ssl=1","width":350,"height":200},"classes":[]},{"id":47836,"url":"https:\/\/www.wallendorff.com\/belogue\/2021\/02\/15\/tot-cadero-ii\/","url_meta":{"origin":46530,"position":1},"title":"T\u00f4t-cad\u00e9ro [II].","author":"dpc","date":"15 f\u00e9vrier 2021","format":false,"excerpt":"Parvis des Droits-de-l'Homme, Paris, 7 novembre 2020. Chubby Checker Muzz","rel":"","context":"Dans &quot;Into the wide&quot;","block_context":{"text":"Into the wide","link":"https:\/\/www.wallendorff.com\/belogue\/category\/into-the-wide\/"},"img":{"alt_text":"","src":"https:\/\/i0.wp.com\/www.wallendorff.com\/belogue\/wp-content\/uploads\/2021\/02\/20210215.jpg?resize=350%2C200&ssl=1","width":350,"height":200,"srcset":"https:\/\/i0.wp.com\/www.wallendorff.com\/belogue\/wp-content\/uploads\/2021\/02\/20210215.jpg?resize=350%2C200&ssl=1 1x, https:\/\/i0.wp.com\/www.wallendorff.com\/belogue\/wp-content\/uploads\/2021\/02\/20210215.jpg?resize=525%2C300&ssl=1 1.5x, https:\/\/i0.wp.com\/www.wallendorff.com\/belogue\/wp-content\/uploads\/2021\/02\/20210215.jpg?resize=700%2C400&ssl=1 2x, https:\/\/i0.wp.com\/www.wallendorff.com\/belogue\/wp-content\/uploads\/2021\/02\/20210215.jpg?resize=1050%2C600&ssl=1 3x"},"classes":[]},{"id":50312,"url":"https:\/\/www.wallendorff.com\/belogue\/2021\/12\/18\/into-the-wide-236\/","url_meta":{"origin":46530,"position":2},"title":"Into the wide #236.","author":"dpc","date":"18 d\u00e9cembre 2021","format":false,"excerpt":"Pont Samuel Beckett, Dublin, 9 octobre 2021.Ne g\u00e2che pas l'aventure humaine The Limi\u00f1anas & Laurent Garnier","rel":"","context":"Dans &quot;Into the wide&quot;","block_context":{"text":"Into the wide","link":"https:\/\/www.wallendorff.com\/belogue\/category\/into-the-wide\/"},"img":{"alt_text":"","src":"https:\/\/i0.wp.com\/www.wallendorff.com\/belogue\/wp-content\/uploads\/2021\/12\/20211218.jpg?resize=350%2C200&ssl=1","width":350,"height":200,"srcset":"https:\/\/i0.wp.com\/www.wallendorff.com\/belogue\/wp-content\/uploads\/2021\/12\/20211218.jpg?resize=350%2C200&ssl=1 1x, https:\/\/i0.wp.com\/www.wallendorff.com\/belogue\/wp-content\/uploads\/2021\/12\/20211218.jpg?resize=525%2C300&ssl=1 1.5x, https:\/\/i0.wp.com\/www.wallendorff.com\/belogue\/wp-content\/uploads\/2021\/12\/20211218.jpg?resize=700%2C400&ssl=1 2x, https:\/\/i0.wp.com\/www.wallendorff.com\/belogue\/wp-content\/uploads\/2021\/12\/20211218.jpg?resize=1050%2C600&ssl=1 3x"},"classes":[]},{"id":49918,"url":"https:\/\/www.wallendorff.com\/belogue\/2021\/10\/31\/octobre-2021\/","url_meta":{"origin":46530,"position":3},"title":"Octobre 2021.","author":"dpc","date":"31 octobre 2021","format":false,"excerpt":"Un train, un resto, un spectacle, une passerelle, un spectacle, une bo\u00eete, un bar, un nuage, un lac, un train, un coucher de soleil, une lecture, un buste, un clocher, un ap\u00e9ro, un RER, un a\u00e9roport, un avion, un a\u00e9roport, un hurling, un handball ga\u00e9lique, un pub, un mur, un\u2026","rel":"","context":"Dans &quot;Blog-note&quot;","block_context":{"text":"Blog-note","link":"https:\/\/www.wallendorff.com\/belogue\/category\/blog-note\/"},"img":{"alt_text":"","src":"https:\/\/i0.wp.com\/www.wallendorff.com\/belogue\/wp-content\/uploads\/2021\/11\/20211115-60.jpg?resize=350%2C200&ssl=1","width":350,"height":200,"srcset":"https:\/\/i0.wp.com\/www.wallendorff.com\/belogue\/wp-content\/uploads\/2021\/11\/20211115-60.jpg?resize=350%2C200&ssl=1 1x, https:\/\/i0.wp.com\/www.wallendorff.com\/belogue\/wp-content\/uploads\/2021\/11\/20211115-60.jpg?resize=525%2C300&ssl=1 1.5x, https:\/\/i0.wp.com\/www.wallendorff.com\/belogue\/wp-content\/uploads\/2021\/11\/20211115-60.jpg?resize=700%2C400&ssl=1 2x, https:\/\/i0.wp.com\/www.wallendorff.com\/belogue\/wp-content\/uploads\/2021\/11\/20211115-60.jpg?resize=1050%2C600&ssl=1 3x"},"classes":[]},{"id":47770,"url":"https:\/\/www.wallendorff.com\/belogue\/2021\/02\/01\/souvent-femme-va-rire\/","url_meta":{"origin":46530,"position":4},"title":"Souvent femme va rire.","author":"dpc","date":"1 f\u00e9vrier 2021","format":false,"excerpt":"Palais du Louvre, Paris, 15 octobre 2020. Fade into You (Mazzy Star cover) Muzz\u00a0","rel":"","context":"Dans &quot;DPC&quot;","block_context":{"text":"DPC","link":"https:\/\/www.wallendorff.com\/belogue\/category\/dpc\/"},"img":{"alt_text":"","src":"https:\/\/i0.wp.com\/www.wallendorff.com\/belogue\/wp-content\/uploads\/2021\/02\/20210201.jpg?resize=350%2C200&ssl=1","width":350,"height":200,"srcset":"https:\/\/i0.wp.com\/www.wallendorff.com\/belogue\/wp-content\/uploads\/2021\/02\/20210201.jpg?resize=350%2C200&ssl=1 1x, https:\/\/i0.wp.com\/www.wallendorff.com\/belogue\/wp-content\/uploads\/2021\/02\/20210201.jpg?resize=525%2C300&ssl=1 1.5x, https:\/\/i0.wp.com\/www.wallendorff.com\/belogue\/wp-content\/uploads\/2021\/02\/20210201.jpg?resize=700%2C400&ssl=1 2x, https:\/\/i0.wp.com\/www.wallendorff.com\/belogue\/wp-content\/uploads\/2021\/02\/20210201.jpg?resize=1050%2C600&ssl=1 3x"},"classes":[]},{"id":48249,"url":"https:\/\/www.wallendorff.com\/belogue\/2021\/04\/16\/flarque-de-triomphque\/","url_meta":{"origin":46530,"position":5},"title":"Flarque de triomphque","author":"dpc","date":"16 avril 2021","format":false,"excerpt":"Place Charles-de-Gaulle, Paris, 7 janvier 2021. Nobody Wants a Lonely Heart (Arthur Russell cover) Muzz\u00a0","rel":"","context":"Dans &quot;DPC&quot;","block_context":{"text":"DPC","link":"https:\/\/www.wallendorff.com\/belogue\/category\/dpc\/"},"img":{"alt_text":"","src":"https:\/\/i0.wp.com\/www.wallendorff.com\/belogue\/wp-content\/uploads\/2021\/04\/20210416.jpg?resize=350%2C200&ssl=1","width":350,"height":200,"srcset":"https:\/\/i0.wp.com\/www.wallendorff.com\/belogue\/wp-content\/uploads\/2021\/04\/20210416.jpg?resize=350%2C200&ssl=1 1x, https:\/\/i0.wp.com\/www.wallendorff.com\/belogue\/wp-content\/uploads\/2021\/04\/20210416.jpg?resize=525%2C300&ssl=1 1.5x, https:\/\/i0.wp.com\/www.wallendorff.com\/belogue\/wp-content\/uploads\/2021\/04\/20210416.jpg?resize=700%2C400&ssl=1 2x"},"classes":[]}],"_links":{"self":[{"href":"https:\/\/www.wallendorff.com\/belogue\/wp-json\/wp\/v2\/posts\/46530","targetHints":{"allow":["GET"]}}],"collection":[{"href":"https:\/\/www.wallendorff.com\/belogue\/wp-json\/wp\/v2\/posts"}],"about":[{"href":"https:\/\/www.wallendorff.com\/belogue\/wp-json\/wp\/v2\/types\/post"}],"author":[{"embeddable":true,"href":"https:\/\/www.wallendorff.com\/belogue\/wp-json\/wp\/v2\/users\/1"}],"replies":[{"embeddable":true,"href":"https:\/\/www.wallendorff.com\/belogue\/wp-json\/wp\/v2\/comments?post=46530"}],"version-history":[{"count":1,"href":"https:\/\/www.wallendorff.com\/belogue\/wp-json\/wp\/v2\/posts\/46530\/revisions"}],"predecessor-version":[{"id":46532,"href":"https:\/\/www.wallendorff.com\/belogue\/wp-json\/wp\/v2\/posts\/46530\/revisions\/46532"}],"wp:featuredmedia":[{"embeddable":true,"href":"https:\/\/www.wallendorff.com\/belogue\/wp-json\/wp\/v2\/media\/46531"}],"wp:attachment":[{"href":"https:\/\/www.wallendorff.com\/belogue\/wp-json\/wp\/v2\/media?parent=46530"}],"wp:term":[{"taxonomy":"category","embeddable":true,"href":"https:\/\/www.wallendorff.com\/belogue\/wp-json\/wp\/v2\/categories?post=46530"},{"taxonomy":"post_tag","embeddable":true,"href":"https:\/\/www.wallendorff.com\/belogue\/wp-json\/wp\/v2\/tags?post=46530"}],"curies":[{"name":"wp","href":"https:\/\/api.w.org\/{rel}","templated":true}]}}