{"id":46181,"date":"2020-07-21T09:11:03","date_gmt":"2020-07-21T07:11:03","guid":{"rendered":"http:\/\/www.wallendorff.com\/belogue\/?p=46181"},"modified":"2020-07-21T09:11:03","modified_gmt":"2020-07-21T07:11:03","slug":"8-ans-de-paleo-festival-2014","status":"publish","type":"post","link":"https:\/\/www.wallendorff.com\/belogue\/2020\/07\/21\/8-ans-de-paleo-festival-2014\/","title":{"rendered":"8 ans de Pal\u00e9o Festival : 2014."},"content":{"rendered":"<div id=\"photo\">\n<p><img decoding=\"async\" src=\"https:\/\/www.wallendorff.com\/belogue\/wp-content\/uploads\/2020\/07\/20200721-36.jpg\"><\/p>\n<\/div>\n<div id='gallery-1' class='gallery galleryid-46181 gallery-columns-1 gallery-size-large'><figure class='gallery-item'>\n\t\t\t<div class='gallery-icon landscape'>\n\t\t\t\t<a href='https:\/\/www.wallendorff.com\/belogue\/paleo-festival-nyon-22-07-2014\/'><img fetchpriority=\"high\" decoding=\"async\" width=\"1170\" height=\"780\" src=\"https:\/\/www.wallendorff.com\/belogue\/wp-content\/uploads\/2020\/07\/20200721-01.jpg\" class=\"attachment-large size-large\" alt=\"\" aria-describedby=\"gallery-1-46182\" srcset=\"https:\/\/www.wallendorff.com\/belogue\/wp-content\/uploads\/2020\/07\/20200721-01.jpg 1170w, https:\/\/www.wallendorff.com\/belogue\/wp-content\/uploads\/2020\/07\/20200721-01-820x547.jpg 820w, https:\/\/www.wallendorff.com\/belogue\/wp-content\/uploads\/2020\/07\/20200721-01-1116x744.jpg 1116w, https:\/\/www.wallendorff.com\/belogue\/wp-content\/uploads\/2020\/07\/20200721-01-806x537.jpg 806w, https:\/\/www.wallendorff.com\/belogue\/wp-content\/uploads\/2020\/07\/20200721-01-558x372.jpg 558w, https:\/\/www.wallendorff.com\/belogue\/wp-content\/uploads\/2020\/07\/20200721-01-655x437.jpg 655w, https:\/\/www.wallendorff.com\/belogue\/wp-content\/uploads\/2020\/07\/20200721-01-600x400.jpg 600w\" sizes=\"(max-width: 1170px) 100vw, 1170px\" \/><\/a>\n\t\t\t<\/div>\n\t\t\t\t<figcaption class='wp-caption-text gallery-caption' id='gallery-1-46182'>\n\t\t\t\tPal\u00e9o Festival, Nyon, 22\/07\/2014\n\t\t\t\t<\/figcaption><\/figure><figure class='gallery-item'>\n\t\t\t<div class='gallery-icon portrait'>\n\t\t\t\t<a href='https:\/\/www.wallendorff.com\/belogue\/paleo-festival-nyon-22-07-2014-2\/'><img decoding=\"async\" width=\"780\" height=\"1170\" src=\"https:\/\/www.wallendorff.com\/belogue\/wp-content\/uploads\/2020\/07\/20200721-02.jpg\" class=\"attachment-large size-large\" alt=\"\" aria-describedby=\"gallery-1-46183\" srcset=\"https:\/\/www.wallendorff.com\/belogue\/wp-content\/uploads\/2020\/07\/20200721-02.jpg 780w, https:\/\/www.wallendorff.com\/belogue\/wp-content\/uploads\/2020\/07\/20200721-02-558x837.jpg 558w, https:\/\/www.wallendorff.com\/belogue\/wp-content\/uploads\/2020\/07\/20200721-02-655x983.jpg 655w, https:\/\/www.wallendorff.com\/belogue\/wp-content\/uploads\/2020\/07\/20200721-02-600x900.jpg 600w\" sizes=\"(max-width: 780px) 100vw, 780px\" \/><\/a>\n\t\t\t<\/div>\n\t\t\t\t<figcaption class='wp-caption-text gallery-caption' id='gallery-1-46183'>\n\t\t\t\tPal\u00e9o Festival, Nyon, 22\/07\/2014\n\t\t\t\t<\/figcaption><\/figure><figure class='gallery-item'>\n\t\t\t<div class='gallery-icon landscape'>\n\t\t\t\t<a href='https:\/\/www.wallendorff.com\/belogue\/paleo-festival-nyon-22-07-2014-3\/'><img decoding=\"async\" width=\"1170\" height=\"780\" src=\"https:\/\/www.wallendorff.com\/belogue\/wp-content\/uploads\/2020\/07\/20200721-03.jpg\" class=\"attachment-large size-large\" alt=\"\" aria-describedby=\"gallery-1-46184\" srcset=\"https:\/\/www.wallendorff.com\/belogue\/wp-content\/uploads\/2020\/07\/20200721-03.jpg 1170w, https:\/\/www.wallendorff.com\/belogue\/wp-content\/uploads\/2020\/07\/20200721-03-820x547.jpg 820w, https:\/\/www.wallendorff.com\/belogue\/wp-content\/uploads\/2020\/07\/20200721-03-1116x744.jpg 1116w, https:\/\/www.wallendorff.com\/belogue\/wp-content\/uploads\/2020\/07\/20200721-03-806x537.jpg 806w, https:\/\/www.wallendorff.com\/belogue\/wp-content\/uploads\/2020\/07\/20200721-03-558x372.jpg 558w, https:\/\/www.wallendorff.com\/belogue\/wp-content\/uploads\/2020\/07\/20200721-03-655x437.jpg 655w, https:\/\/www.wallendorff.com\/belogue\/wp-content\/uploads\/2020\/07\/20200721-03-600x400.jpg 600w\" sizes=\"(max-width: 1170px) 100vw, 1170px\" \/><\/a>\n\t\t\t<\/div>\n\t\t\t\t<figcaption class='wp-caption-text gallery-caption' id='gallery-1-46184'>\n\t\t\t\tPal\u00e9o Festival, Nyon, 22\/07\/2014\n\t\t\t\t<\/figcaption><\/figure><figure class='gallery-item'>\n\t\t\t<div class='gallery-icon landscape'>\n\t\t\t\t<a href='https:\/\/www.wallendorff.com\/belogue\/m-i-a-paleo-festival-nyon-22-07-2014\/'><img loading=\"lazy\" decoding=\"async\" width=\"1170\" height=\"780\" src=\"https:\/\/www.wallendorff.com\/belogue\/wp-content\/uploads\/2020\/07\/20200721-04.jpg\" class=\"attachment-large size-large\" alt=\"\" aria-describedby=\"gallery-1-46185\" srcset=\"https:\/\/www.wallendorff.com\/belogue\/wp-content\/uploads\/2020\/07\/20200721-04.jpg 1170w, https:\/\/www.wallendorff.com\/belogue\/wp-content\/uploads\/2020\/07\/20200721-04-820x547.jpg 820w, https:\/\/www.wallendorff.com\/belogue\/wp-content\/uploads\/2020\/07\/20200721-04-1116x744.jpg 1116w, https:\/\/www.wallendorff.com\/belogue\/wp-content\/uploads\/2020\/07\/20200721-04-806x537.jpg 806w, https:\/\/www.wallendorff.com\/belogue\/wp-content\/uploads\/2020\/07\/20200721-04-558x372.jpg 558w, https:\/\/www.wallendorff.com\/belogue\/wp-content\/uploads\/2020\/07\/20200721-04-655x437.jpg 655w, https:\/\/www.wallendorff.com\/belogue\/wp-content\/uploads\/2020\/07\/20200721-04-600x400.jpg 600w\" sizes=\"(max-width: 1170px) 100vw, 1170px\" \/><\/a>\n\t\t\t<\/div>\n\t\t\t\t<figcaption class='wp-caption-text gallery-caption' id='gallery-1-46185'>\n\t\t\t\tM.I.A. @ Pal\u00e9o Festival, Nyon, 22\/07\/2014\n\t\t\t\t<\/figcaption><\/figure><figure class='gallery-item'>\n\t\t\t<div class='gallery-icon landscape'>\n\t\t\t\t<a href='https:\/\/www.wallendorff.com\/belogue\/paleo-festival-nyon-23-07-2014\/'><img loading=\"lazy\" decoding=\"async\" width=\"1170\" height=\"780\" src=\"https:\/\/www.wallendorff.com\/belogue\/wp-content\/uploads\/2020\/07\/20200721-05.jpg\" class=\"attachment-large size-large\" alt=\"\" aria-describedby=\"gallery-1-46186\" srcset=\"https:\/\/www.wallendorff.com\/belogue\/wp-content\/uploads\/2020\/07\/20200721-05.jpg 1170w, https:\/\/www.wallendorff.com\/belogue\/wp-content\/uploads\/2020\/07\/20200721-05-820x547.jpg 820w, https:\/\/www.wallendorff.com\/belogue\/wp-content\/uploads\/2020\/07\/20200721-05-1116x744.jpg 1116w, https:\/\/www.wallendorff.com\/belogue\/wp-content\/uploads\/2020\/07\/20200721-05-806x537.jpg 806w, https:\/\/www.wallendorff.com\/belogue\/wp-content\/uploads\/2020\/07\/20200721-05-558x372.jpg 558w, https:\/\/www.wallendorff.com\/belogue\/wp-content\/uploads\/2020\/07\/20200721-05-655x437.jpg 655w, https:\/\/www.wallendorff.com\/belogue\/wp-content\/uploads\/2020\/07\/20200721-05-600x400.jpg 600w\" sizes=\"(max-width: 1170px) 100vw, 1170px\" \/><\/a>\n\t\t\t<\/div>\n\t\t\t\t<figcaption class='wp-caption-text gallery-caption' id='gallery-1-46186'>\n\t\t\t\tPal\u00e9o Festival, Nyon, 23\/07\/2014\n\t\t\t\t<\/figcaption><\/figure><figure class='gallery-item'>\n\t\t\t<div class='gallery-icon landscape'>\n\t\t\t\t<a href='https:\/\/www.wallendorff.com\/belogue\/paleo-festival-nyon-23-07-2014-2\/'><img loading=\"lazy\" decoding=\"async\" width=\"1170\" height=\"780\" src=\"https:\/\/www.wallendorff.com\/belogue\/wp-content\/uploads\/2020\/07\/20200721-06.jpg\" class=\"attachment-large size-large\" alt=\"\" aria-describedby=\"gallery-1-46187\" srcset=\"https:\/\/www.wallendorff.com\/belogue\/wp-content\/uploads\/2020\/07\/20200721-06.jpg 1170w, https:\/\/www.wallendorff.com\/belogue\/wp-content\/uploads\/2020\/07\/20200721-06-820x547.jpg 820w, https:\/\/www.wallendorff.com\/belogue\/wp-content\/uploads\/2020\/07\/20200721-06-1116x744.jpg 1116w, https:\/\/www.wallendorff.com\/belogue\/wp-content\/uploads\/2020\/07\/20200721-06-806x537.jpg 806w, https:\/\/www.wallendorff.com\/belogue\/wp-content\/uploads\/2020\/07\/20200721-06-558x372.jpg 558w, https:\/\/www.wallendorff.com\/belogue\/wp-content\/uploads\/2020\/07\/20200721-06-655x437.jpg 655w, https:\/\/www.wallendorff.com\/belogue\/wp-content\/uploads\/2020\/07\/20200721-06-600x400.jpg 600w\" sizes=\"(max-width: 1170px) 100vw, 1170px\" \/><\/a>\n\t\t\t<\/div>\n\t\t\t\t<figcaption class='wp-caption-text gallery-caption' id='gallery-1-46187'>\n\t\t\t\tPal\u00e9o Festival, Nyon, 23\/07\/2014\n\t\t\t\t<\/figcaption><\/figure><figure class='gallery-item'>\n\t\t\t<div class='gallery-icon portrait'>\n\t\t\t\t<a href='https:\/\/www.wallendorff.com\/belogue\/paleo-festival-nyon-23-07-2014-3\/'><img loading=\"lazy\" decoding=\"async\" width=\"780\" height=\"1170\" src=\"https:\/\/www.wallendorff.com\/belogue\/wp-content\/uploads\/2020\/07\/20200721-07.jpg\" class=\"attachment-large size-large\" alt=\"\" aria-describedby=\"gallery-1-46188\" srcset=\"https:\/\/www.wallendorff.com\/belogue\/wp-content\/uploads\/2020\/07\/20200721-07.jpg 780w, https:\/\/www.wallendorff.com\/belogue\/wp-content\/uploads\/2020\/07\/20200721-07-558x837.jpg 558w, https:\/\/www.wallendorff.com\/belogue\/wp-content\/uploads\/2020\/07\/20200721-07-655x983.jpg 655w, https:\/\/www.wallendorff.com\/belogue\/wp-content\/uploads\/2020\/07\/20200721-07-600x900.jpg 600w\" sizes=\"(max-width: 780px) 100vw, 780px\" \/><\/a>\n\t\t\t<\/div>\n\t\t\t\t<figcaption class='wp-caption-text gallery-caption' id='gallery-1-46188'>\n\t\t\t\tPal\u00e9o Festival, Nyon, 23\/07\/2014\n\t\t\t\t<\/figcaption><\/figure><figure class='gallery-item'>\n\t\t\t<div class='gallery-icon landscape'>\n\t\t\t\t<a href='https:\/\/www.wallendorff.com\/belogue\/seasick-steve-paleo-festival-nyon-23-07-2014\/'><img loading=\"lazy\" decoding=\"async\" width=\"1170\" height=\"780\" src=\"https:\/\/www.wallendorff.com\/belogue\/wp-content\/uploads\/2020\/07\/20200721-08.jpg\" class=\"attachment-large size-large\" alt=\"\" aria-describedby=\"gallery-1-46189\" srcset=\"https:\/\/www.wallendorff.com\/belogue\/wp-content\/uploads\/2020\/07\/20200721-08.jpg 1170w, https:\/\/www.wallendorff.com\/belogue\/wp-content\/uploads\/2020\/07\/20200721-08-820x547.jpg 820w, https:\/\/www.wallendorff.com\/belogue\/wp-content\/uploads\/2020\/07\/20200721-08-1116x744.jpg 1116w, https:\/\/www.wallendorff.com\/belogue\/wp-content\/uploads\/2020\/07\/20200721-08-806x537.jpg 806w, https:\/\/www.wallendorff.com\/belogue\/wp-content\/uploads\/2020\/07\/20200721-08-558x372.jpg 558w, https:\/\/www.wallendorff.com\/belogue\/wp-content\/uploads\/2020\/07\/20200721-08-655x437.jpg 655w, https:\/\/www.wallendorff.com\/belogue\/wp-content\/uploads\/2020\/07\/20200721-08-600x400.jpg 600w\" sizes=\"(max-width: 1170px) 100vw, 1170px\" \/><\/a>\n\t\t\t<\/div>\n\t\t\t\t<figcaption class='wp-caption-text gallery-caption' id='gallery-1-46189'>\n\t\t\t\tSeasick Steve @ Pal\u00e9o Festival, Nyon, 23\/07\/2014\n\t\t\t\t<\/figcaption><\/figure><figure class='gallery-item'>\n\t\t\t<div class='gallery-icon landscape'>\n\t\t\t\t<a href='https:\/\/www.wallendorff.com\/belogue\/paleo-festival-nyon-23-07-2014-4\/'><img loading=\"lazy\" decoding=\"async\" width=\"1170\" height=\"780\" src=\"https:\/\/www.wallendorff.com\/belogue\/wp-content\/uploads\/2020\/07\/20200721-09.jpg\" class=\"attachment-large size-large\" alt=\"\" aria-describedby=\"gallery-1-46190\" srcset=\"https:\/\/www.wallendorff.com\/belogue\/wp-content\/uploads\/2020\/07\/20200721-09.jpg 1170w, https:\/\/www.wallendorff.com\/belogue\/wp-content\/uploads\/2020\/07\/20200721-09-820x547.jpg 820w, https:\/\/www.wallendorff.com\/belogue\/wp-content\/uploads\/2020\/07\/20200721-09-1116x744.jpg 1116w, https:\/\/www.wallendorff.com\/belogue\/wp-content\/uploads\/2020\/07\/20200721-09-806x537.jpg 806w, https:\/\/www.wallendorff.com\/belogue\/wp-content\/uploads\/2020\/07\/20200721-09-558x372.jpg 558w, https:\/\/www.wallendorff.com\/belogue\/wp-content\/uploads\/2020\/07\/20200721-09-655x437.jpg 655w, https:\/\/www.wallendorff.com\/belogue\/wp-content\/uploads\/2020\/07\/20200721-09-600x400.jpg 600w\" sizes=\"(max-width: 1170px) 100vw, 1170px\" \/><\/a>\n\t\t\t<\/div>\n\t\t\t\t<figcaption class='wp-caption-text gallery-caption' id='gallery-1-46190'>\n\t\t\t\tPal\u00e9o Festival, Nyon, 23\/07\/2014\n\t\t\t\t<\/figcaption><\/figure><figure class='gallery-item'>\n\t\t\t<div class='gallery-icon landscape'>\n\t\t\t\t<a href='https:\/\/www.wallendorff.com\/belogue\/paleo-festival-nyon-23-07-2014-5\/'><img loading=\"lazy\" decoding=\"async\" width=\"1170\" height=\"658\" src=\"https:\/\/www.wallendorff.com\/belogue\/wp-content\/uploads\/2020\/07\/20200721-10.jpg\" class=\"attachment-large size-large\" alt=\"\" aria-describedby=\"gallery-1-46191\" srcset=\"https:\/\/www.wallendorff.com\/belogue\/wp-content\/uploads\/2020\/07\/20200721-10.jpg 1170w, https:\/\/www.wallendorff.com\/belogue\/wp-content\/uploads\/2020\/07\/20200721-10-820x461.jpg 820w, https:\/\/www.wallendorff.com\/belogue\/wp-content\/uploads\/2020\/07\/20200721-10-1116x628.jpg 1116w, https:\/\/www.wallendorff.com\/belogue\/wp-content\/uploads\/2020\/07\/20200721-10-806x453.jpg 806w, https:\/\/www.wallendorff.com\/belogue\/wp-content\/uploads\/2020\/07\/20200721-10-558x314.jpg 558w, https:\/\/www.wallendorff.com\/belogue\/wp-content\/uploads\/2020\/07\/20200721-10-655x368.jpg 655w, https:\/\/www.wallendorff.com\/belogue\/wp-content\/uploads\/2020\/07\/20200721-10-600x337.jpg 600w\" sizes=\"(max-width: 1170px) 100vw, 1170px\" \/><\/a>\n\t\t\t<\/div>\n\t\t\t\t<figcaption class='wp-caption-text gallery-caption' id='gallery-1-46191'>\n\t\t\t\tPal\u00e9o Festival, Nyon, 23\/07\/2014\n\t\t\t\t<\/figcaption><\/figure><figure class='gallery-item'>\n\t\t\t<div class='gallery-icon landscape'>\n\t\t\t\t<a href='https:\/\/www.wallendorff.com\/belogue\/jack-johnson-paleo-festival-nyon-23-07-2014\/'><img loading=\"lazy\" decoding=\"async\" width=\"1170\" height=\"780\" src=\"https:\/\/www.wallendorff.com\/belogue\/wp-content\/uploads\/2020\/07\/20200721-11.jpg\" class=\"attachment-large size-large\" alt=\"\" aria-describedby=\"gallery-1-46192\" srcset=\"https:\/\/www.wallendorff.com\/belogue\/wp-content\/uploads\/2020\/07\/20200721-11.jpg 1170w, https:\/\/www.wallendorff.com\/belogue\/wp-content\/uploads\/2020\/07\/20200721-11-820x547.jpg 820w, https:\/\/www.wallendorff.com\/belogue\/wp-content\/uploads\/2020\/07\/20200721-11-1116x744.jpg 1116w, https:\/\/www.wallendorff.com\/belogue\/wp-content\/uploads\/2020\/07\/20200721-11-806x537.jpg 806w, https:\/\/www.wallendorff.com\/belogue\/wp-content\/uploads\/2020\/07\/20200721-11-558x372.jpg 558w, https:\/\/www.wallendorff.com\/belogue\/wp-content\/uploads\/2020\/07\/20200721-11-655x437.jpg 655w, https:\/\/www.wallendorff.com\/belogue\/wp-content\/uploads\/2020\/07\/20200721-11-600x400.jpg 600w\" sizes=\"(max-width: 1170px) 100vw, 1170px\" \/><\/a>\n\t\t\t<\/div>\n\t\t\t\t<figcaption class='wp-caption-text gallery-caption' id='gallery-1-46192'>\n\t\t\t\tJack Johnson @ Pal\u00e9o Festival, Nyon, 23\/07\/2014\n\t\t\t\t<\/figcaption><\/figure><figure class='gallery-item'>\n\t\t\t<div class='gallery-icon landscape'>\n\t\t\t\t<a href='https:\/\/www.wallendorff.com\/belogue\/paleo-festival-nyon-23-07-2014-6\/'><img loading=\"lazy\" decoding=\"async\" width=\"1170\" height=\"780\" src=\"https:\/\/www.wallendorff.com\/belogue\/wp-content\/uploads\/2020\/07\/20200721-12.jpg\" class=\"attachment-large size-large\" alt=\"\" aria-describedby=\"gallery-1-46193\" srcset=\"https:\/\/www.wallendorff.com\/belogue\/wp-content\/uploads\/2020\/07\/20200721-12.jpg 1170w, https:\/\/www.wallendorff.com\/belogue\/wp-content\/uploads\/2020\/07\/20200721-12-820x547.jpg 820w, https:\/\/www.wallendorff.com\/belogue\/wp-content\/uploads\/2020\/07\/20200721-12-1116x744.jpg 1116w, https:\/\/www.wallendorff.com\/belogue\/wp-content\/uploads\/2020\/07\/20200721-12-806x537.jpg 806w, https:\/\/www.wallendorff.com\/belogue\/wp-content\/uploads\/2020\/07\/20200721-12-558x372.jpg 558w, https:\/\/www.wallendorff.com\/belogue\/wp-content\/uploads\/2020\/07\/20200721-12-655x437.jpg 655w, https:\/\/www.wallendorff.com\/belogue\/wp-content\/uploads\/2020\/07\/20200721-12-600x400.jpg 600w\" sizes=\"(max-width: 1170px) 100vw, 1170px\" \/><\/a>\n\t\t\t<\/div>\n\t\t\t\t<figcaption class='wp-caption-text gallery-caption' id='gallery-1-46193'>\n\t\t\t\tPal\u00e9o Festival, Nyon, 23\/07\/2014\n\t\t\t\t<\/figcaption><\/figure><figure class='gallery-item'>\n\t\t\t<div class='gallery-icon landscape'>\n\t\t\t\t<a href='https:\/\/www.wallendorff.com\/belogue\/paleo-festival-nyon-23-07-2014-7\/'><img loading=\"lazy\" decoding=\"async\" width=\"1170\" height=\"780\" src=\"https:\/\/www.wallendorff.com\/belogue\/wp-content\/uploads\/2020\/07\/20200721-13.jpg\" class=\"attachment-large size-large\" alt=\"\" aria-describedby=\"gallery-1-46194\" srcset=\"https:\/\/www.wallendorff.com\/belogue\/wp-content\/uploads\/2020\/07\/20200721-13.jpg 1170w, https:\/\/www.wallendorff.com\/belogue\/wp-content\/uploads\/2020\/07\/20200721-13-820x547.jpg 820w, https:\/\/www.wallendorff.com\/belogue\/wp-content\/uploads\/2020\/07\/20200721-13-1116x744.jpg 1116w, https:\/\/www.wallendorff.com\/belogue\/wp-content\/uploads\/2020\/07\/20200721-13-806x537.jpg 806w, https:\/\/www.wallendorff.com\/belogue\/wp-content\/uploads\/2020\/07\/20200721-13-558x372.jpg 558w, https:\/\/www.wallendorff.com\/belogue\/wp-content\/uploads\/2020\/07\/20200721-13-655x437.jpg 655w, https:\/\/www.wallendorff.com\/belogue\/wp-content\/uploads\/2020\/07\/20200721-13-600x400.jpg 600w\" sizes=\"(max-width: 1170px) 100vw, 1170px\" \/><\/a>\n\t\t\t<\/div>\n\t\t\t\t<figcaption class='wp-caption-text gallery-caption' id='gallery-1-46194'>\n\t\t\t\tPal\u00e9o Festival, Nyon, 23\/07\/2014\n\t\t\t\t<\/figcaption><\/figure><figure class='gallery-item'>\n\t\t\t<div class='gallery-icon landscape'>\n\t\t\t\t<a href='https:\/\/www.wallendorff.com\/belogue\/paleo-festival-nyon-24-07-2014\/'><img loading=\"lazy\" decoding=\"async\" width=\"1170\" height=\"780\" src=\"https:\/\/www.wallendorff.com\/belogue\/wp-content\/uploads\/2020\/07\/20200721-14.jpg\" class=\"attachment-large size-large\" alt=\"\" aria-describedby=\"gallery-1-46195\" srcset=\"https:\/\/www.wallendorff.com\/belogue\/wp-content\/uploads\/2020\/07\/20200721-14.jpg 1170w, https:\/\/www.wallendorff.com\/belogue\/wp-content\/uploads\/2020\/07\/20200721-14-820x547.jpg 820w, https:\/\/www.wallendorff.com\/belogue\/wp-content\/uploads\/2020\/07\/20200721-14-1116x744.jpg 1116w, https:\/\/www.wallendorff.com\/belogue\/wp-content\/uploads\/2020\/07\/20200721-14-806x537.jpg 806w, https:\/\/www.wallendorff.com\/belogue\/wp-content\/uploads\/2020\/07\/20200721-14-558x372.jpg 558w, https:\/\/www.wallendorff.com\/belogue\/wp-content\/uploads\/2020\/07\/20200721-14-655x437.jpg 655w, https:\/\/www.wallendorff.com\/belogue\/wp-content\/uploads\/2020\/07\/20200721-14-600x400.jpg 600w\" sizes=\"(max-width: 1170px) 100vw, 1170px\" \/><\/a>\n\t\t\t<\/div>\n\t\t\t\t<figcaption class='wp-caption-text gallery-caption' id='gallery-1-46195'>\n\t\t\t\tPal\u00e9o Festival, Nyon, 24\/07\/2014\n\t\t\t\t<\/figcaption><\/figure><figure class='gallery-item'>\n\t\t\t<div class='gallery-icon landscape'>\n\t\t\t\t<a href='https:\/\/www.wallendorff.com\/belogue\/paleo-festival-nyon-24-07-2014-2\/'><img loading=\"lazy\" decoding=\"async\" width=\"1170\" height=\"780\" src=\"https:\/\/www.wallendorff.com\/belogue\/wp-content\/uploads\/2020\/07\/20200721-15.jpg\" class=\"attachment-large size-large\" alt=\"\" aria-describedby=\"gallery-1-46196\" srcset=\"https:\/\/www.wallendorff.com\/belogue\/wp-content\/uploads\/2020\/07\/20200721-15.jpg 1170w, https:\/\/www.wallendorff.com\/belogue\/wp-content\/uploads\/2020\/07\/20200721-15-820x547.jpg 820w, https:\/\/www.wallendorff.com\/belogue\/wp-content\/uploads\/2020\/07\/20200721-15-1116x744.jpg 1116w, https:\/\/www.wallendorff.com\/belogue\/wp-content\/uploads\/2020\/07\/20200721-15-806x537.jpg 806w, https:\/\/www.wallendorff.com\/belogue\/wp-content\/uploads\/2020\/07\/20200721-15-558x372.jpg 558w, https:\/\/www.wallendorff.com\/belogue\/wp-content\/uploads\/2020\/07\/20200721-15-655x437.jpg 655w, https:\/\/www.wallendorff.com\/belogue\/wp-content\/uploads\/2020\/07\/20200721-15-600x400.jpg 600w\" sizes=\"(max-width: 1170px) 100vw, 1170px\" \/><\/a>\n\t\t\t<\/div>\n\t\t\t\t<figcaption class='wp-caption-text gallery-caption' id='gallery-1-46196'>\n\t\t\t\tPal\u00e9o Festival, Nyon, 24\/07\/2014\n\t\t\t\t<\/figcaption><\/figure><figure class='gallery-item'>\n\t\t\t<div class='gallery-icon landscape'>\n\t\t\t\t<a href='https:\/\/www.wallendorff.com\/belogue\/paleo-festival-nyon-25-07-2014-3\/'><img loading=\"lazy\" decoding=\"async\" width=\"1170\" height=\"780\" src=\"https:\/\/www.wallendorff.com\/belogue\/wp-content\/uploads\/2020\/07\/20200721-16.jpg\" class=\"attachment-large size-large\" alt=\"\" aria-describedby=\"gallery-1-46197\" srcset=\"https:\/\/www.wallendorff.com\/belogue\/wp-content\/uploads\/2020\/07\/20200721-16.jpg 1170w, https:\/\/www.wallendorff.com\/belogue\/wp-content\/uploads\/2020\/07\/20200721-16-820x547.jpg 820w, https:\/\/www.wallendorff.com\/belogue\/wp-content\/uploads\/2020\/07\/20200721-16-1116x744.jpg 1116w, https:\/\/www.wallendorff.com\/belogue\/wp-content\/uploads\/2020\/07\/20200721-16-806x537.jpg 806w, https:\/\/www.wallendorff.com\/belogue\/wp-content\/uploads\/2020\/07\/20200721-16-558x372.jpg 558w, https:\/\/www.wallendorff.com\/belogue\/wp-content\/uploads\/2020\/07\/20200721-16-655x437.jpg 655w, https:\/\/www.wallendorff.com\/belogue\/wp-content\/uploads\/2020\/07\/20200721-16-600x400.jpg 600w\" sizes=\"(max-width: 1170px) 100vw, 1170px\" \/><\/a>\n\t\t\t<\/div>\n\t\t\t\t<figcaption class='wp-caption-text gallery-caption' id='gallery-1-46197'>\n\t\t\t\tPal\u00e9o Festival, Nyon, 25\/07\/2014\n\t\t\t\t<\/figcaption><\/figure><figure class='gallery-item'>\n\t\t\t<div class='gallery-icon landscape'>\n\t\t\t\t<a href='https:\/\/www.wallendorff.com\/belogue\/skip-the-use-paleo-festival-nyon-25-07-2014\/'><img loading=\"lazy\" decoding=\"async\" width=\"1170\" height=\"658\" src=\"https:\/\/www.wallendorff.com\/belogue\/wp-content\/uploads\/2020\/07\/20200721-17.jpg\" class=\"attachment-large size-large\" alt=\"\" aria-describedby=\"gallery-1-46198\" srcset=\"https:\/\/www.wallendorff.com\/belogue\/wp-content\/uploads\/2020\/07\/20200721-17.jpg 1170w, https:\/\/www.wallendorff.com\/belogue\/wp-content\/uploads\/2020\/07\/20200721-17-820x461.jpg 820w, https:\/\/www.wallendorff.com\/belogue\/wp-content\/uploads\/2020\/07\/20200721-17-1116x628.jpg 1116w, https:\/\/www.wallendorff.com\/belogue\/wp-content\/uploads\/2020\/07\/20200721-17-806x453.jpg 806w, https:\/\/www.wallendorff.com\/belogue\/wp-content\/uploads\/2020\/07\/20200721-17-558x314.jpg 558w, https:\/\/www.wallendorff.com\/belogue\/wp-content\/uploads\/2020\/07\/20200721-17-655x368.jpg 655w, https:\/\/www.wallendorff.com\/belogue\/wp-content\/uploads\/2020\/07\/20200721-17-600x337.jpg 600w\" sizes=\"(max-width: 1170px) 100vw, 1170px\" \/><\/a>\n\t\t\t<\/div>\n\t\t\t\t<figcaption class='wp-caption-text gallery-caption' id='gallery-1-46198'>\n\t\t\t\tSkip the Use @ Pal\u00e9o Festival, Nyon, 25\/07\/2014\n\t\t\t\t<\/figcaption><\/figure><figure class='gallery-item'>\n\t\t\t<div class='gallery-icon landscape'>\n\t\t\t\t<a href='https:\/\/www.wallendorff.com\/belogue\/paleo-festival-nyon-25-07-2014-4\/'><img loading=\"lazy\" decoding=\"async\" width=\"1170\" height=\"780\" src=\"https:\/\/www.wallendorff.com\/belogue\/wp-content\/uploads\/2020\/07\/20200721-18.jpg\" class=\"attachment-large size-large\" alt=\"\" aria-describedby=\"gallery-1-46199\" srcset=\"https:\/\/www.wallendorff.com\/belogue\/wp-content\/uploads\/2020\/07\/20200721-18.jpg 1170w, https:\/\/www.wallendorff.com\/belogue\/wp-content\/uploads\/2020\/07\/20200721-18-820x547.jpg 820w, https:\/\/www.wallendorff.com\/belogue\/wp-content\/uploads\/2020\/07\/20200721-18-1116x744.jpg 1116w, https:\/\/www.wallendorff.com\/belogue\/wp-content\/uploads\/2020\/07\/20200721-18-806x537.jpg 806w, https:\/\/www.wallendorff.com\/belogue\/wp-content\/uploads\/2020\/07\/20200721-18-558x372.jpg 558w, https:\/\/www.wallendorff.com\/belogue\/wp-content\/uploads\/2020\/07\/20200721-18-655x437.jpg 655w, https:\/\/www.wallendorff.com\/belogue\/wp-content\/uploads\/2020\/07\/20200721-18-600x400.jpg 600w\" sizes=\"(max-width: 1170px) 100vw, 1170px\" \/><\/a>\n\t\t\t<\/div>\n\t\t\t\t<figcaption class='wp-caption-text gallery-caption' id='gallery-1-46199'>\n\t\t\t\tPal\u00e9o Festival, Nyon, 25\/07\/2014\n\t\t\t\t<\/figcaption><\/figure><figure class='gallery-item'>\n\t\t\t<div class='gallery-icon landscape'>\n\t\t\t\t<a href='https:\/\/www.wallendorff.com\/belogue\/paleo-festival-nyon-25-07-2014-5\/'><img loading=\"lazy\" decoding=\"async\" width=\"1170\" height=\"780\" src=\"https:\/\/www.wallendorff.com\/belogue\/wp-content\/uploads\/2020\/07\/20200721-19.jpg\" class=\"attachment-large size-large\" alt=\"\" aria-describedby=\"gallery-1-46200\" srcset=\"https:\/\/www.wallendorff.com\/belogue\/wp-content\/uploads\/2020\/07\/20200721-19.jpg 1170w, https:\/\/www.wallendorff.com\/belogue\/wp-content\/uploads\/2020\/07\/20200721-19-820x547.jpg 820w, https:\/\/www.wallendorff.com\/belogue\/wp-content\/uploads\/2020\/07\/20200721-19-1116x744.jpg 1116w, https:\/\/www.wallendorff.com\/belogue\/wp-content\/uploads\/2020\/07\/20200721-19-806x537.jpg 806w, https:\/\/www.wallendorff.com\/belogue\/wp-content\/uploads\/2020\/07\/20200721-19-558x372.jpg 558w, https:\/\/www.wallendorff.com\/belogue\/wp-content\/uploads\/2020\/07\/20200721-19-655x437.jpg 655w, https:\/\/www.wallendorff.com\/belogue\/wp-content\/uploads\/2020\/07\/20200721-19-600x400.jpg 600w\" sizes=\"(max-width: 1170px) 100vw, 1170px\" \/><\/a>\n\t\t\t<\/div>\n\t\t\t\t<figcaption class='wp-caption-text gallery-caption' id='gallery-1-46200'>\n\t\t\t\tPal\u00e9o Festival, Nyon, 25\/07\/2014\n\t\t\t\t<\/figcaption><\/figure><figure class='gallery-item'>\n\t\t\t<div class='gallery-icon landscape'>\n\t\t\t\t<a href='https:\/\/www.wallendorff.com\/belogue\/shaka-ponk-paleo-festival-nyon-25-07-2014\/'><img loading=\"lazy\" decoding=\"async\" width=\"1170\" height=\"780\" src=\"https:\/\/www.wallendorff.com\/belogue\/wp-content\/uploads\/2020\/07\/20200721-20.jpg\" class=\"attachment-large size-large\" alt=\"\" aria-describedby=\"gallery-1-46201\" srcset=\"https:\/\/www.wallendorff.com\/belogue\/wp-content\/uploads\/2020\/07\/20200721-20.jpg 1170w, https:\/\/www.wallendorff.com\/belogue\/wp-content\/uploads\/2020\/07\/20200721-20-820x547.jpg 820w, https:\/\/www.wallendorff.com\/belogue\/wp-content\/uploads\/2020\/07\/20200721-20-1116x744.jpg 1116w, https:\/\/www.wallendorff.com\/belogue\/wp-content\/uploads\/2020\/07\/20200721-20-806x537.jpg 806w, https:\/\/www.wallendorff.com\/belogue\/wp-content\/uploads\/2020\/07\/20200721-20-558x372.jpg 558w, https:\/\/www.wallendorff.com\/belogue\/wp-content\/uploads\/2020\/07\/20200721-20-655x437.jpg 655w, https:\/\/www.wallendorff.com\/belogue\/wp-content\/uploads\/2020\/07\/20200721-20-600x400.jpg 600w\" sizes=\"(max-width: 1170px) 100vw, 1170px\" \/><\/a>\n\t\t\t<\/div>\n\t\t\t\t<figcaption class='wp-caption-text gallery-caption' id='gallery-1-46201'>\n\t\t\t\tShaka Ponk @ Pal\u00e9o Festival, Nyon, 25\/07\/2014\n\t\t\t\t<\/figcaption><\/figure><figure class='gallery-item'>\n\t\t\t<div class='gallery-icon landscape'>\n\t\t\t\t<a href='https:\/\/www.wallendorff.com\/belogue\/paleo-festival-nyon-25-07-2014-6\/'><img loading=\"lazy\" decoding=\"async\" width=\"1170\" height=\"780\" src=\"https:\/\/www.wallendorff.com\/belogue\/wp-content\/uploads\/2020\/07\/20200721-21.jpg\" class=\"attachment-large size-large\" alt=\"\" aria-describedby=\"gallery-1-46202\" srcset=\"https:\/\/www.wallendorff.com\/belogue\/wp-content\/uploads\/2020\/07\/20200721-21.jpg 1170w, https:\/\/www.wallendorff.com\/belogue\/wp-content\/uploads\/2020\/07\/20200721-21-820x547.jpg 820w, https:\/\/www.wallendorff.com\/belogue\/wp-content\/uploads\/2020\/07\/20200721-21-1116x744.jpg 1116w, https:\/\/www.wallendorff.com\/belogue\/wp-content\/uploads\/2020\/07\/20200721-21-806x537.jpg 806w, https:\/\/www.wallendorff.com\/belogue\/wp-content\/uploads\/2020\/07\/20200721-21-558x372.jpg 558w, https:\/\/www.wallendorff.com\/belogue\/wp-content\/uploads\/2020\/07\/20200721-21-655x437.jpg 655w, https:\/\/www.wallendorff.com\/belogue\/wp-content\/uploads\/2020\/07\/20200721-21-600x400.jpg 600w\" sizes=\"(max-width: 1170px) 100vw, 1170px\" \/><\/a>\n\t\t\t<\/div>\n\t\t\t\t<figcaption class='wp-caption-text gallery-caption' id='gallery-1-46202'>\n\t\t\t\tPal\u00e9o Festival, Nyon, 25\/07\/2014\n\t\t\t\t<\/figcaption><\/figure><figure class='gallery-item'>\n\t\t\t<div class='gallery-icon landscape'>\n\t\t\t\t<a href='https:\/\/www.wallendorff.com\/belogue\/paleo-festival-nyon-25-07-2014-7\/'><img loading=\"lazy\" decoding=\"async\" width=\"1170\" height=\"780\" src=\"https:\/\/www.wallendorff.com\/belogue\/wp-content\/uploads\/2020\/07\/20200721-22.jpg\" class=\"attachment-large size-large\" alt=\"\" aria-describedby=\"gallery-1-46203\" srcset=\"https:\/\/www.wallendorff.com\/belogue\/wp-content\/uploads\/2020\/07\/20200721-22.jpg 1170w, https:\/\/www.wallendorff.com\/belogue\/wp-content\/uploads\/2020\/07\/20200721-22-820x547.jpg 820w, https:\/\/www.wallendorff.com\/belogue\/wp-content\/uploads\/2020\/07\/20200721-22-1116x744.jpg 1116w, https:\/\/www.wallendorff.com\/belogue\/wp-content\/uploads\/2020\/07\/20200721-22-806x537.jpg 806w, https:\/\/www.wallendorff.com\/belogue\/wp-content\/uploads\/2020\/07\/20200721-22-558x372.jpg 558w, https:\/\/www.wallendorff.com\/belogue\/wp-content\/uploads\/2020\/07\/20200721-22-655x437.jpg 655w, https:\/\/www.wallendorff.com\/belogue\/wp-content\/uploads\/2020\/07\/20200721-22-600x400.jpg 600w\" sizes=\"(max-width: 1170px) 100vw, 1170px\" \/><\/a>\n\t\t\t<\/div>\n\t\t\t\t<figcaption class='wp-caption-text gallery-caption' id='gallery-1-46203'>\n\t\t\t\tPal\u00e9o Festival, Nyon, 25\/07\/2014\n\t\t\t\t<\/figcaption><\/figure><figure class='gallery-item'>\n\t\t\t<div class='gallery-icon landscape'>\n\t\t\t\t<a href='https:\/\/www.wallendorff.com\/belogue\/salut-cest-cool-paleo-festival-nyon-25-07-2014\/'><img loading=\"lazy\" decoding=\"async\" width=\"1170\" height=\"780\" src=\"https:\/\/www.wallendorff.com\/belogue\/wp-content\/uploads\/2020\/07\/20200721-23.jpg\" class=\"attachment-large size-large\" alt=\"\" aria-describedby=\"gallery-1-46204\" srcset=\"https:\/\/www.wallendorff.com\/belogue\/wp-content\/uploads\/2020\/07\/20200721-23.jpg 1170w, https:\/\/www.wallendorff.com\/belogue\/wp-content\/uploads\/2020\/07\/20200721-23-820x547.jpg 820w, https:\/\/www.wallendorff.com\/belogue\/wp-content\/uploads\/2020\/07\/20200721-23-1116x744.jpg 1116w, https:\/\/www.wallendorff.com\/belogue\/wp-content\/uploads\/2020\/07\/20200721-23-806x537.jpg 806w, https:\/\/www.wallendorff.com\/belogue\/wp-content\/uploads\/2020\/07\/20200721-23-558x372.jpg 558w, https:\/\/www.wallendorff.com\/belogue\/wp-content\/uploads\/2020\/07\/20200721-23-655x437.jpg 655w, https:\/\/www.wallendorff.com\/belogue\/wp-content\/uploads\/2020\/07\/20200721-23-600x400.jpg 600w\" sizes=\"(max-width: 1170px) 100vw, 1170px\" \/><\/a>\n\t\t\t<\/div>\n\t\t\t\t<figcaption class='wp-caption-text gallery-caption' id='gallery-1-46204'>\n\t\t\t\tSalut c&rsquo;est Cool @ Pal\u00e9o Festival, Nyon, 25\/07\/2014\n\t\t\t\t<\/figcaption><\/figure><figure class='gallery-item'>\n\t\t\t<div class='gallery-icon landscape'>\n\t\t\t\t<a href='https:\/\/www.wallendorff.com\/belogue\/paleo-festival-nyon-26-07-2014-2\/'><img loading=\"lazy\" decoding=\"async\" width=\"1170\" height=\"780\" src=\"https:\/\/www.wallendorff.com\/belogue\/wp-content\/uploads\/2020\/07\/20200721-24.jpg\" class=\"attachment-large size-large\" alt=\"\" aria-describedby=\"gallery-1-46205\" srcset=\"https:\/\/www.wallendorff.com\/belogue\/wp-content\/uploads\/2020\/07\/20200721-24.jpg 1170w, https:\/\/www.wallendorff.com\/belogue\/wp-content\/uploads\/2020\/07\/20200721-24-820x547.jpg 820w, https:\/\/www.wallendorff.com\/belogue\/wp-content\/uploads\/2020\/07\/20200721-24-1116x744.jpg 1116w, https:\/\/www.wallendorff.com\/belogue\/wp-content\/uploads\/2020\/07\/20200721-24-806x537.jpg 806w, https:\/\/www.wallendorff.com\/belogue\/wp-content\/uploads\/2020\/07\/20200721-24-558x372.jpg 558w, https:\/\/www.wallendorff.com\/belogue\/wp-content\/uploads\/2020\/07\/20200721-24-655x437.jpg 655w, https:\/\/www.wallendorff.com\/belogue\/wp-content\/uploads\/2020\/07\/20200721-24-600x400.jpg 600w\" sizes=\"(max-width: 1170px) 100vw, 1170px\" \/><\/a>\n\t\t\t<\/div>\n\t\t\t\t<figcaption class='wp-caption-text gallery-caption' id='gallery-1-46205'>\n\t\t\t\tPal\u00e9o Festival, Nyon, 26\/07\/2014\n\t\t\t\t<\/figcaption><\/figure><figure class='gallery-item'>\n\t\t\t<div class='gallery-icon landscape'>\n\t\t\t\t<a href='https:\/\/www.wallendorff.com\/belogue\/paleo-festival-nyon-26-07-2014-3\/'><img loading=\"lazy\" decoding=\"async\" width=\"1170\" height=\"780\" src=\"https:\/\/www.wallendorff.com\/belogue\/wp-content\/uploads\/2020\/07\/20200721-25.jpg\" class=\"attachment-large size-large\" alt=\"\" aria-describedby=\"gallery-1-46206\" srcset=\"https:\/\/www.wallendorff.com\/belogue\/wp-content\/uploads\/2020\/07\/20200721-25.jpg 1170w, https:\/\/www.wallendorff.com\/belogue\/wp-content\/uploads\/2020\/07\/20200721-25-820x547.jpg 820w, https:\/\/www.wallendorff.com\/belogue\/wp-content\/uploads\/2020\/07\/20200721-25-1116x744.jpg 1116w, https:\/\/www.wallendorff.com\/belogue\/wp-content\/uploads\/2020\/07\/20200721-25-806x537.jpg 806w, https:\/\/www.wallendorff.com\/belogue\/wp-content\/uploads\/2020\/07\/20200721-25-558x372.jpg 558w, https:\/\/www.wallendorff.com\/belogue\/wp-content\/uploads\/2020\/07\/20200721-25-655x437.jpg 655w, https:\/\/www.wallendorff.com\/belogue\/wp-content\/uploads\/2020\/07\/20200721-25-600x400.jpg 600w\" sizes=\"(max-width: 1170px) 100vw, 1170px\" \/><\/a>\n\t\t\t<\/div>\n\t\t\t\t<figcaption class='wp-caption-text gallery-caption' id='gallery-1-46206'>\n\t\t\t\tPal\u00e9o Festival, Nyon, 26\/07\/2014\n\t\t\t\t<\/figcaption><\/figure><figure class='gallery-item'>\n\t\t\t<div class='gallery-icon portrait'>\n\t\t\t\t<a href='https:\/\/www.wallendorff.com\/belogue\/casseurs-flowteurs-paleo-festival-nyon-26-07-2014-2\/'><img loading=\"lazy\" decoding=\"async\" width=\"780\" height=\"1170\" src=\"https:\/\/www.wallendorff.com\/belogue\/wp-content\/uploads\/2020\/07\/20200721-26.jpg\" class=\"attachment-large size-large\" alt=\"\" aria-describedby=\"gallery-1-46207\" srcset=\"https:\/\/www.wallendorff.com\/belogue\/wp-content\/uploads\/2020\/07\/20200721-26.jpg 780w, https:\/\/www.wallendorff.com\/belogue\/wp-content\/uploads\/2020\/07\/20200721-26-558x837.jpg 558w, https:\/\/www.wallendorff.com\/belogue\/wp-content\/uploads\/2020\/07\/20200721-26-655x983.jpg 655w, https:\/\/www.wallendorff.com\/belogue\/wp-content\/uploads\/2020\/07\/20200721-26-600x900.jpg 600w\" sizes=\"(max-width: 780px) 100vw, 780px\" \/><\/a>\n\t\t\t<\/div>\n\t\t\t\t<figcaption class='wp-caption-text gallery-caption' id='gallery-1-46207'>\n\t\t\t\tCasseurs Flowteurs @ Pal\u00e9o Festival, Nyon, 26\/07\/2014\n\t\t\t\t<\/figcaption><\/figure><figure class='gallery-item'>\n\t\t\t<div class='gallery-icon landscape'>\n\t\t\t\t<a href='https:\/\/www.wallendorff.com\/belogue\/paleo-festival-nyon-26-07-2014-4\/'><img loading=\"lazy\" decoding=\"async\" width=\"1170\" height=\"780\" src=\"https:\/\/www.wallendorff.com\/belogue\/wp-content\/uploads\/2020\/07\/20200721-27.jpg\" class=\"attachment-large size-large\" alt=\"\" aria-describedby=\"gallery-1-46208\" srcset=\"https:\/\/www.wallendorff.com\/belogue\/wp-content\/uploads\/2020\/07\/20200721-27.jpg 1170w, https:\/\/www.wallendorff.com\/belogue\/wp-content\/uploads\/2020\/07\/20200721-27-820x547.jpg 820w, https:\/\/www.wallendorff.com\/belogue\/wp-content\/uploads\/2020\/07\/20200721-27-1116x744.jpg 1116w, https:\/\/www.wallendorff.com\/belogue\/wp-content\/uploads\/2020\/07\/20200721-27-806x537.jpg 806w, https:\/\/www.wallendorff.com\/belogue\/wp-content\/uploads\/2020\/07\/20200721-27-558x372.jpg 558w, https:\/\/www.wallendorff.com\/belogue\/wp-content\/uploads\/2020\/07\/20200721-27-655x437.jpg 655w, https:\/\/www.wallendorff.com\/belogue\/wp-content\/uploads\/2020\/07\/20200721-27-600x400.jpg 600w\" sizes=\"(max-width: 1170px) 100vw, 1170px\" \/><\/a>\n\t\t\t<\/div>\n\t\t\t\t<figcaption class='wp-caption-text gallery-caption' id='gallery-1-46208'>\n\t\t\t\tPal\u00e9o Festival, Nyon, 26\/07\/2014\n\t\t\t\t<\/figcaption><\/figure><figure class='gallery-item'>\n\t\t\t<div class='gallery-icon landscape'>\n\t\t\t\t<a href='https:\/\/www.wallendorff.com\/belogue\/paleo-festival-nyon-26-07-2014-6\/'><img loading=\"lazy\" decoding=\"async\" width=\"1170\" height=\"780\" src=\"https:\/\/www.wallendorff.com\/belogue\/wp-content\/uploads\/2020\/07\/20200721-29.jpg\" class=\"attachment-large size-large\" alt=\"\" aria-describedby=\"gallery-1-46210\" srcset=\"https:\/\/www.wallendorff.com\/belogue\/wp-content\/uploads\/2020\/07\/20200721-29.jpg 1170w, https:\/\/www.wallendorff.com\/belogue\/wp-content\/uploads\/2020\/07\/20200721-29-820x547.jpg 820w, https:\/\/www.wallendorff.com\/belogue\/wp-content\/uploads\/2020\/07\/20200721-29-1116x744.jpg 1116w, https:\/\/www.wallendorff.com\/belogue\/wp-content\/uploads\/2020\/07\/20200721-29-806x537.jpg 806w, https:\/\/www.wallendorff.com\/belogue\/wp-content\/uploads\/2020\/07\/20200721-29-558x372.jpg 558w, https:\/\/www.wallendorff.com\/belogue\/wp-content\/uploads\/2020\/07\/20200721-29-655x437.jpg 655w, https:\/\/www.wallendorff.com\/belogue\/wp-content\/uploads\/2020\/07\/20200721-29-600x400.jpg 600w\" sizes=\"(max-width: 1170px) 100vw, 1170px\" \/><\/a>\n\t\t\t<\/div>\n\t\t\t\t<figcaption class='wp-caption-text gallery-caption' id='gallery-1-46210'>\n\t\t\t\tPal\u00e9o Festival, Nyon, 26\/07\/2014\n\t\t\t\t<\/figcaption><\/figure><figure class='gallery-item'>\n\t\t\t<div class='gallery-icon landscape'>\n\t\t\t\t<a href='https:\/\/www.wallendorff.com\/belogue\/paleo-festival-nyon-26-07-2014-5\/'><img loading=\"lazy\" decoding=\"async\" width=\"1170\" height=\"780\" src=\"https:\/\/www.wallendorff.com\/belogue\/wp-content\/uploads\/2020\/07\/20200721-28.jpg\" class=\"attachment-large size-large\" alt=\"\" aria-describedby=\"gallery-1-46209\" srcset=\"https:\/\/www.wallendorff.com\/belogue\/wp-content\/uploads\/2020\/07\/20200721-28.jpg 1170w, https:\/\/www.wallendorff.com\/belogue\/wp-content\/uploads\/2020\/07\/20200721-28-820x547.jpg 820w, https:\/\/www.wallendorff.com\/belogue\/wp-content\/uploads\/2020\/07\/20200721-28-1116x744.jpg 1116w, https:\/\/www.wallendorff.com\/belogue\/wp-content\/uploads\/2020\/07\/20200721-28-806x537.jpg 806w, https:\/\/www.wallendorff.com\/belogue\/wp-content\/uploads\/2020\/07\/20200721-28-558x372.jpg 558w, https:\/\/www.wallendorff.com\/belogue\/wp-content\/uploads\/2020\/07\/20200721-28-655x437.jpg 655w, https:\/\/www.wallendorff.com\/belogue\/wp-content\/uploads\/2020\/07\/20200721-28-600x400.jpg 600w\" sizes=\"(max-width: 1170px) 100vw, 1170px\" \/><\/a>\n\t\t\t<\/div>\n\t\t\t\t<figcaption class='wp-caption-text gallery-caption' id='gallery-1-46209'>\n\t\t\t\tPal\u00e9o Festival, Nyon, 26\/07\/2014\n\t\t\t\t<\/figcaption><\/figure><figure class='gallery-item'>\n\t\t\t<div class='gallery-icon landscape'>\n\t\t\t\t<a href='https:\/\/www.wallendorff.com\/belogue\/fills-monkey-paleo-festival-nyon-26-07-2014\/'><img loading=\"lazy\" decoding=\"async\" width=\"1170\" height=\"780\" src=\"https:\/\/www.wallendorff.com\/belogue\/wp-content\/uploads\/2020\/07\/20200721-30.jpg\" class=\"attachment-large size-large\" alt=\"\" aria-describedby=\"gallery-1-46211\" srcset=\"https:\/\/www.wallendorff.com\/belogue\/wp-content\/uploads\/2020\/07\/20200721-30.jpg 1170w, https:\/\/www.wallendorff.com\/belogue\/wp-content\/uploads\/2020\/07\/20200721-30-820x547.jpg 820w, https:\/\/www.wallendorff.com\/belogue\/wp-content\/uploads\/2020\/07\/20200721-30-1116x744.jpg 1116w, https:\/\/www.wallendorff.com\/belogue\/wp-content\/uploads\/2020\/07\/20200721-30-806x537.jpg 806w, https:\/\/www.wallendorff.com\/belogue\/wp-content\/uploads\/2020\/07\/20200721-30-558x372.jpg 558w, https:\/\/www.wallendorff.com\/belogue\/wp-content\/uploads\/2020\/07\/20200721-30-655x437.jpg 655w, https:\/\/www.wallendorff.com\/belogue\/wp-content\/uploads\/2020\/07\/20200721-30-600x400.jpg 600w\" sizes=\"(max-width: 1170px) 100vw, 1170px\" \/><\/a>\n\t\t\t<\/div>\n\t\t\t\t<figcaption class='wp-caption-text gallery-caption' id='gallery-1-46211'>\n\t\t\t\tFills Monkey @ Pal\u00e9o Festival, Nyon, 26\/07\/2014\n\t\t\t\t<\/figcaption><\/figure><figure class='gallery-item'>\n\t\t\t<div class='gallery-icon landscape'>\n\t\t\t\t<a href='https:\/\/www.wallendorff.com\/belogue\/tinariwen-paleo-festival-nyon-27-07-2014\/'><img loading=\"lazy\" decoding=\"async\" width=\"1170\" height=\"780\" src=\"https:\/\/www.wallendorff.com\/belogue\/wp-content\/uploads\/2020\/07\/20200721-31.jpg\" class=\"attachment-large size-large\" alt=\"\" aria-describedby=\"gallery-1-46212\" srcset=\"https:\/\/www.wallendorff.com\/belogue\/wp-content\/uploads\/2020\/07\/20200721-31.jpg 1170w, https:\/\/www.wallendorff.com\/belogue\/wp-content\/uploads\/2020\/07\/20200721-31-820x547.jpg 820w, https:\/\/www.wallendorff.com\/belogue\/wp-content\/uploads\/2020\/07\/20200721-31-1116x744.jpg 1116w, https:\/\/www.wallendorff.com\/belogue\/wp-content\/uploads\/2020\/07\/20200721-31-806x537.jpg 806w, https:\/\/www.wallendorff.com\/belogue\/wp-content\/uploads\/2020\/07\/20200721-31-558x372.jpg 558w, https:\/\/www.wallendorff.com\/belogue\/wp-content\/uploads\/2020\/07\/20200721-31-655x437.jpg 655w, https:\/\/www.wallendorff.com\/belogue\/wp-content\/uploads\/2020\/07\/20200721-31-600x400.jpg 600w\" sizes=\"(max-width: 1170px) 100vw, 1170px\" \/><\/a>\n\t\t\t<\/div>\n\t\t\t\t<figcaption class='wp-caption-text gallery-caption' id='gallery-1-46212'>\n\t\t\t\tTinariwen @ Pal\u00e9o Festival, Nyon, 27\/07\/2014\n\t\t\t\t<\/figcaption><\/figure><figure class='gallery-item'>\n\t\t\t<div class='gallery-icon landscape'>\n\t\t\t\t<a href='https:\/\/www.wallendorff.com\/belogue\/the-national-paleo-festival-nyon-27-07-2014\/'><img loading=\"lazy\" decoding=\"async\" width=\"1170\" height=\"779\" src=\"https:\/\/www.wallendorff.com\/belogue\/wp-content\/uploads\/2020\/07\/20200721-32.jpg\" class=\"attachment-large size-large\" alt=\"\" aria-describedby=\"gallery-1-46213\" srcset=\"https:\/\/www.wallendorff.com\/belogue\/wp-content\/uploads\/2020\/07\/20200721-32.jpg 1170w, https:\/\/www.wallendorff.com\/belogue\/wp-content\/uploads\/2020\/07\/20200721-32-820x546.jpg 820w, https:\/\/www.wallendorff.com\/belogue\/wp-content\/uploads\/2020\/07\/20200721-32-1116x743.jpg 1116w, https:\/\/www.wallendorff.com\/belogue\/wp-content\/uploads\/2020\/07\/20200721-32-806x537.jpg 806w, https:\/\/www.wallendorff.com\/belogue\/wp-content\/uploads\/2020\/07\/20200721-32-558x372.jpg 558w, https:\/\/www.wallendorff.com\/belogue\/wp-content\/uploads\/2020\/07\/20200721-32-655x436.jpg 655w, https:\/\/www.wallendorff.com\/belogue\/wp-content\/uploads\/2020\/07\/20200721-32-600x399.jpg 600w\" sizes=\"(max-width: 1170px) 100vw, 1170px\" \/><\/a>\n\t\t\t<\/div>\n\t\t\t\t<figcaption class='wp-caption-text gallery-caption' id='gallery-1-46213'>\n\t\t\t\tThe National @ Pal\u00e9o Festival, Nyon, 27\/07\/2014\n\t\t\t\t<\/figcaption><\/figure><figure class='gallery-item'>\n\t\t\t<div class='gallery-icon landscape'>\n\t\t\t\t<a href='https:\/\/www.wallendorff.com\/belogue\/woodkid-paleo-festival-nyon-27-07-2014-2\/'><img loading=\"lazy\" decoding=\"async\" width=\"1170\" height=\"780\" src=\"https:\/\/www.wallendorff.com\/belogue\/wp-content\/uploads\/2020\/07\/20200721-33.jpg\" class=\"attachment-large size-large\" alt=\"\" aria-describedby=\"gallery-1-46214\" srcset=\"https:\/\/www.wallendorff.com\/belogue\/wp-content\/uploads\/2020\/07\/20200721-33.jpg 1170w, https:\/\/www.wallendorff.com\/belogue\/wp-content\/uploads\/2020\/07\/20200721-33-820x547.jpg 820w, https:\/\/www.wallendorff.com\/belogue\/wp-content\/uploads\/2020\/07\/20200721-33-1116x744.jpg 1116w, https:\/\/www.wallendorff.com\/belogue\/wp-content\/uploads\/2020\/07\/20200721-33-806x537.jpg 806w, https:\/\/www.wallendorff.com\/belogue\/wp-content\/uploads\/2020\/07\/20200721-33-558x372.jpg 558w, https:\/\/www.wallendorff.com\/belogue\/wp-content\/uploads\/2020\/07\/20200721-33-655x437.jpg 655w, https:\/\/www.wallendorff.com\/belogue\/wp-content\/uploads\/2020\/07\/20200721-33-600x400.jpg 600w\" sizes=\"(max-width: 1170px) 100vw, 1170px\" \/><\/a>\n\t\t\t<\/div>\n\t\t\t\t<figcaption class='wp-caption-text gallery-caption' id='gallery-1-46214'>\n\t\t\t\tWoodkid @ Pal\u00e9o Festival, Nyon, 27\/07\/2014\n\t\t\t\t<\/figcaption><\/figure><figure class='gallery-item'>\n\t\t\t<div class='gallery-icon landscape'>\n\t\t\t\t<a href='https:\/\/www.wallendorff.com\/belogue\/woodkid-paleo-festival-nyon-27-07-2014-3\/'><img loading=\"lazy\" decoding=\"async\" width=\"1170\" height=\"780\" src=\"https:\/\/www.wallendorff.com\/belogue\/wp-content\/uploads\/2020\/07\/20200721-34.jpg\" class=\"attachment-large size-large\" alt=\"\" aria-describedby=\"gallery-1-46215\" srcset=\"https:\/\/www.wallendorff.com\/belogue\/wp-content\/uploads\/2020\/07\/20200721-34.jpg 1170w, https:\/\/www.wallendorff.com\/belogue\/wp-content\/uploads\/2020\/07\/20200721-34-820x547.jpg 820w, https:\/\/www.wallendorff.com\/belogue\/wp-content\/uploads\/2020\/07\/20200721-34-1116x744.jpg 1116w, https:\/\/www.wallendorff.com\/belogue\/wp-content\/uploads\/2020\/07\/20200721-34-806x537.jpg 806w, https:\/\/www.wallendorff.com\/belogue\/wp-content\/uploads\/2020\/07\/20200721-34-558x372.jpg 558w, https:\/\/www.wallendorff.com\/belogue\/wp-content\/uploads\/2020\/07\/20200721-34-655x437.jpg 655w, https:\/\/www.wallendorff.com\/belogue\/wp-content\/uploads\/2020\/07\/20200721-34-600x400.jpg 600w\" sizes=\"(max-width: 1170px) 100vw, 1170px\" \/><\/a>\n\t\t\t<\/div>\n\t\t\t\t<figcaption class='wp-caption-text gallery-caption' id='gallery-1-46215'>\n\t\t\t\tWoodkid @ Pal\u00e9o Festival, Nyon, 27\/07\/2014\n\t\t\t\t<\/figcaption><\/figure><figure class='gallery-item'>\n\t\t\t<div class='gallery-icon landscape'>\n\t\t\t\t<a href='https:\/\/www.wallendorff.com\/belogue\/paleo-festival-nyon-27-07-2014\/'><img loading=\"lazy\" decoding=\"async\" width=\"1170\" height=\"780\" src=\"https:\/\/www.wallendorff.com\/belogue\/wp-content\/uploads\/2020\/07\/20200721-35.jpg\" class=\"attachment-large size-large\" alt=\"\" aria-describedby=\"gallery-1-46216\" srcset=\"https:\/\/www.wallendorff.com\/belogue\/wp-content\/uploads\/2020\/07\/20200721-35.jpg 1170w, https:\/\/www.wallendorff.com\/belogue\/wp-content\/uploads\/2020\/07\/20200721-35-820x547.jpg 820w, https:\/\/www.wallendorff.com\/belogue\/wp-content\/uploads\/2020\/07\/20200721-35-1116x744.jpg 1116w, https:\/\/www.wallendorff.com\/belogue\/wp-content\/uploads\/2020\/07\/20200721-35-806x537.jpg 806w, https:\/\/www.wallendorff.com\/belogue\/wp-content\/uploads\/2020\/07\/20200721-35-558x372.jpg 558w, https:\/\/www.wallendorff.com\/belogue\/wp-content\/uploads\/2020\/07\/20200721-35-655x437.jpg 655w, https:\/\/www.wallendorff.com\/belogue\/wp-content\/uploads\/2020\/07\/20200721-35-600x400.jpg 600w\" sizes=\"(max-width: 1170px) 100vw, 1170px\" \/><\/a>\n\t\t\t<\/div>\n\t\t\t\t<figcaption class='wp-caption-text gallery-caption' id='gallery-1-46216'>\n\t\t\t\tPal\u00e9o Festival, Nyon, 27\/07\/2014\n\t\t\t\t<\/figcaption><\/figure><figure class='gallery-item'>\n\t\t\t<div class='gallery-icon landscape'>\n\t\t\t\t<a href='https:\/\/www.wallendorff.com\/belogue\/paleo-festival-nyon-27-07-2014-2\/'><img loading=\"lazy\" decoding=\"async\" width=\"1170\" height=\"780\" src=\"https:\/\/www.wallendorff.com\/belogue\/wp-content\/uploads\/2020\/07\/20200721-36.jpg\" class=\"attachment-large size-large\" alt=\"\" aria-describedby=\"gallery-1-46217\" srcset=\"https:\/\/www.wallendorff.com\/belogue\/wp-content\/uploads\/2020\/07\/20200721-36.jpg 1170w, https:\/\/www.wallendorff.com\/belogue\/wp-content\/uploads\/2020\/07\/20200721-36-820x547.jpg 820w, https:\/\/www.wallendorff.com\/belogue\/wp-content\/uploads\/2020\/07\/20200721-36-1116x744.jpg 1116w, https:\/\/www.wallendorff.com\/belogue\/wp-content\/uploads\/2020\/07\/20200721-36-806x537.jpg 806w, https:\/\/www.wallendorff.com\/belogue\/wp-content\/uploads\/2020\/07\/20200721-36-558x372.jpg 558w, https:\/\/www.wallendorff.com\/belogue\/wp-content\/uploads\/2020\/07\/20200721-36-655x437.jpg 655w, https:\/\/www.wallendorff.com\/belogue\/wp-content\/uploads\/2020\/07\/20200721-36-600x400.jpg 600w\" sizes=\"(max-width: 1170px) 100vw, 1170px\" \/><\/a>\n\t\t\t<\/div>\n\t\t\t\t<figcaption class='wp-caption-text gallery-caption' id='gallery-1-46217'>\n\t\t\t\tPal\u00e9o Festival, Nyon, 27\/07\/2014\n\t\t\t\t<\/figcaption><\/figure><figure class='gallery-item'>\n\t\t\t<div class='gallery-icon portrait'>\n\t\t\t\t<a href='https:\/\/www.wallendorff.com\/belogue\/placebo-paleo-festival-nyon-27-07-2014\/'><img loading=\"lazy\" decoding=\"async\" width=\"780\" height=\"1170\" src=\"https:\/\/www.wallendorff.com\/belogue\/wp-content\/uploads\/2020\/07\/20200721-37.jpg\" class=\"attachment-large size-large\" alt=\"\" aria-describedby=\"gallery-1-46218\" srcset=\"https:\/\/www.wallendorff.com\/belogue\/wp-content\/uploads\/2020\/07\/20200721-37.jpg 780w, https:\/\/www.wallendorff.com\/belogue\/wp-content\/uploads\/2020\/07\/20200721-37-558x837.jpg 558w, https:\/\/www.wallendorff.com\/belogue\/wp-content\/uploads\/2020\/07\/20200721-37-655x983.jpg 655w, https:\/\/www.wallendorff.com\/belogue\/wp-content\/uploads\/2020\/07\/20200721-37-600x900.jpg 600w\" sizes=\"(max-width: 780px) 100vw, 780px\" \/><\/a>\n\t\t\t<\/div>\n\t\t\t\t<figcaption class='wp-caption-text gallery-caption' id='gallery-1-46218'>\n\t\t\t\tPlacebo @ Pal\u00e9o Festival, Nyon, 27\/07\/2014\n\t\t\t\t<\/figcaption><\/figure><figure class='gallery-item'>\n\t\t\t<div class='gallery-icon landscape'>\n\t\t\t\t<a href='https:\/\/www.wallendorff.com\/belogue\/paleo-festival-nyon-27-07-2014-3\/'><img loading=\"lazy\" decoding=\"async\" width=\"1170\" height=\"780\" src=\"https:\/\/www.wallendorff.com\/belogue\/wp-content\/uploads\/2020\/07\/20200721-38.jpg\" class=\"attachment-large size-large\" alt=\"\" aria-describedby=\"gallery-1-46219\" srcset=\"https:\/\/www.wallendorff.com\/belogue\/wp-content\/uploads\/2020\/07\/20200721-38.jpg 1170w, https:\/\/www.wallendorff.com\/belogue\/wp-content\/uploads\/2020\/07\/20200721-38-820x547.jpg 820w, https:\/\/www.wallendorff.com\/belogue\/wp-content\/uploads\/2020\/07\/20200721-38-1116x744.jpg 1116w, https:\/\/www.wallendorff.com\/belogue\/wp-content\/uploads\/2020\/07\/20200721-38-806x537.jpg 806w, https:\/\/www.wallendorff.com\/belogue\/wp-content\/uploads\/2020\/07\/20200721-38-558x372.jpg 558w, https:\/\/www.wallendorff.com\/belogue\/wp-content\/uploads\/2020\/07\/20200721-38-655x437.jpg 655w, https:\/\/www.wallendorff.com\/belogue\/wp-content\/uploads\/2020\/07\/20200721-38-600x400.jpg 600w\" sizes=\"(max-width: 1170px) 100vw, 1170px\" \/><\/a>\n\t\t\t<\/div>\n\t\t\t\t<figcaption class='wp-caption-text gallery-caption' id='gallery-1-46219'>\n\t\t\t\tPal\u00e9o Festival, Nyon, 27\/07\/2014\n\t\t\t\t<\/figcaption><\/figure><figure class='gallery-item'>\n\t\t\t<div class='gallery-icon landscape'>\n\t\t\t\t<a href='https:\/\/www.wallendorff.com\/belogue\/paleo-festival-nyon-27-07-2014-4\/'><img loading=\"lazy\" decoding=\"async\" width=\"1170\" height=\"780\" src=\"https:\/\/www.wallendorff.com\/belogue\/wp-content\/uploads\/2020\/07\/20200721-39.jpg\" class=\"attachment-large size-large\" alt=\"\" aria-describedby=\"gallery-1-46220\" srcset=\"https:\/\/www.wallendorff.com\/belogue\/wp-content\/uploads\/2020\/07\/20200721-39.jpg 1170w, https:\/\/www.wallendorff.com\/belogue\/wp-content\/uploads\/2020\/07\/20200721-39-820x547.jpg 820w, https:\/\/www.wallendorff.com\/belogue\/wp-content\/uploads\/2020\/07\/20200721-39-1116x744.jpg 1116w, https:\/\/www.wallendorff.com\/belogue\/wp-content\/uploads\/2020\/07\/20200721-39-806x537.jpg 806w, https:\/\/www.wallendorff.com\/belogue\/wp-content\/uploads\/2020\/07\/20200721-39-558x372.jpg 558w, https:\/\/www.wallendorff.com\/belogue\/wp-content\/uploads\/2020\/07\/20200721-39-655x437.jpg 655w, https:\/\/www.wallendorff.com\/belogue\/wp-content\/uploads\/2020\/07\/20200721-39-600x400.jpg 600w\" sizes=\"(max-width: 1170px) 100vw, 1170px\" \/><\/a>\n\t\t\t<\/div>\n\t\t\t\t<figcaption class='wp-caption-text gallery-caption' id='gallery-1-46220'>\n\t\t\t\tPal\u00e9o Festival, Nyon, 27\/07\/2014\n\t\t\t\t<\/figcaption><\/figure>\n\t\t<\/div>\n\n","protected":false},"excerpt":{"rendered":"Pal\u00e9o Festival, Nyon, 22\/07\/2014 Pal\u00e9o Festival, Nyon, 22\/07\/2014 Pal\u00e9o Festival, Nyon, 22\/07\/2014 M.I.A. @ Pal\u00e9o Festival, Nyon, 22\/07\/2014 Pal\u00e9o Festival, Nyon, 23\/07\/2014 Pal\u00e9o Festival, Nyon, 23\/07\/2014 Pal\u00e9o Festival, Nyon, 23\/07\/2014 Seasick Steve @ Pal\u00e9o Festival, Nyon, 23\/07\/2014 Pal\u00e9o Festival, Nyon, 23\/07\/2014 Pal\u00e9o Festival, Nyon, 23\/07\/2014 Jack Johnson @ Pal\u00e9o Festival, Nyon, 23\/07\/2014 Pal\u00e9o Festival, Nyon,&hellip;","protected":false},"author":1,"featured_media":46217,"comment_status":"open","ping_status":"open","sticky":false,"template":"","format":"standard","meta":{"_acf_changed":false,"ngg_post_thumbnail":0,"jetpack_post_was_ever_published":false,"_jetpack_newsletter_access":"","_jetpack_dont_email_post_to_subs":false,"_jetpack_newsletter_tier_id":0,"_jetpack_memberships_contains_paywalled_content":false,"_jetpack_memberships_contains_paid_content":false,"footnotes":"","jetpack_publicize_message":"","jetpack_publicize_feature_enabled":true,"jetpack_social_post_already_shared":true,"jetpack_social_options":{"image_generator_settings":{"template":"highway","default_image_id":0,"font":"","enabled":false},"version":2}},"categories":[7],"tags":[10084,6103,2571,8170,181,6766,8351,10887,15812,11080,10136,10669,12110,10534,10297,12106,12098,12109,10501,12102,10449,1708,12097,16411,10086,12099,10135,8847,12105,10910,8243,11047,10886,10252,12111,11554],"class_list":["post-46181","post","type-post","status-publish","format-standard","has-post-thumbnail","hentry","category-alive","tag-alive","tag-ambiance-2","tag-ef-16-35-mm-f28l-ii-usm","tag-ef-24-70-mm-f2-8l-ii-usm","tag-ef-70-200-mm-f28l-usm","tag-eos-5d-mark-iii","tag-eos-6d","tag-canton-de-vaud","tag-casseurs-flowteurs","tag-dictrict-de-nyon","tag-festival","tag-feu-dartifice","tag-fills-monkey","tag-gig","tag-grande-scene","tag-jack-johnson","tag-le-detour","tag-les-arches","tag-live","tag-m-i-a","tag-nyon","tag-paleo-festival","tag-paleo-festival-2014","tag-paleo-festival-2020","tag-placebo","tag-plaine-de-lasse","tag-public","tag-salut-cest-cool-2","tag-seasick-steve","tag-shaka-ponk","tag-sigma-15-mm-f2-8-ex-dg-diagonal-fish-eye","tag-skip-the-use","tag-suisse","tag-the-national","tag-tinariwen","tag-woodkid"],"acf":[],"geo":{"latitude":46.4043083,"longitude":6.2068462,"description":"Signy, Canton de Vaud, 1274, CH"},"jetpack_publicize_connections":[],"jetpack_featured_media_url":"https:\/\/www.wallendorff.com\/belogue\/wp-content\/uploads\/2020\/07\/20200721-36.jpg","jetpack_shortlink":"https:\/\/wp.me\/p3b35P-c0R","jetpack_sharing_enabled":true,"jetpack-related-posts":[{"id":129565,"url":"https:\/\/www.wallendorff.com\/belogue\/2024\/07\/26\/paleo-festival-2024-nyon-jour-3\/","url_meta":{"origin":46181,"position":0},"title":"Pal\u00e9o Festival 2024, Nyon, jour 3.","author":"dpc","date":"26 juillet 2024","format":false,"excerpt":"Ambiance, Pal\u00e9o Festival Nyon 2024 Ambiance, Pal\u00e9o Festival Nyon 2024 Ambiance, Pal\u00e9o Festival Nyon 2024 Ambiance, Pal\u00e9o Festival Nyon 2024 Ambiance, Pal\u00e9o Festival Nyon 2024 Ambiance, Pal\u00e9o Festival Nyon 2024 Ambiance, Pal\u00e9o Festival Nyon 2024 Ambiance, Pal\u00e9o Festival Nyon 2024","rel":"","context":"Dans &quot;Alive&quot;","block_context":{"text":"Alive","link":"https:\/\/www.wallendorff.com\/belogue\/category\/alive\/"},"img":{"alt_text":"","src":"https:\/\/i0.wp.com\/www.wallendorff.com\/belogue\/wp-content\/uploads\/2024\/07\/20240726-55.jpg?resize=350%2C200&ssl=1","width":350,"height":200,"srcset":"https:\/\/i0.wp.com\/www.wallendorff.com\/belogue\/wp-content\/uploads\/2024\/07\/20240726-55.jpg?resize=350%2C200&ssl=1 1x, https:\/\/i0.wp.com\/www.wallendorff.com\/belogue\/wp-content\/uploads\/2024\/07\/20240726-55.jpg?resize=525%2C300&ssl=1 1.5x, https:\/\/i0.wp.com\/www.wallendorff.com\/belogue\/wp-content\/uploads\/2024\/07\/20240726-55.jpg?resize=700%2C400&ssl=1 2x, https:\/\/i0.wp.com\/www.wallendorff.com\/belogue\/wp-content\/uploads\/2024\/07\/20240726-55.jpg?resize=1050%2C600&ssl=1 3x"},"classes":[]},{"id":129644,"url":"https:\/\/www.wallendorff.com\/belogue\/2024\/07\/27\/paleo-festival-2024-nyon-jour-4\/","url_meta":{"origin":46181,"position":1},"title":"Pal\u00e9o Festival 2024, Nyon, jour 4.","author":"dpc","date":"27 juillet 2024","format":false,"excerpt":"","rel":"","context":"Dans &quot;Alive&quot;","block_context":{"text":"Alive","link":"https:\/\/www.wallendorff.com\/belogue\/category\/alive\/"},"img":{"alt_text":"","src":"https:\/\/i0.wp.com\/www.wallendorff.com\/belogue\/wp-content\/uploads\/2024\/07\/20240727-27.jpg?resize=350%2C200&ssl=1","width":350,"height":200,"srcset":"https:\/\/i0.wp.com\/www.wallendorff.com\/belogue\/wp-content\/uploads\/2024\/07\/20240727-27.jpg?resize=350%2C200&ssl=1 1x, https:\/\/i0.wp.com\/www.wallendorff.com\/belogue\/wp-content\/uploads\/2024\/07\/20240727-27.jpg?resize=525%2C300&ssl=1 1.5x, https:\/\/i0.wp.com\/www.wallendorff.com\/belogue\/wp-content\/uploads\/2024\/07\/20240727-27.jpg?resize=700%2C400&ssl=1 2x, https:\/\/i0.wp.com\/www.wallendorff.com\/belogue\/wp-content\/uploads\/2024\/07\/20240727-27.jpg?resize=1050%2C600&ssl=1 3x"},"classes":[]},{"id":129779,"url":"https:\/\/www.wallendorff.com\/belogue\/2024\/07\/30\/paleo-festival-2024-nyon-jour-6\/","url_meta":{"origin":46181,"position":2},"title":"Pal\u00e9o Festival 2024, Nyon, jour 6.","author":"dpc","date":"30 juillet 2024","format":false,"excerpt":"","rel":"","context":"Dans &quot;Alive&quot;","block_context":{"text":"Alive","link":"https:\/\/www.wallendorff.com\/belogue\/category\/alive\/"},"img":{"alt_text":"","src":"https:\/\/i0.wp.com\/www.wallendorff.com\/belogue\/wp-content\/uploads\/2024\/07\/20240729-35.jpg?resize=350%2C200&ssl=1","width":350,"height":200,"srcset":"https:\/\/i0.wp.com\/www.wallendorff.com\/belogue\/wp-content\/uploads\/2024\/07\/20240729-35.jpg?resize=350%2C200&ssl=1 1x, https:\/\/i0.wp.com\/www.wallendorff.com\/belogue\/wp-content\/uploads\/2024\/07\/20240729-35.jpg?resize=525%2C300&ssl=1 1.5x, https:\/\/i0.wp.com\/www.wallendorff.com\/belogue\/wp-content\/uploads\/2024\/07\/20240729-35.jpg?resize=700%2C400&ssl=1 2x, https:\/\/i0.wp.com\/www.wallendorff.com\/belogue\/wp-content\/uploads\/2024\/07\/20240729-35.jpg?resize=1050%2C600&ssl=1 3x"},"classes":[]},{"id":129697,"url":"https:\/\/www.wallendorff.com\/belogue\/2024\/07\/28\/paleo-festival-2024-nyon-jour-5\/","url_meta":{"origin":46181,"position":3},"title":"Pal\u00e9o Festival 2024, Nyon, jour 5.","author":"dpc","date":"28 juillet 2024","format":false,"excerpt":"","rel":"","context":"Dans &quot;Alive&quot;","block_context":{"text":"Alive","link":"https:\/\/www.wallendorff.com\/belogue\/category\/alive\/"},"img":{"alt_text":"","src":"https:\/\/i0.wp.com\/www.wallendorff.com\/belogue\/wp-content\/uploads\/2024\/07\/20240728-70.jpg?resize=350%2C200&ssl=1","width":350,"height":200,"srcset":"https:\/\/i0.wp.com\/www.wallendorff.com\/belogue\/wp-content\/uploads\/2024\/07\/20240728-70.jpg?resize=350%2C200&ssl=1 1x, https:\/\/i0.wp.com\/www.wallendorff.com\/belogue\/wp-content\/uploads\/2024\/07\/20240728-70.jpg?resize=525%2C300&ssl=1 1.5x, https:\/\/i0.wp.com\/www.wallendorff.com\/belogue\/wp-content\/uploads\/2024\/07\/20240728-70.jpg?resize=700%2C400&ssl=1 2x, https:\/\/i0.wp.com\/www.wallendorff.com\/belogue\/wp-content\/uploads\/2024\/07\/20240728-70.jpg?resize=1050%2C600&ssl=1 3x"},"classes":[]},{"id":42794,"url":"https:\/\/www.wallendorff.com\/belogue\/2019\/07\/25\/paleo-festival-2019-nyon-jour-2\/","url_meta":{"origin":46181,"position":4},"title":"Pal\u00e9o Festival 2019, Nyon, jour 2.","author":"dpc","date":"25 juillet 2019","format":false,"excerpt":"","rel":"","context":"Dans &quot;Alive&quot;","block_context":{"text":"Alive","link":"https:\/\/www.wallendorff.com\/belogue\/category\/alive\/"},"img":{"alt_text":"","src":"https:\/\/i0.wp.com\/www.wallendorff.com\/belogue\/wp-content\/uploads\/2019\/07\/20190725-64.jpg?resize=350%2C200&ssl=1","width":350,"height":200,"srcset":"https:\/\/i0.wp.com\/www.wallendorff.com\/belogue\/wp-content\/uploads\/2019\/07\/20190725-64.jpg?resize=350%2C200&ssl=1 1x, https:\/\/i0.wp.com\/www.wallendorff.com\/belogue\/wp-content\/uploads\/2019\/07\/20190725-64.jpg?resize=525%2C300&ssl=1 1.5x, https:\/\/i0.wp.com\/www.wallendorff.com\/belogue\/wp-content\/uploads\/2019\/07\/20190725-64.jpg?resize=700%2C400&ssl=1 2x, https:\/\/i0.wp.com\/www.wallendorff.com\/belogue\/wp-content\/uploads\/2019\/07\/20190725-64.jpg?resize=1050%2C600&ssl=1 3x"},"classes":[]},{"id":43204,"url":"https:\/\/www.wallendorff.com\/belogue\/2019\/07\/30\/paleo-festival-2019-nyon-jour-6\/","url_meta":{"origin":46181,"position":5},"title":"Pal\u00e9o Festival 2019, Nyon, jour 6.","author":"dpc","date":"30 juillet 2019","format":false,"excerpt":"","rel":"","context":"Dans &quot;Alive&quot;","block_context":{"text":"Alive","link":"https:\/\/www.wallendorff.com\/belogue\/category\/alive\/"},"img":{"alt_text":"","src":"https:\/\/i0.wp.com\/www.wallendorff.com\/belogue\/wp-content\/uploads\/2019\/07\/20190730-54.jpg?resize=350%2C200&ssl=1","width":350,"height":200,"srcset":"https:\/\/i0.wp.com\/www.wallendorff.com\/belogue\/wp-content\/uploads\/2019\/07\/20190730-54.jpg?resize=350%2C200&ssl=1 1x, https:\/\/i0.wp.com\/www.wallendorff.com\/belogue\/wp-content\/uploads\/2019\/07\/20190730-54.jpg?resize=525%2C300&ssl=1 1.5x, https:\/\/i0.wp.com\/www.wallendorff.com\/belogue\/wp-content\/uploads\/2019\/07\/20190730-54.jpg?resize=700%2C400&ssl=1 2x, https:\/\/i0.wp.com\/www.wallendorff.com\/belogue\/wp-content\/uploads\/2019\/07\/20190730-54.jpg?resize=1050%2C600&ssl=1 3x"},"classes":[]}],"_links":{"self":[{"href":"https:\/\/www.wallendorff.com\/belogue\/wp-json\/wp\/v2\/posts\/46181","targetHints":{"allow":["GET"]}}],"collection":[{"href":"https:\/\/www.wallendorff.com\/belogue\/wp-json\/wp\/v2\/posts"}],"about":[{"href":"https:\/\/www.wallendorff.com\/belogue\/wp-json\/wp\/v2\/types\/post"}],"author":[{"embeddable":true,"href":"https:\/\/www.wallendorff.com\/belogue\/wp-json\/wp\/v2\/users\/1"}],"replies":[{"embeddable":true,"href":"https:\/\/www.wallendorff.com\/belogue\/wp-json\/wp\/v2\/comments?post=46181"}],"version-history":[{"count":1,"href":"https:\/\/www.wallendorff.com\/belogue\/wp-json\/wp\/v2\/posts\/46181\/revisions"}],"predecessor-version":[{"id":46221,"href":"https:\/\/www.wallendorff.com\/belogue\/wp-json\/wp\/v2\/posts\/46181\/revisions\/46221"}],"wp:featuredmedia":[{"embeddable":true,"href":"https:\/\/www.wallendorff.com\/belogue\/wp-json\/wp\/v2\/media\/46217"}],"wp:attachment":[{"href":"https:\/\/www.wallendorff.com\/belogue\/wp-json\/wp\/v2\/media?parent=46181"}],"wp:term":[{"taxonomy":"category","embeddable":true,"href":"https:\/\/www.wallendorff.com\/belogue\/wp-json\/wp\/v2\/categories?post=46181"},{"taxonomy":"post_tag","embeddable":true,"href":"https:\/\/www.wallendorff.com\/belogue\/wp-json\/wp\/v2\/tags?post=46181"}],"curies":[{"name":"wp","href":"https:\/\/api.w.org\/{rel}","templated":true}]}}