{"id":460,"date":"2005-02-19T01:57:07","date_gmt":"2005-02-19T01:57:07","guid":{"rendered":"http:\/\/www.po-l.com\/wordpress\/?p=460"},"modified":"2011-10-28T16:35:54","modified_gmt":"2011-10-28T14:35:54","slug":"bar-accouda","status":"publish","type":"post","link":"https:\/\/www.wallendorff.com\/belogue\/2005\/02\/19\/bar-accouda\/","title":{"rendered":"Bar-accouda."},"content":{"rendered":"\n<div id=\"photo\">\n<p><img decoding=\"async\" src=\"http:\/\/www.po-L.com\/belogue\/photo\/2005\/02\/20050219-01.jpg\" \/><br \/>\n          Mus&eacute;e Henry Ford, Dearborn, 6 f&eacute;vrier.<\/p>\n<\/p><\/div>\n<div id=\"bandeson\">\n<p><strong>Bande-son<\/strong>&nbsp;: Baracudi (baracudi), Baracuda (baracuda).<\/p>\n<\/p><\/div>\n","protected":false},"excerpt":{"rendered":"<p>Mus&eacute;e Henry Ford, Dearborn, 6 f&eacute;vrier. Bande-son&nbsp;: Baracudi (baracudi), Baracuda (baracuda).<\/p>\n","protected":false},"author":1,"featured_media":24400,"comment_status":"open","ping_status":"open","sticky":false,"template":"","format":"standard","meta":{"_acf_changed":false,"ngg_post_thumbnail":0,"jetpack_post_was_ever_published":false,"_jetpack_newsletter_access":"","_jetpack_dont_email_post_to_subs":false,"_jetpack_newsletter_tier_id":0,"_jetpack_memberships_contains_paywalled_content":false,"_jetpack_memberships_contains_paid_content":false,"footnotes":"","jetpack_publicize_message":"","jetpack_publicize_feature_enabled":true,"jetpack_social_post_already_shared":false,"jetpack_social_options":{"image_generator_settings":{"template":"highway","default_image_id":0,"font":"","enabled":false},"version":2}},"categories":[3],"tags":[10115,157,132,10240,843,55,54,10232,842],"class_list":["post-460","post","type-post","status-publish","format-standard","has-post-thumbnail","hentry","category-dpc","tag-bar","tag-ef-50-mm-f18-ii","tag-eos-20d","tag-chaises","tag-dearborn","tag-etats-unis","tag-michigan","tag-musee","tag-the-henry-ford"],"acf":[],"geo":{"latitude":42.3037376,"longitude":-83.2333527,"description":"Greenfield Village, Dearborn, MI 48124, USA"},"jetpack_publicize_connections":[],"jetpack_featured_media_url":"https:\/\/www.wallendorff.com\/belogue\/wp-content\/uploads\/2015\/04\/20050219-011.jpg","jetpack_shortlink":"https:\/\/wp.me\/p3b35P-7q","jetpack_sharing_enabled":true,"jetpack-related-posts":[{"id":11254,"url":"https:\/\/www.wallendorff.com\/belogue\/2011\/01\/06\/lennui-au-musee\/","url_meta":{"origin":460,"position":0},"title":"L&rsquo;ennui au mus\u00e9e.","author":"dpc","date":"6 janvier 2011","format":false,"excerpt":"Centre Pompidou-Metz, Metz, 8 novembre 2010. The High Wire \u2013 Odds & Evens","rel":"","context":"Dans &quot;DPC&quot;","block_context":{"text":"DPC","link":"https:\/\/www.wallendorff.com\/belogue\/category\/dpc\/"},"img":{"alt_text":"","src":"https:\/\/i0.wp.com\/www.wallendorff.com\/belogue\/wp-content\/uploads\/2015\/04\/201101061.jpg?resize=350%2C200&ssl=1","width":350,"height":200},"classes":[]},{"id":20135,"url":"https:\/\/www.wallendorff.com\/belogue\/2013\/01\/16\/piliers-en-quatre\/","url_meta":{"origin":460,"position":1},"title":"Piliers en quatre.","author":"dpc","date":"16 janvier 2013","format":false,"excerpt":"Mus\u00e9e du Louvre, Paris, 20 novembre 2012. Chained The xx","rel":"","context":"Dans &quot;DPC&quot;","block_context":{"text":"DPC","link":"https:\/\/www.wallendorff.com\/belogue\/category\/dpc\/"},"img":{"alt_text":"","src":"https:\/\/i0.wp.com\/www.wallendorff.com\/belogue\/wp-content\/uploads\/2015\/04\/201301161.jpg?resize=350%2C200&ssl=1","width":350,"height":200},"classes":[]},{"id":20127,"url":"https:\/\/www.wallendorff.com\/belogue\/2013\/01\/15\/plafond-la-forme\/","url_meta":{"origin":460,"position":2},"title":"Plafond [la forme.]","author":"dpc","date":"15 janvier 2013","format":false,"excerpt":"Mus\u00e9e du Louvre , Paris, 20 novembre 2012. Ribcage The Bronx","rel":"","context":"Dans &quot;DPC&quot;","block_context":{"text":"DPC","link":"https:\/\/www.wallendorff.com\/belogue\/category\/dpc\/"},"img":{"alt_text":"","src":"https:\/\/i0.wp.com\/www.wallendorff.com\/belogue\/wp-content\/uploads\/2015\/04\/201301151.jpg?resize=350%2C200&ssl=1","width":350,"height":200,"srcset":"https:\/\/i0.wp.com\/www.wallendorff.com\/belogue\/wp-content\/uploads\/2015\/04\/201301151.jpg?resize=350%2C200&ssl=1 1x, https:\/\/i0.wp.com\/www.wallendorff.com\/belogue\/wp-content\/uploads\/2015\/04\/201301151.jpg?resize=525%2C300&ssl=1 1.5x, https:\/\/i0.wp.com\/www.wallendorff.com\/belogue\/wp-content\/uploads\/2015\/04\/201301151.jpg?resize=700%2C400&ssl=1 2x"},"classes":[]},{"id":22077,"url":"https:\/\/www.wallendorff.com\/belogue\/2013\/11\/27\/bijoux-partout\/","url_meta":{"origin":460,"position":3},"title":"Bijoux partout.","author":"dpc","date":"27 novembre 2013","format":false,"excerpt":"Mus\u00e9e des Arts D\u00e9coratifs, Paris, 6 octobre. This Lonely Morning Best Coast","rel":"","context":"Dans &quot;DPC&quot;","block_context":{"text":"DPC","link":"https:\/\/www.wallendorff.com\/belogue\/category\/dpc\/"},"img":{"alt_text":"","src":"https:\/\/i0.wp.com\/www.wallendorff.com\/belogue\/wp-content\/uploads\/2015\/04\/201311271.jpg?resize=350%2C200&ssl=1","width":350,"height":200,"srcset":"https:\/\/i0.wp.com\/www.wallendorff.com\/belogue\/wp-content\/uploads\/2015\/04\/201311271.jpg?resize=350%2C200&ssl=1 1x, https:\/\/i0.wp.com\/www.wallendorff.com\/belogue\/wp-content\/uploads\/2015\/04\/201311271.jpg?resize=525%2C300&ssl=1 1.5x, https:\/\/i0.wp.com\/www.wallendorff.com\/belogue\/wp-content\/uploads\/2015\/04\/201311271.jpg?resize=700%2C400&ssl=1 2x"},"classes":[]},{"id":1025,"url":"https:\/\/www.wallendorff.com\/belogue\/2007\/08\/29\/j-en-luis-muraille\/","url_meta":{"origin":460,"position":4},"title":"J&rsquo;en luis muraille.","author":"dpc","date":"29 ao\u00fbt 2007","format":false,"excerpt":"Mus\u00e9e Van Gogh, Amsterdam, 13 ao\u00fbt. I wish I could. \u00a0Cherry Ghost \u2013 People Help the People","rel":"","context":"Dans &quot;DPC&quot;","block_context":{"text":"DPC","link":"https:\/\/www.wallendorff.com\/belogue\/category\/dpc\/"},"img":{"alt_text":"","src":"https:\/\/i0.wp.com\/www.wallendorff.com\/belogue\/wp-content\/uploads\/2015\/04\/200708291.jpg?resize=350%2C200&ssl=1","width":350,"height":200},"classes":[]},{"id":7164,"url":"https:\/\/www.wallendorff.com\/belogue\/2010\/03\/12\/les-trams-ou-cque-terres\/","url_meta":{"origin":460,"position":5},"title":"Les trams o\u00f9 c&rsquo;que t&rsquo;erres.","author":"dpc","date":"12 mars 2010","format":false,"excerpt":"Mus\u00e9e Carnavalet, Paris, 20 f\u00e9vrier. [F\u00e9vrier passe bigrement vite je trouve.] \u00a0Ash \u2013 Arcadia","rel":"","context":"Dans &quot;DPC&quot;","block_context":{"text":"DPC","link":"https:\/\/www.wallendorff.com\/belogue\/category\/dpc\/"},"img":{"alt_text":"","src":"https:\/\/i0.wp.com\/www.wallendorff.com\/belogue\/wp-content\/uploads\/2015\/04\/201003121.jpg?resize=350%2C200&ssl=1","width":350,"height":200},"classes":[]}],"_links":{"self":[{"href":"https:\/\/www.wallendorff.com\/belogue\/wp-json\/wp\/v2\/posts\/460","targetHints":{"allow":["GET"]}}],"collection":[{"href":"https:\/\/www.wallendorff.com\/belogue\/wp-json\/wp\/v2\/posts"}],"about":[{"href":"https:\/\/www.wallendorff.com\/belogue\/wp-json\/wp\/v2\/types\/post"}],"author":[{"embeddable":true,"href":"https:\/\/www.wallendorff.com\/belogue\/wp-json\/wp\/v2\/users\/1"}],"replies":[{"embeddable":true,"href":"https:\/\/www.wallendorff.com\/belogue\/wp-json\/wp\/v2\/comments?post=460"}],"version-history":[{"count":1,"href":"https:\/\/www.wallendorff.com\/belogue\/wp-json\/wp\/v2\/posts\/460\/revisions"}],"predecessor-version":[{"id":14298,"href":"https:\/\/www.wallendorff.com\/belogue\/wp-json\/wp\/v2\/posts\/460\/revisions\/14298"}],"wp:featuredmedia":[{"embeddable":true,"href":"https:\/\/www.wallendorff.com\/belogue\/wp-json\/wp\/v2\/media\/24400"}],"wp:attachment":[{"href":"https:\/\/www.wallendorff.com\/belogue\/wp-json\/wp\/v2\/media?parent=460"}],"wp:term":[{"taxonomy":"category","embeddable":true,"href":"https:\/\/www.wallendorff.com\/belogue\/wp-json\/wp\/v2\/categories?post=460"},{"taxonomy":"post_tag","embeddable":true,"href":"https:\/\/www.wallendorff.com\/belogue\/wp-json\/wp\/v2\/tags?post=460"}],"curies":[{"name":"wp","href":"https:\/\/api.w.org\/{rel}","templated":true}]}}