{"id":46,"date":"2006-07-15T16:31:35","date_gmt":"2006-07-15T16:31:35","guid":{"rendered":"http:\/\/www.po-l.com\/wordpress\/?p=46"},"modified":"2012-05-08T11:52:36","modified_gmt":"2012-05-08T09:52:36","slug":"d-etre-un","status":"publish","type":"post","link":"https:\/\/www.wallendorff.com\/belogue\/2006\/07\/15\/d-etre-un\/","title":{"rendered":"D&rsquo;&ecirc;tre un."},"content":{"rendered":"\n<div id=\"photo\">\n<p><img decoding=\"async\" src=\"http:\/\/www.po-L.com\/belogue\/photo\/2006\/07\/20060715.jpg\" \/><br \/>\n          Gare SNCF, Charleville-M&eacute;zi&egrave;res, 14 juillet.<\/p>\n<\/p><\/div>\n<p>On t&rsquo;a laiss&eacute; sur un quai de la gare de l&rsquo;Est et tu t&rsquo;es &eacute;croul&eacute; dans un Corail vide sans voir passer &Eacute;pernay, ni Reims, &agrave; peine Rethel. Tu t&rsquo;es r&eacute;veill&eacute; en &eacute;coutant des <a href=\"http:\/\/www.theanswer.ie\">mecs qui aiment la bi&egrave;re et BonJovi<\/a> et qui pensent manifestement que 1994, c&rsquo;&eacute;tait l&rsquo;ann&eacute;e derni&egrave;re et &ccedil;a t&rsquo;a rappel&eacute; l&rsquo;&eacute;poque o&ugrave; tu &eacute;coutais le m&ecirc;me genre de trucs dans ce m&ecirc;me TER te ramenant du lyc&eacute;e le vendredi soir, le MD en moins mais la veste en jean et le walkman de ta s&oelig;ur en plus. &Agrave; l&rsquo;arriv&eacute;e ton p&egrave;re &eacute;coute Evanescence<sup>1<\/sup> et t&#8217;emm&egrave;ne rejoindre un bout de la clique de la <a href=\"https:\/\/www.wallendorff.com\/belogue\/2006\/05\/07\/lapin-compris\/\">derni&egrave;re fois<\/a>, d&eacute;j&agrave; plus &eacute;tanche depuis quelques heures, en compagnie de qui tu finis la soir&eacute;e &agrave; arroser la gastronomie locale, trop longtemps d&eacute;laiss&eacute;e, &agrave; la Leffe. <\/p>\n<p>Et tu r&eacute;alises qu&rsquo;&agrave; force d&rsquo;espacer les visites sur les terres familiales, tu finis par les appr&eacute;cier autant que tes escapades messines. <\/p>\n<p style=\"text-align:right\">Pourvuxadure.<\/p>\n<div id=\"bandeson\">\n<p><img decoding=\"async\" src=\"https:\/\/www.wallendorff.com\/belogue\/photo\/pochettes\/b\/black_keys-chulahoma.jpg\" align=\"left\" \/>&nbsp;<a href=\"http:\/\/www.theblackkeys.com\/\">The Black Keys<\/a> &ndash; <em>Have Mercy on Me<\/em> (Junior Kimbrough cover)<\/p>\n<\/p><\/div>\n<div id=\"bas_note\">\n<p>_____<\/p>\n<p><sup>1<\/sup> Aucune honte. Mieux vaut un p&egrave;re amateur d&rsquo;Evanescence qu&rsquo;un p&egrave;re fan de Michel Sardou.<\/p>\n<\/p><\/div>\n","protected":false},"excerpt":{"rendered":"<p>Gare SNCF, Charleville-M&eacute;zi&egrave;res, 14 juillet. On t&rsquo;a laiss&eacute; sur un quai de la gare de l&rsquo;Est et tu t&rsquo;es &eacute;croul&eacute; dans un Corail vide sans voir passer &Eacute;pernay, ni Reims, &agrave; peine Rethel. Tu t&rsquo;es r&eacute;veill&eacute; en &eacute;coutant des mecs qui aiment la bi&egrave;re et BonJovi et qui pensent manifestement que 1994, c&rsquo;&eacute;tait l&rsquo;ann&eacute;e derni&egrave;re&hellip;<\/p>\n","protected":false},"author":1,"featured_media":23983,"comment_status":"open","ping_status":"open","sticky":false,"template":"","format":"standard","meta":{"_acf_changed":false,"ngg_post_thumbnail":0,"jetpack_post_was_ever_published":false,"_jetpack_newsletter_access":"","_jetpack_dont_email_post_to_subs":false,"_jetpack_newsletter_tier_id":0,"_jetpack_memberships_contains_paywalled_content":false,"_jetpack_memberships_contains_paid_content":false,"footnotes":"","jetpack_publicize_message":"","jetpack_publicize_feature_enabled":true,"jetpack_social_post_already_shared":false,"jetpack_social_options":{"image_generator_settings":{"template":"highway","default_image_id":0,"font":"","enabled":false},"version":2}},"categories":[3],"tags":[10255,132,10254,10321,10246,10311,10120,10247,1231,1688,3868,143,10103,173,10396,10150],"class_list":["post-46","post","type-post","status-publish","format-standard","has-post-thumbnail","hentry","category-dpc","tag-ardenne","tag-eos-20d","tag-champagne-ardenne","tag-charleville-mezieres","tag-contre-jour","tag-dos","tag-france","tag-gare","tag-gare-de-charleville-mezieres","tag-have-mercy-on-me","tag-junior-kimbrough","tag-noir-et-blanc","tag-route","tag-sigma-28-70-mm-f28-dg-ex","tag-the-black-keys","tag-train"],"acf":[],"geo":{"latitude":49.7677956,"longitude":4.7255373,"description":null},"jetpack_publicize_connections":[],"jetpack_featured_media_url":"https:\/\/www.wallendorff.com\/belogue\/wp-content\/uploads\/2015\/04\/200607151.jpg","jetpack_shortlink":"https:\/\/wp.me\/p3b35P-K","jetpack_sharing_enabled":true,"jetpack-related-posts":[{"id":70,"url":"https:\/\/www.wallendorff.com\/belogue\/2005\/09\/09\/il-n-y-a-que-rail-qui-raille\/","url_meta":{"origin":46,"position":0},"title":"Il n&rsquo;y a que rail qui raille&sup1;.","author":"dpc","date":"9 septembre 2005","format":false,"excerpt":"Gare SNCF, Charleville-M\u00e9zi\u00e8res, 4 mars. Je sais pas ce qui nous fait mettre une photo de c\u00f4t\u00e9, puis la reprendre 6 mois plus tard en se disant que si, en fait, on peut en tirer un truc chouette. Je ne sais pas non plus ce qui nous fait remettre une\u2026","rel":"","context":"Dans &quot;DPC&quot;","block_context":{"text":"DPC","link":"https:\/\/www.wallendorff.com\/belogue\/category\/dpc\/"},"img":{"alt_text":"","src":"https:\/\/i0.wp.com\/www.wallendorff.com\/belogue\/wp-content\/uploads\/2015\/04\/200509091.jpg?resize=350%2C200&ssl=1","width":350,"height":200},"classes":[]},{"id":130040,"url":"https:\/\/www.wallendorff.com\/belogue\/2024\/08\/16\/le-cabaret-vert-2024-charleville-mezieres-jour-1\/","url_meta":{"origin":46,"position":1},"title":"Le Cabaret Vert 2024, Charleville-M\u00e9zi\u00e8res, jour 1.","author":"dpc","date":"16 ao\u00fbt 2024","format":false,"excerpt":"Le Cabaret Vert, Charleville-M\u00e9zi\u00e8res, 15\/08\/2024 Le Cabaret Vert, Charleville-M\u00e9zi\u00e8res, 15\/08\/2024 Flogging Molly @ le Cabaret Vert, Charleville-M\u00e9zi\u00e8res, 15\/08\/2024 Le Cabaret Vert, Charleville-M\u00e9zi\u00e8res, 15\/08\/2024 Flogging Molly @ le Cabaret Vert, Charleville-M\u00e9zi\u00e8res, 15\/08\/2024 Flogging Molly @ le Cabaret Vert, Charleville-M\u00e9zi\u00e8res, 15\/08\/2024 Le Cabaret Vert, Charleville-M\u00e9zi\u00e8res, 15\/08\/2024 Flogging Molly @ le Cabaret Vert,\u2026","rel":"","context":"Dans &quot;Alive&quot;","block_context":{"text":"Alive","link":"https:\/\/www.wallendorff.com\/belogue\/category\/alive\/"},"img":{"alt_text":"","src":"https:\/\/i0.wp.com\/www.wallendorff.com\/belogue\/wp-content\/uploads\/2024\/08\/20240816-31.jpg?resize=350%2C200&ssl=1","width":350,"height":200,"srcset":"https:\/\/i0.wp.com\/www.wallendorff.com\/belogue\/wp-content\/uploads\/2024\/08\/20240816-31.jpg?resize=350%2C200&ssl=1 1x, https:\/\/i0.wp.com\/www.wallendorff.com\/belogue\/wp-content\/uploads\/2024\/08\/20240816-31.jpg?resize=525%2C300&ssl=1 1.5x, https:\/\/i0.wp.com\/www.wallendorff.com\/belogue\/wp-content\/uploads\/2024\/08\/20240816-31.jpg?resize=700%2C400&ssl=1 2x, https:\/\/i0.wp.com\/www.wallendorff.com\/belogue\/wp-content\/uploads\/2024\/08\/20240816-31.jpg?resize=1050%2C600&ssl=1 3x"},"classes":[]},{"id":49441,"url":"https:\/\/www.wallendorff.com\/belogue\/2021\/08\/31\/festival-face-b-charleville-mezieres-29-aout-2021\/","url_meta":{"origin":46,"position":2},"title":"Festival Face B, Charleville-M\u00e9zi\u00e8res, 29 ao\u00fbt 2021.","author":"dpc","date":"31 ao\u00fbt 2021","format":false,"excerpt":"Avec Delgr\u00e8s, Pomme et Stephan Eicher. Delgr\u00e8s @ Festival Face B, Charleville-M\u00e9zi\u00e8res, 29\/08\/2021 Festival Face B, Charleville-M\u00e9zi\u00e8res, 29\/08\/2021 Delgr\u00e8s @ Festival Face B, Charleville-M\u00e9zi\u00e8res, 29\/08\/2021 Festival Face B, Charleville-M\u00e9zi\u00e8res, 29\/08\/2021 Delgr\u00e8s @ Festival Face B, Charleville-M\u00e9zi\u00e8res, 29\/08\/2021 Festival Face B, Charleville-M\u00e9zi\u00e8res, 29\/08\/2021 Delgr\u00e8s @ Festival Face B, Charleville-M\u00e9zi\u00e8res, 29\/08\/2021 Delgr\u00e8s\u2026","rel":"","context":"Dans &quot;Alive&quot;","block_context":{"text":"Alive","link":"https:\/\/www.wallendorff.com\/belogue\/category\/alive\/"},"img":{"alt_text":"","src":"https:\/\/i0.wp.com\/www.wallendorff.com\/belogue\/wp-content\/uploads\/2021\/08\/20210830-36.jpg?resize=350%2C200&ssl=1","width":350,"height":200,"srcset":"https:\/\/i0.wp.com\/www.wallendorff.com\/belogue\/wp-content\/uploads\/2021\/08\/20210830-36.jpg?resize=350%2C200&ssl=1 1x, https:\/\/i0.wp.com\/www.wallendorff.com\/belogue\/wp-content\/uploads\/2021\/08\/20210830-36.jpg?resize=525%2C300&ssl=1 1.5x, https:\/\/i0.wp.com\/www.wallendorff.com\/belogue\/wp-content\/uploads\/2021\/08\/20210830-36.jpg?resize=700%2C400&ssl=1 2x, https:\/\/i0.wp.com\/www.wallendorff.com\/belogue\/wp-content\/uploads\/2021\/08\/20210830-36.jpg?resize=1050%2C600&ssl=1 3x"},"classes":[]},{"id":130218,"url":"https:\/\/www.wallendorff.com\/belogue\/2024\/08\/18\/le-cabaret-vert-2024-charleville-mezieres-jour-3\/","url_meta":{"origin":46,"position":3},"title":"Le Cabaret Vert 2024, Charleville-M\u00e9zi\u00e8res, jour 3.","author":"dpc","date":"18 ao\u00fbt 2024","format":false,"excerpt":"METZ @ le Cabaret Vert, Charleville-M\u00e9zi\u00e8res, 17\/08\/2024 Le Cabaret Vert, Charleville-M\u00e9zi\u00e8res, 17\/08\/2024 METZ @ le Cabaret Vert, Charleville-M\u00e9zi\u00e8res, 17\/08\/2024 Le Cabaret Vert, Charleville-M\u00e9zi\u00e8res, 17\/08\/2024 METZ @ le Cabaret Vert, Charleville-M\u00e9zi\u00e8res, 17\/08\/2024 Le Cabaret Vert, Charleville-M\u00e9zi\u00e8res, 17\/08\/2024 METZ @ le Cabaret Vert, Charleville-M\u00e9zi\u00e8res, 17\/08\/2024 Le Cabaret Vert, Charleville-M\u00e9zi\u00e8res, 17\/08\/2024 METZ @\u2026","rel":"","context":"Dans &quot;Alive&quot;","block_context":{"text":"Alive","link":"https:\/\/www.wallendorff.com\/belogue\/category\/alive\/"},"img":{"alt_text":"","src":"https:\/\/i0.wp.com\/www.wallendorff.com\/belogue\/wp-content\/uploads\/2024\/08\/20240818-55.jpg?resize=350%2C200&ssl=1","width":350,"height":200,"srcset":"https:\/\/i0.wp.com\/www.wallendorff.com\/belogue\/wp-content\/uploads\/2024\/08\/20240818-55.jpg?resize=350%2C200&ssl=1 1x, https:\/\/i0.wp.com\/www.wallendorff.com\/belogue\/wp-content\/uploads\/2024\/08\/20240818-55.jpg?resize=525%2C300&ssl=1 1.5x, https:\/\/i0.wp.com\/www.wallendorff.com\/belogue\/wp-content\/uploads\/2024\/08\/20240818-55.jpg?resize=700%2C400&ssl=1 2x, https:\/\/i0.wp.com\/www.wallendorff.com\/belogue\/wp-content\/uploads\/2024\/08\/20240818-55.jpg?resize=1050%2C600&ssl=1 3x"},"classes":[]},{"id":133423,"url":"https:\/\/www.wallendorff.com\/belogue\/2025\/08\/16\/le-cabaret-vert-2025-charleville-mezieres-jour-2\/","url_meta":{"origin":46,"position":4},"title":"Le Cabaret Vert 2025, Charleville-M\u00e9zi\u00e8res, jour 2.","author":"dpc","date":"16 ao\u00fbt 2025","format":false,"excerpt":"Le Cabaret Vert, Charleville-M\u00e9zi\u00e8res, 15\/08\/2025 Suki Waterhouse @ le Cabaret Vert, Charleville-M\u00e9zi\u00e8res, 14\/08\/2025 Suki Waterhouse @ le Cabaret Vert, Charleville-M\u00e9zi\u00e8res, 14\/08\/2025 Suki Waterhouse @ le Cabaret Vert, Charleville-M\u00e9zi\u00e8res, 14\/08\/2025 Le Cabaret Vert, Charleville-M\u00e9zi\u00e8res, 15\/08\/2025 Suki Waterhouse @ le Cabaret Vert, Charleville-M\u00e9zi\u00e8res, 14\/08\/2025 Le Cabaret Vert, Charleville-M\u00e9zi\u00e8res, 15\/08\/2025 Suki Waterhouse @\u2026","rel":"","context":"Dans &quot;Alive&quot;","block_context":{"text":"Alive","link":"https:\/\/www.wallendorff.com\/belogue\/category\/alive\/"},"img":{"alt_text":"","src":"https:\/\/i0.wp.com\/www.wallendorff.com\/belogue\/wp-content\/uploads\/2025\/08\/20250816-25.jpg?resize=350%2C200&ssl=1","width":350,"height":200,"srcset":"https:\/\/i0.wp.com\/www.wallendorff.com\/belogue\/wp-content\/uploads\/2025\/08\/20250816-25.jpg?resize=350%2C200&ssl=1 1x, https:\/\/i0.wp.com\/www.wallendorff.com\/belogue\/wp-content\/uploads\/2025\/08\/20250816-25.jpg?resize=525%2C300&ssl=1 1.5x, https:\/\/i0.wp.com\/www.wallendorff.com\/belogue\/wp-content\/uploads\/2025\/08\/20250816-25.jpg?resize=700%2C400&ssl=1 2x, https:\/\/i0.wp.com\/www.wallendorff.com\/belogue\/wp-content\/uploads\/2025\/08\/20250816-25.jpg?resize=1050%2C600&ssl=1 3x"},"classes":[]},{"id":133502,"url":"https:\/\/www.wallendorff.com\/belogue\/2025\/08\/17\/le-cabaret-vert-2025-charleville-mezieres-jour-3\/","url_meta":{"origin":46,"position":5},"title":"Le Cabaret Vert 2025, Charleville-M\u00e9zi\u00e8res, jour 3.","author":"dpc","date":"17 ao\u00fbt 2025","format":false,"excerpt":"Le Cabaret Vert, Charleville-M\u00e9zi\u00e8res, 16\/08\/2025 The Linda Lindas @ le Cabaret Vert, Charleville-M\u00e9zi\u00e8res, 16\/08\/2025 The Linda Lindas @ le Cabaret Vert, Charleville-M\u00e9zi\u00e8res, 16\/08\/2025 The Linda Lindas @ le Cabaret Vert, Charleville-M\u00e9zi\u00e8res, 16\/08\/2025 The Linda Lindas @ le Cabaret Vert, Charleville-M\u00e9zi\u00e8res, 16\/08\/2025 The Linda Lindas @ le Cabaret Vert, Charleville-M\u00e9zi\u00e8res, 16\/08\/2025\u2026","rel":"","context":"Dans &quot;Alive&quot;","block_context":{"text":"Alive","link":"https:\/\/www.wallendorff.com\/belogue\/category\/alive\/"},"img":{"alt_text":"","src":"https:\/\/i0.wp.com\/www.wallendorff.com\/belogue\/wp-content\/uploads\/2025\/08\/20250817-46.jpg?resize=350%2C200&ssl=1","width":350,"height":200,"srcset":"https:\/\/i0.wp.com\/www.wallendorff.com\/belogue\/wp-content\/uploads\/2025\/08\/20250817-46.jpg?resize=350%2C200&ssl=1 1x, https:\/\/i0.wp.com\/www.wallendorff.com\/belogue\/wp-content\/uploads\/2025\/08\/20250817-46.jpg?resize=525%2C300&ssl=1 1.5x, https:\/\/i0.wp.com\/www.wallendorff.com\/belogue\/wp-content\/uploads\/2025\/08\/20250817-46.jpg?resize=700%2C400&ssl=1 2x, https:\/\/i0.wp.com\/www.wallendorff.com\/belogue\/wp-content\/uploads\/2025\/08\/20250817-46.jpg?resize=1050%2C600&ssl=1 3x"},"classes":[]}],"_links":{"self":[{"href":"https:\/\/www.wallendorff.com\/belogue\/wp-json\/wp\/v2\/posts\/46","targetHints":{"allow":["GET"]}}],"collection":[{"href":"https:\/\/www.wallendorff.com\/belogue\/wp-json\/wp\/v2\/posts"}],"about":[{"href":"https:\/\/www.wallendorff.com\/belogue\/wp-json\/wp\/v2\/types\/post"}],"author":[{"embeddable":true,"href":"https:\/\/www.wallendorff.com\/belogue\/wp-json\/wp\/v2\/users\/1"}],"replies":[{"embeddable":true,"href":"https:\/\/www.wallendorff.com\/belogue\/wp-json\/wp\/v2\/comments?post=46"}],"version-history":[{"count":1,"href":"https:\/\/www.wallendorff.com\/belogue\/wp-json\/wp\/v2\/posts\/46\/revisions"}],"predecessor-version":[{"id":17230,"href":"https:\/\/www.wallendorff.com\/belogue\/wp-json\/wp\/v2\/posts\/46\/revisions\/17230"}],"wp:featuredmedia":[{"embeddable":true,"href":"https:\/\/www.wallendorff.com\/belogue\/wp-json\/wp\/v2\/media\/23983"}],"wp:attachment":[{"href":"https:\/\/www.wallendorff.com\/belogue\/wp-json\/wp\/v2\/media?parent=46"}],"wp:term":[{"taxonomy":"category","embeddable":true,"href":"https:\/\/www.wallendorff.com\/belogue\/wp-json\/wp\/v2\/categories?post=46"},{"taxonomy":"post_tag","embeddable":true,"href":"https:\/\/www.wallendorff.com\/belogue\/wp-json\/wp\/v2\/tags?post=46"}],"curies":[{"name":"wp","href":"https:\/\/api.w.org\/{rel}","templated":true}]}}