{"id":45943,"date":"2020-07-06T09:47:58","date_gmt":"2020-07-06T07:47:58","guid":{"rendered":"http:\/\/www.wallendorff.com\/belogue\/?p=45943"},"modified":"2020-07-06T11:22:49","modified_gmt":"2020-07-06T09:22:49","slug":"17-ans-deurockeennes-2003-2009","status":"publish","type":"post","link":"https:\/\/www.wallendorff.com\/belogue\/2020\/07\/06\/17-ans-deurockeennes-2003-2009\/","title":{"rendered":"17 ans d&rsquo;Eurock\u00e9ennes : 2003 \u2013 2009"},"content":{"rendered":"<div id=\"photo\">\n<p><img decoding=\"async\" src=\"https:\/\/www.wallendorff.com\/belogue\/wp-content\/uploads\/2020\/07\/20200706-42.jpg\"><\/p>\n<\/div>\n<p style=\"text-align:right\">Bon j&rsquo;ai plut&ocirc;t 19 ans d&rsquo;Eurock&eacute;ennes au compteur puisque j&rsquo;ai &eacute;galement assist&eacute; &agrave; l&rsquo;&eacute;dition 2001, mais depuis le public. Enfin on va pas chipoter. Puisque nous en sommes priv&eacute;s cette ann&eacute;e, je vous remets des archives des 12 &eacute;ditions que j&rsquo;ai photographi&eacute;es pour nous rappeler le bon temps des festivals en plein air plein de musique, d&rsquo;insouciance, d&rsquo;alcool, de sueur et de germe partag&eacute;s de bon c&oelig;ur.<\/p>\n<p style=\"text-align:right\"> Vivement que &ccedil;a revienne.<\/p>\n<p style=\"text-align:right\">Commen&ccedil;ons aujourd&rsquo;hui avec les archives 2003 &ndash; 2009, une &eacute;poque &agrave; laquelle je n&rsquo;avais pas encore compris que photographier un festival sans mettre le public en avant, &ccedil;a n&rsquo;a pas grand int&eacute;r&ecirc;t.<\/p>\n<div id='gallery-1' class='gallery galleryid-45943 gallery-columns-1 gallery-size-large'><figure class='gallery-item'>\n\t\t\t<div class='gallery-icon landscape'>\n\t\t\t\t<a href='https:\/\/www.wallendorff.com\/belogue\/massive-attack-les-eurockeennes-belfort-05-07-2003\/'><img fetchpriority=\"high\" decoding=\"async\" width=\"1170\" height=\"780\" src=\"https:\/\/www.wallendorff.com\/belogue\/wp-content\/uploads\/2020\/07\/20200706-01.jpg\" class=\"attachment-large size-large\" alt=\"\" aria-describedby=\"gallery-1-45944\" srcset=\"https:\/\/www.wallendorff.com\/belogue\/wp-content\/uploads\/2020\/07\/20200706-01.jpg 1170w, https:\/\/www.wallendorff.com\/belogue\/wp-content\/uploads\/2020\/07\/20200706-01-820x547.jpg 820w, https:\/\/www.wallendorff.com\/belogue\/wp-content\/uploads\/2020\/07\/20200706-01-1116x744.jpg 1116w, https:\/\/www.wallendorff.com\/belogue\/wp-content\/uploads\/2020\/07\/20200706-01-806x537.jpg 806w, https:\/\/www.wallendorff.com\/belogue\/wp-content\/uploads\/2020\/07\/20200706-01-558x372.jpg 558w, https:\/\/www.wallendorff.com\/belogue\/wp-content\/uploads\/2020\/07\/20200706-01-655x437.jpg 655w, https:\/\/www.wallendorff.com\/belogue\/wp-content\/uploads\/2020\/07\/20200706-01-600x400.jpg 600w\" sizes=\"(max-width: 1170px) 100vw, 1170px\" \/><\/a>\n\t\t\t<\/div>\n\t\t\t\t<figcaption class='wp-caption-text gallery-caption' id='gallery-1-45944'>\n\t\t\t\tMassive Attack @ les Eurock\u00e9ennes, Belfort, 05\/07\/2003\n\t\t\t\t<\/figcaption><\/figure><figure class='gallery-item'>\n\t\t\t<div class='gallery-icon landscape'>\n\t\t\t\t<a href='https:\/\/www.wallendorff.com\/belogue\/interpol-les-eurockeennes-belfort-01-07-2005\/'><img decoding=\"async\" width=\"1170\" height=\"780\" src=\"https:\/\/www.wallendorff.com\/belogue\/wp-content\/uploads\/2020\/07\/20200706-02.jpg\" class=\"attachment-large size-large\" alt=\"\" srcset=\"https:\/\/www.wallendorff.com\/belogue\/wp-content\/uploads\/2020\/07\/20200706-02.jpg 1170w, https:\/\/www.wallendorff.com\/belogue\/wp-content\/uploads\/2020\/07\/20200706-02-820x547.jpg 820w, https:\/\/www.wallendorff.com\/belogue\/wp-content\/uploads\/2020\/07\/20200706-02-1116x744.jpg 1116w, https:\/\/www.wallendorff.com\/belogue\/wp-content\/uploads\/2020\/07\/20200706-02-806x537.jpg 806w, https:\/\/www.wallendorff.com\/belogue\/wp-content\/uploads\/2020\/07\/20200706-02-558x372.jpg 558w, https:\/\/www.wallendorff.com\/belogue\/wp-content\/uploads\/2020\/07\/20200706-02-655x437.jpg 655w, https:\/\/www.wallendorff.com\/belogue\/wp-content\/uploads\/2020\/07\/20200706-02-600x400.jpg 600w\" sizes=\"(max-width: 1170px) 100vw, 1170px\" \/><\/a>\n\t\t\t<\/div><\/figure><figure class='gallery-item'>\n\t\t\t<div class='gallery-icon landscape'>\n\t\t\t\t<a href='https:\/\/www.wallendorff.com\/belogue\/les-eurockeennes-belfort-02-07-2005\/'><img decoding=\"async\" width=\"1170\" height=\"780\" src=\"https:\/\/www.wallendorff.com\/belogue\/wp-content\/uploads\/2020\/07\/20200706-03.jpg\" class=\"attachment-large size-large\" alt=\"\" srcset=\"https:\/\/www.wallendorff.com\/belogue\/wp-content\/uploads\/2020\/07\/20200706-03.jpg 1170w, https:\/\/www.wallendorff.com\/belogue\/wp-content\/uploads\/2020\/07\/20200706-03-820x547.jpg 820w, https:\/\/www.wallendorff.com\/belogue\/wp-content\/uploads\/2020\/07\/20200706-03-1116x744.jpg 1116w, https:\/\/www.wallendorff.com\/belogue\/wp-content\/uploads\/2020\/07\/20200706-03-806x537.jpg 806w, https:\/\/www.wallendorff.com\/belogue\/wp-content\/uploads\/2020\/07\/20200706-03-558x372.jpg 558w, https:\/\/www.wallendorff.com\/belogue\/wp-content\/uploads\/2020\/07\/20200706-03-655x437.jpg 655w, https:\/\/www.wallendorff.com\/belogue\/wp-content\/uploads\/2020\/07\/20200706-03-600x400.jpg 600w\" sizes=\"(max-width: 1170px) 100vw, 1170px\" \/><\/a>\n\t\t\t<\/div><\/figure><figure class='gallery-item'>\n\t\t\t<div class='gallery-icon landscape'>\n\t\t\t\t<a href='https:\/\/www.wallendorff.com\/belogue\/bright-eyes-les-eurockeennes-belfort-02-07-2005\/'><img loading=\"lazy\" decoding=\"async\" width=\"1170\" height=\"780\" src=\"https:\/\/www.wallendorff.com\/belogue\/wp-content\/uploads\/2020\/07\/20200706-04.jpg\" class=\"attachment-large size-large\" alt=\"\" srcset=\"https:\/\/www.wallendorff.com\/belogue\/wp-content\/uploads\/2020\/07\/20200706-04.jpg 1170w, https:\/\/www.wallendorff.com\/belogue\/wp-content\/uploads\/2020\/07\/20200706-04-820x547.jpg 820w, https:\/\/www.wallendorff.com\/belogue\/wp-content\/uploads\/2020\/07\/20200706-04-1116x744.jpg 1116w, https:\/\/www.wallendorff.com\/belogue\/wp-content\/uploads\/2020\/07\/20200706-04-806x537.jpg 806w, https:\/\/www.wallendorff.com\/belogue\/wp-content\/uploads\/2020\/07\/20200706-04-558x372.jpg 558w, https:\/\/www.wallendorff.com\/belogue\/wp-content\/uploads\/2020\/07\/20200706-04-655x437.jpg 655w, https:\/\/www.wallendorff.com\/belogue\/wp-content\/uploads\/2020\/07\/20200706-04-600x400.jpg 600w\" sizes=\"(max-width: 1170px) 100vw, 1170px\" \/><\/a>\n\t\t\t<\/div><\/figure><figure class='gallery-item'>\n\t\t\t<div class='gallery-icon landscape'>\n\t\t\t\t<a href='https:\/\/www.wallendorff.com\/belogue\/tom-vek-les-eurockeennes-belfort-02-07-2005\/'><img loading=\"lazy\" decoding=\"async\" width=\"1170\" height=\"780\" src=\"https:\/\/www.wallendorff.com\/belogue\/wp-content\/uploads\/2020\/07\/20200706-05.jpg\" class=\"attachment-large size-large\" alt=\"\" srcset=\"https:\/\/www.wallendorff.com\/belogue\/wp-content\/uploads\/2020\/07\/20200706-05.jpg 1170w, https:\/\/www.wallendorff.com\/belogue\/wp-content\/uploads\/2020\/07\/20200706-05-820x547.jpg 820w, https:\/\/www.wallendorff.com\/belogue\/wp-content\/uploads\/2020\/07\/20200706-05-1116x744.jpg 1116w, https:\/\/www.wallendorff.com\/belogue\/wp-content\/uploads\/2020\/07\/20200706-05-806x537.jpg 806w, https:\/\/www.wallendorff.com\/belogue\/wp-content\/uploads\/2020\/07\/20200706-05-558x372.jpg 558w, https:\/\/www.wallendorff.com\/belogue\/wp-content\/uploads\/2020\/07\/20200706-05-655x437.jpg 655w, https:\/\/www.wallendorff.com\/belogue\/wp-content\/uploads\/2020\/07\/20200706-05-600x400.jpg 600w\" sizes=\"(max-width: 1170px) 100vw, 1170px\" \/><\/a>\n\t\t\t<\/div><\/figure><figure class='gallery-item'>\n\t\t\t<div class='gallery-icon portrait'>\n\t\t\t\t<a href='https:\/\/www.wallendorff.com\/belogue\/les-eurockeennes-belfort-30-06-2006\/'><img loading=\"lazy\" decoding=\"async\" width=\"780\" height=\"1170\" src=\"https:\/\/www.wallendorff.com\/belogue\/wp-content\/uploads\/2020\/07\/20200706-06.jpg\" class=\"attachment-large size-large\" alt=\"\" srcset=\"https:\/\/www.wallendorff.com\/belogue\/wp-content\/uploads\/2020\/07\/20200706-06.jpg 780w, https:\/\/www.wallendorff.com\/belogue\/wp-content\/uploads\/2020\/07\/20200706-06-558x837.jpg 558w, https:\/\/www.wallendorff.com\/belogue\/wp-content\/uploads\/2020\/07\/20200706-06-655x983.jpg 655w, https:\/\/www.wallendorff.com\/belogue\/wp-content\/uploads\/2020\/07\/20200706-06-600x900.jpg 600w\" sizes=\"(max-width: 780px) 100vw, 780px\" \/><\/a>\n\t\t\t<\/div><\/figure><figure class='gallery-item'>\n\t\t\t<div class='gallery-icon landscape'>\n\t\t\t\t<a href='https:\/\/www.wallendorff.com\/belogue\/les-eurockeennes-belfort-01-07-2006\/'><img loading=\"lazy\" decoding=\"async\" width=\"1170\" height=\"780\" src=\"https:\/\/www.wallendorff.com\/belogue\/wp-content\/uploads\/2020\/07\/20200706-07.jpg\" class=\"attachment-large size-large\" alt=\"\" srcset=\"https:\/\/www.wallendorff.com\/belogue\/wp-content\/uploads\/2020\/07\/20200706-07.jpg 1170w, https:\/\/www.wallendorff.com\/belogue\/wp-content\/uploads\/2020\/07\/20200706-07-820x547.jpg 820w, https:\/\/www.wallendorff.com\/belogue\/wp-content\/uploads\/2020\/07\/20200706-07-1116x744.jpg 1116w, https:\/\/www.wallendorff.com\/belogue\/wp-content\/uploads\/2020\/07\/20200706-07-806x537.jpg 806w, https:\/\/www.wallendorff.com\/belogue\/wp-content\/uploads\/2020\/07\/20200706-07-558x372.jpg 558w, https:\/\/www.wallendorff.com\/belogue\/wp-content\/uploads\/2020\/07\/20200706-07-655x437.jpg 655w, https:\/\/www.wallendorff.com\/belogue\/wp-content\/uploads\/2020\/07\/20200706-07-600x400.jpg 600w\" sizes=\"(max-width: 1170px) 100vw, 1170px\" \/><\/a>\n\t\t\t<\/div><\/figure><figure class='gallery-item'>\n\t\t\t<div class='gallery-icon landscape'>\n\t\t\t\t<a href='https:\/\/www.wallendorff.com\/belogue\/les-eurockeennes-belfort-01-07-2006-2\/'><img loading=\"lazy\" decoding=\"async\" width=\"1170\" height=\"780\" src=\"https:\/\/www.wallendorff.com\/belogue\/wp-content\/uploads\/2020\/07\/20200706-08.jpg\" class=\"attachment-large size-large\" alt=\"\" srcset=\"https:\/\/www.wallendorff.com\/belogue\/wp-content\/uploads\/2020\/07\/20200706-08.jpg 1170w, https:\/\/www.wallendorff.com\/belogue\/wp-content\/uploads\/2020\/07\/20200706-08-820x547.jpg 820w, https:\/\/www.wallendorff.com\/belogue\/wp-content\/uploads\/2020\/07\/20200706-08-1116x744.jpg 1116w, https:\/\/www.wallendorff.com\/belogue\/wp-content\/uploads\/2020\/07\/20200706-08-806x537.jpg 806w, https:\/\/www.wallendorff.com\/belogue\/wp-content\/uploads\/2020\/07\/20200706-08-558x372.jpg 558w, https:\/\/www.wallendorff.com\/belogue\/wp-content\/uploads\/2020\/07\/20200706-08-655x437.jpg 655w, https:\/\/www.wallendorff.com\/belogue\/wp-content\/uploads\/2020\/07\/20200706-08-600x400.jpg 600w\" sizes=\"(max-width: 1170px) 100vw, 1170px\" \/><\/a>\n\t\t\t<\/div><\/figure><figure class='gallery-item'>\n\t\t\t<div class='gallery-icon portrait'>\n\t\t\t\t<a href='https:\/\/www.wallendorff.com\/belogue\/katerine-les-eurockeennes-belfort-01-07-2006\/'><img loading=\"lazy\" decoding=\"async\" width=\"780\" height=\"1170\" src=\"https:\/\/www.wallendorff.com\/belogue\/wp-content\/uploads\/2020\/07\/20200706-09.jpg\" class=\"attachment-large size-large\" alt=\"\" aria-describedby=\"gallery-1-45952\" srcset=\"https:\/\/www.wallendorff.com\/belogue\/wp-content\/uploads\/2020\/07\/20200706-09.jpg 780w, https:\/\/www.wallendorff.com\/belogue\/wp-content\/uploads\/2020\/07\/20200706-09-558x837.jpg 558w, https:\/\/www.wallendorff.com\/belogue\/wp-content\/uploads\/2020\/07\/20200706-09-655x983.jpg 655w, https:\/\/www.wallendorff.com\/belogue\/wp-content\/uploads\/2020\/07\/20200706-09-600x900.jpg 600w\" sizes=\"(max-width: 780px) 100vw, 780px\" \/><\/a>\n\t\t\t<\/div>\n\t\t\t\t<figcaption class='wp-caption-text gallery-caption' id='gallery-1-45952'>\n\t\t\t\tKaterine, Eurock\u00e9ennes de Belfort, 01\/07\/2006\n\t\t\t\t<\/figcaption><\/figure><figure class='gallery-item'>\n\t\t\t<div class='gallery-icon landscape'>\n\t\t\t\t<a href='https:\/\/www.wallendorff.com\/belogue\/les-eurockeennes-belfort-02-07-2006\/'><img loading=\"lazy\" decoding=\"async\" width=\"1170\" height=\"780\" src=\"https:\/\/www.wallendorff.com\/belogue\/wp-content\/uploads\/2020\/07\/20200706-10.jpg\" class=\"attachment-large size-large\" alt=\"\" srcset=\"https:\/\/www.wallendorff.com\/belogue\/wp-content\/uploads\/2020\/07\/20200706-10.jpg 1170w, https:\/\/www.wallendorff.com\/belogue\/wp-content\/uploads\/2020\/07\/20200706-10-820x547.jpg 820w, https:\/\/www.wallendorff.com\/belogue\/wp-content\/uploads\/2020\/07\/20200706-10-1116x744.jpg 1116w, https:\/\/www.wallendorff.com\/belogue\/wp-content\/uploads\/2020\/07\/20200706-10-806x537.jpg 806w, https:\/\/www.wallendorff.com\/belogue\/wp-content\/uploads\/2020\/07\/20200706-10-558x372.jpg 558w, https:\/\/www.wallendorff.com\/belogue\/wp-content\/uploads\/2020\/07\/20200706-10-655x437.jpg 655w, https:\/\/www.wallendorff.com\/belogue\/wp-content\/uploads\/2020\/07\/20200706-10-600x400.jpg 600w\" sizes=\"(max-width: 1170px) 100vw, 1170px\" \/><\/a>\n\t\t\t<\/div><\/figure><figure class='gallery-item'>\n\t\t\t<div class='gallery-icon landscape'>\n\t\t\t\t<a href='https:\/\/www.wallendorff.com\/belogue\/archive-les-eurockeennes-belfort-02-07-2006\/'><img loading=\"lazy\" decoding=\"async\" width=\"1170\" height=\"780\" src=\"https:\/\/www.wallendorff.com\/belogue\/wp-content\/uploads\/2020\/07\/20200706-11.jpg\" class=\"attachment-large size-large\" alt=\"\" srcset=\"https:\/\/www.wallendorff.com\/belogue\/wp-content\/uploads\/2020\/07\/20200706-11.jpg 1170w, https:\/\/www.wallendorff.com\/belogue\/wp-content\/uploads\/2020\/07\/20200706-11-820x547.jpg 820w, https:\/\/www.wallendorff.com\/belogue\/wp-content\/uploads\/2020\/07\/20200706-11-1116x744.jpg 1116w, https:\/\/www.wallendorff.com\/belogue\/wp-content\/uploads\/2020\/07\/20200706-11-806x537.jpg 806w, https:\/\/www.wallendorff.com\/belogue\/wp-content\/uploads\/2020\/07\/20200706-11-558x372.jpg 558w, https:\/\/www.wallendorff.com\/belogue\/wp-content\/uploads\/2020\/07\/20200706-11-655x437.jpg 655w, https:\/\/www.wallendorff.com\/belogue\/wp-content\/uploads\/2020\/07\/20200706-11-600x400.jpg 600w\" sizes=\"(max-width: 1170px) 100vw, 1170px\" \/><\/a>\n\t\t\t<\/div><\/figure><figure class='gallery-item'>\n\t\t\t<div class='gallery-icon portrait'>\n\t\t\t\t<a href='https:\/\/www.wallendorff.com\/belogue\/muse-les-eurockeennes-belfort-02-07-2006\/'><img loading=\"lazy\" decoding=\"async\" width=\"780\" height=\"1170\" src=\"https:\/\/www.wallendorff.com\/belogue\/wp-content\/uploads\/2020\/07\/20200706-12.jpg\" class=\"attachment-large size-large\" alt=\"\" srcset=\"https:\/\/www.wallendorff.com\/belogue\/wp-content\/uploads\/2020\/07\/20200706-12.jpg 780w, https:\/\/www.wallendorff.com\/belogue\/wp-content\/uploads\/2020\/07\/20200706-12-558x837.jpg 558w, https:\/\/www.wallendorff.com\/belogue\/wp-content\/uploads\/2020\/07\/20200706-12-655x983.jpg 655w, https:\/\/www.wallendorff.com\/belogue\/wp-content\/uploads\/2020\/07\/20200706-12-600x900.jpg 600w\" sizes=\"(max-width: 780px) 100vw, 780px\" \/><\/a>\n\t\t\t<\/div><\/figure><figure class='gallery-item'>\n\t\t\t<div class='gallery-icon landscape'>\n\t\t\t\t<a href='https:\/\/www.wallendorff.com\/belogue\/muse-les-eurockeennes-belfort-02-07-2006-2\/'><img loading=\"lazy\" decoding=\"async\" width=\"1170\" height=\"658\" src=\"https:\/\/www.wallendorff.com\/belogue\/wp-content\/uploads\/2020\/07\/20200706-13.jpg\" class=\"attachment-large size-large\" alt=\"\" srcset=\"https:\/\/www.wallendorff.com\/belogue\/wp-content\/uploads\/2020\/07\/20200706-13.jpg 1170w, https:\/\/www.wallendorff.com\/belogue\/wp-content\/uploads\/2020\/07\/20200706-13-820x461.jpg 820w, https:\/\/www.wallendorff.com\/belogue\/wp-content\/uploads\/2020\/07\/20200706-13-1116x628.jpg 1116w, https:\/\/www.wallendorff.com\/belogue\/wp-content\/uploads\/2020\/07\/20200706-13-806x453.jpg 806w, https:\/\/www.wallendorff.com\/belogue\/wp-content\/uploads\/2020\/07\/20200706-13-558x314.jpg 558w, https:\/\/www.wallendorff.com\/belogue\/wp-content\/uploads\/2020\/07\/20200706-13-655x368.jpg 655w, https:\/\/www.wallendorff.com\/belogue\/wp-content\/uploads\/2020\/07\/20200706-13-600x337.jpg 600w\" sizes=\"(max-width: 1170px) 100vw, 1170px\" \/><\/a>\n\t\t\t<\/div><\/figure><figure class='gallery-item'>\n\t\t\t<div class='gallery-icon portrait'>\n\t\t\t\t<a href='https:\/\/www.wallendorff.com\/belogue\/muse-les-eurockeennes-belfort-02-07-2006-3\/'><img loading=\"lazy\" decoding=\"async\" width=\"780\" height=\"1170\" src=\"https:\/\/www.wallendorff.com\/belogue\/wp-content\/uploads\/2020\/07\/20200706-14.jpg\" class=\"attachment-large size-large\" alt=\"\" srcset=\"https:\/\/www.wallendorff.com\/belogue\/wp-content\/uploads\/2020\/07\/20200706-14.jpg 780w, https:\/\/www.wallendorff.com\/belogue\/wp-content\/uploads\/2020\/07\/20200706-14-558x837.jpg 558w, https:\/\/www.wallendorff.com\/belogue\/wp-content\/uploads\/2020\/07\/20200706-14-655x983.jpg 655w, https:\/\/www.wallendorff.com\/belogue\/wp-content\/uploads\/2020\/07\/20200706-14-600x900.jpg 600w\" sizes=\"(max-width: 780px) 100vw, 780px\" \/><\/a>\n\t\t\t<\/div><\/figure><figure class='gallery-item'>\n\t\t\t<div class='gallery-icon portrait'>\n\t\t\t\t<a href='https:\/\/www.wallendorff.com\/belogue\/muse-les-eurockeennes-belfort-02-07-2006-4\/'><img loading=\"lazy\" decoding=\"async\" width=\"780\" height=\"1170\" src=\"https:\/\/www.wallendorff.com\/belogue\/wp-content\/uploads\/2020\/07\/20200706-15.jpg\" class=\"attachment-large size-large\" alt=\"\" srcset=\"https:\/\/www.wallendorff.com\/belogue\/wp-content\/uploads\/2020\/07\/20200706-15.jpg 780w, https:\/\/www.wallendorff.com\/belogue\/wp-content\/uploads\/2020\/07\/20200706-15-558x837.jpg 558w, https:\/\/www.wallendorff.com\/belogue\/wp-content\/uploads\/2020\/07\/20200706-15-655x983.jpg 655w, https:\/\/www.wallendorff.com\/belogue\/wp-content\/uploads\/2020\/07\/20200706-15-600x900.jpg 600w\" sizes=\"(max-width: 780px) 100vw, 780px\" \/><\/a>\n\t\t\t<\/div><\/figure><figure class='gallery-item'>\n\t\t\t<div class='gallery-icon portrait'>\n\t\t\t\t<a href='https:\/\/www.wallendorff.com\/belogue\/peter-von-poehl-les-eurockeennes-belfort-29-06-2007\/'><img loading=\"lazy\" decoding=\"async\" width=\"780\" height=\"1170\" src=\"https:\/\/www.wallendorff.com\/belogue\/wp-content\/uploads\/2020\/07\/20200706-16.jpg\" class=\"attachment-large size-large\" alt=\"\" srcset=\"https:\/\/www.wallendorff.com\/belogue\/wp-content\/uploads\/2020\/07\/20200706-16.jpg 780w, https:\/\/www.wallendorff.com\/belogue\/wp-content\/uploads\/2020\/07\/20200706-16-558x837.jpg 558w, https:\/\/www.wallendorff.com\/belogue\/wp-content\/uploads\/2020\/07\/20200706-16-655x983.jpg 655w, https:\/\/www.wallendorff.com\/belogue\/wp-content\/uploads\/2020\/07\/20200706-16-600x900.jpg 600w\" sizes=\"(max-width: 780px) 100vw, 780px\" \/><\/a>\n\t\t\t<\/div><\/figure><figure class='gallery-item'>\n\t\t\t<div class='gallery-icon portrait'>\n\t\t\t\t<a href='https:\/\/www.wallendorff.com\/belogue\/joey-starr-les-eurockeennes-belfort-30-06-2007\/'><img loading=\"lazy\" decoding=\"async\" width=\"780\" height=\"1170\" src=\"https:\/\/www.wallendorff.com\/belogue\/wp-content\/uploads\/2020\/07\/20200706-17.jpg\" class=\"attachment-large size-large\" alt=\"\" srcset=\"https:\/\/www.wallendorff.com\/belogue\/wp-content\/uploads\/2020\/07\/20200706-17.jpg 780w, https:\/\/www.wallendorff.com\/belogue\/wp-content\/uploads\/2020\/07\/20200706-17-558x837.jpg 558w, https:\/\/www.wallendorff.com\/belogue\/wp-content\/uploads\/2020\/07\/20200706-17-655x983.jpg 655w, https:\/\/www.wallendorff.com\/belogue\/wp-content\/uploads\/2020\/07\/20200706-17-600x900.jpg 600w\" sizes=\"(max-width: 780px) 100vw, 780px\" \/><\/a>\n\t\t\t<\/div><\/figure><figure class='gallery-item'>\n\t\t\t<div class='gallery-icon portrait'>\n\t\t\t\t<a href='https:\/\/www.wallendorff.com\/belogue\/blanche-les-eurockeennes-belfort-30-06-2007\/'><img loading=\"lazy\" decoding=\"async\" width=\"780\" height=\"1170\" src=\"https:\/\/www.wallendorff.com\/belogue\/wp-content\/uploads\/2020\/07\/20200706-18.jpg\" class=\"attachment-large size-large\" alt=\"\" srcset=\"https:\/\/www.wallendorff.com\/belogue\/wp-content\/uploads\/2020\/07\/20200706-18.jpg 780w, https:\/\/www.wallendorff.com\/belogue\/wp-content\/uploads\/2020\/07\/20200706-18-558x837.jpg 558w, https:\/\/www.wallendorff.com\/belogue\/wp-content\/uploads\/2020\/07\/20200706-18-655x983.jpg 655w, https:\/\/www.wallendorff.com\/belogue\/wp-content\/uploads\/2020\/07\/20200706-18-600x900.jpg 600w\" sizes=\"(max-width: 780px) 100vw, 780px\" \/><\/a>\n\t\t\t<\/div><\/figure><figure class='gallery-item'>\n\t\t\t<div class='gallery-icon landscape'>\n\t\t\t\t<a href='https:\/\/www.wallendorff.com\/belogue\/blanche-les-eurockeennes-belfort-30-06-2007-2\/'><img loading=\"lazy\" decoding=\"async\" width=\"1170\" height=\"780\" src=\"https:\/\/www.wallendorff.com\/belogue\/wp-content\/uploads\/2020\/07\/20200706-19.jpg\" class=\"attachment-large size-large\" alt=\"\" srcset=\"https:\/\/www.wallendorff.com\/belogue\/wp-content\/uploads\/2020\/07\/20200706-19.jpg 1170w, https:\/\/www.wallendorff.com\/belogue\/wp-content\/uploads\/2020\/07\/20200706-19-820x547.jpg 820w, https:\/\/www.wallendorff.com\/belogue\/wp-content\/uploads\/2020\/07\/20200706-19-1116x744.jpg 1116w, https:\/\/www.wallendorff.com\/belogue\/wp-content\/uploads\/2020\/07\/20200706-19-806x537.jpg 806w, https:\/\/www.wallendorff.com\/belogue\/wp-content\/uploads\/2020\/07\/20200706-19-558x372.jpg 558w, https:\/\/www.wallendorff.com\/belogue\/wp-content\/uploads\/2020\/07\/20200706-19-655x437.jpg 655w, https:\/\/www.wallendorff.com\/belogue\/wp-content\/uploads\/2020\/07\/20200706-19-600x400.jpg 600w\" sizes=\"(max-width: 1170px) 100vw, 1170px\" \/><\/a>\n\t\t\t<\/div><\/figure><figure class='gallery-item'>\n\t\t\t<div class='gallery-icon portrait'>\n\t\t\t\t<a href='https:\/\/www.wallendorff.com\/belogue\/editors-les-eurockeennes-belfort-30-06-2007\/'><img loading=\"lazy\" decoding=\"async\" width=\"780\" height=\"1170\" src=\"https:\/\/www.wallendorff.com\/belogue\/wp-content\/uploads\/2020\/07\/20200706-20.jpg\" class=\"attachment-large size-large\" alt=\"\" srcset=\"https:\/\/www.wallendorff.com\/belogue\/wp-content\/uploads\/2020\/07\/20200706-20.jpg 780w, https:\/\/www.wallendorff.com\/belogue\/wp-content\/uploads\/2020\/07\/20200706-20-558x837.jpg 558w, https:\/\/www.wallendorff.com\/belogue\/wp-content\/uploads\/2020\/07\/20200706-20-655x983.jpg 655w, https:\/\/www.wallendorff.com\/belogue\/wp-content\/uploads\/2020\/07\/20200706-20-600x900.jpg 600w\" sizes=\"(max-width: 780px) 100vw, 780px\" \/><\/a>\n\t\t\t<\/div><\/figure><figure class='gallery-item'>\n\t\t\t<div class='gallery-icon portrait'>\n\t\t\t\t<a href='https:\/\/www.wallendorff.com\/belogue\/les-eurockeennes-belfort-30-06-2007\/'><img loading=\"lazy\" decoding=\"async\" width=\"780\" height=\"1170\" src=\"https:\/\/www.wallendorff.com\/belogue\/wp-content\/uploads\/2020\/07\/20200706-21.jpg\" class=\"attachment-large size-large\" alt=\"\" srcset=\"https:\/\/www.wallendorff.com\/belogue\/wp-content\/uploads\/2020\/07\/20200706-21.jpg 780w, https:\/\/www.wallendorff.com\/belogue\/wp-content\/uploads\/2020\/07\/20200706-21-558x837.jpg 558w, https:\/\/www.wallendorff.com\/belogue\/wp-content\/uploads\/2020\/07\/20200706-21-655x983.jpg 655w, https:\/\/www.wallendorff.com\/belogue\/wp-content\/uploads\/2020\/07\/20200706-21-600x900.jpg 600w\" sizes=\"(max-width: 780px) 100vw, 780px\" \/><\/a>\n\t\t\t<\/div><\/figure><figure class='gallery-item'>\n\t\t\t<div class='gallery-icon landscape'>\n\t\t\t\t<a href='https:\/\/www.wallendorff.com\/belogue\/maximo-park-les-eurockeennes-belfort-30-06-2007\/'><img loading=\"lazy\" decoding=\"async\" width=\"1170\" height=\"780\" src=\"https:\/\/www.wallendorff.com\/belogue\/wp-content\/uploads\/2020\/07\/20200706-22.jpg\" class=\"attachment-large size-large\" alt=\"\" srcset=\"https:\/\/www.wallendorff.com\/belogue\/wp-content\/uploads\/2020\/07\/20200706-22.jpg 1170w, https:\/\/www.wallendorff.com\/belogue\/wp-content\/uploads\/2020\/07\/20200706-22-820x547.jpg 820w, https:\/\/www.wallendorff.com\/belogue\/wp-content\/uploads\/2020\/07\/20200706-22-1116x744.jpg 1116w, https:\/\/www.wallendorff.com\/belogue\/wp-content\/uploads\/2020\/07\/20200706-22-806x537.jpg 806w, https:\/\/www.wallendorff.com\/belogue\/wp-content\/uploads\/2020\/07\/20200706-22-558x372.jpg 558w, https:\/\/www.wallendorff.com\/belogue\/wp-content\/uploads\/2020\/07\/20200706-22-655x437.jpg 655w, https:\/\/www.wallendorff.com\/belogue\/wp-content\/uploads\/2020\/07\/20200706-22-600x400.jpg 600w\" sizes=\"(max-width: 1170px) 100vw, 1170px\" \/><\/a>\n\t\t\t<\/div><\/figure><figure class='gallery-item'>\n\t\t\t<div class='gallery-icon landscape'>\n\t\t\t\t<a href='https:\/\/www.wallendorff.com\/belogue\/im-from-barcelona-les-eurockeennes-belfort-30-06-2007\/'><img loading=\"lazy\" decoding=\"async\" width=\"1170\" height=\"780\" src=\"https:\/\/www.wallendorff.com\/belogue\/wp-content\/uploads\/2020\/07\/20200706-23.jpg\" class=\"attachment-large size-large\" alt=\"\" srcset=\"https:\/\/www.wallendorff.com\/belogue\/wp-content\/uploads\/2020\/07\/20200706-23.jpg 1170w, https:\/\/www.wallendorff.com\/belogue\/wp-content\/uploads\/2020\/07\/20200706-23-820x547.jpg 820w, https:\/\/www.wallendorff.com\/belogue\/wp-content\/uploads\/2020\/07\/20200706-23-1116x744.jpg 1116w, https:\/\/www.wallendorff.com\/belogue\/wp-content\/uploads\/2020\/07\/20200706-23-806x537.jpg 806w, https:\/\/www.wallendorff.com\/belogue\/wp-content\/uploads\/2020\/07\/20200706-23-558x372.jpg 558w, https:\/\/www.wallendorff.com\/belogue\/wp-content\/uploads\/2020\/07\/20200706-23-655x437.jpg 655w, https:\/\/www.wallendorff.com\/belogue\/wp-content\/uploads\/2020\/07\/20200706-23-600x400.jpg 600w\" sizes=\"(max-width: 1170px) 100vw, 1170px\" \/><\/a>\n\t\t\t<\/div><\/figure><figure class='gallery-item'>\n\t\t\t<div class='gallery-icon landscape'>\n\t\t\t\t<a href='https:\/\/www.wallendorff.com\/belogue\/im-from-barcelona-les-eurockeennes-belfort-30-06-2007-2\/'><img loading=\"lazy\" decoding=\"async\" width=\"1170\" height=\"780\" src=\"https:\/\/www.wallendorff.com\/belogue\/wp-content\/uploads\/2020\/07\/20200706-24.jpg\" class=\"attachment-large size-large\" alt=\"\" srcset=\"https:\/\/www.wallendorff.com\/belogue\/wp-content\/uploads\/2020\/07\/20200706-24.jpg 1170w, https:\/\/www.wallendorff.com\/belogue\/wp-content\/uploads\/2020\/07\/20200706-24-820x547.jpg 820w, https:\/\/www.wallendorff.com\/belogue\/wp-content\/uploads\/2020\/07\/20200706-24-1116x744.jpg 1116w, https:\/\/www.wallendorff.com\/belogue\/wp-content\/uploads\/2020\/07\/20200706-24-806x537.jpg 806w, https:\/\/www.wallendorff.com\/belogue\/wp-content\/uploads\/2020\/07\/20200706-24-558x372.jpg 558w, https:\/\/www.wallendorff.com\/belogue\/wp-content\/uploads\/2020\/07\/20200706-24-655x437.jpg 655w, https:\/\/www.wallendorff.com\/belogue\/wp-content\/uploads\/2020\/07\/20200706-24-600x400.jpg 600w\" sizes=\"(max-width: 1170px) 100vw, 1170px\" \/><\/a>\n\t\t\t<\/div><\/figure><figure class='gallery-item'>\n\t\t\t<div class='gallery-icon landscape'>\n\t\t\t\t<a href='https:\/\/www.wallendorff.com\/belogue\/les-eurockeennes-belfort-01-07-2007\/'><img loading=\"lazy\" decoding=\"async\" width=\"1170\" height=\"780\" src=\"https:\/\/www.wallendorff.com\/belogue\/wp-content\/uploads\/2020\/07\/20200706-25.jpg\" class=\"attachment-large size-large\" alt=\"\" aria-describedby=\"gallery-1-45968\" srcset=\"https:\/\/www.wallendorff.com\/belogue\/wp-content\/uploads\/2020\/07\/20200706-25.jpg 1170w, https:\/\/www.wallendorff.com\/belogue\/wp-content\/uploads\/2020\/07\/20200706-25-820x547.jpg 820w, https:\/\/www.wallendorff.com\/belogue\/wp-content\/uploads\/2020\/07\/20200706-25-1116x744.jpg 1116w, https:\/\/www.wallendorff.com\/belogue\/wp-content\/uploads\/2020\/07\/20200706-25-806x537.jpg 806w, https:\/\/www.wallendorff.com\/belogue\/wp-content\/uploads\/2020\/07\/20200706-25-558x372.jpg 558w, https:\/\/www.wallendorff.com\/belogue\/wp-content\/uploads\/2020\/07\/20200706-25-655x437.jpg 655w, https:\/\/www.wallendorff.com\/belogue\/wp-content\/uploads\/2020\/07\/20200706-25-600x400.jpg 600w\" sizes=\"(max-width: 1170px) 100vw, 1170px\" \/><\/a>\n\t\t\t<\/div>\n\t\t\t\t<figcaption class='wp-caption-text gallery-caption' id='gallery-1-45968'>\n\t\t\t\tles Eurock\u00e9ennes, Belfort, 01\/07\/2007\n\t\t\t\t<\/figcaption><\/figure><figure class='gallery-item'>\n\t\t\t<div class='gallery-icon portrait'>\n\t\t\t\t<a href='https:\/\/www.wallendorff.com\/belogue\/arcade-fire-les-eurockeennes-belfort-1er-juillet-2007\/'><img loading=\"lazy\" decoding=\"async\" width=\"780\" height=\"1170\" src=\"https:\/\/www.wallendorff.com\/belogue\/wp-content\/uploads\/2020\/07\/20200706-26.jpg\" class=\"attachment-large size-large\" alt=\"\" aria-describedby=\"gallery-1-45969\" srcset=\"https:\/\/www.wallendorff.com\/belogue\/wp-content\/uploads\/2020\/07\/20200706-26.jpg 780w, https:\/\/www.wallendorff.com\/belogue\/wp-content\/uploads\/2020\/07\/20200706-26-558x837.jpg 558w, https:\/\/www.wallendorff.com\/belogue\/wp-content\/uploads\/2020\/07\/20200706-26-655x983.jpg 655w, https:\/\/www.wallendorff.com\/belogue\/wp-content\/uploads\/2020\/07\/20200706-26-600x900.jpg 600w\" sizes=\"(max-width: 780px) 100vw, 780px\" \/><\/a>\n\t\t\t<\/div>\n\t\t\t\t<figcaption class='wp-caption-text gallery-caption' id='gallery-1-45969'>\n\t\t\t\tArcade Fire @ les Eurock\u00e9ennes, Belfort, 1er juillet 2007\n\t\t\t\t<\/figcaption><\/figure><figure class='gallery-item'>\n\t\t\t<div class='gallery-icon landscape'>\n\t\t\t\t<a href='https:\/\/www.wallendorff.com\/belogue\/arcade-fire-les-eurockeennes-belfort-01-07-2007\/'><img loading=\"lazy\" decoding=\"async\" width=\"1170\" height=\"780\" src=\"https:\/\/www.wallendorff.com\/belogue\/wp-content\/uploads\/2020\/07\/20200706-27.jpg\" class=\"attachment-large size-large\" alt=\"\" srcset=\"https:\/\/www.wallendorff.com\/belogue\/wp-content\/uploads\/2020\/07\/20200706-27.jpg 1170w, https:\/\/www.wallendorff.com\/belogue\/wp-content\/uploads\/2020\/07\/20200706-27-820x547.jpg 820w, https:\/\/www.wallendorff.com\/belogue\/wp-content\/uploads\/2020\/07\/20200706-27-1116x744.jpg 1116w, https:\/\/www.wallendorff.com\/belogue\/wp-content\/uploads\/2020\/07\/20200706-27-806x537.jpg 806w, https:\/\/www.wallendorff.com\/belogue\/wp-content\/uploads\/2020\/07\/20200706-27-558x372.jpg 558w, https:\/\/www.wallendorff.com\/belogue\/wp-content\/uploads\/2020\/07\/20200706-27-655x437.jpg 655w, https:\/\/www.wallendorff.com\/belogue\/wp-content\/uploads\/2020\/07\/20200706-27-600x400.jpg 600w\" sizes=\"(max-width: 1170px) 100vw, 1170px\" \/><\/a>\n\t\t\t<\/div><\/figure><figure class='gallery-item'>\n\t\t\t<div class='gallery-icon landscape'>\n\t\t\t\t<a href='https:\/\/www.wallendorff.com\/belogue\/les-wampas-les-eurockeennes-belfort-03-07-2009\/'><img loading=\"lazy\" decoding=\"async\" width=\"1170\" height=\"780\" src=\"https:\/\/www.wallendorff.com\/belogue\/wp-content\/uploads\/2020\/07\/20200706-28.jpg\" class=\"attachment-large size-large\" alt=\"\" aria-describedby=\"gallery-1-45971\" srcset=\"https:\/\/www.wallendorff.com\/belogue\/wp-content\/uploads\/2020\/07\/20200706-28.jpg 1170w, https:\/\/www.wallendorff.com\/belogue\/wp-content\/uploads\/2020\/07\/20200706-28-820x547.jpg 820w, https:\/\/www.wallendorff.com\/belogue\/wp-content\/uploads\/2020\/07\/20200706-28-1116x744.jpg 1116w, https:\/\/www.wallendorff.com\/belogue\/wp-content\/uploads\/2020\/07\/20200706-28-806x537.jpg 806w, https:\/\/www.wallendorff.com\/belogue\/wp-content\/uploads\/2020\/07\/20200706-28-558x372.jpg 558w, https:\/\/www.wallendorff.com\/belogue\/wp-content\/uploads\/2020\/07\/20200706-28-655x437.jpg 655w, https:\/\/www.wallendorff.com\/belogue\/wp-content\/uploads\/2020\/07\/20200706-28-600x400.jpg 600w\" sizes=\"(max-width: 1170px) 100vw, 1170px\" \/><\/a>\n\t\t\t<\/div>\n\t\t\t\t<figcaption class='wp-caption-text gallery-caption' id='gallery-1-45971'>\n\t\t\t\tLes Wampas @ les Eurock\u00e9ennes, Belfort, 03\/07\/2009\n\t\t\t\t<\/figcaption><\/figure><figure class='gallery-item'>\n\t\t\t<div class='gallery-icon landscape'>\n\t\t\t\t<a href='https:\/\/www.wallendorff.com\/belogue\/ghinzu-les-eurockeennes-belfort-03-07-2009\/'><img loading=\"lazy\" decoding=\"async\" width=\"1170\" height=\"780\" src=\"https:\/\/www.wallendorff.com\/belogue\/wp-content\/uploads\/2020\/07\/20200706-29.jpg\" class=\"attachment-large size-large\" alt=\"\" aria-describedby=\"gallery-1-45972\" srcset=\"https:\/\/www.wallendorff.com\/belogue\/wp-content\/uploads\/2020\/07\/20200706-29.jpg 1170w, https:\/\/www.wallendorff.com\/belogue\/wp-content\/uploads\/2020\/07\/20200706-29-820x547.jpg 820w, https:\/\/www.wallendorff.com\/belogue\/wp-content\/uploads\/2020\/07\/20200706-29-1116x744.jpg 1116w, https:\/\/www.wallendorff.com\/belogue\/wp-content\/uploads\/2020\/07\/20200706-29-806x537.jpg 806w, https:\/\/www.wallendorff.com\/belogue\/wp-content\/uploads\/2020\/07\/20200706-29-558x372.jpg 558w, https:\/\/www.wallendorff.com\/belogue\/wp-content\/uploads\/2020\/07\/20200706-29-655x437.jpg 655w, https:\/\/www.wallendorff.com\/belogue\/wp-content\/uploads\/2020\/07\/20200706-29-600x400.jpg 600w\" sizes=\"(max-width: 1170px) 100vw, 1170px\" \/><\/a>\n\t\t\t<\/div>\n\t\t\t\t<figcaption class='wp-caption-text gallery-caption' id='gallery-1-45972'>\n\t\t\t\tGhinzu @ les Eurock\u00e9ennes, Belfort, 03\/07\/2009\n\t\t\t\t<\/figcaption><\/figure><figure class='gallery-item'>\n\t\t\t<div class='gallery-icon landscape'>\n\t\t\t\t<a href='https:\/\/www.wallendorff.com\/belogue\/yeah-yeah-yeahs-les-eurockeennes-belfort-03-07-2009\/'><img loading=\"lazy\" decoding=\"async\" width=\"1170\" height=\"780\" src=\"https:\/\/www.wallendorff.com\/belogue\/wp-content\/uploads\/2020\/07\/20200706-30.jpg\" class=\"attachment-large size-large\" alt=\"\" aria-describedby=\"gallery-1-45973\" srcset=\"https:\/\/www.wallendorff.com\/belogue\/wp-content\/uploads\/2020\/07\/20200706-30.jpg 1170w, https:\/\/www.wallendorff.com\/belogue\/wp-content\/uploads\/2020\/07\/20200706-30-820x547.jpg 820w, https:\/\/www.wallendorff.com\/belogue\/wp-content\/uploads\/2020\/07\/20200706-30-1116x744.jpg 1116w, https:\/\/www.wallendorff.com\/belogue\/wp-content\/uploads\/2020\/07\/20200706-30-806x537.jpg 806w, https:\/\/www.wallendorff.com\/belogue\/wp-content\/uploads\/2020\/07\/20200706-30-558x372.jpg 558w, https:\/\/www.wallendorff.com\/belogue\/wp-content\/uploads\/2020\/07\/20200706-30-655x437.jpg 655w, https:\/\/www.wallendorff.com\/belogue\/wp-content\/uploads\/2020\/07\/20200706-30-600x400.jpg 600w\" sizes=\"(max-width: 1170px) 100vw, 1170px\" \/><\/a>\n\t\t\t<\/div>\n\t\t\t\t<figcaption class='wp-caption-text gallery-caption' id='gallery-1-45973'>\n\t\t\t\tYeah Yeah Yeahs @ les Eurock\u00e9ennes, Belfort, 03\/07\/2009\n\t\t\t\t<\/figcaption><\/figure><figure class='gallery-item'>\n\t\t\t<div class='gallery-icon landscape'>\n\t\t\t\t<a href='https:\/\/www.wallendorff.com\/belogue\/yeah-yeah-yeahs-les-eurockeennes-belfort-03-07-2009-2\/'><img loading=\"lazy\" decoding=\"async\" width=\"1170\" height=\"780\" src=\"https:\/\/www.wallendorff.com\/belogue\/wp-content\/uploads\/2020\/07\/20200706-31.jpg\" class=\"attachment-large size-large\" alt=\"\" aria-describedby=\"gallery-1-45974\" srcset=\"https:\/\/www.wallendorff.com\/belogue\/wp-content\/uploads\/2020\/07\/20200706-31.jpg 1170w, https:\/\/www.wallendorff.com\/belogue\/wp-content\/uploads\/2020\/07\/20200706-31-820x547.jpg 820w, https:\/\/www.wallendorff.com\/belogue\/wp-content\/uploads\/2020\/07\/20200706-31-1116x744.jpg 1116w, https:\/\/www.wallendorff.com\/belogue\/wp-content\/uploads\/2020\/07\/20200706-31-806x537.jpg 806w, https:\/\/www.wallendorff.com\/belogue\/wp-content\/uploads\/2020\/07\/20200706-31-558x372.jpg 558w, https:\/\/www.wallendorff.com\/belogue\/wp-content\/uploads\/2020\/07\/20200706-31-655x437.jpg 655w, https:\/\/www.wallendorff.com\/belogue\/wp-content\/uploads\/2020\/07\/20200706-31-600x400.jpg 600w\" sizes=\"(max-width: 1170px) 100vw, 1170px\" \/><\/a>\n\t\t\t<\/div>\n\t\t\t\t<figcaption class='wp-caption-text gallery-caption' id='gallery-1-45974'>\n\t\t\t\tYeah Yeah Yeahs @ les Eurock\u00e9ennes, Belfort, 03\/07\/2009\n\t\t\t\t<\/figcaption><\/figure><figure class='gallery-item'>\n\t\t\t<div class='gallery-icon portrait'>\n\t\t\t\t<a href='https:\/\/www.wallendorff.com\/belogue\/the-kills-les-eurockeennes-belfort-03-07-2009\/'><img loading=\"lazy\" decoding=\"async\" width=\"780\" height=\"1170\" src=\"https:\/\/www.wallendorff.com\/belogue\/wp-content\/uploads\/2020\/07\/20200706-32.jpg\" class=\"attachment-large size-large\" alt=\"\" aria-describedby=\"gallery-1-45975\" srcset=\"https:\/\/www.wallendorff.com\/belogue\/wp-content\/uploads\/2020\/07\/20200706-32.jpg 780w, https:\/\/www.wallendorff.com\/belogue\/wp-content\/uploads\/2020\/07\/20200706-32-558x837.jpg 558w, https:\/\/www.wallendorff.com\/belogue\/wp-content\/uploads\/2020\/07\/20200706-32-655x983.jpg 655w, https:\/\/www.wallendorff.com\/belogue\/wp-content\/uploads\/2020\/07\/20200706-32-600x900.jpg 600w\" sizes=\"(max-width: 780px) 100vw, 780px\" \/><\/a>\n\t\t\t<\/div>\n\t\t\t\t<figcaption class='wp-caption-text gallery-caption' id='gallery-1-45975'>\n\t\t\t\tThe Kills @ les Eurock\u00e9ennes, Belfort, 03\/07\/2009\n\t\t\t\t<\/figcaption><\/figure><figure class='gallery-item'>\n\t\t\t<div class='gallery-icon landscape'>\n\t\t\t\t<a href='https:\/\/www.wallendorff.com\/belogue\/the-kills-les-eurockeennes-belfort-03-07-2009-2\/'><img loading=\"lazy\" decoding=\"async\" width=\"1170\" height=\"780\" src=\"https:\/\/www.wallendorff.com\/belogue\/wp-content\/uploads\/2020\/07\/20200706-33.jpg\" class=\"attachment-large size-large\" alt=\"\" aria-describedby=\"gallery-1-45976\" srcset=\"https:\/\/www.wallendorff.com\/belogue\/wp-content\/uploads\/2020\/07\/20200706-33.jpg 1170w, https:\/\/www.wallendorff.com\/belogue\/wp-content\/uploads\/2020\/07\/20200706-33-820x547.jpg 820w, https:\/\/www.wallendorff.com\/belogue\/wp-content\/uploads\/2020\/07\/20200706-33-1116x744.jpg 1116w, https:\/\/www.wallendorff.com\/belogue\/wp-content\/uploads\/2020\/07\/20200706-33-806x537.jpg 806w, https:\/\/www.wallendorff.com\/belogue\/wp-content\/uploads\/2020\/07\/20200706-33-558x372.jpg 558w, https:\/\/www.wallendorff.com\/belogue\/wp-content\/uploads\/2020\/07\/20200706-33-655x437.jpg 655w, https:\/\/www.wallendorff.com\/belogue\/wp-content\/uploads\/2020\/07\/20200706-33-600x400.jpg 600w\" sizes=\"(max-width: 1170px) 100vw, 1170px\" \/><\/a>\n\t\t\t<\/div>\n\t\t\t\t<figcaption class='wp-caption-text gallery-caption' id='gallery-1-45976'>\n\t\t\t\tThe Kills @ les Eurock\u00e9ennes, Belfort, 03\/07\/2009\n\t\t\t\t<\/figcaption><\/figure><figure class='gallery-item'>\n\t\t\t<div class='gallery-icon portrait'>\n\t\t\t\t<a href='https:\/\/www.wallendorff.com\/belogue\/tricky-les-eurockeennes-belfort-04-07-2009\/'><img loading=\"lazy\" decoding=\"async\" width=\"780\" height=\"1170\" src=\"https:\/\/www.wallendorff.com\/belogue\/wp-content\/uploads\/2020\/07\/20200706-34.jpg\" class=\"attachment-large size-large\" alt=\"\" aria-describedby=\"gallery-1-45977\" srcset=\"https:\/\/www.wallendorff.com\/belogue\/wp-content\/uploads\/2020\/07\/20200706-34.jpg 780w, https:\/\/www.wallendorff.com\/belogue\/wp-content\/uploads\/2020\/07\/20200706-34-558x837.jpg 558w, https:\/\/www.wallendorff.com\/belogue\/wp-content\/uploads\/2020\/07\/20200706-34-655x983.jpg 655w, https:\/\/www.wallendorff.com\/belogue\/wp-content\/uploads\/2020\/07\/20200706-34-600x900.jpg 600w\" sizes=\"(max-width: 780px) 100vw, 780px\" \/><\/a>\n\t\t\t<\/div>\n\t\t\t\t<figcaption class='wp-caption-text gallery-caption' id='gallery-1-45977'>\n\t\t\t\tTricky @ les Eurock\u00e9ennes, Belfort, 04\/07\/2009\n\t\t\t\t<\/figcaption><\/figure><figure class='gallery-item'>\n\t\t\t<div class='gallery-icon portrait'>\n\t\t\t\t<a href='https:\/\/www.wallendorff.com\/belogue\/tricky-les-eurockeennes-belfort-04-07-2009-2\/'><img loading=\"lazy\" decoding=\"async\" width=\"780\" height=\"1170\" src=\"https:\/\/www.wallendorff.com\/belogue\/wp-content\/uploads\/2020\/07\/20200706-35.jpg\" class=\"attachment-large size-large\" alt=\"\" aria-describedby=\"gallery-1-45978\" srcset=\"https:\/\/www.wallendorff.com\/belogue\/wp-content\/uploads\/2020\/07\/20200706-35.jpg 780w, https:\/\/www.wallendorff.com\/belogue\/wp-content\/uploads\/2020\/07\/20200706-35-558x837.jpg 558w, https:\/\/www.wallendorff.com\/belogue\/wp-content\/uploads\/2020\/07\/20200706-35-655x983.jpg 655w, https:\/\/www.wallendorff.com\/belogue\/wp-content\/uploads\/2020\/07\/20200706-35-600x900.jpg 600w\" sizes=\"(max-width: 780px) 100vw, 780px\" \/><\/a>\n\t\t\t<\/div>\n\t\t\t\t<figcaption class='wp-caption-text gallery-caption' id='gallery-1-45978'>\n\t\t\t\tTricky @ les Eurock\u00e9ennes, Belfort, 04\/07\/2009\n\t\t\t\t<\/figcaption><\/figure><figure class='gallery-item'>\n\t\t\t<div class='gallery-icon portrait'>\n\t\t\t\t<a href='https:\/\/www.wallendorff.com\/belogue\/olivia-ruiz-les-eurockeennes-belfort-04-07-2009\/'><img loading=\"lazy\" decoding=\"async\" width=\"780\" height=\"1170\" src=\"https:\/\/www.wallendorff.com\/belogue\/wp-content\/uploads\/2020\/07\/20200706-36.jpg\" class=\"attachment-large size-large\" alt=\"\" aria-describedby=\"gallery-1-45979\" srcset=\"https:\/\/www.wallendorff.com\/belogue\/wp-content\/uploads\/2020\/07\/20200706-36.jpg 780w, https:\/\/www.wallendorff.com\/belogue\/wp-content\/uploads\/2020\/07\/20200706-36-558x837.jpg 558w, https:\/\/www.wallendorff.com\/belogue\/wp-content\/uploads\/2020\/07\/20200706-36-655x983.jpg 655w, https:\/\/www.wallendorff.com\/belogue\/wp-content\/uploads\/2020\/07\/20200706-36-600x900.jpg 600w\" sizes=\"(max-width: 780px) 100vw, 780px\" \/><\/a>\n\t\t\t<\/div>\n\t\t\t\t<figcaption class='wp-caption-text gallery-caption' id='gallery-1-45979'>\n\t\t\t\tOlivia Ruiz @ les Eurock\u00e9ennes, Belfort, 04\/07\/2009\n\t\t\t\t<\/figcaption><\/figure><figure class='gallery-item'>\n\t\t\t<div class='gallery-icon landscape'>\n\t\t\t\t<a href='https:\/\/www.wallendorff.com\/belogue\/glasvegas-les-eurockeennes-belfort-05-07-2009\/'><img loading=\"lazy\" decoding=\"async\" width=\"1170\" height=\"780\" src=\"https:\/\/www.wallendorff.com\/belogue\/wp-content\/uploads\/2020\/07\/20200706-37.jpg\" class=\"attachment-large size-large\" alt=\"\" aria-describedby=\"gallery-1-45980\" srcset=\"https:\/\/www.wallendorff.com\/belogue\/wp-content\/uploads\/2020\/07\/20200706-37.jpg 1170w, https:\/\/www.wallendorff.com\/belogue\/wp-content\/uploads\/2020\/07\/20200706-37-820x547.jpg 820w, https:\/\/www.wallendorff.com\/belogue\/wp-content\/uploads\/2020\/07\/20200706-37-1116x744.jpg 1116w, https:\/\/www.wallendorff.com\/belogue\/wp-content\/uploads\/2020\/07\/20200706-37-806x537.jpg 806w, https:\/\/www.wallendorff.com\/belogue\/wp-content\/uploads\/2020\/07\/20200706-37-558x372.jpg 558w, https:\/\/www.wallendorff.com\/belogue\/wp-content\/uploads\/2020\/07\/20200706-37-655x437.jpg 655w, https:\/\/www.wallendorff.com\/belogue\/wp-content\/uploads\/2020\/07\/20200706-37-600x400.jpg 600w\" sizes=\"(max-width: 1170px) 100vw, 1170px\" \/><\/a>\n\t\t\t<\/div>\n\t\t\t\t<figcaption class='wp-caption-text gallery-caption' id='gallery-1-45980'>\n\t\t\t\tGlasvegas @ les Eurock\u00e9ennes, Belfort, 05\/07\/2009\n\t\t\t\t<\/figcaption><\/figure><figure class='gallery-item'>\n\t\t\t<div class='gallery-icon portrait'>\n\t\t\t\t<a href='https:\/\/www.wallendorff.com\/belogue\/gojira-les-eurockeennes-belfort-05-07-2009\/'><img loading=\"lazy\" decoding=\"async\" width=\"780\" height=\"1170\" src=\"https:\/\/www.wallendorff.com\/belogue\/wp-content\/uploads\/2020\/07\/20200706-38.jpg\" class=\"attachment-large size-large\" alt=\"\" aria-describedby=\"gallery-1-45981\" srcset=\"https:\/\/www.wallendorff.com\/belogue\/wp-content\/uploads\/2020\/07\/20200706-38.jpg 780w, https:\/\/www.wallendorff.com\/belogue\/wp-content\/uploads\/2020\/07\/20200706-38-558x837.jpg 558w, https:\/\/www.wallendorff.com\/belogue\/wp-content\/uploads\/2020\/07\/20200706-38-655x983.jpg 655w, https:\/\/www.wallendorff.com\/belogue\/wp-content\/uploads\/2020\/07\/20200706-38-600x900.jpg 600w\" sizes=\"(max-width: 780px) 100vw, 780px\" \/><\/a>\n\t\t\t<\/div>\n\t\t\t\t<figcaption class='wp-caption-text gallery-caption' id='gallery-1-45981'>\n\t\t\t\tGojira @ les Eurock\u00e9ennes, Belfort, 05\/07\/2009\n\t\t\t\t<\/figcaption><\/figure><figure class='gallery-item'>\n\t\t\t<div class='gallery-icon landscape'>\n\t\t\t\t<a href='https:\/\/www.wallendorff.com\/belogue\/gojira-les-eurockeennes-belfort-05-07-2009-2\/'><img loading=\"lazy\" decoding=\"async\" width=\"1170\" height=\"780\" src=\"https:\/\/www.wallendorff.com\/belogue\/wp-content\/uploads\/2020\/07\/20200706-39.jpg\" class=\"attachment-large size-large\" alt=\"\" aria-describedby=\"gallery-1-45982\" srcset=\"https:\/\/www.wallendorff.com\/belogue\/wp-content\/uploads\/2020\/07\/20200706-39.jpg 1170w, https:\/\/www.wallendorff.com\/belogue\/wp-content\/uploads\/2020\/07\/20200706-39-820x547.jpg 820w, https:\/\/www.wallendorff.com\/belogue\/wp-content\/uploads\/2020\/07\/20200706-39-1116x744.jpg 1116w, https:\/\/www.wallendorff.com\/belogue\/wp-content\/uploads\/2020\/07\/20200706-39-806x537.jpg 806w, https:\/\/www.wallendorff.com\/belogue\/wp-content\/uploads\/2020\/07\/20200706-39-558x372.jpg 558w, https:\/\/www.wallendorff.com\/belogue\/wp-content\/uploads\/2020\/07\/20200706-39-655x437.jpg 655w, https:\/\/www.wallendorff.com\/belogue\/wp-content\/uploads\/2020\/07\/20200706-39-600x400.jpg 600w\" sizes=\"(max-width: 1170px) 100vw, 1170px\" \/><\/a>\n\t\t\t<\/div>\n\t\t\t\t<figcaption class='wp-caption-text gallery-caption' id='gallery-1-45982'>\n\t\t\t\tGojira @ les Eurock\u00e9ennes, Belfort, 05\/07\/2009\n\t\t\t\t<\/figcaption><\/figure><figure class='gallery-item'>\n\t\t\t<div class='gallery-icon portrait'>\n\t\t\t\t<a href='https:\/\/www.wallendorff.com\/belogue\/phoenix-les-eurockeennes-belfort-05-07-2009\/'><img loading=\"lazy\" decoding=\"async\" width=\"780\" height=\"1170\" src=\"https:\/\/www.wallendorff.com\/belogue\/wp-content\/uploads\/2020\/07\/20200706-40.jpg\" class=\"attachment-large size-large\" alt=\"\" aria-describedby=\"gallery-1-45983\" srcset=\"https:\/\/www.wallendorff.com\/belogue\/wp-content\/uploads\/2020\/07\/20200706-40.jpg 780w, https:\/\/www.wallendorff.com\/belogue\/wp-content\/uploads\/2020\/07\/20200706-40-558x837.jpg 558w, https:\/\/www.wallendorff.com\/belogue\/wp-content\/uploads\/2020\/07\/20200706-40-655x983.jpg 655w, https:\/\/www.wallendorff.com\/belogue\/wp-content\/uploads\/2020\/07\/20200706-40-600x900.jpg 600w\" sizes=\"(max-width: 780px) 100vw, 780px\" \/><\/a>\n\t\t\t<\/div>\n\t\t\t\t<figcaption class='wp-caption-text gallery-caption' id='gallery-1-45983'>\n\t\t\t\tPhoenix @ les Eurock\u00e9ennes, Belfort, 05\/07\/2009\n\t\t\t\t<\/figcaption><\/figure><figure class='gallery-item'>\n\t\t\t<div class='gallery-icon landscape'>\n\t\t\t\t<a href='https:\/\/www.wallendorff.com\/belogue\/slipknot-les-eurockeennes-belfort-05-07-2009\/'><img loading=\"lazy\" decoding=\"async\" width=\"1170\" height=\"780\" src=\"https:\/\/www.wallendorff.com\/belogue\/wp-content\/uploads\/2020\/07\/20200706-41.jpg\" class=\"attachment-large size-large\" alt=\"\" aria-describedby=\"gallery-1-45984\" srcset=\"https:\/\/www.wallendorff.com\/belogue\/wp-content\/uploads\/2020\/07\/20200706-41.jpg 1170w, https:\/\/www.wallendorff.com\/belogue\/wp-content\/uploads\/2020\/07\/20200706-41-820x547.jpg 820w, https:\/\/www.wallendorff.com\/belogue\/wp-content\/uploads\/2020\/07\/20200706-41-1116x744.jpg 1116w, https:\/\/www.wallendorff.com\/belogue\/wp-content\/uploads\/2020\/07\/20200706-41-806x537.jpg 806w, https:\/\/www.wallendorff.com\/belogue\/wp-content\/uploads\/2020\/07\/20200706-41-558x372.jpg 558w, https:\/\/www.wallendorff.com\/belogue\/wp-content\/uploads\/2020\/07\/20200706-41-655x437.jpg 655w, https:\/\/www.wallendorff.com\/belogue\/wp-content\/uploads\/2020\/07\/20200706-41-600x400.jpg 600w\" sizes=\"(max-width: 1170px) 100vw, 1170px\" \/><\/a>\n\t\t\t<\/div>\n\t\t\t\t<figcaption class='wp-caption-text gallery-caption' id='gallery-1-45984'>\n\t\t\t\tSlipknot @ les Eurock\u00e9ennes, Belfort, 05\/07\/2009\n\t\t\t\t<\/figcaption><\/figure><figure class='gallery-item'>\n\t\t\t<div class='gallery-icon landscape'>\n\t\t\t\t<a href='https:\/\/www.wallendorff.com\/belogue\/slipknot-les-eurockeennes-belfort-05-07-2009-2\/'><img loading=\"lazy\" decoding=\"async\" width=\"1170\" height=\"780\" src=\"https:\/\/www.wallendorff.com\/belogue\/wp-content\/uploads\/2020\/07\/20200706-42.jpg\" class=\"attachment-large size-large\" alt=\"\" aria-describedby=\"gallery-1-45985\" srcset=\"https:\/\/www.wallendorff.com\/belogue\/wp-content\/uploads\/2020\/07\/20200706-42.jpg 1170w, https:\/\/www.wallendorff.com\/belogue\/wp-content\/uploads\/2020\/07\/20200706-42-820x547.jpg 820w, https:\/\/www.wallendorff.com\/belogue\/wp-content\/uploads\/2020\/07\/20200706-42-1116x744.jpg 1116w, https:\/\/www.wallendorff.com\/belogue\/wp-content\/uploads\/2020\/07\/20200706-42-806x537.jpg 806w, https:\/\/www.wallendorff.com\/belogue\/wp-content\/uploads\/2020\/07\/20200706-42-558x372.jpg 558w, https:\/\/www.wallendorff.com\/belogue\/wp-content\/uploads\/2020\/07\/20200706-42-655x437.jpg 655w, https:\/\/www.wallendorff.com\/belogue\/wp-content\/uploads\/2020\/07\/20200706-42-600x400.jpg 600w\" sizes=\"(max-width: 1170px) 100vw, 1170px\" \/><\/a>\n\t\t\t<\/div>\n\t\t\t\t<figcaption class='wp-caption-text gallery-caption' id='gallery-1-45985'>\n\t\t\t\tSlipknot @ les Eurock\u00e9ennes, Belfort, 05\/07\/2009\n\t\t\t\t<\/figcaption><\/figure><figure class='gallery-item'>\n\t\t\t<div class='gallery-icon portrait'>\n\t\t\t\t<a href='https:\/\/www.wallendorff.com\/belogue\/slipknot-les-eurockeennes-belfort-05-07-2009-3\/'><img loading=\"lazy\" decoding=\"async\" width=\"780\" height=\"1170\" src=\"https:\/\/www.wallendorff.com\/belogue\/wp-content\/uploads\/2020\/07\/20200706-43.jpg\" class=\"attachment-large size-large\" alt=\"\" aria-describedby=\"gallery-1-45986\" srcset=\"https:\/\/www.wallendorff.com\/belogue\/wp-content\/uploads\/2020\/07\/20200706-43.jpg 780w, https:\/\/www.wallendorff.com\/belogue\/wp-content\/uploads\/2020\/07\/20200706-43-558x837.jpg 558w, https:\/\/www.wallendorff.com\/belogue\/wp-content\/uploads\/2020\/07\/20200706-43-655x983.jpg 655w, https:\/\/www.wallendorff.com\/belogue\/wp-content\/uploads\/2020\/07\/20200706-43-600x900.jpg 600w\" sizes=\"(max-width: 780px) 100vw, 780px\" \/><\/a>\n\t\t\t<\/div>\n\t\t\t\t<figcaption class='wp-caption-text gallery-caption' id='gallery-1-45986'>\n\t\t\t\tSlipknot @ les Eurock\u00e9ennes, Belfort, 05\/07\/2009\n\t\t\t\t<\/figcaption><\/figure>\n\t\t<\/div>\n\n","protected":false},"excerpt":{"rendered":"<p>Bon j&rsquo;ai plut&ocirc;t 19 ans d&rsquo;Eurock&eacute;ennes au compteur puisque j&rsquo;ai &eacute;galement assist&eacute; &agrave; l&rsquo;&eacute;dition 2001, mais depuis le public. Enfin on va pas chipoter. Puisque nous en sommes priv&eacute;s cette ann&eacute;e, je vous remets des archives des 12 &eacute;ditions que j&rsquo;ai photographi&eacute;es pour nous rappeler le bon temps des festivals en plein air plein de&hellip;<\/p>\n","protected":false},"author":1,"featured_media":45985,"comment_status":"open","ping_status":"open","sticky":false,"template":"","format":"standard","meta":{"_acf_changed":false,"ngg_post_thumbnail":0,"jetpack_post_was_ever_published":false,"_jetpack_newsletter_access":"","_jetpack_dont_email_post_to_subs":false,"_jetpack_newsletter_tier_id":0,"_jetpack_memberships_contains_paywalled_content":false,"_jetpack_memberships_contains_paid_content":false,"footnotes":"","jetpack_publicize_message":"","jetpack_publicize_feature_enabled":true,"jetpack_social_post_already_shared":true,"jetpack_social_options":{"image_generator_settings":{"template":"highway","default_image_id":0,"font":"","enabled":false},"version":2}},"categories":[7],"tags":[10084,10263,10193,10110,77,341,16393,196,157,181,142,187,132,2615,10337,10109,16392,3350,3351,3349,3348,3346,10136,10120,10296,10127,10548,10549,10431,10111,2053,10389,10168,1500,10090,10547,10430,16390,10172,16389,12035,10552,10295,10212,10298,10546,16391],"class_list":["post-45943","post","type-post","status-publish","format-standard","has-post-thumbnail","hentry","category-alive","tag-alive","tag-arcade-fire","tag-archive","tag-belfort","tag-blanche","tag-bright-eyes","tag-canon-ef-17-35-f-2-8l-usm","tag-ef-28-70-mm-f28l-usm","tag-ef-50-mm-f18-ii","tag-ef-70-200-mm-f28l-usm","tag-ef-s-10-22-mm-f35-45-usm","tag-eos-1d-mark-ii","tag-eos-20d","tag-eos-5d-mark-ii","tag-editors","tag-eurockeennes","tag-eurockeennes-2003","tag-eurockeennes-2005","tag-eurockeennes-2006","tag-eurockeennes-2007","tag-eurockeennes-2008","tag-eurockeennes-2009","tag-festival","tag-france","tag-franche-comte","tag-ghinzu","tag-glasvegas","tag-gojira","tag-im-from-barcelona","tag-interpol","tag-joey-starr","tag-les-wampas","tag-massive-attack","tag-maximo-park","tag-muse","tag-olivia-ruiz","tag-peter-von-poehl","tag-philippe-katerine","tag-phoenix","tag-presquile-du-malsaucy","tag-sermamagny","tag-slipknot","tag-territoire-de-belfort","tag-the-kills","tag-tom-vek","tag-tricky","tag-yeah-yeah-yeahs"],"acf":[],"geo":{"latitude":47.6851463,"longitude":6.8091631,"description":"Chemin de Cramenuz, 90300 Sermamagny, France"},"jetpack_publicize_connections":[],"jetpack_featured_media_url":"https:\/\/www.wallendorff.com\/belogue\/wp-content\/uploads\/2020\/07\/20200706-42.jpg","jetpack_shortlink":"https:\/\/wp.me\/p3b35P-bX1","jetpack_sharing_enabled":true,"jetpack-related-posts":[{"id":125131,"url":"https:\/\/www.wallendorff.com\/belogue\/2023\/07\/03\/les-eurockeennes-2023-belfort-jour-4\/","url_meta":{"origin":45943,"position":0},"title":"Les Eurock\u00e9ennes 2023, Belfort, jour 4.","author":"dpc","date":"3 juillet 2023","format":false,"excerpt":"1 sc\u00e8ne + 3 groupes dont 1 t\u00eate d'affiche qui limite les photographes et qui bloque l'acc\u00e8s au front de sc\u00e8ne = une maigre galerie. Chef and the Gang @ les Eurock\u00e9ennes, Belfort, 02\/07\/2023 Les Eurock\u00e9ennes, Belfort, 02\/07\/2023 Chef and the Gang @ les Eurock\u00e9ennes, Belfort, 02\/07\/2023 Les Eurock\u00e9ennes, Belfort,\u2026","rel":"","context":"Dans &quot;Alive&quot;","block_context":{"text":"Alive","link":"https:\/\/www.wallendorff.com\/belogue\/category\/alive\/"},"img":{"alt_text":"","src":"https:\/\/i0.wp.com\/www.wallendorff.com\/belogue\/wp-content\/uploads\/2023\/07\/20230703-07.jpg?resize=350%2C200&ssl=1","width":350,"height":200,"srcset":"https:\/\/i0.wp.com\/www.wallendorff.com\/belogue\/wp-content\/uploads\/2023\/07\/20230703-07.jpg?resize=350%2C200&ssl=1 1x, https:\/\/i0.wp.com\/www.wallendorff.com\/belogue\/wp-content\/uploads\/2023\/07\/20230703-07.jpg?resize=525%2C300&ssl=1 1.5x, https:\/\/i0.wp.com\/www.wallendorff.com\/belogue\/wp-content\/uploads\/2023\/07\/20230703-07.jpg?resize=700%2C400&ssl=1 2x, https:\/\/i0.wp.com\/www.wallendorff.com\/belogue\/wp-content\/uploads\/2023\/07\/20230703-07.jpg?resize=1050%2C600&ssl=1 3x"},"classes":[]},{"id":124968,"url":"https:\/\/www.wallendorff.com\/belogue\/2023\/07\/01\/les-eurockeennes-2023-belfort-jour-2\/","url_meta":{"origin":45943,"position":1},"title":"Les Eurock\u00e9ennes 2023, Belfort, jour 2.","author":"dpc","date":"1 juillet 2023","format":false,"excerpt":"Les Eurock\u00e9ennes, Belfort, 30\/06\/2023 Les Eurock\u00e9ennes, Belfort, 30\/06\/2023 Les Eurock\u00e9ennes, Belfort, 30\/06\/2023 Yard Act @ les Eurock\u00e9ennes, Belfort, 30\/06\/2023 Yard Act @ les Eurock\u00e9ennes, Belfort, 30\/06\/2023 Yard Act @ les Eurock\u00e9ennes, Belfort, 30\/06\/2023 Les Eurock\u00e9ennes, Belfort, 30\/06\/2023 Yard Act @ les Eurock\u00e9ennes, Belfort, 30\/06\/2023 Yard Act @ les Eurock\u00e9ennes, Belfort,\u2026","rel":"","context":"Dans &quot;Alive&quot;","block_context":{"text":"Alive","link":"https:\/\/www.wallendorff.com\/belogue\/category\/alive\/"},"img":{"alt_text":"","src":"https:\/\/i0.wp.com\/www.wallendorff.com\/belogue\/wp-content\/uploads\/2023\/07\/20230701-74.jpg?resize=350%2C200&ssl=1","width":350,"height":200,"srcset":"https:\/\/i0.wp.com\/www.wallendorff.com\/belogue\/wp-content\/uploads\/2023\/07\/20230701-74.jpg?resize=350%2C200&ssl=1 1x, https:\/\/i0.wp.com\/www.wallendorff.com\/belogue\/wp-content\/uploads\/2023\/07\/20230701-74.jpg?resize=525%2C300&ssl=1 1.5x, https:\/\/i0.wp.com\/www.wallendorff.com\/belogue\/wp-content\/uploads\/2023\/07\/20230701-74.jpg?resize=700%2C400&ssl=1 2x, https:\/\/i0.wp.com\/www.wallendorff.com\/belogue\/wp-content\/uploads\/2023\/07\/20230701-74.jpg?resize=1050%2C600&ssl=1 3x"},"classes":[]},{"id":132705,"url":"https:\/\/www.wallendorff.com\/belogue\/2025\/07\/07\/les-eurockeennes-2025-belfort-jour-4\/","url_meta":{"origin":45943,"position":2},"title":"Les Eurock\u00e9ennes 2025, Belfort, jour 4.","author":"dpc","date":"7 juillet 2025","format":false,"excerpt":"Les Eurock\u00e9ennes, Belfort, 06\/07\/2024 Molotovs @ les Eurock\u00e9ennes, Belfort, 06\/07\/2025 Molotovs @ les Eurock\u00e9ennes, Belfort, 06\/07\/2025 Molotovs @ les Eurock\u00e9ennes, Belfort, 06\/07\/2025 Molotovs @ les Eurock\u00e9ennes, Belfort, 06\/07\/2025 Molotovs @ les Eurock\u00e9ennes, Belfort, 06\/07\/2025 Molotovs @ les Eurock\u00e9ennes, Belfort, 06\/07\/2025 Molotovs @ les Eurock\u00e9ennes, Belfort, 06\/07\/2025 Molotovs @ les Eurock\u00e9ennes,\u2026","rel":"","context":"Dans &quot;Alive&quot;","block_context":{"text":"Alive","link":"https:\/\/www.wallendorff.com\/belogue\/category\/alive\/"},"img":{"alt_text":"","src":"https:\/\/i0.wp.com\/www.wallendorff.com\/belogue\/wp-content\/uploads\/2025\/07\/20250707-08.jpg?resize=350%2C200&ssl=1","width":350,"height":200,"srcset":"https:\/\/i0.wp.com\/www.wallendorff.com\/belogue\/wp-content\/uploads\/2025\/07\/20250707-08.jpg?resize=350%2C200&ssl=1 1x, https:\/\/i0.wp.com\/www.wallendorff.com\/belogue\/wp-content\/uploads\/2025\/07\/20250707-08.jpg?resize=525%2C300&ssl=1 1.5x, https:\/\/i0.wp.com\/www.wallendorff.com\/belogue\/wp-content\/uploads\/2025\/07\/20250707-08.jpg?resize=700%2C400&ssl=1 2x, https:\/\/i0.wp.com\/www.wallendorff.com\/belogue\/wp-content\/uploads\/2025\/07\/20250707-08.jpg?resize=1050%2C600&ssl=1 3x"},"classes":[]},{"id":124880,"url":"https:\/\/www.wallendorff.com\/belogue\/2023\/06\/30\/les-eurockeennes-2023-belfort-jour-1\/","url_meta":{"origin":45943,"position":3},"title":"Les Eurock\u00e9ennes 2023, Belfort, jour 1.","author":"dpc","date":"30 juin 2023","format":false,"excerpt":"Ad\u00e9 @ les Eurock\u00e9ennes, Belfort, 29\/06\/2023 Les Eurock\u00e9ennes, Belfort, 29\/06\/2023 Ad\u00e9 @ les Eurock\u00e9ennes, Belfort, 29\/06\/2023 Ad\u00e9 @ les Eurock\u00e9ennes, Belfort, 29\/06\/2023 Ad\u00e9 @ les Eurock\u00e9ennes, Belfort, 29\/06\/2023 Ad\u00e9 @ les Eurock\u00e9ennes, Belfort, 29\/06\/2023 Ad\u00e9 @ les Eurock\u00e9ennes, Belfort, 29\/06\/2023 Les Eurock\u00e9ennes, Belfort, 29\/06\/2023 Les Eurock\u00e9ennes, Belfort, 29\/06\/2023 Les Eurock\u00e9ennes,\u2026","rel":"","context":"Dans &quot;Alive&quot;","block_context":{"text":"Alive","link":"https:\/\/www.wallendorff.com\/belogue\/category\/alive\/"},"img":{"alt_text":"","src":"https:\/\/i0.wp.com\/www.wallendorff.com\/belogue\/wp-content\/uploads\/2023\/06\/20230630-50.jpg?resize=350%2C200&ssl=1","width":350,"height":200,"srcset":"https:\/\/i0.wp.com\/www.wallendorff.com\/belogue\/wp-content\/uploads\/2023\/06\/20230630-50.jpg?resize=350%2C200&ssl=1 1x, https:\/\/i0.wp.com\/www.wallendorff.com\/belogue\/wp-content\/uploads\/2023\/06\/20230630-50.jpg?resize=525%2C300&ssl=1 1.5x, https:\/\/i0.wp.com\/www.wallendorff.com\/belogue\/wp-content\/uploads\/2023\/06\/20230630-50.jpg?resize=700%2C400&ssl=1 2x, https:\/\/i0.wp.com\/www.wallendorff.com\/belogue\/wp-content\/uploads\/2023\/06\/20230630-50.jpg?resize=1050%2C600&ssl=1 3x"},"classes":[]},{"id":125054,"url":"https:\/\/www.wallendorff.com\/belogue\/2023\/07\/02\/les-eurockeennes-2023-belfort-jour-3\/","url_meta":{"origin":45943,"position":4},"title":"Les Eurock\u00e9ennes 2023, Belfort, jour 3.","author":"dpc","date":"2 juillet 2023","format":false,"excerpt":"Larkin Poe @ les Eurock\u00e9ennes, Belfort, 01\/07\/2023 Larkin Poe @ les Eurock\u00e9ennes, Belfort, 01\/07\/2023 Larkin Poe @ les Eurock\u00e9ennes, Belfort, 01\/07\/2023 Les Eurock\u00e9ennes, Belfort, 01\/07\/2023 Larkin Poe @ les Eurock\u00e9ennes, Belfort, 01\/07\/2023 Les Eurock\u00e9ennes, Belfort, 01\/07\/2023 Larkin Poe @ les Eurock\u00e9ennes, Belfort, 01\/07\/2023 Larkin Poe @ les Eurock\u00e9ennes, Belfort, 01\/07\/2023\u2026","rel":"","context":"Dans &quot;Alive&quot;","block_context":{"text":"Alive","link":"https:\/\/www.wallendorff.com\/belogue\/category\/alive\/"},"img":{"alt_text":"","src":"https:\/\/i0.wp.com\/www.wallendorff.com\/belogue\/wp-content\/uploads\/2023\/07\/20230702-56.jpg?resize=350%2C200&ssl=1","width":350,"height":200,"srcset":"https:\/\/i0.wp.com\/www.wallendorff.com\/belogue\/wp-content\/uploads\/2023\/07\/20230702-56.jpg?resize=350%2C200&ssl=1 1x, https:\/\/i0.wp.com\/www.wallendorff.com\/belogue\/wp-content\/uploads\/2023\/07\/20230702-56.jpg?resize=525%2C300&ssl=1 1.5x, https:\/\/i0.wp.com\/www.wallendorff.com\/belogue\/wp-content\/uploads\/2023\/07\/20230702-56.jpg?resize=700%2C400&ssl=1 2x, https:\/\/i0.wp.com\/www.wallendorff.com\/belogue\/wp-content\/uploads\/2023\/07\/20230702-56.jpg?resize=1050%2C600&ssl=1 3x"},"classes":[]},{"id":23157,"url":"https:\/\/www.wallendorff.com\/belogue\/2014\/07\/09\/les-eurockeennes-belfort-4-juillet-2\/","url_meta":{"origin":45943,"position":5},"title":"Les Eurock\u00e9ennes, Belfort, 4 juillet.","author":"dpc","date":"9 juillet 2014","format":false,"excerpt":"La route, rater Temples, puis voir les fl\u00e9aux s'encha\u00eener\u00a0: pluie, boue et, finalement, Rhubarbe II tout bourr\u00e9 \u00e0 la flotte qui s'invente un mode al\u00e9atoire. Puisque je n'\u00e9tais pas l\u00e0 en 2012, je me croirais presque revenu en 2001. Poisseux d\u00e9but de week-end. Les photos s'en ressentent. Le reste des\u2026","rel":"","context":"Dans &quot;Alive&quot;","block_context":{"text":"Alive","link":"https:\/\/www.wallendorff.com\/belogue\/category\/alive\/"},"img":{"alt_text":"","src":"https:\/\/i0.wp.com\/www.wallendorff.com\/belogue\/wp-content\/uploads\/2015\/04\/201407091.jpg?resize=350%2C200&ssl=1","width":350,"height":200,"srcset":"https:\/\/i0.wp.com\/www.wallendorff.com\/belogue\/wp-content\/uploads\/2015\/04\/201407091.jpg?resize=350%2C200&ssl=1 1x, https:\/\/i0.wp.com\/www.wallendorff.com\/belogue\/wp-content\/uploads\/2015\/04\/201407091.jpg?resize=525%2C300&ssl=1 1.5x, https:\/\/i0.wp.com\/www.wallendorff.com\/belogue\/wp-content\/uploads\/2015\/04\/201407091.jpg?resize=700%2C400&ssl=1 2x"},"classes":[]}],"_links":{"self":[{"href":"https:\/\/www.wallendorff.com\/belogue\/wp-json\/wp\/v2\/posts\/45943","targetHints":{"allow":["GET"]}}],"collection":[{"href":"https:\/\/www.wallendorff.com\/belogue\/wp-json\/wp\/v2\/posts"}],"about":[{"href":"https:\/\/www.wallendorff.com\/belogue\/wp-json\/wp\/v2\/types\/post"}],"author":[{"embeddable":true,"href":"https:\/\/www.wallendorff.com\/belogue\/wp-json\/wp\/v2\/users\/1"}],"replies":[{"embeddable":true,"href":"https:\/\/www.wallendorff.com\/belogue\/wp-json\/wp\/v2\/comments?post=45943"}],"version-history":[{"count":4,"href":"https:\/\/www.wallendorff.com\/belogue\/wp-json\/wp\/v2\/posts\/45943\/revisions"}],"predecessor-version":[{"id":45990,"href":"https:\/\/www.wallendorff.com\/belogue\/wp-json\/wp\/v2\/posts\/45943\/revisions\/45990"}],"wp:featuredmedia":[{"embeddable":true,"href":"https:\/\/www.wallendorff.com\/belogue\/wp-json\/wp\/v2\/media\/45985"}],"wp:attachment":[{"href":"https:\/\/www.wallendorff.com\/belogue\/wp-json\/wp\/v2\/media?parent=45943"}],"wp:term":[{"taxonomy":"category","embeddable":true,"href":"https:\/\/www.wallendorff.com\/belogue\/wp-json\/wp\/v2\/categories?post=45943"},{"taxonomy":"post_tag","embeddable":true,"href":"https:\/\/www.wallendorff.com\/belogue\/wp-json\/wp\/v2\/tags?post=45943"}],"curies":[{"name":"wp","href":"https:\/\/api.w.org\/{rel}","templated":true}]}}