{"id":45936,"date":"2020-07-03T12:29:42","date_gmt":"2020-07-03T10:29:42","guid":{"rendered":"http:\/\/www.wallendorff.com\/belogue\/?p=45936"},"modified":"2020-07-03T12:29:42","modified_gmt":"2020-07-03T10:29:42","slug":"allons-boire-sil-arrose-2","status":"publish","type":"post","link":"https:\/\/www.wallendorff.com\/belogue\/2020\/07\/03\/allons-boire-sil-arrose-2\/","title":{"rendered":"Allons boire s&rsquo;il arrose."},"content":{"rendered":"<div id=\"photo\">\n<p><img decoding=\"async\" src=\"https:\/\/www.wallendorff.com\/belogue\/wp-content\/uploads\/2020\/07\/20200703.jpg\"><br \/>\nRue de l&rsquo;Abreuvoir, Paris, 14 mars 2020.<\/p>\n<\/div>\n<p style=\"text-align:right\">Je sais, <a href=\"https:\/\/www.wallendorff.com\/belogue\/2012\/02\/14\/allons-boire-sil-arrose\/\">je vous avais d&eacute;j&agrave; servi ce titre en 2012<\/a> &ndash;&nbsp;f&eacute;licitations, au passage, votre m&eacute;moire m&rsquo;&eacute;pate&nbsp;&ndash;, mais convenez donc qu&rsquo;il sied quand m&ecirc;me bien mieux &agrave; cette photo cr&eacute;pusculaire d&rsquo;un <em>couple<\/em>, de dos, qui <em>marche vers un endroit qu&rsquo;on pourrait tr&egrave;s bien imaginer &ecirc;tre un d&eacute;bit de boisson<\/em>, et ce rue de l&rsquo;<em>Abreuvoir<\/em>.<\/p>\n<p style=\"text-align:right\">Sans compter qu&rsquo;elle fut prise &agrave; une &eacute;poque d&rsquo;insouciance sociale o&ugrave; on pouvait encore boire des coups entass&eacute;s les uns sur les autres, puisqu&rsquo;il s&rsquo;agit de ma derni&egrave;re photo prise avant le confinement.<\/p>\n<p style=\"text-align:right\">[Mais &agrave; part &ccedil;a, rien].<\/p>\n<div id=\"bandeson\">\n<p><img decoding=\"async\" src=\"https:\/\/www.wallendorff.com\/belogue\/photo\/pochettes\/b\/bat_for_lashes-the_bride.jpg\" align=\"left\" \/><a style=\"font-weight:normal\" id=\"lienmp3\" href=\"http:\/\/www.youtube.com\/watch?v=CyYCfiOMSbo\"><em>I Will Love Again<\/em><\/a><br \/>\n<a href=\"http:\/\/www.batforlashes.com\/\">Bat for Lashes<\/a><\/p>\n<\/div>\n","protected":false},"excerpt":{"rendered":"<p>Rue de l&rsquo;Abreuvoir, Paris, 14 mars 2020. Je sais, je vous avais d&eacute;j&agrave; servi ce titre en 2012 &ndash;&nbsp;f&eacute;licitations, au passage, votre m&eacute;moire m&rsquo;&eacute;pate&nbsp;&ndash;, mais convenez donc qu&rsquo;il sied quand m&ecirc;me bien mieux &agrave; cette photo cr&eacute;pusculaire d&rsquo;un couple, de dos, qui marche vers un endroit qu&rsquo;on pourrait tr&egrave;s bien imaginer &ecirc;tre un d&eacute;bit de&hellip;<\/p>\n","protected":false},"author":1,"featured_media":45937,"comment_status":"open","ping_status":"open","sticky":false,"template":"","format":"standard","meta":{"_acf_changed":false,"ngg_post_thumbnail":0,"jetpack_post_was_ever_published":false,"_jetpack_newsletter_access":"","_jetpack_dont_email_post_to_subs":false,"_jetpack_newsletter_tier_id":0,"_jetpack_memberships_contains_paywalled_content":false,"_jetpack_memberships_contains_paid_content":false,"footnotes":"","jetpack_publicize_message":"","jetpack_publicize_feature_enabled":true,"jetpack_social_post_already_shared":true,"jetpack_social_options":{"image_generator_settings":{"template":"highway","default_image_id":0,"font":"","enabled":false},"version":2}},"categories":[3],"tags":[10143,10487,10123,10359,10326,10311,10120,15878,15309,16387,10121,10142,10098,12342,10158],"class_list":["post-45936","post","type-post","status-publish","format-standard","has-post-thumbnail","hentry","category-dpc","tag-10143","tag-basilique-du-sacre-coeur","tag-bat-for-lashes","tag-couple","tag-crepuscule","tag-dos","tag-france","tag-fujifilm-x-t3","tag-fujinon-xf-16-55-mm-f-2-8-r-lm-wr","tag-i-will-love-again","tag-ile-de-france","tag-montmartre","tag-paris","tag-rue-de-labreuvoir","tag-ruelle"],"acf":[],"geo":{"latitude":48.8884392,"longitude":2.3382077,"description":"Paris 18, \u00cele-de-France, 75018, FR"},"jetpack_publicize_connections":[],"jetpack_featured_media_url":"https:\/\/www.wallendorff.com\/belogue\/wp-content\/uploads\/2020\/07\/20200703.jpg","jetpack_shortlink":"https:\/\/wp.me\/p3b35P-bWU","jetpack_sharing_enabled":true,"jetpack-related-posts":[{"id":49506,"url":"https:\/\/www.wallendorff.com\/belogue\/2021\/08\/31\/aout-2021\/","url_meta":{"origin":45936,"position":0},"title":"Ao\u00fbt 2021.","author":"dpc","date":"31 ao\u00fbt 2021","format":false,"excerpt":"Un anniversaire, un quai de gare, un chat pr\u00e9nomm\u00e9 Calembredaine, un matelas, un chihuahua, un ap\u00e9ro, un chihuahua, un stop, une grille, un restaurant, une paire de chaises, un point de vue, un jonglage, un collage, un train, une gare, un h\u00f4tel, une affiche, une plage, un mus\u00e9e, un quadrige,\u2026","rel":"","context":"Dans &quot;Blog-note&quot;","block_context":{"text":"Blog-note","link":"https:\/\/www.wallendorff.com\/belogue\/category\/blog-note\/"},"img":{"alt_text":"","src":"https:\/\/i0.wp.com\/www.wallendorff.com\/belogue\/wp-content\/uploads\/2021\/09\/20210922-52.jpg?resize=350%2C200&ssl=1","width":350,"height":200,"srcset":"https:\/\/i0.wp.com\/www.wallendorff.com\/belogue\/wp-content\/uploads\/2021\/09\/20210922-52.jpg?resize=350%2C200&ssl=1 1x, https:\/\/i0.wp.com\/www.wallendorff.com\/belogue\/wp-content\/uploads\/2021\/09\/20210922-52.jpg?resize=525%2C300&ssl=1 1.5x, https:\/\/i0.wp.com\/www.wallendorff.com\/belogue\/wp-content\/uploads\/2021\/09\/20210922-52.jpg?resize=700%2C400&ssl=1 2x, https:\/\/i0.wp.com\/www.wallendorff.com\/belogue\/wp-content\/uploads\/2021\/09\/20210922-52.jpg?resize=1050%2C600&ssl=1 3x"},"classes":[]},{"id":23634,"url":"https:\/\/www.wallendorff.com\/belogue\/2014\/11\/30\/novembre-2014\/","url_meta":{"origin":45936,"position":1},"title":"Novembre 2014.","author":"dpc","date":"30 novembre 2014","format":false,"excerpt":"Une grosse tour, un cimeti\u00e8re, des di\u0161ques, des toilettes, du gras, un barbu, un train, une montagne, un jeu de soci\u00e9t\u00e9, un train, un flime d'horreur, un concert annul\u00e9, de baths toilettes, des di\u0161ques, un Bercy, des pieds, une terrasse, un retour \u00e0 la sc\u00e8ne, un vernissage, une exposition, des\u2026","rel":"","context":"Dans &quot;Blog-note&quot;","block_context":{"text":"Blog-note","link":"https:\/\/www.wallendorff.com\/belogue\/category\/blog-note\/"},"img":{"alt_text":"","src":"https:\/\/i0.wp.com\/www.wallendorff.com\/belogue\/wp-content\/uploads\/2015\/04\/20141209-241.jpg?resize=350%2C200&ssl=1","width":350,"height":200,"srcset":"https:\/\/i0.wp.com\/www.wallendorff.com\/belogue\/wp-content\/uploads\/2015\/04\/20141209-241.jpg?resize=350%2C200&ssl=1 1x, https:\/\/i0.wp.com\/www.wallendorff.com\/belogue\/wp-content\/uploads\/2015\/04\/20141209-241.jpg?resize=525%2C300&ssl=1 1.5x, https:\/\/i0.wp.com\/www.wallendorff.com\/belogue\/wp-content\/uploads\/2015\/04\/20141209-241.jpg?resize=700%2C400&ssl=1 2x"},"classes":[]},{"id":54038,"url":"https:\/\/www.wallendorff.com\/belogue\/2022\/12\/31\/decembre-2022\/","url_meta":{"origin":45936,"position":2},"title":"D\u00e9cembre 2022","author":"dpc","date":"31 d\u00e9cembre 2022","format":false,"excerpt":"Un ap\u00e9ro, un soir, un m\u00e9tro, une montgolfi\u00e8re, une vitrine, un magasin, un passage, une ruelle, un anniversaire, une contrebasse, une pi\u00e8ce de th\u00e9\u00e2tre, un resto, un ap\u00e9ro, une avant-premi\u00e8re, un b\u00e9ret, une tour, une \u00e9picerie, une rue, un m\u00e9tro, une laverie, un RER, un plaid, un train, un chat\u2026","rel":"","context":"Dans &quot;Blog-note&quot;","block_context":{"text":"Blog-note","link":"https:\/\/www.wallendorff.com\/belogue\/category\/blog-note\/"},"img":{"alt_text":"","src":"https:\/\/i0.wp.com\/www.wallendorff.com\/belogue\/wp-content\/uploads\/2023\/01\/20230114-56.jpg?resize=350%2C200&ssl=1","width":350,"height":200,"srcset":"https:\/\/i0.wp.com\/www.wallendorff.com\/belogue\/wp-content\/uploads\/2023\/01\/20230114-56.jpg?resize=350%2C200&ssl=1 1x, https:\/\/i0.wp.com\/www.wallendorff.com\/belogue\/wp-content\/uploads\/2023\/01\/20230114-56.jpg?resize=525%2C300&ssl=1 1.5x, https:\/\/i0.wp.com\/www.wallendorff.com\/belogue\/wp-content\/uploads\/2023\/01\/20230114-56.jpg?resize=700%2C400&ssl=1 2x, https:\/\/i0.wp.com\/www.wallendorff.com\/belogue\/wp-content\/uploads\/2023\/01\/20230114-56.jpg?resize=1050%2C600&ssl=1 3x"},"classes":[]},{"id":40404,"url":"https:\/\/www.wallendorff.com\/belogue\/2018\/11\/09\/love-mitaines-dheures-love-mi-trous\/","url_meta":{"origin":45936,"position":3},"title":"Love mitaines d&rsquo;heures, love mi-trous.","author":"dpc","date":"9 novembre 2018","format":false,"excerpt":"Rue du Cardinal-Dubois, Paris, 22 ao\u00fbt 2018. Ils \u00e9taient pos\u00e9s comme \u00e7a quand je les ai vus de loin. Je me suis approch\u00e9 d'eux le plus discr\u00e8tement possible, ne m'arr\u00eatant qu'une seconde pour faire une premi\u00e8re photo pas tr\u00e8s bien cadr\u00e9e, au cas o\u00f9 ils bougeraient avant que j'eusse le\u2026","rel":"","context":"Dans &quot;DPC&quot;","block_context":{"text":"DPC","link":"https:\/\/www.wallendorff.com\/belogue\/category\/dpc\/"},"img":{"alt_text":"Rue du Cardinal-Dubois, Paris, 22 ao&ucirc;t 2018.","src":"https:\/\/i0.wp.com\/www.wallendorff.com\/belogue\/wp-content\/uploads\/2018\/11\/20181109.jpg?resize=350%2C200&ssl=1","width":350,"height":200,"srcset":"https:\/\/i0.wp.com\/www.wallendorff.com\/belogue\/wp-content\/uploads\/2018\/11\/20181109.jpg?resize=350%2C200&ssl=1 1x, https:\/\/i0.wp.com\/www.wallendorff.com\/belogue\/wp-content\/uploads\/2018\/11\/20181109.jpg?resize=525%2C300&ssl=1 1.5x, https:\/\/i0.wp.com\/www.wallendorff.com\/belogue\/wp-content\/uploads\/2018\/11\/20181109.jpg?resize=700%2C400&ssl=1 2x"},"classes":[]},{"id":21715,"url":"https:\/\/www.wallendorff.com\/belogue\/2013\/09\/30\/septembre-2013\/","url_meta":{"origin":45936,"position":4},"title":"Septembre 2013.","author":"dpc","date":"30 septembre 2013","format":false,"excerpt":"Un gros fil, des tentes, une expo, du graf, des poses longues, boire, des saucisses-momies, une gare, un graouilly, des b\u00e9rets, un mariage, un concert dans un fumoir, un concert dans une p\u00e9niche, boire, un lapin bourr\u00e9, un d\u00e9m\u00e9nagement, un concert dans un balcon, un grand retour, Cali (est super\u2026","rel":"","context":"Dans &quot;Blog-note&quot;","block_context":{"text":"Blog-note","link":"https:\/\/www.wallendorff.com\/belogue\/category\/blog-note\/"},"img":{"alt_text":"","src":"https:\/\/i0.wp.com\/www.wallendorff.com\/belogue\/wp-content\/uploads\/2015\/04\/20131003-241.jpg?resize=350%2C200&ssl=1","width":350,"height":200,"srcset":"https:\/\/i0.wp.com\/www.wallendorff.com\/belogue\/wp-content\/uploads\/2015\/04\/20131003-241.jpg?resize=350%2C200&ssl=1 1x, https:\/\/i0.wp.com\/www.wallendorff.com\/belogue\/wp-content\/uploads\/2015\/04\/20131003-241.jpg?resize=525%2C300&ssl=1 1.5x, https:\/\/i0.wp.com\/www.wallendorff.com\/belogue\/wp-content\/uploads\/2015\/04\/20131003-241.jpg?resize=700%2C400&ssl=1 2x"},"classes":[]},{"id":6798,"url":"https:\/\/www.wallendorff.com\/belogue\/2010\/02\/17\/le-petit-bonhomme-en-moufles\/","url_meta":{"origin":45936,"position":5},"title":"Le petit bonhomme en moufles.","author":"dpc","date":"17 f\u00e9vrier 2010","format":false,"excerpt":"Place Franz-Liszt, Paris, 9 janvier. Je sais, on lui voit mal les moufles. Je ne me rappelle la t\u00eate des gens qu'une fois que je les ai pris en photo. Tant que ce n'est pas fait, j'oublie leur visage \u2015\u00a0et leur nom aussi, d'ailleurs, pratique pour se d\u00e9velopper une vie\u2026","rel":"","context":"Dans &quot;DPC&quot;","block_context":{"text":"DPC","link":"https:\/\/www.wallendorff.com\/belogue\/category\/dpc\/"},"img":{"alt_text":"","src":"https:\/\/i0.wp.com\/www.wallendorff.com\/belogue\/wp-content\/uploads\/2015\/04\/201002171.jpg?resize=350%2C200&ssl=1","width":350,"height":200},"classes":[]}],"_links":{"self":[{"href":"https:\/\/www.wallendorff.com\/belogue\/wp-json\/wp\/v2\/posts\/45936","targetHints":{"allow":["GET"]}}],"collection":[{"href":"https:\/\/www.wallendorff.com\/belogue\/wp-json\/wp\/v2\/posts"}],"about":[{"href":"https:\/\/www.wallendorff.com\/belogue\/wp-json\/wp\/v2\/types\/post"}],"author":[{"embeddable":true,"href":"https:\/\/www.wallendorff.com\/belogue\/wp-json\/wp\/v2\/users\/1"}],"replies":[{"embeddable":true,"href":"https:\/\/www.wallendorff.com\/belogue\/wp-json\/wp\/v2\/comments?post=45936"}],"version-history":[{"count":1,"href":"https:\/\/www.wallendorff.com\/belogue\/wp-json\/wp\/v2\/posts\/45936\/revisions"}],"predecessor-version":[{"id":45938,"href":"https:\/\/www.wallendorff.com\/belogue\/wp-json\/wp\/v2\/posts\/45936\/revisions\/45938"}],"wp:featuredmedia":[{"embeddable":true,"href":"https:\/\/www.wallendorff.com\/belogue\/wp-json\/wp\/v2\/media\/45937"}],"wp:attachment":[{"href":"https:\/\/www.wallendorff.com\/belogue\/wp-json\/wp\/v2\/media?parent=45936"}],"wp:term":[{"taxonomy":"category","embeddable":true,"href":"https:\/\/www.wallendorff.com\/belogue\/wp-json\/wp\/v2\/categories?post=45936"},{"taxonomy":"post_tag","embeddable":true,"href":"https:\/\/www.wallendorff.com\/belogue\/wp-json\/wp\/v2\/tags?post=45936"}],"curies":[{"name":"wp","href":"https:\/\/api.w.org\/{rel}","templated":true}]}}