{"id":45932,"date":"2020-06-25T15:00:45","date_gmt":"2020-06-25T13:00:45","guid":{"rendered":"http:\/\/www.wallendorff.com\/belogue\/?p=45932"},"modified":"2020-06-25T15:00:45","modified_gmt":"2020-06-25T13:00:45","slug":"des-branches-des-branches-des-branches-tour","status":"publish","type":"post","link":"https:\/\/www.wallendorff.com\/belogue\/2020\/06\/25\/des-branches-des-branches-des-branches-tour\/","title":{"rendered":"Des branches, des branches, des branches, tour."},"content":{"rendered":"<div id=\"photo\">\n<p><img decoding=\"async\" src=\"https:\/\/www.wallendorff.com\/belogue\/wp-content\/uploads\/2020\/06\/20200625.jpg\"><br \/>\nRue Aza\u00efs, Paris, 14 mars 2020.<\/p>\n<\/div>\n<p style=\"text-align:right\">Alors effectivement hein, on ne vous la fait pas &agrave; vous, fid&egrave;les trois lecteurs et demi qui lisez ce journal &eacute;lectronique depuis 2004, <a href=\"https:\/\/www.wallendorff.com\/belogue\/2011\/02\/23\/pis-a-prismes-26\/\">je l&rsquo;ai d&eacute;j&agrave; faite<\/a>, cette photo, et m&ecirc;me <a href=\"https:\/\/www.wallendorff.com\/belogue\/2012\/03\/26\/pis-a-prismes-27-2\/\">refaite<\/a>, sauf que voyez-vous, premi&egrave;rement la derni&egrave;re date de 2012, et deuxi&egrave;mement il s&rsquo;agit moins ici de toujours prendre le m&ecirc;me c&eacute;l&egrave;bre monument parisien du m&ecirc;me point de vue avec &agrave; peu ou prou le m&ecirc;me cadrage que de donner une id&eacute;e de la mesure avec laquelle les frondaisons du square Nadar poussent et obstruent la vue pendant que, de son c&ocirc;t&eacute;, la tour Eiffel ne pousse plus depuis un gros si&egrave;cle.<\/p>\n<p style=\"text-align:right\">Comme quoi la nature finit toujours par avoir le dessus.<\/p>\n<p style=\"text-align:right\">[Mais &agrave; part &ccedil;a, rien.]<\/p>\n<div id=\"bandeson\">\n<p><img decoding=\"async\" src=\"https:\/\/www.wallendorff.com\/belogue\/photo\/pochettes\/b\/bon_iver-i_i.jpg\" align=\"left\"><a id=\"lienmp3\" style=\"font-weight: normal;\" href=\"https:\/\/www.youtube.com\/watch?v=HDAKS18Gv1U\"><em>Hay, Ma<\/em><\/a><br \/><a href=\"https:\/\/boniver.org\/\">Bon Iver<\/a><\/p>\n<\/div>\n","protected":false},"excerpt":{"rendered":"<p>Rue Aza\u00efs, Paris, 14 mars 2020. Alors effectivement hein, on ne vous la fait pas &agrave; vous, fid&egrave;les trois lecteurs et demi qui lisez ce journal &eacute;lectronique depuis 2004, je l&rsquo;ai d&eacute;j&agrave; faite, cette photo, et m&ecirc;me refaite, sauf que voyez-vous, premi&egrave;rement la derni&egrave;re date de 2012, et deuxi&egrave;mement il s&rsquo;agit moins ici de toujours&hellip;<\/p>\n","protected":false},"author":1,"featured_media":45933,"comment_status":"open","ping_status":"open","sticky":false,"template":"","format":"standard","meta":{"_acf_changed":false,"ngg_post_thumbnail":0,"jetpack_post_was_ever_published":false,"_jetpack_newsletter_access":"","_jetpack_dont_email_post_to_subs":false,"_jetpack_newsletter_tier_id":0,"_jetpack_memberships_contains_paywalled_content":false,"_jetpack_memberships_contains_paid_content":false,"footnotes":"","jetpack_publicize_message":"","jetpack_publicize_feature_enabled":true,"jetpack_social_post_already_shared":true,"jetpack_social_options":{"image_generator_settings":{"template":"highway","default_image_id":0,"font":"","enabled":false},"version":2}},"categories":[3],"tags":[10345,2399,10842,11022,10120,15878,15309,16386,10121,10142,10098,4708,10851,10236],"class_list":["post-45932","post","type-post","status-publish","format-standard","has-post-thumbnail","hentry","category-dpc","tag-arbre","tag-bon-iver","tag-branche","tag-coucher-de-soleil","tag-france","tag-fujifilm-x-t3","tag-fujinon-xf-16-55-mm-f-2-8-r-lm-wr","tag-hey-ma","tag-ile-de-france","tag-montmartre","tag-paris","tag-rue-azais","tag-tour","tag-tour-eiffel"],"acf":[],"geo":{"latitude":48.8859673,"longitude":2.3422134,"description":"Paris 18 Buttes-Montmartre, \u00cele-de-France, 75864 CEDEX 18, FR"},"jetpack_publicize_connections":[],"jetpack_featured_media_url":"https:\/\/www.wallendorff.com\/belogue\/wp-content\/uploads\/2020\/06\/20200625.jpg","jetpack_shortlink":"https:\/\/wp.me\/p3b35P-bWQ","jetpack_sharing_enabled":true,"jetpack-related-posts":[{"id":12338,"url":"https:\/\/www.wallendorff.com\/belogue\/2011\/02\/23\/pis-a-prismes-26\/","url_meta":{"origin":45932,"position":0},"title":"Pis \u00e0 prismes #26.","author":"dpc","date":"23 f\u00e9vrier 2011","format":false,"excerpt":"Rue Aza\u00efs, Paris, 29 janvier. \u00a0PJ Harvey \u2013 The Big Guns Called Me Back Again Sinon ce matin j'ai trouv\u00e9 \u00e7a sur la page R\u00e9seau-social-bien-connu d'une inestimable cons\u0153ur\u00a0: \u00ab\u00a0La classe en voiture | Pas la classe en voiture\u00a0\u00bb Alors oui on rit de cette pochette de Blood Pressures mais c'est\u2026","rel":"","context":"Dans &quot;Pis \u00e0 prismes&quot;","block_context":{"text":"Pis \u00e0 prismes","link":"https:\/\/www.wallendorff.com\/belogue\/category\/pis-a-prismes\/"},"img":{"alt_text":"","src":"https:\/\/i0.wp.com\/www.wallendorff.com\/belogue\/wp-content\/uploads\/2015\/04\/201102231.jpg?resize=350%2C200&ssl=1","width":350,"height":200,"srcset":"https:\/\/i0.wp.com\/www.wallendorff.com\/belogue\/wp-content\/uploads\/2015\/04\/201102231.jpg?resize=350%2C200&ssl=1 1x, https:\/\/i0.wp.com\/www.wallendorff.com\/belogue\/wp-content\/uploads\/2015\/04\/201102231.jpg?resize=525%2C300&ssl=1 1.5x"},"classes":[]},{"id":16538,"url":"https:\/\/www.wallendorff.com\/belogue\/2012\/03\/26\/pis-a-prismes-27-2\/","url_meta":{"origin":45932,"position":1},"title":"Pis \u00e0 prismes #27.","author":"dpc","date":"26 mars 2012","format":false,"excerpt":"Rue Aza\u00efs, Paris, 5 f\u00e9vrier. [Joyeux annive.] ...N'est rien de plus qu'une version diurne du num\u00e9ro 26, certes, \u00e0 part que si vous regardez bien, vous pouvez constater qu'en 1 an et 17 jours une grosse b\u00eate branche est venue pousser en plein milieu du champ, ce qui montre bien\u2026","rel":"","context":"Dans &quot;Pis \u00e0 prismes&quot;","block_context":{"text":"Pis \u00e0 prismes","link":"https:\/\/www.wallendorff.com\/belogue\/category\/pis-a-prismes\/"},"img":{"alt_text":"","src":"https:\/\/i0.wp.com\/www.wallendorff.com\/belogue\/wp-content\/uploads\/2015\/04\/201203261.jpg?resize=350%2C200&ssl=1","width":350,"height":200,"srcset":"https:\/\/i0.wp.com\/www.wallendorff.com\/belogue\/wp-content\/uploads\/2015\/04\/201203261.jpg?resize=350%2C200&ssl=1 1x, https:\/\/i0.wp.com\/www.wallendorff.com\/belogue\/wp-content\/uploads\/2015\/04\/201203261.jpg?resize=525%2C300&ssl=1 1.5x"},"classes":[]},{"id":128077,"url":"https:\/\/www.wallendorff.com\/belogue\/2024\/04\/30\/avril-2024\/","url_meta":{"origin":45932,"position":2},"title":"Avril 2024.","author":"dpc","date":"30 avril 2024","format":false,"excerpt":"Une \u00e9glise, un train, une fondue, une fen\u00eatre, une plage, un blockhaus, un ap\u00e9ro, un train, une plage, une terrasse, une maison, une jet\u00e9e, un phare, une c\u00f4te, un rocher, une tour, un r\u00e9cif, une urne, une halle, des toits, une grille, une vitrine en cours, une gare, un train,\u2026","rel":"","context":"Dans &quot;Blog-note&quot;","block_context":{"text":"Blog-note","link":"https:\/\/www.wallendorff.com\/belogue\/category\/blog-note\/"},"img":{"alt_text":"","src":"https:\/\/i0.wp.com\/www.wallendorff.com\/belogue\/wp-content\/uploads\/2024\/05\/20240523-70.jpg?resize=350%2C200&ssl=1","width":350,"height":200,"srcset":"https:\/\/i0.wp.com\/www.wallendorff.com\/belogue\/wp-content\/uploads\/2024\/05\/20240523-70.jpg?resize=350%2C200&ssl=1 1x, https:\/\/i0.wp.com\/www.wallendorff.com\/belogue\/wp-content\/uploads\/2024\/05\/20240523-70.jpg?resize=525%2C300&ssl=1 1.5x, https:\/\/i0.wp.com\/www.wallendorff.com\/belogue\/wp-content\/uploads\/2024\/05\/20240523-70.jpg?resize=700%2C400&ssl=1 2x, https:\/\/i0.wp.com\/www.wallendorff.com\/belogue\/wp-content\/uploads\/2024\/05\/20240523-70.jpg?resize=1050%2C600&ssl=1 3x"},"classes":[]},{"id":130583,"url":"https:\/\/www.wallendorff.com\/belogue\/2024\/08\/31\/aout-2024\/","url_meta":{"origin":45932,"position":3},"title":"Ao\u00fbt 2024.","author":"dpc","date":"31 ao\u00fbt 2024","format":false,"excerpt":"Un ap\u00e9ro, une grosse boule, une pose, un coucher de soleil, une longue attente pour rien, un orage, des anneaux, une fanezone, une course de v\u00e9locip\u00e8de, un h\u00e9ros c\u00e9l\u00e8bre, un coucher de soleil, une grosse boule, un bout d'ombre, un tas de planches, un drapeau, des phryges, une grosse boule,\u2026","rel":"","context":"Dans &quot;Blog-note&quot;","block_context":{"text":"Blog-note","link":"https:\/\/www.wallendorff.com\/belogue\/category\/blog-note\/"},"img":{"alt_text":"","src":"https:\/\/i0.wp.com\/www.wallendorff.com\/belogue\/wp-content\/uploads\/2024\/09\/20240916-31.jpg?resize=350%2C200&ssl=1","width":350,"height":200,"srcset":"https:\/\/i0.wp.com\/www.wallendorff.com\/belogue\/wp-content\/uploads\/2024\/09\/20240916-31.jpg?resize=350%2C200&ssl=1 1x, https:\/\/i0.wp.com\/www.wallendorff.com\/belogue\/wp-content\/uploads\/2024\/09\/20240916-31.jpg?resize=525%2C300&ssl=1 1.5x, https:\/\/i0.wp.com\/www.wallendorff.com\/belogue\/wp-content\/uploads\/2024\/09\/20240916-31.jpg?resize=700%2C400&ssl=1 2x, https:\/\/i0.wp.com\/www.wallendorff.com\/belogue\/wp-content\/uploads\/2024\/09\/20240916-31.jpg?resize=1050%2C600&ssl=1 3x"},"classes":[]},{"id":132422,"url":"https:\/\/www.wallendorff.com\/belogue\/2025\/06\/12\/jaunes-dombres\/","url_meta":{"origin":45932,"position":4},"title":"Jaunes d&rsquo;ombres.","author":"dpc","date":"12 juin 2025","format":false,"excerpt":"Tour Montparnasse, Paris, 18 avril 2024.Merci \u00e0 Lala mais pas \u00e0 Leffe\u00ae ni Twinuts\u00ae car j'ai sottement oubli\u00e9 de faire les commissions. Et \u00e0 part \u00e7a... Il y a vingt-et-un ans, les Pistons de D\u00e9troit \u00e9taient en finale NBA. Il y a vingt ans, les Pistons de D\u00e9troit \u00e9taient encore\u2026","rel":"","context":"Dans &quot;DPC&quot;","block_context":{"text":"DPC","link":"https:\/\/www.wallendorff.com\/belogue\/category\/dpc\/"},"img":{"alt_text":"","src":"https:\/\/i0.wp.com\/www.wallendorff.com\/belogue\/wp-content\/uploads\/2025\/06\/20250612-08.jpg?resize=350%2C200&ssl=1","width":350,"height":200,"srcset":"https:\/\/i0.wp.com\/www.wallendorff.com\/belogue\/wp-content\/uploads\/2025\/06\/20250612-08.jpg?resize=350%2C200&ssl=1 1x, https:\/\/i0.wp.com\/www.wallendorff.com\/belogue\/wp-content\/uploads\/2025\/06\/20250612-08.jpg?resize=525%2C300&ssl=1 1.5x, https:\/\/i0.wp.com\/www.wallendorff.com\/belogue\/wp-content\/uploads\/2025\/06\/20250612-08.jpg?resize=700%2C400&ssl=1 2x, https:\/\/i0.wp.com\/www.wallendorff.com\/belogue\/wp-content\/uploads\/2025\/06\/20250612-08.jpg?resize=1050%2C600&ssl=1 3x"},"classes":[]},{"id":124649,"url":"https:\/\/www.wallendorff.com\/belogue\/2023\/06\/12\/servus-wien-6\/","url_meta":{"origin":45932,"position":5},"title":"Servus Wien.","author":"dpc","date":"12 juin 2023","format":false,"excerpt":"[La galerie compl\u00e8te vient apr\u00e8s ce looooong texte traditionnel dont l'origine se perd dans les pr\u00e9mices de ce mill\u00e9naires.] Vienne, 14 \u2013 15 avril 2023. Can't Even Tell Soul Asylum Il y a dix-neuf ans, les Pistons de D\u00e9troit \u00e9taient en finale NBA. Il y a dix-huit ans, les Pistons\u2026","rel":"","context":"Dans &quot;DPC&quot;","block_context":{"text":"DPC","link":"https:\/\/www.wallendorff.com\/belogue\/category\/dpc\/"},"img":{"alt_text":"","src":"https:\/\/i0.wp.com\/www.wallendorff.com\/belogue\/wp-content\/uploads\/2023\/06\/20230612-09.jpg?resize=350%2C200&ssl=1","width":350,"height":200,"srcset":"https:\/\/i0.wp.com\/www.wallendorff.com\/belogue\/wp-content\/uploads\/2023\/06\/20230612-09.jpg?resize=350%2C200&ssl=1 1x, https:\/\/i0.wp.com\/www.wallendorff.com\/belogue\/wp-content\/uploads\/2023\/06\/20230612-09.jpg?resize=525%2C300&ssl=1 1.5x, https:\/\/i0.wp.com\/www.wallendorff.com\/belogue\/wp-content\/uploads\/2023\/06\/20230612-09.jpg?resize=700%2C400&ssl=1 2x, https:\/\/i0.wp.com\/www.wallendorff.com\/belogue\/wp-content\/uploads\/2023\/06\/20230612-09.jpg?resize=1050%2C600&ssl=1 3x"},"classes":[]}],"_links":{"self":[{"href":"https:\/\/www.wallendorff.com\/belogue\/wp-json\/wp\/v2\/posts\/45932","targetHints":{"allow":["GET"]}}],"collection":[{"href":"https:\/\/www.wallendorff.com\/belogue\/wp-json\/wp\/v2\/posts"}],"about":[{"href":"https:\/\/www.wallendorff.com\/belogue\/wp-json\/wp\/v2\/types\/post"}],"author":[{"embeddable":true,"href":"https:\/\/www.wallendorff.com\/belogue\/wp-json\/wp\/v2\/users\/1"}],"replies":[{"embeddable":true,"href":"https:\/\/www.wallendorff.com\/belogue\/wp-json\/wp\/v2\/comments?post=45932"}],"version-history":[{"count":1,"href":"https:\/\/www.wallendorff.com\/belogue\/wp-json\/wp\/v2\/posts\/45932\/revisions"}],"predecessor-version":[{"id":45934,"href":"https:\/\/www.wallendorff.com\/belogue\/wp-json\/wp\/v2\/posts\/45932\/revisions\/45934"}],"wp:featuredmedia":[{"embeddable":true,"href":"https:\/\/www.wallendorff.com\/belogue\/wp-json\/wp\/v2\/media\/45933"}],"wp:attachment":[{"href":"https:\/\/www.wallendorff.com\/belogue\/wp-json\/wp\/v2\/media?parent=45932"}],"wp:term":[{"taxonomy":"category","embeddable":true,"href":"https:\/\/www.wallendorff.com\/belogue\/wp-json\/wp\/v2\/categories?post=45932"},{"taxonomy":"post_tag","embeddable":true,"href":"https:\/\/www.wallendorff.com\/belogue\/wp-json\/wp\/v2\/tags?post=45932"}],"curies":[{"name":"wp","href":"https:\/\/api.w.org\/{rel}","templated":true}]}}