{"id":45808,"date":"2020-06-12T12:55:25","date_gmt":"2020-06-12T10:55:25","guid":{"rendered":"http:\/\/www.wallendorff.com\/belogue\/?p=45808"},"modified":"2020-06-12T12:56:38","modified_gmt":"2020-06-12T10:56:38","slug":"ma-soeur-masseuse-massure-ma-suze","status":"publish","type":"post","link":"https:\/\/www.wallendorff.com\/belogue\/2020\/06\/12\/ma-soeur-masseuse-massure-ma-suze\/","title":{"rendered":"Ma s\u0153ur masseuse [m&rsquo;assure ma Suze]."},"content":{"rendered":"\n<div id=\"photo\">\n<p><img decoding=\"async\" src=\"https:\/\/www.wallendorff.com\/belogue\/wp-content\/uploads\/2020\/06\/20200612.jpg\"><br \/>\n    Voie Georges-Pompidou, 10 mars 2020.<\/p>\n<\/div>\n<div id=\"bandeson\">\n<p><img decoding=\"async\" src=\"https:\/\/www.wallendorff.com\/belogue\/photo\/pochettes\/c\/clerks-ost.jpg\" align=\"left\"><a id=\"lienmp3\" style=\"font-weight: normal;\" href=\"http:\/\/www.youtube.com\/watch?v=jrW8uTRDjkA\"><em>Can&rsquo;t Even Tell<\/em><\/a><br \/>\n  <a href=\"http:\/\/www.soulasylum.com\/\">Soul Asylum<\/a><\/p>\n<\/div>\n<p style=\"text-align: left;\">Il y a seize ans, les Pistons de D\u00e9troit \u00e9taient en finale NBA.<\/p>\n<p style=\"text-align: right;\"><a href=\"https:\/\/www.wallendorff.com\/belogue\/2005\/06\/13\/youve-gone-way-too-far-by-now-to-turn-around\/\">Il y a quinze ans<\/a>, les Pistons de D\u00e9troit \u00e9taient encore en finale NBA.<\/p>\n<p style=\"text-align: left;\"><a href=\"https:\/\/www.wallendorff.com\/belogue\/2006\/06\/12\/l-emu-rond-des-zoos-raye\/\">Il y a quatorze ans<\/a>, les Pistons de D\u00e9troit \u00e9taient en vacances apr\u00e8s s&rsquo;\u00eatre fait vider comme des nases en sept manches de finale de conf\u00e9rence par Miami<em>.<\/em><\/p>\n<p style=\"text-align: right;\"><a href=\"https:\/\/www.wallendorff.com\/belogue\/2007\/06\/12\/trois\/\">Il y a treize ans<\/a>, les Pistons de D\u00e9troit \u00e9taient toujours en vacances, cette fois-ci gr\u00e2ce \u00e0 Cleveland.<\/p>\n<p style=\"text-align: left;\"><a href=\"https:\/\/www.wallendorff.com\/belogue\/2008\/06\/12\/le-pied-o-la-vieille-m-oint-cher\/\">Il y a douze ans<\/a>, j&rsquo;en avais marre de ressasser chaque ann\u00e9e des histoires de basket, ce sport de nase, tout \u00e7a \u00e0 cause de la <a href=\"http:\/\/en.wikipedia.org\/wiki\/2004%E2%80%9305_NHL_lockout\">gr\u00e8ve de 2004<\/a> qui m&rsquo;avait forc\u00e9 \u00e0 causer d\u00e8s l&rsquo;origine de basket, ce sport de nase, plut\u00f4t que de hockey sur glace, qui est un VRAI sport. Cette ann\u00e9e-l\u00e0, donc, les Red Wings de D\u00e9troit emport\u00e8rent le championnat et tout le monde fut content, sauf moi<sup>1<\/sup>.<\/p>\n<p style=\"text-align: right;\"><a href=\"https:\/\/www.wallendorff.com\/belogue\/2009\/06\/12\/me-nuisant-plus-bele-que-vaux-je-hourds\/\">Il y a onze ans<\/a>, j&rsquo;\u00e9tais persuad\u00e9 que D\u00e9troit allait redevenir champion en regagnant contre rePittsburgh puisque le septi\u00e8me match de la finale, c&rsquo;\u00e9tait le soir-m\u00eame et que sur les 14 fois pr\u00e9c\u00e9dentes o\u00f9 la coupe s&rsquo;\u00e9tait jou\u00e9e en sept manches, l&rsquo;\u00e9quipe qui accueillait avait gagn\u00e9 12 fois. Je pensais que c&rsquo;\u00e9tait pas plus mal, parce que \u00e7a allait donner au moins un truc \u00e0 f\u00eater dans le Michigan cette ann\u00e9e-l\u00e0. Manque de pot, Pittsburgh gagna 2-1, ce qui prouva bien que dans la vie, rien n&rsquo;est gagn\u00e9 d&rsquo;avance.<\/p>\n<p style=\"text-align: left;\"><a href=\"https:\/\/www.wallendorff.com\/belogue\/2010\/06\/12\/six\/\">Il y a dix ans<\/a>, D\u00e9troit s&rsquo;\u00e9tait fait \u00e9liminer par San Jose en demi-finale de conf\u00e9rence, Chicago avait remport\u00e9 le championnat pour la premi\u00e8re fois depuis 1961 et se rebaptisait Hawkeytown pour faire la nique au Hockeytown de D\u00e9troit, ce que je trouvais fort dr\u00f4le car j&rsquo;ai toujours pr\u00e9f\u00e9r\u00e9 Chicago \u00e0 D\u00e9troit.<\/p>\n<p style=\"text-align: right;\"><a href=\"https:\/\/www.wallendorff.com\/belogue\/2011\/06\/12\/direction-linfini\/\">Il y a neuf ans<\/a>, D\u00e9troit s&rsquo;\u00e9tait encore fait \u00e9liminer par San Jose en demi-finale de conf\u00e9rence alors que Chicago s&rsquo;\u00e9tait injustement fait sortir par Vancouver d\u00e8s les quarts de finale de conf\u00e9rence en prolongation apr\u00e8s avoir remont\u00e9 un d\u00e9ficit de 3 matchs et impos\u00e9 une 7<sup>e<\/sup> manche. Du coup c&rsquo;\u00e9tait Vancouver qui allait gagner. Ou Boston. Oui, finalement c&rsquo;\u00e9tait Boston.<\/p>\n<p style=\"text-align: left;\"><a href=\"https:\/\/www.wallendorff.com\/belogue\/2012\/06\/12\/o-verts-oeufs-ils-effarent-rouets\/\">Il y a huit ans<\/a>, Nashville, non content d&rsquo;avoir piqu\u00e9 Jack White et ses potes \u00e0 D\u00e9troit, en avait profit\u00e9 pour \u00e9galement les \u00e9liminer au premier tour, pendant que Chicago se faisait sortir par Phoenix d\u00e8s le premier tour aussi. Pas de jaloux cette ann\u00e9e-l\u00e0, donc, et Los Angeles avait pu en profiter pour niquer tout le monde en se qualifiant \u00e0 l&rsquo;arrache pour les s\u00e9ries avant de d\u00e9gager sans mal et dans l&rsquo;ordre le 1<sup>er<\/sup>, le 2<sup>e<\/sup> puis le 3<sup>e<\/sup> de la conf\u00e9rence et finalement <a href=\"http:\/\/www.nhl.com\/ice\/recap.htm?id=2011030416\">New Jersey cette nuit-l\u00e0-m\u00eame<\/a> pour gagner le premier championnat de leur histoire et oublier leur finale perdue en 1993 contre les tra\u00eetres et les faux-jetons.<\/p>\n<p style=\"text-align: right;\"><a href=\"https:\/\/www.wallendorff.com\/belogue\/2013\/06\/12\/into-the-wide-9\/\">Il y a sept ans<\/a>, D\u00e9troit et Chicago se rencontraient en demi-finale de conf\u00e9rence pour la derni\u00e8re fois et c&rsquo;\u00e9tait Chicago qui avait gagn\u00e9 de justesse en 7 matches apr\u00e8s avoir \u00e9t\u00e9 men\u00e9s 3 victoires \u00e0 1. D\u00e9troit se retrouvait donc en vacances pendant que Chicago entamait sa finale du championnat ce m\u00eame soir contre Boston \u2014&nbsp;et s&rsquo;appr\u00eatait \u00e0 remporter un 2<sup>e<\/sup> titre en 3 ans, donc, mais \u00e7a nous ne le s\u00fbmes que plus tard&nbsp;\u2014, ce qui promettait une fatigante semaine.<\/p>\n<p style=\"text-align: left;\"><a href=\"https:\/\/www.wallendorff.com\/belogue\/2014\/06\/12\/dix-ans\/\">Il y a six ans<\/a>, D\u00e9troit \u00e9tait en vacances depuis un bon mois apr\u00e8s s&rsquo;\u00eatre fait \u00e9liminer d\u00e8s le premier tour par Boston et Chicago avait injustement perdu en prolongation du 7<sup>e<\/sup> match de la finale de conf\u00e9rence face \u00e0 Los Angeles, une bande de p\u00e2les types qui, \u00e0 l&rsquo;heure qu&rsquo;il \u00e9tait, \u00e9tait en train de remporter la finale face \u00e0 New York, quoique ayant perdu le 4<sup>e<\/sup> match cette nuit-l\u00e0.<\/p>\n<p style=\"text-align: right;\"><a href=\"https:\/\/www.wallendorff.com\/belogue\/2015\/06\/12\/commercent-et-quittent-tables\/\">Il y a cinq ans<\/a>, D\u00e9troit se faisait vider d\u00e8s le premier tour en sept manches par Tampa Bay, qui s&rsquo;\u00e9tait ainsi fray\u00e9 un chemin jusqu&rsquo;en finale contre Chicago, o\u00f9 l&rsquo;on en \u00e9tait \u00e0 2 victoires partout dans une s\u00e9rie tr\u00e8s tr\u00e8s stressante, et je n&rsquo;avais pas vu de rasoir depuis plus de deux mois, ce qui commen\u00e7ait \u00e0 gratter. Chicago l&#8217;emporta 4 victoires \u00e0 2 et tout le monde fut content, surtout moi qui put me raser en chantant.<\/p>\n<p style=\"text-align: left;\"><a href=\"https:\/\/www.wallendorff.com\/belogue\/2016\/06\/12\/into-the-wide-67\/\">Il y a quatre ans<\/a>, D\u00e9troit et Chicago s&rsquo;\u00e9taient tous fait toquer d\u00e8s le premier tour 2 mois auparavant, respectivement contre Tampa Bay et Saint-Louis, donc pas de jaloux, et j&rsquo;attendais que Pittsburgh batt\u00eet San Jose en finale 4 victoires \u00e0 2 en caressant mes belles joues glabres.<\/p>\n<p style=\"text-align: right;\">Il y a <a href=\"https:\/\/www.wallendorff.com\/belogue\/2017\/06\/12\/le-retour-du-jet-deau\/\">trois ans<\/a>, D\u00e9troit ne s&rsquo;&eacute;tait m\u00eame pas qualifi\u00e9 pour les \u00e9liminatoires, ce qui n&rsquo;\u00e9tait pas arriv\u00e9 depuis 25 ans, et Chicago avait d\u00e9gag\u00e9 d\u00e8s le premier tour face \u00e0 des faquins nashvillois que Pittsburgh venait de battre cette nuit-l&agrave; m&ecirc;me pour remporter un deuxi\u00e8me titre cons\u00e9cutif.<\/p>\n<p style=\"text-align: right;\" >Il y a <a href=\"https:\/\/www.wallendorff.com\/belogue\/2018\/06\/12\/54-51-39416-n-9-13-2402-e\/\">deux ans<\/a>, ni D&eacute;troit, ni Chicago ne s&rsquo;\u00e9taient qualifi&eacute;s pour les &eacute;liminatoires, ce qui n&rsquo;&eacute;tait arriv&eacute; qu&rsquo;une fois dans l&rsquo;histoire du monde, en 68&ndash;69. Cela avait donn&eacute; des &eacute;liminatoires tartes remport&eacute;s par une &eacute;quipe de Washington tarte contre une &eacute;quipe de Vegas un peu moins tarte puisqu&rsquo;ayant battu le record tous sports &eacute;tasuniens confondus de la meilleure premi&egrave;re saison de l&rsquo;histoire (et ce, malgr&eacute; leur logo tarte).<\/p>\n<p><a href=\"https:\/\/www.wallendorff.com\/belogue\/2019\/06\/12\/faire-tache-dile\/\">Il y a un an<\/a>, D\u00e9troit et Chicago ne s&rsquo;\u00e9tait pas qualifi\u00e9s non plus, ce qui avait encore donn\u00e9 des \u00e9liminatoires tartes o\u00f9 les vainqueurs des deux conf\u00e9rences s&rsquo;\u00e9taient fait vider comme des bouses d\u00e8s le premier tour, ce qui n&rsquo;\u00e9tait jamais arriv\u00e9, et une finale pas tr\u00e8s int\u00e9ressante entre Boston et Saint-Louis qui se closit ce soir-l\u00e0 lors du 7<sup>e<\/sup> match, qui eu lieu \u00e0 Boston et qui, d&rsquo;apr\u00e8s les statistiques, aurait d\u00fb voir Boston gagner cette ann\u00e9e encore sauf que non, ce fut Saint-Louis.<\/p>\n<p><em>Aujourd&rsquo;hui, D\u00e9troit et Chicago ne se sont toujours pas qualifi\u00e9s non plus sauf que, le Covid passant par l\u00e0, les \u00e9liminatoires auront lieu \u00e0 partir du 10 juillet avec une \u00e9quipe de Chicago rep\u00each\u00e9e.<\/em><\/p>\n<p>&nbsp;<\/p>\n<p style=\"text-align: left;\">Il y a seize ans, je d\u00e9jeunais avec des cookies Pepperidge Farm<sup>&#x2122;<\/sup> au milieu d&rsquo;un bureau quelque part \u00e0 Pontiac.<\/p>\n<p style=\"text-align: right;\">Il y a quinze ans, je d\u00e9jeunais avec des cookies Hello<sup>\u00ae<\/sup> de Lu<sup>&#x2122;<\/sup> au milieu d&rsquo;un bureau quelque part \u00e0 \u00c9vry.<\/p>\n<p style=\"text-align: left;\">Il y a quatorze ans, je d\u00e9jeunais avec des Prince<sup>&#x2122;<\/sup> chocolat au milieu d&rsquo;un bureau quelque part \u00e0 Clamart parce qu&rsquo;on \u00e9tait lundi.<\/p>\n<p style=\"text-align: right;\">Il y a treize ans, je d\u00e9jeunais avec un Panier<sup>\u00ae<\/sup> de Yoplait<sup>&#x2122;<\/sup> au milieu de toujours le m\u00eame patin de bureau. Je me s\u00e9dentarisais un peu trop, l\u00e0.<\/p>\n<p style=\"text-align: left;\">Il y a douze ans, je d\u00e9jeunais avec des tartines beurr\u00e9es au milieu d&rsquo;encore le m\u00eame !@#$ de bureau, au secours quelqu&rsquo;un, mais personne ne vint.<\/p>\n<p style=\"text-align: right;\">Il y a onze ans, je d\u00e9jeunais tard avec un sandwich au milieu d&rsquo;un bureau dont je n&rsquo;osai m\u00eame pas avouer l&#8217;emplacement.<\/p>\n<p style=\"text-align: left;\">Il y a dix ans, je d\u00e9jeunais avec un caf\u00e9 au milieu d&rsquo;un endroit qui n&rsquo;\u00e9tait pas un bureau, parce que c&rsquo;\u00e9tait samedi.<\/p>\n<p style=\"text-align: right;\">Il y a neuf ans, je d\u00e9jeunais avec un autre caf\u00e9 au milieu du m\u00eame endroit qui n&rsquo;\u00e9tait pas un bureau, parce que c&rsquo;\u00e9tait dimanche.<\/p>\n<p style=\"text-align: left;\">Il y a huit ans, je d\u00e9jeunais avec des cookies Pepperidge Farm<sup>&#x2122;<\/sup> Sausalito<sup>\u00ae<\/sup> (qui sont pas les meilleurs Pepperidge Farm<sup>&#x2122;<\/sup> mais il ne me restait que \u00e7a) au milieu d&rsquo;un bureau quelque part dans le XIII<sup>e<\/sup> arrondissement de Paris.<\/p>\n<p style=\"text-align: right;\">Il y a sept ans, je d\u00e9jeunais avec un croissant et une pomme, parce que, comme le dit le dicton, \u00ab&nbsp;une pomme chaque matin \u00e9vince le m\u00e9decin&nbsp;\u00bb, au milieu du m\u00eame bureau quelque part dans le XIII<sup>e<\/sup> arrondissement de Paris.<\/p>\n<p style=\"text-align: left;\">Il y a six ans, je d\u00e9jeunais avec des couquies Pepperidge Farm<sup>&#x2122;<\/sup> aux grosses grosse p\u00e9pites de chocolat \u2014&nbsp;les verts&nbsp;\u2014, qui sont de loin les meilleurs couquies Pepperidge Farm<sup>&#x2122;<\/sup> de tout l&rsquo;ouest du Pecos, pour la derni\u00e8re fois dans le m\u00eame bureau quelque part dans le XIII<sup>e<\/sup> arrondissement de Paris.<\/p>\n<p style=\"text-align: right;\">Il y a cinq ans, je d\u00e9jeunais avec un croissant aux amandes assez roboratif pour me tenir la journ\u00e9e, dans un bureau d&rsquo;un 9<sup>e<\/sup> \u00e9tage du XIII<sup>e<\/sup> arrondissement de Paris.<\/p>\n<p style=\"text-align: left;\">Il y a quatre ans, je ne d\u00e9jeunais pas encore, car c&rsquo;\u00e9tait dimanche et que le dimanche, on d\u00e9jeune tard.<\/p>\n<p style=\"text-align: right;\">Il y a trois ans, je d&eacute;jeunais avec trois <em>Petit \u00e9colier<\/em> \u2013&nbsp;et non pas trois petits \u00e9coliers&nbsp;\u2013 parce qu&rsquo;il ne me restait que \u00e7a, dans un bureau d&rsquo;un 9<sup>e<\/sup> \u00e9tage du XIII<sup>e<\/sup> arrondissement de Paris<em>.<\/em><\/p>\n<p style=\"text-align: left;\">Il y a deux ans, je d&eacute;jeunais avec une viennoiserie pleine de cr&egrave;me anglaise attrap&eacute;e au vol et aval&eacute;e dans la ligne 12 du M&eacute;tropolitain de Paris.<\/p>\n<p style=\"text-align: right;\">Il y a un an, je d\u00e9jeunais pour la derni\u00e8re fois dans un bureau quelque part \u00e0 Clamart avec un snack Manner<sup>&#x2122;<\/sup> chocolat&nbsp;\u2013 coco.<\/p>\n<p style=\"text-align: left;\"><em>Aujourd&rsquo;hui, je d\u00e9jeune avec un croissant dans un bureau quelque part \u00e0 Suresnes.<\/em><\/p>\n<p>&nbsp;<\/p>\n<p>&nbsp;<\/p>\n<p style=\"text-align: left;\">Il y a seize ans, j&rsquo;allais voir Franz Ferdinand au Majestic Theater de D\u00e9troit.<\/p>\n<p style=\"text-align: right;\">Il y a quinze ans, j&rsquo;allais voir Ghinzu \u00e0 l&rsquo;Olympia de Paris.<\/p>\n<p style=\"text-align: left;\">Il y a quatorze ans, j&rsquo;allais voir si j&rsquo;allais voir Guillemots \u00e0 la Boule Noire de Paris ce soir-l\u00e0 ou bien, pour ne finalement pas y aller.<\/p>\n<p style=\"text-align: right;\">Il y a treize ans et un jour, les White Stripes au Z\u00e9nith de Paris. Les deux jours suivants, Mademoiselle K \u00e0 l&rsquo;\u00c9lys\u00e9e-Montmartre de Paris puis au Trabendo de Paris. Y&rsquo;avait pas \u00e0 dire, on n&rsquo;avait pas des vies faciles. Et je passais beaucoup trop de temps \u00e0 Paris.<\/p>\n<p style=\"text-align: left;\">Il y a douze ans, j&rsquo;allais voir Supergrass \u00e0 l&rsquo;\u00c9lys\u00e9e-Montmartre de Paris, qui comme son nom l&rsquo;indiquait, \u00e9tait toujours \u00e0 Paris, donc moi aussi.<\/p>\n<p style=\"text-align: right;\">Il y a onze ans, j&rsquo;allais peut-\u00eatre voir Elmer Food Beat toujours dans le m\u00eame \u00c9lys\u00e9e-Montmartre de Paris, parce qu&rsquo;un photographe de rock et de roll a rat\u00e9 sa vie si, \u00e0 50 ans, il n&rsquo;a jamais photographi\u00e9 de chanteur bedonnant en zlip kangourou. Et j&rsquo;y allai. Ma vie fut sauv\u00e9e ce soir-l\u00e0.<\/p>\n<p style=\"text-align: left;\">Il y a dix ans, apr\u00e8s \u00eatre all\u00e9 la veille au Stade de France de Saint-Denis, juste \u00e0 c\u00f4t\u00e9 de Paris, avec plein de gens, voir Muse se produire, je r\u00e9allais le resoir-m\u00eame au reStade de France de reSaint-Denis, rejuste \u00e0 c\u00f4t\u00e9 de reParis, avec replein de gens, pour revoir reMuse se reproduire. Oh mon dieu. C&rsquo;\u00e9tait un pi\u00e8ge.<\/p>\n<p style=\"text-align: right;\">Il y a neuf ans, je n&rsquo;allais rien voir du tout dans aucune salle de Paris car on ne peut pas vivre des trucs int\u00e9ressants tous les ans non plus.<\/p>\n<p style=\"text-align: left;\">Il y a huit ans, je n&rsquo;allais rien voir non plus dans aucune salle de Paris non plus, mais seulement parce que je le voulais bien ou bien.<\/p>\n<p style=\"text-align: right;\">Il y a sept ans, je n&rsquo;allais voir encore-non-plus parce que va savoir pourquoi.<\/p>\n<p style=\"text-align: left;\">Il y a six ans, j&rsquo;allais voir Tom Vek \u00e0 la Fl\u00e8che d&rsquo;Or de Paris.<\/p>\n<p style=\"text-align: right;\">Il y a cinq ans, je n&rsquo;allais rien voir non plus parce qu&rsquo;il y avait bar et qu&rsquo;on ne peut pas \u00eatre au mour et au foulin.<\/p>\n<p style=\"text-align: left;\">Il y a quatre ans, j&rsquo;allais voir la troisi\u00e8me journ\u00e9e du T\u00e9l\u00e9chargement Festival au chevalodrome de Longchamp de Paris pour voir des m\u00e9talleux, boire des bi\u00e8res et manger des Monster Munch<sup>\u00ae<\/sup> gratuits.<\/p>\n<p style=\"text-align: right;\">Il y a trois ans, je n&rsquo;allais rien voir du tout car je revenais fort justement du T\u00e9l\u00e9chargement Festival qui avait eu lieu sur l&rsquo;avionodrome de Br\u00e9tigny-sur-Orge, un patelin situ\u00e9 loin loin l\u00e0-bas en banlieue, o\u00f9 j&rsquo;avais pu voir des m\u00e9talleux, boire des bi\u00e8res et ne pas manger de Monster Munch<sup>\u00ae<\/sup> gratuits, comme quoi tout se perdait.<\/p>\n<p  style=\"text-align: left;\">Il y a deux ans, je n&rsquo;allais rien voir du tout non plus car le T&eacute;l&eacute;chargement Festival tombait cette ann&eacute;e-l\u00e0 le 15 juin, et non le 8 comme je l&rsquo;avait cru toute l&rsquo;ann&eacute;e durant.<\/p>\n<p  style=\"text-align: right;\">Il y a un an, je n&rsquo;allai rien voir non plus car j&rsquo;avais \u00e0 nouveau bar, comme quoi l&rsquo;histoire se r\u00e9p\u00e8te inlassablement.<\/p>\n<p  style=\"text-align: left;\"><em>Aujourd&rsquo;hui, je n&rsquo;ai pas mis les pieds dans une salle de concert depuis 3 mois pour d&rsquo;\u00e9videntes raison d&rsquo;\u00e9pid\u00e9mie de grippe-zombie et je me demande si \u00e7a m&rsquo;arrivera \u00e0 nouveau un jour, le regarde embu\u00e9 de larmes.<\/em><\/p>\n<p>&nbsp;<\/p>\n<p>&nbsp;<\/p>\n<p style=\"text-align: left;\">Il y a seize ans, je m&rsquo;\u00e9veillais le matin au doux son de <em>Bonjour Le Monde&nbsp;!<\/em>, sur CBEF Windsor, avec Charles L\u00e9vesque et Maryse Tourette, dans ma voiture lanc\u00e9e \u00e0 vive lenteur sur Orchard Lake Road.<\/p>\n<p style=\"text-align: right;\">Il y a quinze ans, je m&rsquo;\u00e9veillais au doux son de Marylin Manson, dans mon RER D lanc\u00e9 \u00e0 vive lenteur sur RER D Trail.<\/p>\n<p style=\"text-align: left;\">Il y a treize ans, je m&rsquo;\u00e9veillais au doux son de Wayne Coyne introduisant son acoustique de <em>Thank You Jack White (For the Fiber-Optic Jesus That You Gave Me)<\/em><sup>2<\/sup> par \u00ab\u00a0Always read the instructions before plugging in a gift from Jack White.\u00a0\u00bb<\/p>\n<p style=\"text-align: right;\">Il y a treize ans, je m&rsquo;\u00e9veillais doucement au doux son de <em>Que de la radio<\/em> sur <a href=\"http:\/\/www.couleur3.ch\" target=\"_blank\" rel=\"noopener noreferrer\">la 3<\/a>, en b\u00e9nissant une fois de plus le ciel pour avoir invent\u00e9 la Suisse.<\/p>\n<p style=\"text-align: left;\">Il y a douze ans, je m&rsquo;\u00e9veillais doucement au doux son de la douce voix d&rsquo;\u00c9milie Gasc-Milesi visitant le mus\u00e9e d&rsquo;ethnographie de J&rsquo;n\u00e8ve, avant d&rsquo;envoyer Beck chanter <em>Cellphone&rsquo;s Dead<\/em>, un titre pas entendu depuis pfioulala-\u00e7a-nous-rajeunissait-pas, toujours dans <em>Que de la radio<\/em> et toujours sur la <a href=\"http:\/\/www.couleur3.ch\">3<\/a>, c&rsquo;\u00e9tait dingue.<\/p>\n<p style=\"text-align: right;\">Il y a onze ans, je ne m&rsquo;\u00e9veillais plus car il \u00e9tait tard, mais au son de toujours-la-m\u00eame-<a href=\"http:\/\/www.couleur3.ch\">3<\/a> qui passait une version jazzy \u00e0 la guitare de <em>Pump Up the Jam<\/em>, reprise par The Lost Fingers, qui sonnait super bizarre, je me demandai subitement si je m&rsquo;\u00e9tais vraiment \u00e9veill\u00e9 ce matin.<\/p>\n<p style=\"text-align: left;\">Il y a dix ans, je m&rsquo;\u00e9veillais au doux son de la rediff&rsquo; de la <a href=\"http:\/\/www.rsr.ch\/#\/couleur3\/programmes\/2-0-en-cabine\/?date=11-06-2010\">premi\u00e8re de <em>2-0 en cabine<\/em><\/a>, la principale attraction de la coupe du monde de foute qu&rsquo;<a href=\"http:\/\/www.facebook.com\/cabineC3\">on \u00e9tait tous fans<\/a> et que je n&rsquo;avais pas pu \u00e9couter la veille pour cause de Muse. Ignacio Chollet, \u00e9pouse-moi.<\/p>\n<p>Il y a neuf ans, je m&rsquo;\u00e9veillais au doux son d&rsquo;<em><a href=\"http:\/\/www.rsr.ch\/#\/couleur3\/programmes\/au-milieu-du-village-dominical\/?date=12-06-2011\">Au milieu du village, promenade dominicale<\/a><\/em>, la compilation hebdomadaire du monument de bon go\u00fbt et de sociologie qu&rsquo;\u00e9tait <em><a href=\"http:\/\/www.rsr.ch\/#\/couleur3\/programmes\/au-milieu-du-village\/2276086-au-milieu-du-village.html\">Au milieu du village<\/a><\/em>, ce qui montrait bien que je change rarement de cr\u00e8merie radiophonique.<\/p>\n<p style=\"text-align: left;\">Il y a huit ans, je m&rsquo;\u00e9veillais au doux son de <em>Plata O Plomo<\/em> de Soulfly dans <em>Que de la radio<\/em>, sur la <a href=\"http:\/\/www.couleur3.ch\">3<\/a> et ce pour la derni\u00e8re ann\u00e9e, vu que le Dujany se cassait \u00e0 la fin de la saison pour aller voir ailleurs s&rsquo;il y \u00e9tait, mais seulement apr\u00e8s qu&rsquo;il eut finit d&rsquo;imiter Max Cavalera dans le poste.<\/p>\n<p>Il y a sept ans, je m&rsquo;\u00e9veillais <a href=\"http:\/\/www.rts.ch\/couleur3\/programmes\/audioguide\/4940742-famous-nightclubs-3-4.html\">au doux son du <em>Ghost Rider<\/em> de Suicide qui closait l&rsquo;\u00e9pisode sur le CBGB de la semaine sp\u00e9ciale <em>Famous Nightclubs<\/em> d&rsquo;<em>Audioguide<\/em> dans <em>le Bronx<\/em> sur devine-un-peu-quelle-radio<em>.<\/em><\/a><\/p>\n<p style=\"text-align: left;\">Il y a six ans, je m&rsquo;\u00e9veillais au doux son d&rsquo;<a href=\"http:\/\/www.rts.ch\/couleur3\/programmes\/tartare\/5888110-tartare-12-06-2014.html?f=player\/popup&amp;date=12-06-2014\">Anselme, l&rsquo;invit\u00e9 tr\u00e8s tr\u00e8s na\u00eff qui ressemblait \u00e0 une pizza dig\u00e9r\u00e9e parce qu&rsquo;il mettait des tonnes d&rsquo;Axe<sup>\u00ae<\/sup> pour attirer les filles et qui mourrait b\u00eatement en sautant par la fen\u00eatre parce qu&rsquo;il venait de boire un Redbull<sup>\u00ae<\/sup> de <em>Tartare<\/em><\/a>, la chronique d\u00e9bile de dans <em>One-Two<\/em> l&rsquo;\u00e9mission du matin sur \u00e9videmment-toujours-la-m\u00eame-radio, une \u00e9mission dr\u00f4le qui s&rsquo;arr\u00eatait le lendemain parce que la grille d&rsquo;\u00e9t\u00e9 commen\u00e7ait d\u00e8s le lundi et pas au moment des Eurock\u00e9ennes comme chaque ann\u00e9e, ce qui me perturbait beaucoup cette phrase est tr\u00e8s longue.<\/p>\n<p>Il y a cinq ans, je m&rsquo;\u00e9veillais au doux son de la spiquerine de <a href=\"http:\/\/www.rts.ch\/couleur3\/programmes\/one-two\/6821250-one-two-12-06-2015.html?f=player\/popup&amp;date=12-06-2015\"><em>One-Two<\/em> (son \u00e0 1&nbsp;h 20&nbsp;min 22&nbsp;s dans le fichier)<\/a> sur c&rsquo;est-m\u00eame-plus-la-peine-de-dire-quelle-radio, qui \u00e9tait en train de danser la <em>Carioca<\/em> avec un Doquin de Saint-Preux qui chantait tr\u00e8s, mais alors tr\u00e8s tr\u00e8s mal.<\/p>\n<p style=\"text-align: left;\">Il y a quatre ans, je m&rsquo;\u00e9veillais au doux sons des <em><a href=\"http:\/\/www.rtbf.be\/classic21\/emissions_les-classiques?programId=732&amp;emissionId=83d34530bf3158ba0ea252d0d9701215&amp;date=20160612&amp;period=9\">Classiques<\/a><\/em> de Marc Ysa\u00ffe sur <a href=\"http:\/\/www.rtbf.be\/classic21\/\">Classic 21<\/a> \u2013&nbsp;car, par tradition familiale mill\u00e9naire, le dimanche matin, on \u00e9coute les <em>Classiques<\/em> de Marc Ysa\u00ffe&nbsp;\u2013 qui nous d\u00e9crassait l&rsquo;\u00e9metteur avec <em>Modern Times Rock &lsquo;n&rsquo; Roll<\/em> de Queen, sur le premier album, que je n&rsquo;avais jamais entendu, comme quoi il n&rsquo;est jamais trop tard pour apprendre.<\/p>\n<p style=\"text-align: right;\">Il y a trois ans, je m&rsquo;\u00e9veillais au doux son de la bonne parole de <a href=\"https:\/\/www.rts.ch\/play\/radio\/365-pensees-philosophiques\/audio\/365-pensees-philosophiques?id=8649976\">Jean-Gabriel Cu\u00e9nod expliquant \u00e0 ses ouailles qu&rsquo;il faut br\u00fbler les saltimbanques<\/a>, et ce dans le <em>One-Two<\/em> du matin, toujours sur la m\u00eame radio.<\/p>\n<p>  &nbsp;<\/p>\n<p style=\"text-align: left;\">Il y a deux ans, je m&rsquo;&eacute;veillais au doux son de la voix du <a href=\"https:\/\/www.rts.ch\/play\/radio\/bille-en-tete\/audio\/annecy-circulaire-25?id=9604987\">Dujany visitant un traiteur ann&eacute;cien avec le Ligron qui nous expliquait comment reconna&icirc;tre un bon saucisson<\/a>, et ce sur pour-une-fois-pas-la-m&ecirc;me-radio car <em>Bille en t&ecirc;te<\/em>, &ccedil;a passe sur la Premi&egrave;re.<\/p>\n<p style=\"text-align: right;\">Il y a un an, je m&rsquo;\u00e9veillais au doux son d&rsquo;<em><a href=\"https:\/\/www.rts.ch\/play\/radio\/emission\/rvd2?id=8848989\">RVD2<\/a><\/em>, la s\u00e9rie idiote de la 3, qui voyait <a href=\"https:\/\/www.rts.ch\/play\/radio\/rvd2\/audio\/rvd2?id=10484355\">ce matin-l\u00e0<\/a> nos h\u00e9ros continuer leur qu\u00eate himalayenne vers le monast\u00e8re dans lequel s&rsquo;\u00e9tait retir\u00e9e Sophie Favier, la seule personne en mesure de sauver le monde d&rsquo;une invasion extra-terrestre. La routine, quoi.<\/p>\n<p style=\"text-align: left;\"><em>Aujourd&rsquo;hui, je m&rsquo;\u00e9veille au doux son de l&rsquo;\u00e9pisode 37\/50 de la s\u00e9rie sp\u00e9ciale histoire de la gastronomie de <\/em>Bille en t\u00eate<em>, qui marquera la fin de cette \u00e9mission qui ma foi aimait bien parler de saucisses.&nbsp;<\/em><\/p>\n<p style=\"text-align: left;\">&nbsp;<\/p>\n<p style=\"text-align: left;\">&nbsp;<\/p>\n<p style=\"text-align: left;\">Il y a seize ans, il faisait beau.<\/p>\n<p style=\"text-align: right;\">Il y a quinze ans, il faisait beau aussi. <\/p>\n<p style=\"text-align: left;\">Il y a quatorze ans il faisait beau et surtout chaud, j&rsquo;\u00e9tais d\u00e9j\u00e0 liqu\u00e9fi\u00e9 alors qu&rsquo;il n&rsquo;\u00e9tait que 10&nbsp;h et \u00e7a, \u00e7a su\u00e7ait grave.<\/p>\n<p style=\"text-align: right;\">Il y a treize ans il faisait gris, ce qui su\u00e7ait un peu moins. <\/p>\n<p style=\"text-align: left;\">Il y a douze ans il faisait gris aussi, ce qui me faisait r\u00e9aliser que mon histoire se r\u00e9p\u00e9tait un peu trop, ces temps-l\u00e0.<\/p>\n<p style=\"text-align: right;\">Il y a onze ans, il faisait carr\u00e9ment moche. \u00c7a devenait une tradition. <\/p>\n<p style=\"text-align: left;\">Il y a dix ans, il faisait moche aussi. Je croyais qu&rsquo;on m&rsquo;en voulait personnellement.<\/p>\n<p style=\"text-align: right;\">Il y a neuf ans, GLORIA ALLELU\u00cfA il faisait enfin beau, dis donc. <\/p>\n<p style=\"text-align: left;\">Il y a huit ans, il refaisait remoche. \u00a1Caramba! Encore rat\u00e9.<\/p>\n<p style=\"text-align: right;\">Il y a sept ans, il continuait \u00e0 faire moche. C&rsquo;\u00e9tait d\u00e9sesp\u00e9rant. <\/p>\n<p style=\"text-align: left;\">Il y a six ans, il faisait beau et chaud. Ou chaud et beau. Je ne savais pas trop.<\/p>\n<p style=\"text-align: right;\">Il y a cinq ans, il fait tr\u00e8s beau et tr\u00e8s tr\u00e8s chaud et je pensais fondre avant ce soir-l\u00e0 (ce qui n&rsquo;arriva heureusement point). <\/p>\n<p style=\"text-align: left;\">Il y a quatre ans, il ne faisait ni vraiment beau, ni vraiment chaud, ou peut-\u00eatre le contraire.<\/p>\n<p style=\"text-align: right;\">Il y a trois ans, il faisait cheau et baud.<\/p>\n<p style=\"text-align: left;\">Il y a deux ans, il fait vraiment, vraiment tr&egrave;s moche.<\/p>\n<p style=\"text-align: right;\">Il y a un an, il faisait tr\u00e8s moche aussi<em>.<\/em><\/p>\n<p style=\"text-align: left;\"><em>Aujourd&rsquo;hui, il fait vraiment, vraiment, vraiment tr&egrave;s moche<\/em>.<\/p>\n<p>&nbsp;<\/p>\n<p>&nbsp;<\/p>\n<p style=\"text-align: left;\">Il y a seize ans, nous \u00e9tions le 12 juin.<\/p>\n<p style=\"text-align: right;\">Il y a quinze ans, nous \u00e9tions le 12 et un jour, ce qui signifiait que j&rsquo;\u00e9tais en retard. <\/p>\n<p style=\"text-align: left;\">Il y a quatorze ans, nous \u00e9tions le 12 juin, ce qui voulait dire que je sais retenir les le\u00e7ons du pass\u00e9.<\/p>\n<p style=\"text-align: right;\">Il y a treize ans, nous \u00e9tions encore le 12 juin, et je n&rsquo;avais r\u00e9alis\u00e9 que 5 minutes auparavant que le 12 juin, c&rsquo;\u00e9tait Il y a treize ans. <\/p>\n<p style=\"text-align: left;\">Il y a douze ans nous \u00e9tions, c&rsquo;est fou \u00e7a, le 12 juin.<\/p>\n<p style=\"text-align: right;\">Il y a onze ans nous \u00e9tions, gr\u00e2ce \u00e0 l&rsquo;implacable r\u00e9gularit\u00e9 cyclique super-pr\u00e9visible du calendrier gr\u00e9gorien, deviniez quoi&nbsp;? Le 12 juin. <\/p>\n<p style=\"text-align: left;\">Il y a dix ans, nous \u00e9tions justement un Il y a dix ans qui tombait un 12 juin. Mais pas le m\u00eame que les autres.<\/p>\n<p style=\"text-align: right;\">Il y a neuf ans, nous \u00e9tions la veille du 13 juin et donc le 12. C&rsquo;\u00e9tait \u00e9patant. <\/p>\n<p style=\"text-align: left;\">Il y a huit ans, nous \u00e9tions encore le 12 juin, croyais-je.<\/p>\n<p style=\"text-align: right;\">Il y a sept ans, il me semblait, si je me souvenais bien, que, voyiez-vous, nous \u00e9tions le 12 juin. <\/p>\n<p style=\"text-align: left;\">Il y a six ans, nous \u00e9tions encore et toujours le 12 juin.<\/p>\n<p style=\"text-align: right;\">Il y a cinq ans, et ce gr\u00e2ce \u2014&nbsp;ou \u00e0 cause, tout d\u00e9pend du point de vue duquel on se place&nbsp;\u2014, Il y a cinq ans, donc, selon \u2014&nbsp;ne nous mouillons point&nbsp;\u2014 la marche immuable de l&rsquo;univers vers le bonheur universel et le progr\u00e8s mondial, nous \u00e9tions, si j&rsquo;avais bien compris, le 12 juin. <\/p>\n<p style=\"text-align: left;\">Il y a quatre ans, nous \u00e9tions, une fois encore, le 12 juin.<\/p>\n<p style=\"text-align: right;\">Il y a trois ans nous &eacute;tions \u2013&nbsp;\u00e7a m&rsquo;\u00e9patera toujours \u2013&nbsp;teniez-vous bien&nbsp;: le 12 juin.<\/p>\n<p style=\"text-align: left;\">Il y a deux ans nous \u00e9tions &ndash;&nbsp;je regardai mon calendrier des Postes&nbsp;&ndash; fichtre alors&nbsp;! Le 12 juin.<\/p>\n<p style=\"text-align: right;\">Il y a un an nous \u00e9tions, je pensais que vous l&rsquo;aviez devin\u00e9, le 12 juin.<\/p>\n<p style=\"text-align: left;\"><em>Aujourd&rsquo;hui nous sommes, une fois de plus (appr\u00e9cions la chance que nous avons), le 12 juin.<\/em><\/p>\n<p>&nbsp;<\/p>\n<p style=\"text-align: left;\">Et une qui en font 16. Un an de plus au compteur, une ligne de plus \u00e0 chacune de ces litanies. Je suis content d&rsquo;avoir tenu un an de plus. Et d&rsquo;avoir toujours autant de plaisir \u00e0 publier des trucs ici. Apr\u00e8s tout, c&rsquo;\u00e9tait pas gagn\u00e9..<\/p>\n<p style=\"text-align: right;\"><em>We lived through another day,<br \/>\nIt&rsquo;s a good excuse to celebrate.<\/em><\/p>\n<p style=\"text-align: left;\">Mais \u00e0 part \u00e7a, rien.<\/p>\n<p style=\"text-align: left;\">\u00c0 demain.<\/p>\n<p>_____ <\/p>\n<div id=\"bas_note\">\n<p><sup>1<\/sup> Et deux ann\u00e9es plus tard, je me d\u00e9cidai enfin \u00e0 vous expliquer <a href=\"https:\/\/www.wallendorff.com\/belogue\/photo\/2010\/06\/20100612-01.jpg\">pourquoi<\/a>.<\/p>\n<p><sup>2<\/sup> Que je conseille au passage toujours toujours toujours autant pour les commentaires qu&rsquo;il fait tout au long du morceau. Il est chez le bel\u00f6gue mort de <a href=\"http:\/\/vox.skynetblogs.be\">Vox<\/a>.<\/p>\n<\/div>\n","protected":false},"excerpt":{"rendered":"<p>Voie Georges-Pompidou, 10 mars 2020. Can&rsquo;t Even Tell Soul Asylum Il y a seize ans, les Pistons de D\u00e9troit \u00e9taient en finale NBA. Il y a quinze ans, les Pistons de D\u00e9troit \u00e9taient encore en finale NBA. Il y a quatorze ans, les Pistons de D\u00e9troit \u00e9taient en vacances apr\u00e8s s&rsquo;\u00eatre fait vider comme des&hellip;<\/p>\n","protected":false},"author":1,"featured_media":45810,"comment_status":"open","ping_status":"open","sticky":false,"template":"","format":"standard","meta":{"_acf_changed":false,"ngg_post_thumbnail":0,"jetpack_post_was_ever_published":false,"_jetpack_newsletter_access":"","_jetpack_dont_email_post_to_subs":false,"_jetpack_newsletter_tier_id":0,"_jetpack_memberships_contains_paywalled_content":false,"_jetpack_memberships_contains_paid_content":false,"footnotes":"","jetpack_publicize_message":"","jetpack_publicize_feature_enabled":true,"jetpack_social_post_already_shared":true,"jetpack_social_options":{"image_generator_settings":{"template":"highway","default_image_id":0,"font":"","enabled":false},"version":2}},"categories":[3],"tags":[10182,7749,1438,10359,10120,15878,10121,10147,10098,1223,10851,10236,11894],"class_list":["post-45808","post","type-post","status-publish","format-standard","has-post-thumbnail","hentry","category-dpc","tag-10182","tag-cant-even-tell","tag-ef-50-mm-f14-usm","tag-couple","tag-france","tag-fujifilm-x-t3","tag-ile-de-france","tag-nuit","tag-paris","tag-soul-asylum","tag-tour","tag-tour-eiffel","tag-voie-georges-pompidou"],"acf":[],"geo":{"latitude":48.857811,"longitude":2.3444171,"description":"Paris 01, \u00cele-de-France, 75001, FR"},"jetpack_publicize_connections":[],"jetpack_featured_media_url":"https:\/\/www.wallendorff.com\/belogue\/wp-content\/uploads\/2020\/06\/20200612.jpg","jetpack_shortlink":"https:\/\/wp.me\/p3b35P-bUQ","jetpack_sharing_enabled":true,"jetpack-related-posts":[{"id":21133,"url":"https:\/\/www.wallendorff.com\/belogue\/2007\/06\/12\/trois\/","url_meta":{"origin":45808,"position":0},"title":"Trois.","author":"dpc","date":"12 juin 2007","format":false,"excerpt":"Il y a trois ans, les Pistons de D\u00e9troit \u00e9taient en finale NBA. Il y a deux ans, les Pistons de D\u00e9troit \u00e9taient encore en finale NBA. Il y a un an, les Pistons de D\u00e9troit \u00e9taient en vacances apr\u00e8s s'\u00eatre fait vider comme des nazes en 6 manches de\u2026","rel":"","context":"Dans &quot;DPC&quot;","block_context":{"text":"DPC","link":"https:\/\/www.wallendorff.com\/belogue\/category\/dpc\/"},"img":{"alt_text":"","src":"","width":0,"height":0},"classes":[]},{"id":172,"url":"https:\/\/www.wallendorff.com\/belogue\/2006\/06\/12\/l-emu-rond-des-zoos-raye\/","url_meta":{"origin":45808,"position":1},"title":"L&rsquo;&eacute;mu rond des zoos raye&sup1;.","author":"dpc","date":"12 juin 2006","format":false,"excerpt":"Rue des Panoyaux, Paris, 28 mai. Il y a deux ans, les Pistons de D\u00e9troit \u00e9taient en finale NBA. Il y a un an, les Pistons de D\u00e9troit \u00e9taient encore en finale NBA. Aujourd'hui, les Pistons de D\u00e9troit sont en vacances apr\u00e8s s'\u00eatre fait vider comme des nazes en 6\u2026","rel":"","context":"Dans &quot;DPC&quot;","block_context":{"text":"DPC","link":"https:\/\/www.wallendorff.com\/belogue\/category\/dpc\/"},"img":{"alt_text":"","src":"https:\/\/i0.wp.com\/www.wallendorff.com\/belogue\/wp-content\/uploads\/2015\/04\/200606121.jpg?resize=350%2C200&ssl=1","width":350,"height":200},"classes":[]},{"id":1248,"url":"https:\/\/www.wallendorff.com\/belogue\/2008\/06\/12\/le-pied-o-la-vieille-m-oint-cher\/","url_meta":{"origin":45808,"position":2},"title":"Le pied o\u00f9 la vieille m&rsquo;oint cher\u00b9.","author":"dpc","date":"12 juin 2008","format":false,"excerpt":"Rue Saint-Rustique, Paris, 12 avril. TV on the Radio \u2013 Blind Il y a quatre ans, les Pistons de D\u00e9troit \u00e9taient en finale NBA. Il y a trois ans, les Pistons de D\u00e9troit \u00e9taient encore en finale NBA. Il y a deux ans, les Pistons de D\u00e9troit \u00e9taient en vacances\u2026","rel":"","context":"Dans &quot;DPC&quot;","block_context":{"text":"DPC","link":"https:\/\/www.wallendorff.com\/belogue\/category\/dpc\/"},"img":{"alt_text":"","src":"https:\/\/i0.wp.com\/www.wallendorff.com\/belogue\/wp-content\/uploads\/2015\/04\/200806121.jpg?resize=350%2C200&ssl=1","width":350,"height":200},"classes":[]},{"id":21142,"url":"https:\/\/www.wallendorff.com\/belogue\/2013\/06\/12\/into-the-wide-9\/","url_meta":{"origin":45808,"position":3},"title":"Into the Wide #9.","author":"dpc","date":"12 juin 2013","format":false,"excerpt":"Route des Prehez, Morbier, 27 avril. [Oui oui, vingt-sept avril.] Et \u00e0 part \u00e7a\u00a0: Il y a neuf ans, les Pistons de D\u00e9troit \u00e9taient en finale NBA. Il y a huit ans, les Pistons de D\u00e9troit \u00e9taient encore en finale NBA. Il y a sept ans, les Pistons de D\u00e9troit\u2026","rel":"","context":"Dans &quot;Into the wide&quot;","block_context":{"text":"Into the wide","link":"https:\/\/www.wallendorff.com\/belogue\/category\/into-the-wide\/"},"img":{"alt_text":"","src":"https:\/\/i0.wp.com\/www.wallendorff.com\/belogue\/wp-content\/uploads\/2015\/04\/201306121.jpg?resize=350%2C200&ssl=1","width":350,"height":200,"srcset":"https:\/\/i0.wp.com\/www.wallendorff.com\/belogue\/wp-content\/uploads\/2015\/04\/201306121.jpg?resize=350%2C200&ssl=1 1x, https:\/\/i0.wp.com\/www.wallendorff.com\/belogue\/wp-content\/uploads\/2015\/04\/201306121.jpg?resize=525%2C300&ssl=1 1.5x, https:\/\/i0.wp.com\/www.wallendorff.com\/belogue\/wp-content\/uploads\/2015\/04\/201306121.jpg?resize=700%2C400&ssl=1 2x"},"classes":[]},{"id":7677,"url":"https:\/\/www.wallendorff.com\/belogue\/2010\/06\/12\/six\/","url_meta":{"origin":45808,"position":4},"title":"668 the neighbour of the beast.","author":"dpc","date":"12 juin 2010","format":false,"excerpt":"Rue Michel-le-Comte, Paris, 8 mai. Non mais l\u00e0 c'est plut\u00f4t une mobylette qu'un escalier, donc \u00e7a compte pas. Hum. Ah et puis\u00a0: Il y a six ans, les Pistons de D\u00e9troit \u00e9taient en finale NBA. Il y a cinq ans, les Pistons de D\u00e9troit \u00e9taient encore en finale NBA. Il\u2026","rel":"","context":"Dans &quot;DPC&quot;","block_context":{"text":"DPC","link":"https:\/\/www.wallendorff.com\/belogue\/category\/dpc\/"},"img":{"alt_text":"","src":"https:\/\/i0.wp.com\/www.wallendorff.com\/belogue\/wp-content\/uploads\/2015\/04\/201006121.jpg?resize=350%2C200&ssl=1","width":350,"height":200},"classes":[]},{"id":4287,"url":"https:\/\/www.wallendorff.com\/belogue\/2009\/06\/12\/me-nuisant-plus-bele-que-vaux-je-hourds\/","url_meta":{"origin":45808,"position":5},"title":"Me nuisant plus, b\u00eale que vaux-je hourds.","author":"dpc","date":"12 juin 2009","format":false,"excerpt":"Pla\u00e8te Mars, Paris, 11 juin. \u00a0 Oasis \u2013 Cigarettes & Alcohol Il y a cinq ans, les Pistons de D\u00e9troit \u00e9taient en finale NBA. Il y a quatre ans, les Pistons de D\u00e9troit \u00e9taient encore en finale NBA. Il y a trois ans, les Pistons de D\u00e9troit \u00e9taient en vacances\u2026","rel":"","context":"Dans &quot;Portraits&quot;","block_context":{"text":"Portraits","link":"https:\/\/www.wallendorff.com\/belogue\/category\/portraits\/"},"img":{"alt_text":"","src":"https:\/\/i0.wp.com\/www.wallendorff.com\/belogue\/wp-content\/uploads\/2015\/04\/20090612-121.jpg?resize=350%2C200&ssl=1","width":350,"height":200,"srcset":"https:\/\/i0.wp.com\/www.wallendorff.com\/belogue\/wp-content\/uploads\/2015\/04\/20090612-121.jpg?resize=350%2C200&ssl=1 1x, https:\/\/i0.wp.com\/www.wallendorff.com\/belogue\/wp-content\/uploads\/2015\/04\/20090612-121.jpg?resize=525%2C300&ssl=1 1.5x, https:\/\/i0.wp.com\/www.wallendorff.com\/belogue\/wp-content\/uploads\/2015\/04\/20090612-121.jpg?resize=700%2C400&ssl=1 2x"},"classes":[]}],"_links":{"self":[{"href":"https:\/\/www.wallendorff.com\/belogue\/wp-json\/wp\/v2\/posts\/45808","targetHints":{"allow":["GET"]}}],"collection":[{"href":"https:\/\/www.wallendorff.com\/belogue\/wp-json\/wp\/v2\/posts"}],"about":[{"href":"https:\/\/www.wallendorff.com\/belogue\/wp-json\/wp\/v2\/types\/post"}],"author":[{"embeddable":true,"href":"https:\/\/www.wallendorff.com\/belogue\/wp-json\/wp\/v2\/users\/1"}],"replies":[{"embeddable":true,"href":"https:\/\/www.wallendorff.com\/belogue\/wp-json\/wp\/v2\/comments?post=45808"}],"version-history":[{"count":3,"href":"https:\/\/www.wallendorff.com\/belogue\/wp-json\/wp\/v2\/posts\/45808\/revisions"}],"predecessor-version":[{"id":48591,"href":"https:\/\/www.wallendorff.com\/belogue\/wp-json\/wp\/v2\/posts\/45808\/revisions\/48591"}],"wp:featuredmedia":[{"embeddable":true,"href":"https:\/\/www.wallendorff.com\/belogue\/wp-json\/wp\/v2\/media\/45810"}],"wp:attachment":[{"href":"https:\/\/www.wallendorff.com\/belogue\/wp-json\/wp\/v2\/media?parent=45808"}],"wp:term":[{"taxonomy":"category","embeddable":true,"href":"https:\/\/www.wallendorff.com\/belogue\/wp-json\/wp\/v2\/categories?post=45808"},{"taxonomy":"post_tag","embeddable":true,"href":"https:\/\/www.wallendorff.com\/belogue\/wp-json\/wp\/v2\/tags?post=45808"}],"curies":[{"name":"wp","href":"https:\/\/api.w.org\/{rel}","templated":true}]}}