{"id":45793,"date":"2020-06-09T14:40:46","date_gmt":"2020-06-09T12:40:46","guid":{"rendered":"http:\/\/www.wallendorff.com\/belogue\/?p=45793"},"modified":"2020-06-09T14:40:46","modified_gmt":"2020-06-09T12:40:46","slug":"into-the-wide-199","status":"publish","type":"post","link":"https:\/\/www.wallendorff.com\/belogue\/2020\/06\/09\/into-the-wide-199\/","title":{"rendered":"Into the wide #199."},"content":{"rendered":"<div id=\"photo\">\n<p><img decoding=\"async\" src=\"https:\/\/www.wallendorff.com\/belogue\/wp-content\/uploads\/2020\/06\/20200609.jpg\"><br \/>\nPont au Change, Paris, 10 mars 2020.<\/p>\n<\/div>\n<div id=\"bandeson\">\n<p><img decoding=\"async\" src=\"https:\/\/www.wallendorff.com\/belogue\/photo\/pochettes\/r\/rose_caroline-loner.jpg\" align=\"left\" \/><a href=\"https:\/\/www.youtube.com\/watch?v=5j7zzdtnCfc\" a style=\"font-weight:normal\" id=\"lienmp3\"><em>To Die Today<\/em><\/a><br \/>\n<a href=\"https:\/\/carolinerosemusic.bandcamp.com\/\">Caroline Rose<\/a><\/p>\n<\/div>\n","protected":false},"excerpt":{"rendered":"<p>Pont au Change, Paris, 10 mars 2020. To Die Today Caroline Rose<\/p>\n","protected":false},"author":1,"featured_media":45794,"comment_status":"open","ping_status":"open","sticky":false,"template":"","format":"standard","meta":{"_acf_changed":false,"ngg_post_thumbnail":0,"jetpack_post_was_ever_published":false,"_jetpack_newsletter_access":"","_jetpack_dont_email_post_to_subs":false,"_jetpack_newsletter_tier_id":0,"_jetpack_memberships_contains_paywalled_content":false,"_jetpack_memberships_contains_paid_content":false,"footnotes":"","jetpack_publicize_message":"","jetpack_publicize_feature_enabled":true,"jetpack_social_post_already_shared":true,"jetpack_social_options":{"image_generator_settings":{"template":"highway","default_image_id":0,"font":"","enabled":false},"version":2}},"categories":[7356],"tags":[10277,14874,10120,15878,15597,10279,10121,10147,13679,11323,10098,5810,10592,16374],"class_list":["post-45793","post","type-post","status-publish","format-standard","has-post-thumbnail","hentry","category-into-the-wide","tag-10277","tag-caroline-rose","tag-france","tag-fujifilm-x-t3","tag-fujinon-xf-16-mm-f-1-4-wr","tag-ile-de-la-cite","tag-ile-de-france","tag-nuit","tag-palais-de-la-cite","tag-panoramique","tag-paris","tag-pont-au-change","tag-pose-longue","tag-to-die-today"],"acf":[],"geo":{"latitude":48.8566399,"longitude":2.346756,"description":"Paris, \u00cele-de-France, 75002, FR"},"jetpack_publicize_connections":[],"jetpack_featured_media_url":"https:\/\/www.wallendorff.com\/belogue\/wp-content\/uploads\/2020\/06\/20200609.jpg","jetpack_shortlink":"https:\/\/wp.me\/p3b35P-bUB","jetpack_sharing_enabled":true,"jetpack-related-posts":[{"id":131210,"url":"https:\/\/www.wallendorff.com\/belogue\/2024\/12\/02\/un-drap-mou-enorme-et-gesir\/","url_meta":{"origin":45793,"position":0},"title":"Un drap mou \u00e9norme et g\u00e9sir.","author":"dpc","date":"2 d\u00e9cembre 2024","format":false,"excerpt":"Pont Notre-Dame, Paris, 3 septembre 2024.","rel":"","context":"Dans &quot;DPC&quot;","block_context":{"text":"DPC","link":"https:\/\/www.wallendorff.com\/belogue\/category\/dpc\/"},"img":{"alt_text":"","src":"https:\/\/i0.wp.com\/www.wallendorff.com\/belogue\/wp-content\/uploads\/2024\/12\/20241202.jpg?resize=350%2C200&ssl=1","width":350,"height":200,"srcset":"https:\/\/i0.wp.com\/www.wallendorff.com\/belogue\/wp-content\/uploads\/2024\/12\/20241202.jpg?resize=350%2C200&ssl=1 1x, https:\/\/i0.wp.com\/www.wallendorff.com\/belogue\/wp-content\/uploads\/2024\/12\/20241202.jpg?resize=525%2C300&ssl=1 1.5x, https:\/\/i0.wp.com\/www.wallendorff.com\/belogue\/wp-content\/uploads\/2024\/12\/20241202.jpg?resize=700%2C400&ssl=1 2x, https:\/\/i0.wp.com\/www.wallendorff.com\/belogue\/wp-content\/uploads\/2024\/12\/20241202.jpg?resize=1050%2C600&ssl=1 3x"},"classes":[]},{"id":124491,"url":"https:\/\/www.wallendorff.com\/belogue\/2023\/05\/15\/arc-en-selle\/","url_meta":{"origin":45793,"position":1},"title":"Arc en selle.","author":"dpc","date":"15 mai 2023","format":false,"excerpt":"Place du Pont-Neuf, Paris, 28 f\u00e9vrier 2023.","rel":"","context":"Dans &quot;DPC&quot;","block_context":{"text":"DPC","link":"https:\/\/www.wallendorff.com\/belogue\/category\/dpc-en\/"},"img":{"alt_text":"","src":"https:\/\/i0.wp.com\/www.wallendorff.com\/belogue\/wp-content\/uploads\/2023\/05\/20230515.jpg?resize=350%2C200&ssl=1","width":350,"height":200,"srcset":"https:\/\/i0.wp.com\/www.wallendorff.com\/belogue\/wp-content\/uploads\/2023\/05\/20230515.jpg?resize=350%2C200&ssl=1 1x, https:\/\/i0.wp.com\/www.wallendorff.com\/belogue\/wp-content\/uploads\/2023\/05\/20230515.jpg?resize=525%2C300&ssl=1 1.5x, https:\/\/i0.wp.com\/www.wallendorff.com\/belogue\/wp-content\/uploads\/2023\/05\/20230515.jpg?resize=700%2C400&ssl=1 2x, https:\/\/i0.wp.com\/www.wallendorff.com\/belogue\/wp-content\/uploads\/2023\/05\/20230515.jpg?resize=1050%2C600&ssl=1 3x"},"classes":[]},{"id":45908,"url":"https:\/\/www.wallendorff.com\/belogue\/2020\/06\/23\/into-the-wide-200\/","url_meta":{"origin":45793,"position":2},"title":"Into the wide #200.","author":"dpc","date":"23 juin 2020","format":false,"excerpt":"Voie Georges-Pompidou, Paris, 10 mars 2020. Et puisque qu'il s'agit du 200e \u2013\u00a0c'est la premi\u00e8re fois que j'emm\u00e8ne une s\u00e9rie si loin, d'ailleurs, And Counting mise \u00e0 part\u00a0\u2013, je vous ai pr\u00e9par\u00e9 ci-dessous un petit floril\u00e8ge de mes 20 pr\u00e9f\u00e9r\u00e9s. La s\u00e9rie compl\u00e8te, quant \u00e0 elle, est disponible par l\u00e0.\u2026","rel":"","context":"Dans &quot;Into the wide&quot;","block_context":{"text":"Into the wide","link":"https:\/\/www.wallendorff.com\/belogue\/category\/into-the-wide\/"},"img":{"alt_text":"","src":"https:\/\/i0.wp.com\/www.wallendorff.com\/belogue\/wp-content\/uploads\/2020\/06\/20200623.jpg?resize=350%2C200&ssl=1","width":350,"height":200,"srcset":"https:\/\/i0.wp.com\/www.wallendorff.com\/belogue\/wp-content\/uploads\/2020\/06\/20200623.jpg?resize=350%2C200&ssl=1 1x, https:\/\/i0.wp.com\/www.wallendorff.com\/belogue\/wp-content\/uploads\/2020\/06\/20200623.jpg?resize=525%2C300&ssl=1 1.5x, https:\/\/i0.wp.com\/www.wallendorff.com\/belogue\/wp-content\/uploads\/2020\/06\/20200623.jpg?resize=700%2C400&ssl=1 2x, https:\/\/i0.wp.com\/www.wallendorff.com\/belogue\/wp-content\/uploads\/2020\/06\/20200623.jpg?resize=1050%2C600&ssl=1 3x"},"classes":[]},{"id":128077,"url":"https:\/\/www.wallendorff.com\/belogue\/2024\/04\/30\/avril-2024\/","url_meta":{"origin":45793,"position":3},"title":"Avril 2024.","author":"dpc","date":"30 avril 2024","format":false,"excerpt":"Une \u00e9glise, un train, une fondue, une fen\u00eatre, une plage, un blockhaus, un ap\u00e9ro, un train, une plage, une terrasse, une maison, une jet\u00e9e, un phare, une c\u00f4te, un rocher, une tour, un r\u00e9cif, une urne, une halle, des toits, une grille, une vitrine en cours, une gare, un train,\u2026","rel":"","context":"Dans &quot;Blog-note&quot;","block_context":{"text":"Blog-note","link":"https:\/\/www.wallendorff.com\/belogue\/category\/blog-note\/"},"img":{"alt_text":"","src":"https:\/\/i0.wp.com\/www.wallendorff.com\/belogue\/wp-content\/uploads\/2024\/05\/20240523-70.jpg?resize=350%2C200&ssl=1","width":350,"height":200,"srcset":"https:\/\/i0.wp.com\/www.wallendorff.com\/belogue\/wp-content\/uploads\/2024\/05\/20240523-70.jpg?resize=350%2C200&ssl=1 1x, https:\/\/i0.wp.com\/www.wallendorff.com\/belogue\/wp-content\/uploads\/2024\/05\/20240523-70.jpg?resize=525%2C300&ssl=1 1.5x, https:\/\/i0.wp.com\/www.wallendorff.com\/belogue\/wp-content\/uploads\/2024\/05\/20240523-70.jpg?resize=700%2C400&ssl=1 2x, https:\/\/i0.wp.com\/www.wallendorff.com\/belogue\/wp-content\/uploads\/2024\/05\/20240523-70.jpg?resize=1050%2C600&ssl=1 3x"},"classes":[]},{"id":22332,"url":"https:\/\/www.wallendorff.com\/belogue\/2014\/01\/03\/into-the-wide-25\/","url_meta":{"origin":45793,"position":4},"title":"Into the wide #25.","author":"dpc","date":"3 janvier 2014","format":false,"excerpt":"Pont de la Tournelle, Paris, 8 d\u00e9cembre 2013. Une revisite de celle-ci, mais en rose. 69 Police David Holmes","rel":"","context":"Dans &quot;Into the wide&quot;","block_context":{"text":"Into the wide","link":"https:\/\/www.wallendorff.com\/belogue\/category\/into-the-wide\/"},"img":{"alt_text":"","src":"https:\/\/i0.wp.com\/www.wallendorff.com\/belogue\/wp-content\/uploads\/2015\/04\/201401031.jpg?resize=350%2C200&ssl=1","width":350,"height":200,"srcset":"https:\/\/i0.wp.com\/www.wallendorff.com\/belogue\/wp-content\/uploads\/2015\/04\/201401031.jpg?resize=350%2C200&ssl=1 1x, https:\/\/i0.wp.com\/www.wallendorff.com\/belogue\/wp-content\/uploads\/2015\/04\/201401031.jpg?resize=525%2C300&ssl=1 1.5x, https:\/\/i0.wp.com\/www.wallendorff.com\/belogue\/wp-content\/uploads\/2015\/04\/201401031.jpg?resize=700%2C400&ssl=1 2x"},"classes":[]},{"id":135497,"url":"https:\/\/www.wallendorff.com\/belogue\/2026\/02\/28\/fevrier-2026\/","url_meta":{"origin":45793,"position":5},"title":"F\u00e9vrier 2026.","author":"dpc","date":"28 f\u00e9vrier 2026","format":false,"excerpt":"Des arbres, une sieste, un cr\u00e9puscule, un arbre, un papillon, une clope, un miroir, un parapluie, une pyramide, un schlouk, une ruelle, une photo, une flaque, un chantier, un quarantenaire, un cigare, un bisou, un concert, un quai de m\u00e9tro, une pyramide, un attroupement, un pont, un parapluie, des fen\u00eatres,\u2026","rel":"","context":"Dans &quot;Blog-note&quot;","block_context":{"text":"Blog-note","link":"https:\/\/www.wallendorff.com\/belogue\/category\/blog-note\/"},"img":{"alt_text":"","src":"https:\/\/i0.wp.com\/www.wallendorff.com\/belogue\/wp-content\/uploads\/2026\/03\/20260323-24.jpg?resize=350%2C200&ssl=1","width":350,"height":200,"srcset":"https:\/\/i0.wp.com\/www.wallendorff.com\/belogue\/wp-content\/uploads\/2026\/03\/20260323-24.jpg?resize=350%2C200&ssl=1 1x, https:\/\/i0.wp.com\/www.wallendorff.com\/belogue\/wp-content\/uploads\/2026\/03\/20260323-24.jpg?resize=525%2C300&ssl=1 1.5x, https:\/\/i0.wp.com\/www.wallendorff.com\/belogue\/wp-content\/uploads\/2026\/03\/20260323-24.jpg?resize=700%2C400&ssl=1 2x, https:\/\/i0.wp.com\/www.wallendorff.com\/belogue\/wp-content\/uploads\/2026\/03\/20260323-24.jpg?resize=1050%2C600&ssl=1 3x"},"classes":[]}],"_links":{"self":[{"href":"https:\/\/www.wallendorff.com\/belogue\/wp-json\/wp\/v2\/posts\/45793","targetHints":{"allow":["GET"]}}],"collection":[{"href":"https:\/\/www.wallendorff.com\/belogue\/wp-json\/wp\/v2\/posts"}],"about":[{"href":"https:\/\/www.wallendorff.com\/belogue\/wp-json\/wp\/v2\/types\/post"}],"author":[{"embeddable":true,"href":"https:\/\/www.wallendorff.com\/belogue\/wp-json\/wp\/v2\/users\/1"}],"replies":[{"embeddable":true,"href":"https:\/\/www.wallendorff.com\/belogue\/wp-json\/wp\/v2\/comments?post=45793"}],"version-history":[{"count":1,"href":"https:\/\/www.wallendorff.com\/belogue\/wp-json\/wp\/v2\/posts\/45793\/revisions"}],"predecessor-version":[{"id":45795,"href":"https:\/\/www.wallendorff.com\/belogue\/wp-json\/wp\/v2\/posts\/45793\/revisions\/45795"}],"wp:featuredmedia":[{"embeddable":true,"href":"https:\/\/www.wallendorff.com\/belogue\/wp-json\/wp\/v2\/media\/45794"}],"wp:attachment":[{"href":"https:\/\/www.wallendorff.com\/belogue\/wp-json\/wp\/v2\/media?parent=45793"}],"wp:term":[{"taxonomy":"category","embeddable":true,"href":"https:\/\/www.wallendorff.com\/belogue\/wp-json\/wp\/v2\/categories?post=45793"},{"taxonomy":"post_tag","embeddable":true,"href":"https:\/\/www.wallendorff.com\/belogue\/wp-json\/wp\/v2\/tags?post=45793"}],"curies":[{"name":"wp","href":"https:\/\/api.w.org\/{rel}","templated":true}]}}