{"id":45784,"date":"2020-06-04T12:02:20","date_gmt":"2020-06-04T10:02:20","guid":{"rendered":"http:\/\/www.wallendorff.com\/belogue\/?p=45784"},"modified":"2020-10-03T15:03:54","modified_gmt":"2020-10-03T13:03:54","slug":"intervalle-1","status":"publish","type":"post","link":"https:\/\/www.wallendorff.com\/belogue\/2020\/06\/04\/intervalle-1\/","title":{"rendered":"Intervalle #1."},"content":{"rendered":"<div id=\"photo\">\n<p><img decoding=\"async\" src=\"https:\/\/www.wallendorff.com\/belogue\/wp-content\/uploads\/2020\/06\/20200604.jpg\"><br \/>\nRue du Chevaleret, Paris, 12 mars 2020.<\/p>\n<\/div>\n<span class=\"image-placeholder video\" style=\"padding-bottom:56.23931624%\"><video controls class=\"video-js-el vjs-default-skin vjs-minimal-skin wp-video-shortcode\" src preload=\"auto\" width=\"1170\" height=\"658\" mp4=\"https:\/\/www.wallendorff.com\/belogue\/wp-content\/uploads\/2020\/06\/20200604.mp4\" data-vsetup=\"[]\" playsinline=\"playsinline\"><source type=\"video\/mp4\" src=\"https:\/\/www.wallendorff.com\/belogue\/wp-content\/uploads\/2020\/06\/20200604.mp4?_=1\" \/><\/video><\/span>\n<p style=\"text-align:right\">Adieux &agrave; l&rsquo;ancien bureau avec ce premier v&eacute;ritable acc&eacute;l&eacute;r&eacute; chout\u00e9 avec un 300&nbsp;mm Canon en plastique mont&eacute; sur le Fuji [&ccedil;a fait un &eacute;quivalent 450&nbsp;mm]. Les expositions sont reprises ensuite &agrave; la main &ndash;&nbsp;ce qui explique la qualit&eacute; discutable de la fin de la vid&eacute;o&nbsp;&ndash; avant montage final.<\/p>\n<p style=\"text-align:right\">C&rsquo;est un peu court mais c&rsquo;&eacute;tait dr&ocirc;le &agrave; faire. On r&eacute;essaiera, en essayant de faire mieux.<\/p>\n<div id=\"bandeson\">\n<p><img decoding=\"async\" src=\"https:\/\/www.wallendorff.com\/belogue\/photo\/pochettes\/n\/national_the-i_am_easy_to_find.jpg\" align=\"left\" \/><a style=\"font-weight:normal\" id=\"lienmp3\" href=\"https:\/\/www.youtube.com\/watch?v=5FQtSn_vak0\"><em>Light Years<\/em><\/a><br \/><a href=\"http:\/\/www.thenational.com\/\">The National<\/a><\/p>\n<\/p><\/div>\n","protected":false},"excerpt":{"rendered":"<p>Rue du Chevaleret, Paris, 12 mars 2020. Adieux &agrave; l&rsquo;ancien bureau avec ce premier v&eacute;ritable acc&eacute;l&eacute;r&eacute; chout\u00e9 avec un 300&nbsp;mm Canon en plastique mont&eacute; sur le Fuji [&ccedil;a fait un &eacute;quivalent 450&nbsp;mm]. Les expositions sont reprises ensuite &agrave; la main &ndash;&nbsp;ce qui explique la qualit&eacute; discutable de la fin de la vid&eacute;o&nbsp;&ndash; avant montage final.&hellip;<\/p>\n","protected":false},"author":1,"featured_media":45788,"comment_status":"open","ping_status":"open","sticky":false,"template":"","format":"standard","meta":{"_acf_changed":false,"ngg_post_thumbnail":0,"jetpack_post_was_ever_published":false,"_jetpack_newsletter_access":"","_jetpack_dont_email_post_to_subs":false,"_jetpack_newsletter_tier_id":0,"_jetpack_memberships_contains_paywalled_content":false,"_jetpack_memberships_contains_paid_content":false,"footnotes":"","jetpack_publicize_message":"","jetpack_publicize_feature_enabled":true,"jetpack_social_post_already_shared":true,"jetpack_social_options":{"image_generator_settings":{"template":"highway","default_image_id":0,"font":"","enabled":false},"version":2}},"categories":[3],"tags":[10122,10143,16372,10487,8751,10120,15878,10121,16373,10142,10098,12408,10252,2770],"class_list":["post-45784","post","type-post","status-publish","format-standard","has-post-thumbnail","hentry","category-dpc","tag-10122","tag-10143","tag-accelere","tag-basilique-du-sacre-coeur","tag-ef-70-300mm-f4-5-6-is-usm","tag-france","tag-fujifilm-x-t3","tag-ile-de-france","tag-light-years","tag-montmartre","tag-paris","tag-rue-du-chevaleret","tag-the-national","tag-video"],"acf":[],"geo":{"latitude":48.834301,"longitude":2.3680849,"description":"Paris 13, \u00cele-de-France, 75013, FR"},"jetpack_publicize_connections":[],"jetpack_featured_media_url":"https:\/\/www.wallendorff.com\/belogue\/wp-content\/uploads\/2020\/06\/20200604.jpg","jetpack_shortlink":"https:\/\/wp.me\/p3b35P-bUs","jetpack_sharing_enabled":true,"jetpack-related-posts":[{"id":45499,"url":"https:\/\/www.wallendorff.com\/belogue\/2020\/04\/10\/rainbow-x-2-la-mission\/","url_meta":{"origin":45784,"position":0},"title":"Rainbow \u00d7 2 [la mission].","author":"dpc","date":"10 avril 2020","format":false,"excerpt":"Rue du Chevaleret, Paris, 17 janvier 2020. Locust Black Lips","rel":"","context":"Dans &quot;DPC&quot;","block_context":{"text":"DPC","link":"https:\/\/www.wallendorff.com\/belogue\/category\/dpc\/"},"img":{"alt_text":"","src":"https:\/\/i0.wp.com\/www.wallendorff.com\/belogue\/wp-content\/uploads\/2020\/04\/20200410.jpg?resize=350%2C200&ssl=1","width":350,"height":200,"srcset":"https:\/\/i0.wp.com\/www.wallendorff.com\/belogue\/wp-content\/uploads\/2020\/04\/20200410.jpg?resize=350%2C200&ssl=1 1x, https:\/\/i0.wp.com\/www.wallendorff.com\/belogue\/wp-content\/uploads\/2020\/04\/20200410.jpg?resize=525%2C300&ssl=1 1.5x, https:\/\/i0.wp.com\/www.wallendorff.com\/belogue\/wp-content\/uploads\/2020\/04\/20200410.jpg?resize=700%2C400&ssl=1 2x, https:\/\/i0.wp.com\/www.wallendorff.com\/belogue\/wp-content\/uploads\/2020\/04\/20200410.jpg?resize=1050%2C600&ssl=1 3x"},"classes":[]},{"id":48079,"url":"https:\/\/www.wallendorff.com\/belogue\/2021\/03\/15\/intervalle-3\/","url_meta":{"origin":45784,"position":1},"title":"Intervalle #3.","author":"dpc","date":"15 mars 2021","format":false,"excerpt":"Rue Boucry, Paris, 6 d\u00e9cembre 2020.","rel":"","context":"Dans &quot;DPC&quot;","block_context":{"text":"DPC","link":"https:\/\/www.wallendorff.com\/belogue\/category\/dpc\/"},"img":{"alt_text":"","src":"https:\/\/i0.wp.com\/www.wallendorff.com\/belogue\/wp-content\/uploads\/2021\/03\/20210315-12.jpg?resize=350%2C200&ssl=1","width":350,"height":200,"srcset":"https:\/\/i0.wp.com\/www.wallendorff.com\/belogue\/wp-content\/uploads\/2021\/03\/20210315-12.jpg?resize=350%2C200&ssl=1 1x, https:\/\/i0.wp.com\/www.wallendorff.com\/belogue\/wp-content\/uploads\/2021\/03\/20210315-12.jpg?resize=525%2C300&ssl=1 1.5x, https:\/\/i0.wp.com\/www.wallendorff.com\/belogue\/wp-content\/uploads\/2021\/03\/20210315-12.jpg?resize=700%2C400&ssl=1 2x, https:\/\/i0.wp.com\/www.wallendorff.com\/belogue\/wp-content\/uploads\/2021\/03\/20210315-12.jpg?resize=1050%2C600&ssl=1 3x"},"classes":[]},{"id":132374,"url":"https:\/\/www.wallendorff.com\/belogue\/2025\/06\/01\/lenjouement\/","url_meta":{"origin":45784,"position":2},"title":"L&rsquo;enjouement.","author":"dpc","date":"1 juin 2025","format":false,"excerpt":"Paris, 31 mai 2025.","rel":"","context":"Dans &quot;DPC&quot;","block_context":{"text":"DPC","link":"https:\/\/www.wallendorff.com\/belogue\/category\/dpc\/"},"img":{"alt_text":"","src":"https:\/\/i0.wp.com\/www.wallendorff.com\/belogue\/wp-content\/uploads\/2025\/06\/20250601-26.jpg?resize=350%2C200&ssl=1","width":350,"height":200,"srcset":"https:\/\/i0.wp.com\/www.wallendorff.com\/belogue\/wp-content\/uploads\/2025\/06\/20250601-26.jpg?resize=350%2C200&ssl=1 1x, https:\/\/i0.wp.com\/www.wallendorff.com\/belogue\/wp-content\/uploads\/2025\/06\/20250601-26.jpg?resize=525%2C300&ssl=1 1.5x, https:\/\/i0.wp.com\/www.wallendorff.com\/belogue\/wp-content\/uploads\/2025\/06\/20250601-26.jpg?resize=700%2C400&ssl=1 2x, https:\/\/i0.wp.com\/www.wallendorff.com\/belogue\/wp-content\/uploads\/2025\/06\/20250601-26.jpg?resize=1050%2C600&ssl=1 3x"},"classes":[]},{"id":127695,"url":"https:\/\/www.wallendorff.com\/belogue\/2024\/04\/14\/suivre-la-fleche-1-3-reference\/","url_meta":{"origin":45784,"position":3},"title":"Suivre la fl\u00e8che [1\/3] : R\u00e9f\u00e9rence.","author":"dpc","date":"14 avril 2024","format":false,"excerpt":"Voil\u00e0 5 ans, la fl\u00e8che s\u2019effondrait, emportant quelques-unes de nos certitudes.Voil\u00e0 5 ans, l\u2019incendie laissait un trou b\u00e9ant \u00e0 la place de l\u2019un des plus anciens, des plus classiques point de r\u00e9f\u00e9rence du paysage parisien.Voil\u00e0 5 ans commen\u00e7ait la lente recouvrance qui devrait se terminer \u00e0 la fin de l'ann\u00e9e\u2026","rel":"","context":"Dans &quot;DPC&quot;","block_context":{"text":"DPC","link":"https:\/\/www.wallendorff.com\/belogue\/category\/dpc\/"},"img":{"alt_text":"","src":"https:\/\/i0.wp.com\/www.wallendorff.com\/belogue\/wp-content\/uploads\/2024\/04\/20240414-01.jpg?resize=350%2C200&ssl=1","width":350,"height":200,"srcset":"https:\/\/i0.wp.com\/www.wallendorff.com\/belogue\/wp-content\/uploads\/2024\/04\/20240414-01.jpg?resize=350%2C200&ssl=1 1x, https:\/\/i0.wp.com\/www.wallendorff.com\/belogue\/wp-content\/uploads\/2024\/04\/20240414-01.jpg?resize=525%2C300&ssl=1 1.5x, https:\/\/i0.wp.com\/www.wallendorff.com\/belogue\/wp-content\/uploads\/2024\/04\/20240414-01.jpg?resize=700%2C400&ssl=1 2x, https:\/\/i0.wp.com\/www.wallendorff.com\/belogue\/wp-content\/uploads\/2024\/04\/20240414-01.jpg?resize=1050%2C600&ssl=1 3x"},"classes":[]},{"id":129839,"url":"https:\/\/www.wallendorff.com\/belogue\/2024\/08\/05\/a-paris-a-velo-on-passe-devant-le-mcdo\/","url_meta":{"origin":45784,"position":4},"title":"\u00c0 Paris, \u00e0 v\u00e9lo [on passe devant le McDo].","author":"dpc","date":"5 ao\u00fbt 2024","format":false,"excerpt":"Bien :Je n'avais jamais chout\u00e9 de course v\u00e9locip\u00e9dique. C'\u00e9tait int\u00e9ressant \u00e0 faire.Maintenant je pourrai raconter \u00e0 tout le monde que oui oui j'ai d\u00e9j\u00e0 fait des photos aux jeux olympiques.Pas bien :J'aurais d\u00fb prendre un t\u00e9l\u00e9objectif car il y a bien des choses vues que je n'ai pu attraper.","rel":"","context":"Dans &quot;DPC&quot;","block_context":{"text":"DPC","link":"https:\/\/www.wallendorff.com\/belogue\/category\/dpc\/"},"img":{"alt_text":"","src":"https:\/\/i0.wp.com\/www.wallendorff.com\/belogue\/wp-content\/uploads\/2024\/08\/20240805-05.jpg?resize=350%2C200&ssl=1","width":350,"height":200,"srcset":"https:\/\/i0.wp.com\/www.wallendorff.com\/belogue\/wp-content\/uploads\/2024\/08\/20240805-05.jpg?resize=350%2C200&ssl=1 1x, https:\/\/i0.wp.com\/www.wallendorff.com\/belogue\/wp-content\/uploads\/2024\/08\/20240805-05.jpg?resize=525%2C300&ssl=1 1.5x, https:\/\/i0.wp.com\/www.wallendorff.com\/belogue\/wp-content\/uploads\/2024\/08\/20240805-05.jpg?resize=700%2C400&ssl=1 2x, https:\/\/i0.wp.com\/www.wallendorff.com\/belogue\/wp-content\/uploads\/2024\/08\/20240805-05.jpg?resize=1050%2C600&ssl=1 3x"},"classes":[]},{"id":134398,"url":"https:\/\/www.wallendorff.com\/belogue\/2025\/11\/14\/dix\/","url_meta":{"origin":45784,"position":5},"title":"Dix.","author":"dpc","date":"14 novembre 2025","format":false,"excerpt":"Paris, 2015 \u2013 2024. \u00c0 P.A.,Au 131 autres morts,Aux milliers de victimes.","rel":"","context":"Dans &quot;DPC&quot;","block_context":{"text":"DPC","link":"https:\/\/www.wallendorff.com\/belogue\/category\/dpc\/"},"img":{"alt_text":"","src":"https:\/\/i0.wp.com\/www.wallendorff.com\/belogue\/wp-content\/uploads\/2025\/11\/20251114-26.jpg?resize=350%2C200&ssl=1","width":350,"height":200,"srcset":"https:\/\/i0.wp.com\/www.wallendorff.com\/belogue\/wp-content\/uploads\/2025\/11\/20251114-26.jpg?resize=350%2C200&ssl=1 1x, https:\/\/i0.wp.com\/www.wallendorff.com\/belogue\/wp-content\/uploads\/2025\/11\/20251114-26.jpg?resize=525%2C300&ssl=1 1.5x, https:\/\/i0.wp.com\/www.wallendorff.com\/belogue\/wp-content\/uploads\/2025\/11\/20251114-26.jpg?resize=700%2C400&ssl=1 2x, https:\/\/i0.wp.com\/www.wallendorff.com\/belogue\/wp-content\/uploads\/2025\/11\/20251114-26.jpg?resize=1050%2C600&ssl=1 3x"},"classes":[]}],"_links":{"self":[{"href":"https:\/\/www.wallendorff.com\/belogue\/wp-json\/wp\/v2\/posts\/45784","targetHints":{"allow":["GET"]}}],"collection":[{"href":"https:\/\/www.wallendorff.com\/belogue\/wp-json\/wp\/v2\/posts"}],"about":[{"href":"https:\/\/www.wallendorff.com\/belogue\/wp-json\/wp\/v2\/types\/post"}],"author":[{"embeddable":true,"href":"https:\/\/www.wallendorff.com\/belogue\/wp-json\/wp\/v2\/users\/1"}],"replies":[{"embeddable":true,"href":"https:\/\/www.wallendorff.com\/belogue\/wp-json\/wp\/v2\/comments?post=45784"}],"version-history":[{"count":4,"href":"https:\/\/www.wallendorff.com\/belogue\/wp-json\/wp\/v2\/posts\/45784\/revisions"}],"predecessor-version":[{"id":45791,"href":"https:\/\/www.wallendorff.com\/belogue\/wp-json\/wp\/v2\/posts\/45784\/revisions\/45791"}],"wp:featuredmedia":[{"embeddable":true,"href":"https:\/\/www.wallendorff.com\/belogue\/wp-json\/wp\/v2\/media\/45788"}],"wp:attachment":[{"href":"https:\/\/www.wallendorff.com\/belogue\/wp-json\/wp\/v2\/media?parent=45784"}],"wp:term":[{"taxonomy":"category","embeddable":true,"href":"https:\/\/www.wallendorff.com\/belogue\/wp-json\/wp\/v2\/categories?post=45784"},{"taxonomy":"post_tag","embeddable":true,"href":"https:\/\/www.wallendorff.com\/belogue\/wp-json\/wp\/v2\/tags?post=45784"}],"curies":[{"name":"wp","href":"https:\/\/api.w.org\/{rel}","templated":true}]}}