{"id":45779,"date":"2020-06-01T11:35:06","date_gmt":"2020-06-01T09:35:06","guid":{"rendered":"http:\/\/www.wallendorff.com\/belogue\/?p=45779"},"modified":"2021-02-27T18:26:02","modified_gmt":"2021-02-27T16:26:02","slug":"amours-a-murs","status":"publish","type":"post","link":"https:\/\/www.wallendorff.com\/belogue\/2020\/06\/01\/amours-a-murs\/","title":{"rendered":"Amours [\u00e0 murs]."},"content":{"rendered":"<div id=\"photo\">\n<p><img decoding=\"async\" src=\"https:\/\/www.wallendorff.com\/belogue\/wp-content\/uploads\/2020\/06\/20200601.jpg\"><br \/>\nPont de Bir-Hakeim, Paris, 9 mars 2020.<\/p>\n<\/div>\n<div id=\"bandeson\">\n<p><img decoding=\"async\" src=\"https:\/\/www.wallendorff.com\/belogue\/photo\/pochettes\/g\/grimes-miss_anthropocene.jpg\" align=\"left\"><a id=\"lienmp3\" style=\"font-weight: normal;\" href=\"https:\/\/www.youtube.com\/watch?v=gvzC8MmC850\"><em>Delete Forever<\/em><\/a><br \/>\n<a href=\"https:\/\/www.grimesmusic.com\/\">Grimes<\/a><\/p>\n<\/div>\n","protected":false},"excerpt":{"rendered":"<p>Pont de Bir-Hakeim, Paris, 9 mars 2020. Delete Forever Grimes<\/p>\n","protected":false},"author":1,"featured_media":45781,"comment_status":"open","ping_status":"open","sticky":false,"template":"","format":"standard","meta":{"_acf_changed":false,"ngg_post_thumbnail":0,"jetpack_post_was_ever_published":false,"_jetpack_newsletter_access":"","_jetpack_dont_email_post_to_subs":false,"_jetpack_newsletter_tier_id":0,"_jetpack_memberships_contains_paywalled_content":false,"_jetpack_memberships_contains_paid_content":false,"footnotes":"","jetpack_publicize_message":"","jetpack_publicize_feature_enabled":true,"jetpack_social_post_already_shared":true,"jetpack_social_options":{"image_generator_settings":{"template":"highway","default_image_id":0,"font":"","enabled":false},"version":2}},"categories":[3],"tags":[10243,10372,10359,16371,10120,15878,15597,11118,10121,143,10147,10098,10850,10851,10236],"class_list":["post-45779","post","type-post","status-publish","format-standard","has-post-thumbnail","hentry","category-dpc","tag-10243","tag-10372","tag-couple","tag-delete-forever","tag-france","tag-fujifilm-x-t3","tag-fujinon-xf-16-mm-f-1-4-wr","tag-grimes","tag-ile-de-france","tag-noir-et-blanc","tag-nuit","tag-paris","tag-pont-de-bir-hakeim","tag-tour","tag-tour-eiffel"],"acf":[],"geo":{"latitude":48.8557053,"longitude":2.2877309,"description":"Pont de Bir-Hakeim, 75015 Paris, France"},"jetpack_publicize_connections":[],"jetpack_featured_media_url":"https:\/\/www.wallendorff.com\/belogue\/wp-content\/uploads\/2020\/06\/20200601.jpg","jetpack_shortlink":"https:\/\/wp.me\/p3b35P-bUn","jetpack_sharing_enabled":true,"jetpack-related-posts":[{"id":47979,"url":"https:\/\/www.wallendorff.com\/belogue\/2021\/03\/10\/intervalle-2\/","url_meta":{"origin":45779,"position":0},"title":"Intervalle #2","author":"dpc","date":"10 mars 2021","format":false,"excerpt":"Pont de Bir-Hakeim, Paris, 4 d\u00e9cembre 2020.","rel":"","context":"Dans &quot;DPC&quot;","block_context":{"text":"DPC","link":"https:\/\/www.wallendorff.com\/belogue\/category\/dpc\/"},"img":{"alt_text":"","src":"https:\/\/i0.wp.com\/www.wallendorff.com\/belogue\/wp-content\/uploads\/2021\/03\/20210310.jpg?resize=350%2C200&ssl=1","width":350,"height":200,"srcset":"https:\/\/i0.wp.com\/www.wallendorff.com\/belogue\/wp-content\/uploads\/2021\/03\/20210310.jpg?resize=350%2C200&ssl=1 1x, https:\/\/i0.wp.com\/www.wallendorff.com\/belogue\/wp-content\/uploads\/2021\/03\/20210310.jpg?resize=525%2C300&ssl=1 1.5x, https:\/\/i0.wp.com\/www.wallendorff.com\/belogue\/wp-content\/uploads\/2021\/03\/20210310.jpg?resize=700%2C400&ssl=1 2x, https:\/\/i0.wp.com\/www.wallendorff.com\/belogue\/wp-content\/uploads\/2021\/03\/20210310.jpg?resize=1050%2C600&ssl=1 3x"},"classes":[]},{"id":12288,"url":"https:\/\/www.wallendorff.com\/belogue\/2011\/02\/14\/pis-a-prismes-25\/","url_meta":{"origin":45779,"position":1},"title":"Pis \u00e0 prismes #25.","author":"dpc","date":"14 f\u00e9vrier 2011","format":false,"excerpt":"Pont de Bir-Hakeim, Paris, 8 janvier. \u00a0I Am Kloot \u2013 From Your Favourite Sky","rel":"","context":"Dans &quot;Pis \u00e0 prismes&quot;","block_context":{"text":"Pis \u00e0 prismes","link":"https:\/\/www.wallendorff.com\/belogue\/category\/pis-a-prismes\/"},"img":{"alt_text":"","src":"https:\/\/i0.wp.com\/www.wallendorff.com\/belogue\/wp-content\/uploads\/2015\/04\/201102141.jpg?resize=350%2C200&ssl=1","width":350,"height":200},"classes":[]},{"id":21448,"url":"https:\/\/www.wallendorff.com\/belogue\/2013\/08\/19\/into-the-wide-16-x-pis-a-prismes-33\/","url_meta":{"origin":45779,"position":2},"title":"Into the wide #16 \u00d7 Pis \u00e0 prismes #33.","author":"dpc","date":"19 ao\u00fbt 2013","format":false,"excerpt":"Pont de Bir-Hakeim, Paris, 10 juin. Du m\u00eame endroit que la fameuseTour Eiffel \u00e0 la fistule anale de Louis XIV. The West Ty Segall","rel":"","context":"Dans &quot;Into the wide&quot;","block_context":{"text":"Into the wide","link":"https:\/\/www.wallendorff.com\/belogue\/category\/into-the-wide\/"},"img":{"alt_text":"","src":"https:\/\/i0.wp.com\/www.wallendorff.com\/belogue\/wp-content\/uploads\/2015\/04\/201308191.jpg?resize=350%2C200&ssl=1","width":350,"height":200,"srcset":"https:\/\/i0.wp.com\/www.wallendorff.com\/belogue\/wp-content\/uploads\/2015\/04\/201308191.jpg?resize=350%2C200&ssl=1 1x, https:\/\/i0.wp.com\/www.wallendorff.com\/belogue\/wp-content\/uploads\/2015\/04\/201308191.jpg?resize=525%2C300&ssl=1 1.5x, https:\/\/i0.wp.com\/www.wallendorff.com\/belogue\/wp-content\/uploads\/2015\/04\/201308191.jpg?resize=700%2C400&ssl=1 2x"},"classes":[]},{"id":45561,"url":"https:\/\/www.wallendorff.com\/belogue\/2020\/04\/27\/into-the-wide-194\/","url_meta":{"origin":45779,"position":3},"title":"Into the wide #194.","author":"dpc","date":"27 avril 2020","format":false,"excerpt":"Pont de Bir-Hakeim, Paris, 10 f\u00e9vrier 2020. Gloria The Lumineers","rel":"","context":"Dans &quot;Into the wide&quot;","block_context":{"text":"Into the wide","link":"https:\/\/www.wallendorff.com\/belogue\/category\/into-the-wide\/"},"img":{"alt_text":"Pont de Bir-Hakeim, Paris, 10 f\u00e9vrier 2020.","src":"https:\/\/i0.wp.com\/www.wallendorff.com\/belogue\/wp-content\/uploads\/2020\/04\/20200427.jpg?resize=350%2C200&ssl=1","width":350,"height":200,"srcset":"https:\/\/i0.wp.com\/www.wallendorff.com\/belogue\/wp-content\/uploads\/2020\/04\/20200427.jpg?resize=350%2C200&ssl=1 1x, https:\/\/i0.wp.com\/www.wallendorff.com\/belogue\/wp-content\/uploads\/2020\/04\/20200427.jpg?resize=525%2C300&ssl=1 1.5x, https:\/\/i0.wp.com\/www.wallendorff.com\/belogue\/wp-content\/uploads\/2020\/04\/20200427.jpg?resize=700%2C400&ssl=1 2x, https:\/\/i0.wp.com\/www.wallendorff.com\/belogue\/wp-content\/uploads\/2020\/04\/20200427.jpg?resize=1050%2C600&ssl=1 3x"},"classes":[]},{"id":12285,"url":"https:\/\/www.wallendorff.com\/belogue\/2011\/02\/11\/pis-a-prismes-24\/","url_meta":{"origin":45779,"position":4},"title":"Pis \u00e0 prismes #24.","author":"dpc","date":"11 f\u00e9vrier 2011","format":false,"excerpt":"Pont de Bir-Hakeim, Paris, 8 janvier. Ou Tour Eiffel \u00e0 la fistule anale de Louis XIV. [Du fait que l'heure que je passai sur Photoshop \u00e0 nettoyer le sol de la dite photo fut \u00e9galement consacr\u00e9e \u00e0 l'\u00e9coute d'un reportage de St\u00e9phane Bern d\u00e9taillant cette croustillante anecdote et qu'en cons\u00e9quence,\u2026","rel":"","context":"Dans &quot;Pis \u00e0 prismes&quot;","block_context":{"text":"Pis \u00e0 prismes","link":"https:\/\/www.wallendorff.com\/belogue\/category\/pis-a-prismes\/"},"img":{"alt_text":"","src":"https:\/\/i0.wp.com\/www.wallendorff.com\/belogue\/wp-content\/uploads\/2015\/04\/20110211.jpg?resize=350%2C200&ssl=1","width":350,"height":200,"srcset":"https:\/\/i0.wp.com\/www.wallendorff.com\/belogue\/wp-content\/uploads\/2015\/04\/20110211.jpg?resize=350%2C200&ssl=1 1x, https:\/\/i0.wp.com\/www.wallendorff.com\/belogue\/wp-content\/uploads\/2015\/04\/20110211.jpg?resize=525%2C300&ssl=1 1.5x, https:\/\/i0.wp.com\/www.wallendorff.com\/belogue\/wp-content\/uploads\/2015\/04\/20110211.jpg?resize=700%2C400&ssl=1 2x"},"classes":[]},{"id":51390,"url":"https:\/\/www.wallendorff.com\/belogue\/2022\/05\/06\/la-pont-tes-rose\/","url_meta":{"origin":45779,"position":5},"title":"L\u00e0, pont, t&rsquo;es rose.","author":"dpc","date":"6 mai 2022","format":false,"excerpt":"Pont de Bir-Hakeim, Paris, 19 mars 2022.","rel":"","context":"Dans &quot;DPC&quot;","block_context":{"text":"DPC","link":"https:\/\/www.wallendorff.com\/belogue\/category\/dpc\/"},"img":{"alt_text":"","src":"https:\/\/i0.wp.com\/www.wallendorff.com\/belogue\/wp-content\/uploads\/2022\/05\/20220506.jpg?resize=350%2C200&ssl=1","width":350,"height":200,"srcset":"https:\/\/i0.wp.com\/www.wallendorff.com\/belogue\/wp-content\/uploads\/2022\/05\/20220506.jpg?resize=350%2C200&ssl=1 1x, https:\/\/i0.wp.com\/www.wallendorff.com\/belogue\/wp-content\/uploads\/2022\/05\/20220506.jpg?resize=525%2C300&ssl=1 1.5x, https:\/\/i0.wp.com\/www.wallendorff.com\/belogue\/wp-content\/uploads\/2022\/05\/20220506.jpg?resize=700%2C400&ssl=1 2x, https:\/\/i0.wp.com\/www.wallendorff.com\/belogue\/wp-content\/uploads\/2022\/05\/20220506.jpg?resize=1050%2C600&ssl=1 3x"},"classes":[]}],"_links":{"self":[{"href":"https:\/\/www.wallendorff.com\/belogue\/wp-json\/wp\/v2\/posts\/45779","targetHints":{"allow":["GET"]}}],"collection":[{"href":"https:\/\/www.wallendorff.com\/belogue\/wp-json\/wp\/v2\/posts"}],"about":[{"href":"https:\/\/www.wallendorff.com\/belogue\/wp-json\/wp\/v2\/types\/post"}],"author":[{"embeddable":true,"href":"https:\/\/www.wallendorff.com\/belogue\/wp-json\/wp\/v2\/users\/1"}],"replies":[{"embeddable":true,"href":"https:\/\/www.wallendorff.com\/belogue\/wp-json\/wp\/v2\/comments?post=45779"}],"version-history":[{"count":2,"href":"https:\/\/www.wallendorff.com\/belogue\/wp-json\/wp\/v2\/posts\/45779\/revisions"}],"predecessor-version":[{"id":45782,"href":"https:\/\/www.wallendorff.com\/belogue\/wp-json\/wp\/v2\/posts\/45779\/revisions\/45782"}],"wp:featuredmedia":[{"embeddable":true,"href":"https:\/\/www.wallendorff.com\/belogue\/wp-json\/wp\/v2\/media\/45781"}],"wp:attachment":[{"href":"https:\/\/www.wallendorff.com\/belogue\/wp-json\/wp\/v2\/media?parent=45779"}],"wp:term":[{"taxonomy":"category","embeddable":true,"href":"https:\/\/www.wallendorff.com\/belogue\/wp-json\/wp\/v2\/categories?post=45779"},{"taxonomy":"post_tag","embeddable":true,"href":"https:\/\/www.wallendorff.com\/belogue\/wp-json\/wp\/v2\/tags?post=45779"}],"curies":[{"name":"wp","href":"https:\/\/api.w.org\/{rel}","templated":true}]}}