{"id":45775,"date":"2020-05-28T11:37:52","date_gmt":"2020-05-28T09:37:52","guid":{"rendered":"http:\/\/www.wallendorff.com\/belogue\/?p=45775"},"modified":"2020-05-28T11:37:52","modified_gmt":"2020-05-28T09:37:52","slug":"ile-faisceau-dans-les-maillots","status":"publish","type":"post","link":"https:\/\/www.wallendorff.com\/belogue\/2020\/05\/28\/ile-faisceau-dans-les-maillots\/","title":{"rendered":"\u00cele-faisceau [dans les maillots]."},"content":{"rendered":"<div id=\"photo\">\n<p><img decoding=\"async\" src=\"https:\/\/www.wallendorff.com\/belogue\/wp-content\/uploads\/2020\/05\/20200528-02.jpg\"><br \/>\nPont de Bir-Hakeim, Paris, 9 mars 2020.<\/p>\n<\/div>\n<p style=\"text-align:right\">&Ccedil;a, c&rsquo;est ce qu&rsquo;on obtient quand on prend 30 photos &agrave; raison d&rsquo;une par seconde &ndash;&nbsp;merci l&rsquo;intervallom&egrave;tre int&eacute;gr&eacute;&nbsp;&ndash;, puis qu&rsquo;on passe une soir&eacute;e sympa sur Photoshop &agrave; empiler des calques et peindre des masques devant Harry Pott&egrave;re.<\/p>\n<div id=\"photo2\">\n<p><img decoding=\"async\" src=\"https:\/\/www.wallendorff.com\/belogue\/wp-content\/uploads\/2020\/05\/20200528-01.jpg\"><\/p>\n<\/div>\n<div id=\"bandeson\">\n<p><img decoding=\"async\" src=\"https:\/\/www.wallendorff.com\/belogue\/photo\/pochettes\/p\/pearl_jam-gigaton.jpg\" align=\"left\" \/><a style=\"font-weight:normal\" id=\"lienmp3\" href=\"http:\/\/www.youtube.com\/watch?v=THnabGK7mPs\"><em>Alright<\/em><\/a><br \/>\n<a href=\"http:\/\/www.tenclub.net\/\">Pearl Jam<\/a><\/p>\n<\/p><\/div>\n","protected":false},"excerpt":{"rendered":"<p>Pont de Bir-Hakeim, Paris, 9 mars 2020. &Ccedil;a, c&rsquo;est ce qu&rsquo;on obtient quand on prend 30 photos &agrave; raison d&rsquo;une par seconde &ndash;&nbsp;merci l&rsquo;intervallom&egrave;tre int&eacute;gr&eacute;&nbsp;&ndash;, puis qu&rsquo;on passe une soir&eacute;e sympa sur Photoshop &agrave; empiler des calques et peindre des masques devant Harry Pott&egrave;re. Alright Pearl Jam<\/p>\n","protected":false},"author":1,"featured_media":45777,"comment_status":"open","ping_status":"open","sticky":false,"template":"","format":"standard","meta":{"_acf_changed":false,"ngg_post_thumbnail":0,"jetpack_post_was_ever_published":false,"_jetpack_newsletter_access":"","_jetpack_dont_email_post_to_subs":false,"_jetpack_newsletter_tier_id":0,"_jetpack_memberships_contains_paywalled_content":false,"_jetpack_memberships_contains_paid_content":false,"footnotes":"","jetpack_publicize_message":"","jetpack_publicize_feature_enabled":true,"jetpack_social_post_already_shared":true,"jetpack_social_options":{"image_generator_settings":{"template":"highway","default_image_id":0,"font":"","enabled":false},"version":2}},"categories":[3],"tags":[10243,10372,2570,10120,15878,14890,15597,10121,10147,10098,10165,10817,10850,10236],"class_list":["post-45775","post","type-post","status-publish","format-standard","has-post-thumbnail","hentry","category-dpc","tag-10243","tag-10372","tag-alright","tag-france","tag-fujifilm-x-t3","tag-fujinon-xf-10-24-mm-f-4-r-ois","tag-fujinon-xf-16-mm-f-1-4-wr","tag-ile-de-france","tag-nuit","tag-paris","tag-pearl-jam","tag-phare","tag-pont-de-bir-hakeim","tag-tour-eiffel"],"acf":[],"geo":{"latitude":48.8557053,"longitude":2.2877309,"description":"Pont de Bir-Hakeim, 75015 Paris, France"},"jetpack_publicize_connections":[],"jetpack_featured_media_url":"https:\/\/www.wallendorff.com\/belogue\/wp-content\/uploads\/2020\/05\/20200528-02.jpg","jetpack_shortlink":"https:\/\/wp.me\/p3b35P-bUj","jetpack_sharing_enabled":true,"jetpack-related-posts":[{"id":45561,"url":"https:\/\/www.wallendorff.com\/belogue\/2020\/04\/27\/into-the-wide-194\/","url_meta":{"origin":45775,"position":0},"title":"Into the wide #194.","author":"dpc","date":"27 avril 2020","format":false,"excerpt":"Pont de Bir-Hakeim, Paris, 10 f\u00e9vrier 2020. Gloria The Lumineers","rel":"","context":"Dans &quot;Into the wide&quot;","block_context":{"text":"Into the wide","link":"https:\/\/www.wallendorff.com\/belogue\/category\/into-the-wide\/"},"img":{"alt_text":"Pont de Bir-Hakeim, Paris, 10 f\u00e9vrier 2020.","src":"https:\/\/i0.wp.com\/www.wallendorff.com\/belogue\/wp-content\/uploads\/2020\/04\/20200427.jpg?resize=350%2C200&ssl=1","width":350,"height":200,"srcset":"https:\/\/i0.wp.com\/www.wallendorff.com\/belogue\/wp-content\/uploads\/2020\/04\/20200427.jpg?resize=350%2C200&ssl=1 1x, https:\/\/i0.wp.com\/www.wallendorff.com\/belogue\/wp-content\/uploads\/2020\/04\/20200427.jpg?resize=525%2C300&ssl=1 1.5x, https:\/\/i0.wp.com\/www.wallendorff.com\/belogue\/wp-content\/uploads\/2020\/04\/20200427.jpg?resize=700%2C400&ssl=1 2x, https:\/\/i0.wp.com\/www.wallendorff.com\/belogue\/wp-content\/uploads\/2020\/04\/20200427.jpg?resize=1050%2C600&ssl=1 3x"},"classes":[]},{"id":45779,"url":"https:\/\/www.wallendorff.com\/belogue\/2020\/06\/01\/amours-a-murs\/","url_meta":{"origin":45775,"position":1},"title":"Amours [\u00e0 murs].","author":"dpc","date":"1 juin 2020","format":false,"excerpt":"Pont de Bir-Hakeim, Paris, 9 mars 2020. Delete Forever Grimes","rel":"","context":"Dans &quot;DPC&quot;","block_context":{"text":"DPC","link":"https:\/\/www.wallendorff.com\/belogue\/category\/dpc\/"},"img":{"alt_text":"","src":"https:\/\/i0.wp.com\/www.wallendorff.com\/belogue\/wp-content\/uploads\/2020\/06\/20200601.jpg?resize=350%2C200&ssl=1","width":350,"height":200,"srcset":"https:\/\/i0.wp.com\/www.wallendorff.com\/belogue\/wp-content\/uploads\/2020\/06\/20200601.jpg?resize=350%2C200&ssl=1 1x, https:\/\/i0.wp.com\/www.wallendorff.com\/belogue\/wp-content\/uploads\/2020\/06\/20200601.jpg?resize=525%2C300&ssl=1 1.5x, https:\/\/i0.wp.com\/www.wallendorff.com\/belogue\/wp-content\/uploads\/2020\/06\/20200601.jpg?resize=700%2C400&ssl=1 2x, https:\/\/i0.wp.com\/www.wallendorff.com\/belogue\/wp-content\/uploads\/2020\/06\/20200601.jpg?resize=1050%2C600&ssl=1 3x"},"classes":[]},{"id":127758,"url":"https:\/\/www.wallendorff.com\/belogue\/2024\/04\/16\/suivre-la-fleche-3-3-renaissance\/","url_meta":{"origin":45775,"position":2},"title":"Suivre la fl\u00e8che [3\/3] : Renaissance.","author":"dpc","date":"16 avril 2024","format":false,"excerpt":"Il s\u2019agissait de la reconstruire \u00e0 l\u2019identique.Mais quel identique\u00a0?Quand on a reb\u00e2ti la cath\u00e9drale de Varsovie apr\u00e8s le guerre, on l\u2019a reb\u00e2tie \u00e0 l\u2019identique\u2026 du XIVe si\u00e8cle. Pas dans son \u00e9tat de 1944. L\u2019identique est relatif, la fa\u00e7on dont on l\u2019interpr\u00e8te, un choix.Au Moyen-\u00c2ge, on b\u00e2tissait les cath\u00e9drales en mettant\u2026","rel":"","context":"Dans &quot;DPC&quot;","block_context":{"text":"DPC","link":"https:\/\/www.wallendorff.com\/belogue\/category\/dpc\/"},"img":{"alt_text":"","src":"https:\/\/i0.wp.com\/www.wallendorff.com\/belogue\/wp-content\/uploads\/2024\/04\/20240416-14.jpg?resize=350%2C200&ssl=1","width":350,"height":200,"srcset":"https:\/\/i0.wp.com\/www.wallendorff.com\/belogue\/wp-content\/uploads\/2024\/04\/20240416-14.jpg?resize=350%2C200&ssl=1 1x, https:\/\/i0.wp.com\/www.wallendorff.com\/belogue\/wp-content\/uploads\/2024\/04\/20240416-14.jpg?resize=525%2C300&ssl=1 1.5x, https:\/\/i0.wp.com\/www.wallendorff.com\/belogue\/wp-content\/uploads\/2024\/04\/20240416-14.jpg?resize=700%2C400&ssl=1 2x, https:\/\/i0.wp.com\/www.wallendorff.com\/belogue\/wp-content\/uploads\/2024\/04\/20240416-14.jpg?resize=1050%2C600&ssl=1 3x"},"classes":[]},{"id":130562,"url":"https:\/\/www.wallendorff.com\/belogue\/2024\/09\/09\/trois-petits-jours-et-puis-sen-vasque\/","url_meta":{"origin":45775,"position":3},"title":"Trois petits jours et puis s&rsquo;en vasque.","author":"dpc","date":"9 septembre 2024","format":false,"excerpt":"[Bon techniquement ces photos s'\u00e9talent sur 6 jours plut\u00f4t que 3 mais \u00e7'e\u00fbt rendu le jeu de mot encore plus foireux.]Adieu ma montgolfi\u00e8re pr\u00e9f\u00e9r\u00e9e. On se sera bien amus\u00e9.","rel":"","context":"Dans &quot;DPC&quot;","block_context":{"text":"DPC","link":"https:\/\/www.wallendorff.com\/belogue\/category\/dpc\/"},"img":{"alt_text":"","src":"https:\/\/i0.wp.com\/www.wallendorff.com\/belogue\/wp-content\/uploads\/2024\/09\/20240909-04.jpg?resize=350%2C200&ssl=1","width":350,"height":200,"srcset":"https:\/\/i0.wp.com\/www.wallendorff.com\/belogue\/wp-content\/uploads\/2024\/09\/20240909-04.jpg?resize=350%2C200&ssl=1 1x, https:\/\/i0.wp.com\/www.wallendorff.com\/belogue\/wp-content\/uploads\/2024\/09\/20240909-04.jpg?resize=525%2C300&ssl=1 1.5x, https:\/\/i0.wp.com\/www.wallendorff.com\/belogue\/wp-content\/uploads\/2024\/09\/20240909-04.jpg?resize=700%2C400&ssl=1 2x, https:\/\/i0.wp.com\/www.wallendorff.com\/belogue\/wp-content\/uploads\/2024\/09\/20240909-04.jpg?resize=1050%2C600&ssl=1 3x"},"classes":[]},{"id":51390,"url":"https:\/\/www.wallendorff.com\/belogue\/2022\/05\/06\/la-pont-tes-rose\/","url_meta":{"origin":45775,"position":4},"title":"L\u00e0, pont, t&rsquo;es rose.","author":"dpc","date":"6 mai 2022","format":false,"excerpt":"Pont de Bir-Hakeim, Paris, 19 mars 2022.","rel":"","context":"Dans &quot;DPC&quot;","block_context":{"text":"DPC","link":"https:\/\/www.wallendorff.com\/belogue\/category\/dpc\/"},"img":{"alt_text":"","src":"https:\/\/i0.wp.com\/www.wallendorff.com\/belogue\/wp-content\/uploads\/2022\/05\/20220506.jpg?resize=350%2C200&ssl=1","width":350,"height":200,"srcset":"https:\/\/i0.wp.com\/www.wallendorff.com\/belogue\/wp-content\/uploads\/2022\/05\/20220506.jpg?resize=350%2C200&ssl=1 1x, https:\/\/i0.wp.com\/www.wallendorff.com\/belogue\/wp-content\/uploads\/2022\/05\/20220506.jpg?resize=525%2C300&ssl=1 1.5x, https:\/\/i0.wp.com\/www.wallendorff.com\/belogue\/wp-content\/uploads\/2022\/05\/20220506.jpg?resize=700%2C400&ssl=1 2x, https:\/\/i0.wp.com\/www.wallendorff.com\/belogue\/wp-content\/uploads\/2022\/05\/20220506.jpg?resize=1050%2C600&ssl=1 3x"},"classes":[]},{"id":47979,"url":"https:\/\/www.wallendorff.com\/belogue\/2021\/03\/10\/intervalle-2\/","url_meta":{"origin":45775,"position":5},"title":"Intervalle #2","author":"dpc","date":"10 mars 2021","format":false,"excerpt":"Pont de Bir-Hakeim, Paris, 4 d\u00e9cembre 2020.","rel":"","context":"Dans &quot;DPC&quot;","block_context":{"text":"DPC","link":"https:\/\/www.wallendorff.com\/belogue\/category\/dpc\/"},"img":{"alt_text":"","src":"https:\/\/i0.wp.com\/www.wallendorff.com\/belogue\/wp-content\/uploads\/2021\/03\/20210310.jpg?resize=350%2C200&ssl=1","width":350,"height":200,"srcset":"https:\/\/i0.wp.com\/www.wallendorff.com\/belogue\/wp-content\/uploads\/2021\/03\/20210310.jpg?resize=350%2C200&ssl=1 1x, https:\/\/i0.wp.com\/www.wallendorff.com\/belogue\/wp-content\/uploads\/2021\/03\/20210310.jpg?resize=525%2C300&ssl=1 1.5x, https:\/\/i0.wp.com\/www.wallendorff.com\/belogue\/wp-content\/uploads\/2021\/03\/20210310.jpg?resize=700%2C400&ssl=1 2x, https:\/\/i0.wp.com\/www.wallendorff.com\/belogue\/wp-content\/uploads\/2021\/03\/20210310.jpg?resize=1050%2C600&ssl=1 3x"},"classes":[]}],"_links":{"self":[{"href":"https:\/\/www.wallendorff.com\/belogue\/wp-json\/wp\/v2\/posts\/45775","targetHints":{"allow":["GET"]}}],"collection":[{"href":"https:\/\/www.wallendorff.com\/belogue\/wp-json\/wp\/v2\/posts"}],"about":[{"href":"https:\/\/www.wallendorff.com\/belogue\/wp-json\/wp\/v2\/types\/post"}],"author":[{"embeddable":true,"href":"https:\/\/www.wallendorff.com\/belogue\/wp-json\/wp\/v2\/users\/1"}],"replies":[{"embeddable":true,"href":"https:\/\/www.wallendorff.com\/belogue\/wp-json\/wp\/v2\/comments?post=45775"}],"version-history":[{"count":1,"href":"https:\/\/www.wallendorff.com\/belogue\/wp-json\/wp\/v2\/posts\/45775\/revisions"}],"predecessor-version":[{"id":45778,"href":"https:\/\/www.wallendorff.com\/belogue\/wp-json\/wp\/v2\/posts\/45775\/revisions\/45778"}],"wp:featuredmedia":[{"embeddable":true,"href":"https:\/\/www.wallendorff.com\/belogue\/wp-json\/wp\/v2\/media\/45777"}],"wp:attachment":[{"href":"https:\/\/www.wallendorff.com\/belogue\/wp-json\/wp\/v2\/media?parent=45775"}],"wp:term":[{"taxonomy":"category","embeddable":true,"href":"https:\/\/www.wallendorff.com\/belogue\/wp-json\/wp\/v2\/categories?post=45775"},{"taxonomy":"post_tag","embeddable":true,"href":"https:\/\/www.wallendorff.com\/belogue\/wp-json\/wp\/v2\/tags?post=45775"}],"curies":[{"name":"wp","href":"https:\/\/api.w.org\/{rel}","templated":true}]}}